{"id":19500,"date":"2020-11-19T14:21:18","date_gmt":"2020-11-19T17:21:18","guid":{"rendered":"http:\/\/ondauno.com.ar\/?p=19500"},"modified":"2020-11-19T14:21:20","modified_gmt":"2020-11-19T17:21:20","slug":"no-podemos-llenar-la-ruta-de-colectivos-vacios","status":"publish","type":"post","link":"https:\/\/ondauno.com.ar\/index.php\/2020\/11\/19\/no-podemos-llenar-la-ruta-de-colectivos-vacios\/","title":{"rendered":"&#8220;No podemos llenar la ruta de colectivos vac\u00edos&#8221;"},"content":{"rendered":"<div class=\"ondau-before-content_3\" style=\"margin-top: -30px;\" id=\"ondau-284375025\"><a href=\"https:\/\/www.lps.com.ar\/\" aria-label=\"la-perse2\"><img loading=\"lazy\" decoding=\"async\" src=\"https:\/\/ondauno.com.ar\/wp-content\/uploads\/2021\/10\/la-perse2.jpg\" alt=\"\"  srcset=\"https:\/\/ondauno.com.ar\/wp-content\/uploads\/2021\/10\/la-perse2.jpg 1353w, https:\/\/ondauno.com.ar\/wp-content\/uploads\/2021\/10\/la-perse2-300x43.jpg 300w, https:\/\/ondauno.com.ar\/wp-content\/uploads\/2021\/10\/la-perse2-1024x148.jpg 1024w, https:\/\/ondauno.com.ar\/wp-content\/uploads\/2021\/10\/la-perse2-768x111.jpg 768w, https:\/\/ondauno.com.ar\/wp-content\/uploads\/2021\/10\/la-perse2-696x100.jpg 696w, https:\/\/ondauno.com.ar\/wp-content\/uploads\/2021\/10\/la-perse2-1068x154.jpg 1068w\" sizes=\"(max-width: 1353px) 100vw, 1353px\" class=\"no-lazyload\" width=\"1353\" height=\"195\"  style=\"display: inline-block;\" \/><\/a><\/div>\n<p>Gustavo Gaona, vocero de la C\u00e1mara de Empresas de Larga Distancia de Transporte P\u00fablico particip\u00f3 de la ma\u00f1ana de COSAS QUE PASAN para conversar sobre la vuelta del servicio.<\/p>\n\n\n\n<p>Gaona manifest\u00f3 que &#8220;Trabajamos desde el 19 de marzo para que vuelva la actividad, desde el nivel nacional se autoriz\u00f3 para que se presten servicios de larga distancia, pero se encomend\u00f3  a las provincias que organicen y den el visto bueno, definan las condiciones y es lo que nos tiene demorados. La provincia de Buenos Aires est\u00e1 m\u00e1s demorado porque se espera para que haya mayores definiciones, no obstante estamos esperando que las empresas empiecen a evaluar retomar los servicios seg\u00fan la demanda y las posibilidades de que est\u00e9n abiertos los destinos a los que concurren&#8221;.<\/p>\n\n\n\n<p>&#8220;No queremos confirmar fechas, en la primera etapa viajar\u00e1n los trabajadores esenciales, por motivos m\u00e9dicos, fuerza mayor y todos los que puedan obtener el permiso, el certificado \u00fanico de circulaci\u00f3n y su DNI podr\u00edan viajar. Todav\u00eda esperamos que aparezca el item de viajar por turismo o por visitar o acercamiento a familiar. Las empresas est\u00e1n esperando estas definiciones&#8221;.<\/p>\n\n\n\n<figure class=\"wp-block-image\"><img loading=\"lazy\" decoding=\"async\" width=\"731\" height=\"411\" data-src=\"http:\/\/ondauno.com.ar\/wp-content\/uploads\/2020\/11\/micros_larga_distancia.jpg_1902800913.jpg\" alt=\"\" class=\"wp-image-19509 lazyload\" data-srcset=\"https:\/\/ondauno.com.ar\/wp-content\/uploads\/2020\/11\/micros_larga_distancia.jpg_1902800913.jpg 731w, https:\/\/ondauno.com.ar\/wp-content\/uploads\/2020\/11\/micros_larga_distancia.jpg_1902800913-300x169.jpg 300w, https:\/\/ondauno.com.ar\/wp-content\/uploads\/2020\/11\/micros_larga_distancia.jpg_1902800913-696x391.jpg 696w\" data-sizes=\"auto, (max-width: 731px) 100vw, 731px\" src=\"data:image\/gif;base64,R0lGODlhAQABAAAAACH5BAEKAAEALAAAAAABAAEAAAICTAEAOw==\" style=\"--smush-placeholder-width: 731px; --smush-placeholder-aspect-ratio: 731\/411;\" \/><noscript><img loading=\"lazy\" decoding=\"async\" width=\"731\" height=\"411\" src=\"http:\/\/ondauno.com.ar\/wp-content\/uploads\/2020\/11\/micros_larga_distancia.jpg_1902800913.jpg\" alt=\"\" class=\"wp-image-19509\" srcset=\"https:\/\/ondauno.com.ar\/wp-content\/uploads\/2020\/11\/micros_larga_distancia.jpg_1902800913.jpg 731w, https:\/\/ondauno.com.ar\/wp-content\/uploads\/2020\/11\/micros_larga_distancia.jpg_1902800913-300x169.jpg 300w, https:\/\/ondauno.com.ar\/wp-content\/uploads\/2020\/11\/micros_larga_distancia.jpg_1902800913-696x391.jpg 696w\" sizes=\"auto, (max-width: 731px) 100vw, 731px\" \/><\/noscript><\/figure>\n\n\n\n<p>Las empresas despu\u00e9s de ocho meses sin generar ingresos, &#8220;pasan por momentos muy dif\u00edciles&#8221; afirm\u00f3 Gaona que agreg\u00f3, &#8220;por eso hay que comenzar a recuperar la normalidad y acompa\u00f1ar a las ciudades y pueblos que necesitan el servicio, pero no podemos llenar la ruta de colectivos vac\u00edos, por lo que seguramente comenzaremos con menos servicios que se ir\u00e1n recuperando a medida que surja la demanda, por eso es probable que la venta de pasajes comiencen a partir del 15 de diciembre&#8221;.<\/p>\n\n\n\n<p><a href=\"https:\/\/www.facebook.com\/ondauno103.9\/videos\/746512499550295\">https:\/\/www.facebook.com\/ondauno103.9\/videos\/746512499550295<\/a><\/p>\n\n\n\n<figure class=\"wp-block-audio\"><audio controls src=\"https:\/\/ondauno.com.ar\/wp-content\/uploads\/2020\/11\/media.io_WhatsApp-Audio-2020-11-19-at-11.06.23.mp3\"><\/audio><\/figure>\n","protected":false},"excerpt":{"rendered":"<p>Gustavo Gaona, vocero de la C\u00e1mara de Empresas de Larga Distancia de Transporte P\u00fablico particip\u00f3 de la ma\u00f1ana de COSAS QUE PASAN para conversar sobre la vuelta del servicio. Gaona manifest\u00f3 que &#8220;Trabajamos desde el 19 de marzo para que vuelva la actividad, desde el nivel nacional se autoriz\u00f3 para que se presten servicios de [&hellip;]<\/p>\n","protected":false},"author":2,"featured_media":19510,"comment_status":"open","ping_status":"open","sticky":false,"template":"","format":"standard","meta":{"tdm_status":"","tdm_grid_status":"","_jetpack_memberships_contains_paid_content":false,"footnotes":"","jetpack_publicize_message":"","jetpack_publicize_feature_enabled":true,"jetpack_social_post_already_shared":false,"jetpack_social_options":{"image_generator_settings":{"template":"highway","default_image_id":0,"font":"","enabled":false},"version":2}},"categories":[2],"tags":[],"class_list":{"0":"post-19500","1":"post","2":"type-post","3":"status-publish","4":"format-standard","5":"has-post-thumbnail","7":"category-locales"},"yoast_head":"<!-- This site is optimized with the Yoast SEO plugin v22.7 - https:\/\/yoast.com\/wordpress\/plugins\/seo\/ -->\n<title>&quot;No podemos llenar la ruta de colectivos vac\u00edos&quot; - 103.9 fm<\/title>\n<meta name=\"robots\" content=\"index, follow, max-snippet:-1, max-image-preview:large, max-video-preview:-1\" \/>\n<link rel=\"canonical\" href=\"https:\/\/ondauno.com.ar\/index.php\/2020\/11\/19\/no-podemos-llenar-la-ruta-de-colectivos-vacios\/\" \/>\n<meta property=\"og:locale\" content=\"es_ES\" \/>\n<meta property=\"og:type\" content=\"article\" \/>\n<meta property=\"og:title\" content=\"&quot;No podemos llenar la ruta de colectivos vac\u00edos&quot; - 103.9 fm\" \/>\n<meta property=\"og:description\" content=\"Gustavo Gaona, vocero de la C\u00e1mara de Empresas de Larga Distancia de Transporte P\u00fablico particip\u00f3 de la ma\u00f1ana de COSAS QUE PASAN para conversar sobre la vuelta del servicio. Gaona manifest\u00f3 que &#8220;Trabajamos desde el 19 de marzo para que vuelva la actividad, desde el nivel nacional se autoriz\u00f3 para que se presten servicios de [&hellip;]\" \/>\n<meta property=\"og:url\" content=\"https:\/\/ondauno.com.ar\/index.php\/2020\/11\/19\/no-podemos-llenar-la-ruta-de-colectivos-vacios\/\" \/>\n<meta property=\"og:site_name\" content=\"103.9 fm\" \/>\n<meta property=\"article:publisher\" content=\"https:\/\/www.facebook.com\/ondauno103.9\" \/>\n<meta property=\"article:published_time\" content=\"2020-11-19T17:21:18+00:00\" \/>\n<meta property=\"article:modified_time\" content=\"2020-11-19T17:21:20+00:00\" \/>\n<meta property=\"og:image\" content=\"https:\/\/ondauno.com.ar\/wp-content\/uploads\/2020\/11\/gustavo-gaona.png\" \/>\n\t<meta property=\"og:image:width\" content=\"655\" \/>\n\t<meta property=\"og:image:height\" content=\"381\" \/>\n\t<meta property=\"og:image:type\" content=\"image\/png\" \/>\n<meta name=\"author\" content=\"fernando garcia\" \/>\n<meta name=\"twitter:card\" content=\"summary_large_image\" \/>\n<meta name=\"twitter:label1\" content=\"Escrito por\" \/>\n\t<meta name=\"twitter:data1\" content=\"fernando garcia\" \/>\n\t<meta name=\"twitter:label2\" content=\"Tiempo de lectura\" \/>\n\t<meta name=\"twitter:data2\" content=\"1 minuto\" \/>\n<script type=\"application\/ld+json\" class=\"yoast-schema-graph\">{\"@context\":\"https:\/\/schema.org\",\"@graph\":[{\"@type\":\"WebPage\",\"@id\":\"https:\/\/ondauno.com.ar\/index.php\/2020\/11\/19\/no-podemos-llenar-la-ruta-de-colectivos-vacios\/\",\"url\":\"https:\/\/ondauno.com.ar\/index.php\/2020\/11\/19\/no-podemos-llenar-la-ruta-de-colectivos-vacios\/\",\"name\":\"\\\"No podemos llenar la ruta de colectivos vac\u00edos\\\" - 103.9 fm\",\"isPartOf\":{\"@id\":\"https:\/\/ondauno.com.ar\/#website\"},\"primaryImageOfPage\":{\"@id\":\"https:\/\/ondauno.com.ar\/index.php\/2020\/11\/19\/no-podemos-llenar-la-ruta-de-colectivos-vacios\/#primaryimage\"},\"image\":{\"@id\":\"https:\/\/ondauno.com.ar\/index.php\/2020\/11\/19\/no-podemos-llenar-la-ruta-de-colectivos-vacios\/#primaryimage\"},\"thumbnailUrl\":\"https:\/\/ondauno.com.ar\/wp-content\/uploads\/2020\/11\/gustavo-gaona.png\",\"datePublished\":\"2020-11-19T17:21:18+00:00\",\"dateModified\":\"2020-11-19T17:21:20+00:00\",\"author\":{\"@id\":\"https:\/\/ondauno.com.ar\/#\/schema\/person\/201d1b68e6c75e0fd396fe5f8af5d139\"},\"breadcrumb\":{\"@id\":\"https:\/\/ondauno.com.ar\/index.php\/2020\/11\/19\/no-podemos-llenar-la-ruta-de-colectivos-vacios\/#breadcrumb\"},\"inLanguage\":\"es-AR\",\"potentialAction\":[{\"@type\":\"ReadAction\",\"target\":[\"https:\/\/ondauno.com.ar\/index.php\/2020\/11\/19\/no-podemos-llenar-la-ruta-de-colectivos-vacios\/\"]}]},{\"@type\":\"ImageObject\",\"inLanguage\":\"es-AR\",\"@id\":\"https:\/\/ondauno.com.ar\/index.php\/2020\/11\/19\/no-podemos-llenar-la-ruta-de-colectivos-vacios\/#primaryimage\",\"url\":\"https:\/\/ondauno.com.ar\/wp-content\/uploads\/2020\/11\/gustavo-gaona.png\",\"contentUrl\":\"https:\/\/ondauno.com.ar\/wp-content\/uploads\/2020\/11\/gustavo-gaona.png\",\"width\":655,\"height\":381},{\"@type\":\"BreadcrumbList\",\"@id\":\"https:\/\/ondauno.com.ar\/index.php\/2020\/11\/19\/no-podemos-llenar-la-ruta-de-colectivos-vacios\/#breadcrumb\",\"itemListElement\":[{\"@type\":\"ListItem\",\"position\":1,\"name\":\"Inicio\",\"item\":\"https:\/\/ondauno.com.ar\/\"},{\"@type\":\"ListItem\",\"position\":2,\"name\":\"&#8220;No podemos llenar la ruta de colectivos vac\u00edos&#8221;\"}]},{\"@type\":\"WebSite\",\"@id\":\"https:\/\/ondauno.com.ar\/#website\",\"url\":\"https:\/\/ondauno.com.ar\/\",\"name\":\"103.9 fm\",\"description\":\"LA PRIMERA RADIO MULTIMEDIA DE TRES ARROYOS\",\"potentialAction\":[{\"@type\":\"SearchAction\",\"target\":{\"@type\":\"EntryPoint\",\"urlTemplate\":\"https:\/\/ondauno.com.ar\/?s={search_term_string}\"},\"query-input\":\"required name=search_term_string\"}],\"inLanguage\":\"es-AR\"},{\"@type\":\"Person\",\"@id\":\"https:\/\/ondauno.com.ar\/#\/schema\/person\/201d1b68e6c75e0fd396fe5f8af5d139\",\"name\":\"fernando garcia\",\"image\":{\"@type\":\"ImageObject\",\"inLanguage\":\"es-AR\",\"@id\":\"https:\/\/ondauno.com.ar\/#\/schema\/person\/image\/\",\"url\":\"https:\/\/secure.gravatar.com\/avatar\/5f7254642ad81272e79a2e69653cfdfc?s=96&d=mm&r=g\",\"contentUrl\":\"https:\/\/secure.gravatar.com\/avatar\/5f7254642ad81272e79a2e69653cfdfc?s=96&d=mm&r=g\",\"caption\":\"fernando garcia\"},\"url\":\"https:\/\/ondauno.com.ar\/index.php\/author\/ondaunoeditor\/\"}]}<\/script>\n<!-- \/ Yoast SEO plugin. -->","yoast_head_json":{"title":"\"No podemos llenar la ruta de colectivos vac\u00edos\" - 103.9 fm","robots":{"index":"index","follow":"follow","max-snippet":"max-snippet:-1","max-image-preview":"max-image-preview:large","max-video-preview":"max-video-preview:-1"},"canonical":"https:\/\/ondauno.com.ar\/index.php\/2020\/11\/19\/no-podemos-llenar-la-ruta-de-colectivos-vacios\/","og_locale":"es_ES","og_type":"article","og_title":"\"No podemos llenar la ruta de colectivos vac\u00edos\" - 103.9 fm","og_description":"Gustavo Gaona, vocero de la C\u00e1mara de Empresas de Larga Distancia de Transporte P\u00fablico particip\u00f3 de la ma\u00f1ana de COSAS QUE PASAN para conversar sobre la vuelta del servicio. Gaona manifest\u00f3 que &#8220;Trabajamos desde el 19 de marzo para que vuelva la actividad, desde el nivel nacional se autoriz\u00f3 para que se presten servicios de [&hellip;]","og_url":"https:\/\/ondauno.com.ar\/index.php\/2020\/11\/19\/no-podemos-llenar-la-ruta-de-colectivos-vacios\/","og_site_name":"103.9 fm","article_publisher":"https:\/\/www.facebook.com\/ondauno103.9","article_published_time":"2020-11-19T17:21:18+00:00","article_modified_time":"2020-11-19T17:21:20+00:00","og_image":[{"width":655,"height":381,"url":"https:\/\/ondauno.com.ar\/wp-content\/uploads\/2020\/11\/gustavo-gaona.png","type":"image\/png"}],"author":"fernando garcia","twitter_card":"summary_large_image","twitter_misc":{"Escrito por":"fernando garcia","Tiempo de lectura":"1 minuto"},"schema":{"@context":"https:\/\/schema.org","@graph":[{"@type":"WebPage","@id":"https:\/\/ondauno.com.ar\/index.php\/2020\/11\/19\/no-podemos-llenar-la-ruta-de-colectivos-vacios\/","url":"https:\/\/ondauno.com.ar\/index.php\/2020\/11\/19\/no-podemos-llenar-la-ruta-de-colectivos-vacios\/","name":"\"No podemos llenar la ruta de colectivos vac\u00edos\" - 103.9 fm","isPartOf":{"@id":"https:\/\/ondauno.com.ar\/#website"},"primaryImageOfPage":{"@id":"https:\/\/ondauno.com.ar\/index.php\/2020\/11\/19\/no-podemos-llenar-la-ruta-de-colectivos-vacios\/#primaryimage"},"image":{"@id":"https:\/\/ondauno.com.ar\/index.php\/2020\/11\/19\/no-podemos-llenar-la-ruta-de-colectivos-vacios\/#primaryimage"},"thumbnailUrl":"https:\/\/ondauno.com.ar\/wp-content\/uploads\/2020\/11\/gustavo-gaona.png","datePublished":"2020-11-19T17:21:18+00:00","dateModified":"2020-11-19T17:21:20+00:00","author":{"@id":"https:\/\/ondauno.com.ar\/#\/schema\/person\/201d1b68e6c75e0fd396fe5f8af5d139"},"breadcrumb":{"@id":"https:\/\/ondauno.com.ar\/index.php\/2020\/11\/19\/no-podemos-llenar-la-ruta-de-colectivos-vacios\/#breadcrumb"},"inLanguage":"es-AR","potentialAction":[{"@type":"ReadAction","target":["https:\/\/ondauno.com.ar\/index.php\/2020\/11\/19\/no-podemos-llenar-la-ruta-de-colectivos-vacios\/"]}]},{"@type":"ImageObject","inLanguage":"es-AR","@id":"https:\/\/ondauno.com.ar\/index.php\/2020\/11\/19\/no-podemos-llenar-la-ruta-de-colectivos-vacios\/#primaryimage","url":"https:\/\/ondauno.com.ar\/wp-content\/uploads\/2020\/11\/gustavo-gaona.png","contentUrl":"https:\/\/ondauno.com.ar\/wp-content\/uploads\/2020\/11\/gustavo-gaona.png","width":655,"height":381},{"@type":"BreadcrumbList","@id":"https:\/\/ondauno.com.ar\/index.php\/2020\/11\/19\/no-podemos-llenar-la-ruta-de-colectivos-vacios\/#breadcrumb","itemListElement":[{"@type":"ListItem","position":1,"name":"Inicio","item":"https:\/\/ondauno.com.ar\/"},{"@type":"ListItem","position":2,"name":"&#8220;No podemos llenar la ruta de colectivos vac\u00edos&#8221;"}]},{"@type":"WebSite","@id":"https:\/\/ondauno.com.ar\/#website","url":"https:\/\/ondauno.com.ar\/","name":"103.9 fm","description":"LA PRIMERA RADIO MULTIMEDIA DE TRES ARROYOS","potentialAction":[{"@type":"SearchAction","target":{"@type":"EntryPoint","urlTemplate":"https:\/\/ondauno.com.ar\/?s={search_term_string}"},"query-input":"required name=search_term_string"}],"inLanguage":"es-AR"},{"@type":"Person","@id":"https:\/\/ondauno.com.ar\/#\/schema\/person\/201d1b68e6c75e0fd396fe5f8af5d139","name":"fernando garcia","image":{"@type":"ImageObject","inLanguage":"es-AR","@id":"https:\/\/ondauno.com.ar\/#\/schema\/person\/image\/","url":"https:\/\/secure.gravatar.com\/avatar\/5f7254642ad81272e79a2e69653cfdfc?s=96&d=mm&r=g","contentUrl":"https:\/\/secure.gravatar.com\/avatar\/5f7254642ad81272e79a2e69653cfdfc?s=96&d=mm&r=g","caption":"fernando garcia"},"url":"https:\/\/ondauno.com.ar\/index.php\/author\/ondaunoeditor\/"}]}},"jetpack_publicize_connections":[],"jetpack_featured_media_url":"https:\/\/ondauno.com.ar\/wp-content\/uploads\/2020\/11\/gustavo-gaona.png","jetpack_sharing_enabled":true,"_links":{"self":[{"href":"https:\/\/ondauno.com.ar\/index.php\/wp-json\/wp\/v2\/posts\/19500","targetHints":{"allow":["GET"]}}],"collection":[{"href":"https:\/\/ondauno.com.ar\/index.php\/wp-json\/wp\/v2\/posts"}],"about":[{"href":"https:\/\/ondauno.com.ar\/index.php\/wp-json\/wp\/v2\/types\/post"}],"author":[{"embeddable":true,"href":"https:\/\/ondauno.com.ar\/index.php\/wp-json\/wp\/v2\/users\/2"}],"replies":[{"embeddable":true,"href":"https:\/\/ondauno.com.ar\/index.php\/wp-json\/wp\/v2\/comments?post=19500"}],"version-history":[{"count":0,"href":"https:\/\/ondauno.com.ar\/index.php\/wp-json\/wp\/v2\/posts\/19500\/revisions"}],"wp:featuredmedia":[{"embeddable":true,"href":"https:\/\/ondauno.com.ar\/index.php\/wp-json\/wp\/v2\/media\/19510"}],"wp:attachment":[{"href":"https:\/\/ondauno.com.ar\/index.php\/wp-json\/wp\/v2\/media?parent=19500"}],"wp:term":[{"taxonomy":"category","embeddable":true,"href":"https:\/\/ondauno.com.ar\/index.php\/wp-json\/wp\/v2\/categories?post=19500"},{"taxonomy":"post_tag","embeddable":true,"href":"https:\/\/ondauno.com.ar\/index.php\/wp-json\/wp\/v2\/tags?post=19500"}],"curies":[{"name":"wp","href":"https:\/\/api.w.org\/{rel}","templated":true}]}}