{"id":19253,"date":"2020-11-17T10:12:04","date_gmt":"2020-11-17T13:12:04","guid":{"rendered":"http:\/\/ondauno.com.ar\/?p=19253"},"modified":"2020-11-17T10:55:19","modified_gmt":"2020-11-17T13:55:19","slug":"permiten-cinco-actividades-nuevas-en-territorio-bonaerense","status":"publish","type":"post","link":"https:\/\/ondauno.com.ar\/index.php\/2020\/11\/17\/permiten-cinco-actividades-nuevas-en-territorio-bonaerense\/","title":{"rendered":"Permiten cinco actividades nuevas en territorio bonaerense"},"content":{"rendered":"<div class=\"ondau-before-content_3\" style=\"margin-top: -30px;\" id=\"ondau-3023344734\"><a href=\"https:\/\/www.lps.com.ar\/\" aria-label=\"la-perse2\"><img loading=\"lazy\" decoding=\"async\" src=\"https:\/\/ondauno.com.ar\/wp-content\/uploads\/2021\/10\/la-perse2.jpg\" alt=\"\"  srcset=\"https:\/\/ondauno.com.ar\/wp-content\/uploads\/2021\/10\/la-perse2.jpg 1353w, https:\/\/ondauno.com.ar\/wp-content\/uploads\/2021\/10\/la-perse2-300x43.jpg 300w, https:\/\/ondauno.com.ar\/wp-content\/uploads\/2021\/10\/la-perse2-1024x148.jpg 1024w, https:\/\/ondauno.com.ar\/wp-content\/uploads\/2021\/10\/la-perse2-768x111.jpg 768w, https:\/\/ondauno.com.ar\/wp-content\/uploads\/2021\/10\/la-perse2-696x100.jpg 696w, https:\/\/ondauno.com.ar\/wp-content\/uploads\/2021\/10\/la-perse2-1068x154.jpg 1068w\" sizes=\"(max-width: 1353px) 100vw, 1353px\" class=\"no-lazyload\" width=\"1353\" height=\"195\"  style=\"display: inline-block;\" \/><\/a><\/div>\n<p>El ministro de Salud Danel Goll\u00e1n y el jefe de gabinete de la provincia de Buenos Aires, Carlos Bianco anunciaron la apertura de cinco actividades nuevas en la conferencia de prensa que brindan cada martes sobre la situaci\u00f3n epidemiol\u00f3gica en territorio bonaerense.<\/p>\n\n\n\n<p>El jefe de gabinete anunci\u00f3 que se permitir\u00e1n en los Municipios que se encuentran en fase 4 y 5 :<\/p>\n\n\n\n<p>La asistencia de personal auxiliar para realizar trabajos en casas particulares en varios domicilios.<\/p>\n\n\n\n<p>Restaurantes y bares podr\u00e1n recibir clientes en el interior de sus locales guardando la capacidad del 30 % dispuesta por decreto presidencial.<\/p>\n\n\n\n<p>Los gimnasios podr\u00e1n funcionar en su interior con ventilaci\u00f3n natural.<\/p>\n\n\n\n<p>Actividades deportivas hasta 10 personas en espacios abiertos y cerrados con ventilaci\u00f3n natural.<\/p>\n\n\n\n<p>La construcci\u00f3n privada.<\/p>\n\n\n\n<p>Hay 3 Municipios en fase 3, entre ellos San Cayetano, Tandil y Roque P\u00e9rez; 116 en fase 4 entre los que est\u00e1 Tres Arroyos y 16 en fase 5.<\/p>\n\n\n\n<p> <\/p>\n","protected":false},"excerpt":{"rendered":"<p>El ministro de Salud Danel Goll\u00e1n y el jefe de gabinete de la provincia de Buenos Aires, Carlos Bianco anunciaron la apertura de cinco actividades nuevas en la conferencia de prensa que brindan cada martes sobre la situaci\u00f3n epidemiol\u00f3gica en territorio bonaerense. El jefe de gabinete anunci\u00f3 que se permitir\u00e1n en los Municipios que se [&hellip;]<\/p>\n","protected":false},"author":2,"featured_media":13106,"comment_status":"open","ping_status":"open","sticky":false,"template":"","format":"standard","meta":{"tdm_status":"","tdm_grid_status":"","_jetpack_memberships_contains_paid_content":false,"footnotes":"","jetpack_publicize_message":"","jetpack_publicize_feature_enabled":true,"jetpack_social_post_already_shared":false,"jetpack_social_options":{"image_generator_settings":{"template":"highway","default_image_id":0,"font":"","enabled":false},"version":2}},"categories":[30],"tags":[],"class_list":{"0":"post-19253","1":"post","2":"type-post","3":"status-publish","4":"format-standard","5":"has-post-thumbnail","7":"category-provinciales"},"yoast_head":"<!-- This site is optimized with the Yoast SEO plugin v22.7 - https:\/\/yoast.com\/wordpress\/plugins\/seo\/ -->\n<title>Permiten cinco actividades nuevas en territorio bonaerense - 103.9 fm<\/title>\n<meta name=\"robots\" content=\"index, follow, max-snippet:-1, max-image-preview:large, max-video-preview:-1\" \/>\n<link rel=\"canonical\" href=\"https:\/\/ondauno.com.ar\/index.php\/2020\/11\/17\/permiten-cinco-actividades-nuevas-en-territorio-bonaerense\/\" \/>\n<meta property=\"og:locale\" content=\"es_ES\" \/>\n<meta property=\"og:type\" content=\"article\" \/>\n<meta property=\"og:title\" content=\"Permiten cinco actividades nuevas en territorio bonaerense - 103.9 fm\" \/>\n<meta property=\"og:description\" content=\"El ministro de Salud Danel Goll\u00e1n y el jefe de gabinete de la provincia de Buenos Aires, Carlos Bianco anunciaron la apertura de cinco actividades nuevas en la conferencia de prensa que brindan cada martes sobre la situaci\u00f3n epidemiol\u00f3gica en territorio bonaerense. El jefe de gabinete anunci\u00f3 que se permitir\u00e1n en los Municipios que se [&hellip;]\" \/>\n<meta property=\"og:url\" content=\"https:\/\/ondauno.com.ar\/index.php\/2020\/11\/17\/permiten-cinco-actividades-nuevas-en-territorio-bonaerense\/\" \/>\n<meta property=\"og:site_name\" content=\"103.9 fm\" \/>\n<meta property=\"article:publisher\" content=\"https:\/\/www.facebook.com\/ondauno103.9\" \/>\n<meta property=\"article:published_time\" content=\"2020-11-17T13:12:04+00:00\" \/>\n<meta property=\"article:modified_time\" content=\"2020-11-17T13:55:19+00:00\" \/>\n<meta property=\"og:image\" content=\"https:\/\/ondauno.com.ar\/wp-content\/uploads\/2020\/07\/gollan-y-kreplak-onda-uno.jpg\" \/>\n\t<meta property=\"og:image:width\" content=\"512\" \/>\n\t<meta property=\"og:image:height\" content=\"340\" \/>\n\t<meta property=\"og:image:type\" content=\"image\/jpeg\" \/>\n<meta name=\"author\" content=\"fernando garcia\" \/>\n<meta name=\"twitter:card\" content=\"summary_large_image\" \/>\n<meta name=\"twitter:label1\" content=\"Escrito por\" \/>\n\t<meta name=\"twitter:data1\" content=\"fernando garcia\" \/>\n\t<meta name=\"twitter:label2\" content=\"Tiempo de lectura\" \/>\n\t<meta name=\"twitter:data2\" content=\"1 minuto\" \/>\n<script type=\"application\/ld+json\" class=\"yoast-schema-graph\">{\"@context\":\"https:\/\/schema.org\",\"@graph\":[{\"@type\":\"WebPage\",\"@id\":\"https:\/\/ondauno.com.ar\/index.php\/2020\/11\/17\/permiten-cinco-actividades-nuevas-en-territorio-bonaerense\/\",\"url\":\"https:\/\/ondauno.com.ar\/index.php\/2020\/11\/17\/permiten-cinco-actividades-nuevas-en-territorio-bonaerense\/\",\"name\":\"Permiten cinco actividades nuevas en territorio bonaerense - 103.9 fm\",\"isPartOf\":{\"@id\":\"https:\/\/ondauno.com.ar\/#website\"},\"primaryImageOfPage\":{\"@id\":\"https:\/\/ondauno.com.ar\/index.php\/2020\/11\/17\/permiten-cinco-actividades-nuevas-en-territorio-bonaerense\/#primaryimage\"},\"image\":{\"@id\":\"https:\/\/ondauno.com.ar\/index.php\/2020\/11\/17\/permiten-cinco-actividades-nuevas-en-territorio-bonaerense\/#primaryimage\"},\"thumbnailUrl\":\"https:\/\/ondauno.com.ar\/wp-content\/uploads\/2020\/07\/gollan-y-kreplak-onda-uno.jpg\",\"datePublished\":\"2020-11-17T13:12:04+00:00\",\"dateModified\":\"2020-11-17T13:55:19+00:00\",\"author\":{\"@id\":\"https:\/\/ondauno.com.ar\/#\/schema\/person\/201d1b68e6c75e0fd396fe5f8af5d139\"},\"breadcrumb\":{\"@id\":\"https:\/\/ondauno.com.ar\/index.php\/2020\/11\/17\/permiten-cinco-actividades-nuevas-en-territorio-bonaerense\/#breadcrumb\"},\"inLanguage\":\"es-AR\",\"potentialAction\":[{\"@type\":\"ReadAction\",\"target\":[\"https:\/\/ondauno.com.ar\/index.php\/2020\/11\/17\/permiten-cinco-actividades-nuevas-en-territorio-bonaerense\/\"]}]},{\"@type\":\"ImageObject\",\"inLanguage\":\"es-AR\",\"@id\":\"https:\/\/ondauno.com.ar\/index.php\/2020\/11\/17\/permiten-cinco-actividades-nuevas-en-territorio-bonaerense\/#primaryimage\",\"url\":\"https:\/\/ondauno.com.ar\/wp-content\/uploads\/2020\/07\/gollan-y-kreplak-onda-uno.jpg\",\"contentUrl\":\"https:\/\/ondauno.com.ar\/wp-content\/uploads\/2020\/07\/gollan-y-kreplak-onda-uno.jpg\",\"width\":512,\"height\":340},{\"@type\":\"BreadcrumbList\",\"@id\":\"https:\/\/ondauno.com.ar\/index.php\/2020\/11\/17\/permiten-cinco-actividades-nuevas-en-territorio-bonaerense\/#breadcrumb\",\"itemListElement\":[{\"@type\":\"ListItem\",\"position\":1,\"name\":\"Inicio\",\"item\":\"https:\/\/ondauno.com.ar\/\"},{\"@type\":\"ListItem\",\"position\":2,\"name\":\"Permiten cinco actividades nuevas en territorio bonaerense\"}]},{\"@type\":\"WebSite\",\"@id\":\"https:\/\/ondauno.com.ar\/#website\",\"url\":\"https:\/\/ondauno.com.ar\/\",\"name\":\"103.9 fm\",\"description\":\"LA PRIMERA RADIO MULTIMEDIA DE TRES ARROYOS\",\"potentialAction\":[{\"@type\":\"SearchAction\",\"target\":{\"@type\":\"EntryPoint\",\"urlTemplate\":\"https:\/\/ondauno.com.ar\/?s={search_term_string}\"},\"query-input\":\"required name=search_term_string\"}],\"inLanguage\":\"es-AR\"},{\"@type\":\"Person\",\"@id\":\"https:\/\/ondauno.com.ar\/#\/schema\/person\/201d1b68e6c75e0fd396fe5f8af5d139\",\"name\":\"fernando garcia\",\"image\":{\"@type\":\"ImageObject\",\"inLanguage\":\"es-AR\",\"@id\":\"https:\/\/ondauno.com.ar\/#\/schema\/person\/image\/\",\"url\":\"https:\/\/secure.gravatar.com\/avatar\/5f7254642ad81272e79a2e69653cfdfc?s=96&d=mm&r=g\",\"contentUrl\":\"https:\/\/secure.gravatar.com\/avatar\/5f7254642ad81272e79a2e69653cfdfc?s=96&d=mm&r=g\",\"caption\":\"fernando garcia\"},\"url\":\"https:\/\/ondauno.com.ar\/index.php\/author\/ondaunoeditor\/\"}]}<\/script>\n<!-- \/ Yoast SEO plugin. -->","yoast_head_json":{"title":"Permiten cinco actividades nuevas en territorio bonaerense - 103.9 fm","robots":{"index":"index","follow":"follow","max-snippet":"max-snippet:-1","max-image-preview":"max-image-preview:large","max-video-preview":"max-video-preview:-1"},"canonical":"https:\/\/ondauno.com.ar\/index.php\/2020\/11\/17\/permiten-cinco-actividades-nuevas-en-territorio-bonaerense\/","og_locale":"es_ES","og_type":"article","og_title":"Permiten cinco actividades nuevas en territorio bonaerense - 103.9 fm","og_description":"El ministro de Salud Danel Goll\u00e1n y el jefe de gabinete de la provincia de Buenos Aires, Carlos Bianco anunciaron la apertura de cinco actividades nuevas en la conferencia de prensa que brindan cada martes sobre la situaci\u00f3n epidemiol\u00f3gica en territorio bonaerense. El jefe de gabinete anunci\u00f3 que se permitir\u00e1n en los Municipios que se [&hellip;]","og_url":"https:\/\/ondauno.com.ar\/index.php\/2020\/11\/17\/permiten-cinco-actividades-nuevas-en-territorio-bonaerense\/","og_site_name":"103.9 fm","article_publisher":"https:\/\/www.facebook.com\/ondauno103.9","article_published_time":"2020-11-17T13:12:04+00:00","article_modified_time":"2020-11-17T13:55:19+00:00","og_image":[{"width":512,"height":340,"url":"https:\/\/ondauno.com.ar\/wp-content\/uploads\/2020\/07\/gollan-y-kreplak-onda-uno.jpg","type":"image\/jpeg"}],"author":"fernando garcia","twitter_card":"summary_large_image","twitter_misc":{"Escrito por":"fernando garcia","Tiempo de lectura":"1 minuto"},"schema":{"@context":"https:\/\/schema.org","@graph":[{"@type":"WebPage","@id":"https:\/\/ondauno.com.ar\/index.php\/2020\/11\/17\/permiten-cinco-actividades-nuevas-en-territorio-bonaerense\/","url":"https:\/\/ondauno.com.ar\/index.php\/2020\/11\/17\/permiten-cinco-actividades-nuevas-en-territorio-bonaerense\/","name":"Permiten cinco actividades nuevas en territorio bonaerense - 103.9 fm","isPartOf":{"@id":"https:\/\/ondauno.com.ar\/#website"},"primaryImageOfPage":{"@id":"https:\/\/ondauno.com.ar\/index.php\/2020\/11\/17\/permiten-cinco-actividades-nuevas-en-territorio-bonaerense\/#primaryimage"},"image":{"@id":"https:\/\/ondauno.com.ar\/index.php\/2020\/11\/17\/permiten-cinco-actividades-nuevas-en-territorio-bonaerense\/#primaryimage"},"thumbnailUrl":"https:\/\/ondauno.com.ar\/wp-content\/uploads\/2020\/07\/gollan-y-kreplak-onda-uno.jpg","datePublished":"2020-11-17T13:12:04+00:00","dateModified":"2020-11-17T13:55:19+00:00","author":{"@id":"https:\/\/ondauno.com.ar\/#\/schema\/person\/201d1b68e6c75e0fd396fe5f8af5d139"},"breadcrumb":{"@id":"https:\/\/ondauno.com.ar\/index.php\/2020\/11\/17\/permiten-cinco-actividades-nuevas-en-territorio-bonaerense\/#breadcrumb"},"inLanguage":"es-AR","potentialAction":[{"@type":"ReadAction","target":["https:\/\/ondauno.com.ar\/index.php\/2020\/11\/17\/permiten-cinco-actividades-nuevas-en-territorio-bonaerense\/"]}]},{"@type":"ImageObject","inLanguage":"es-AR","@id":"https:\/\/ondauno.com.ar\/index.php\/2020\/11\/17\/permiten-cinco-actividades-nuevas-en-territorio-bonaerense\/#primaryimage","url":"https:\/\/ondauno.com.ar\/wp-content\/uploads\/2020\/07\/gollan-y-kreplak-onda-uno.jpg","contentUrl":"https:\/\/ondauno.com.ar\/wp-content\/uploads\/2020\/07\/gollan-y-kreplak-onda-uno.jpg","width":512,"height":340},{"@type":"BreadcrumbList","@id":"https:\/\/ondauno.com.ar\/index.php\/2020\/11\/17\/permiten-cinco-actividades-nuevas-en-territorio-bonaerense\/#breadcrumb","itemListElement":[{"@type":"ListItem","position":1,"name":"Inicio","item":"https:\/\/ondauno.com.ar\/"},{"@type":"ListItem","position":2,"name":"Permiten cinco actividades nuevas en territorio bonaerense"}]},{"@type":"WebSite","@id":"https:\/\/ondauno.com.ar\/#website","url":"https:\/\/ondauno.com.ar\/","name":"103.9 fm","description":"LA PRIMERA RADIO MULTIMEDIA DE TRES ARROYOS","potentialAction":[{"@type":"SearchAction","target":{"@type":"EntryPoint","urlTemplate":"https:\/\/ondauno.com.ar\/?s={search_term_string}"},"query-input":"required name=search_term_string"}],"inLanguage":"es-AR"},{"@type":"Person","@id":"https:\/\/ondauno.com.ar\/#\/schema\/person\/201d1b68e6c75e0fd396fe5f8af5d139","name":"fernando garcia","image":{"@type":"ImageObject","inLanguage":"es-AR","@id":"https:\/\/ondauno.com.ar\/#\/schema\/person\/image\/","url":"https:\/\/secure.gravatar.com\/avatar\/5f7254642ad81272e79a2e69653cfdfc?s=96&d=mm&r=g","contentUrl":"https:\/\/secure.gravatar.com\/avatar\/5f7254642ad81272e79a2e69653cfdfc?s=96&d=mm&r=g","caption":"fernando garcia"},"url":"https:\/\/ondauno.com.ar\/index.php\/author\/ondaunoeditor\/"}]}},"jetpack_publicize_connections":[],"jetpack_featured_media_url":"https:\/\/ondauno.com.ar\/wp-content\/uploads\/2020\/07\/gollan-y-kreplak-onda-uno.jpg","jetpack_sharing_enabled":true,"_links":{"self":[{"href":"https:\/\/ondauno.com.ar\/index.php\/wp-json\/wp\/v2\/posts\/19253","targetHints":{"allow":["GET"]}}],"collection":[{"href":"https:\/\/ondauno.com.ar\/index.php\/wp-json\/wp\/v2\/posts"}],"about":[{"href":"https:\/\/ondauno.com.ar\/index.php\/wp-json\/wp\/v2\/types\/post"}],"author":[{"embeddable":true,"href":"https:\/\/ondauno.com.ar\/index.php\/wp-json\/wp\/v2\/users\/2"}],"replies":[{"embeddable":true,"href":"https:\/\/ondauno.com.ar\/index.php\/wp-json\/wp\/v2\/comments?post=19253"}],"version-history":[{"count":0,"href":"https:\/\/ondauno.com.ar\/index.php\/wp-json\/wp\/v2\/posts\/19253\/revisions"}],"wp:featuredmedia":[{"embeddable":true,"href":"https:\/\/ondauno.com.ar\/index.php\/wp-json\/wp\/v2\/media\/13106"}],"wp:attachment":[{"href":"https:\/\/ondauno.com.ar\/index.php\/wp-json\/wp\/v2\/media?parent=19253"}],"wp:term":[{"taxonomy":"category","embeddable":true,"href":"https:\/\/ondauno.com.ar\/index.php\/wp-json\/wp\/v2\/categories?post=19253"},{"taxonomy":"post_tag","embeddable":true,"href":"https:\/\/ondauno.com.ar\/index.php\/wp-json\/wp\/v2\/tags?post=19253"}],"curies":[{"name":"wp","href":"https:\/\/api.w.org\/{rel}","templated":true}]}}