{"id":19157,"date":"2020-11-14T13:09:20","date_gmt":"2020-11-14T16:09:20","guid":{"rendered":"http:\/\/ondauno.com.ar\/?p=19157"},"modified":"2020-11-14T13:09:24","modified_gmt":"2020-11-14T16:09:24","slug":"la-subsecretaria-de-deportes-anuncio-el-fondo-para-el-retorno-deportivo","status":"publish","type":"post","link":"https:\/\/ondauno.com.ar\/index.php\/2020\/11\/14\/la-subsecretaria-de-deportes-anuncio-el-fondo-para-el-retorno-deportivo\/","title":{"rendered":"La Subsecretar\u00eda de Deportes anunci\u00f3 el Fondo para el Retorno Deportivo"},"content":{"rendered":"<div class=\"ondau-before-content_3\" style=\"margin-top: -30px;\" id=\"ondau-1758623996\"><a href=\"https:\/\/www.lps.com.ar\/\" aria-label=\"la-perse2\"><img loading=\"lazy\" decoding=\"async\" src=\"https:\/\/ondauno.com.ar\/wp-content\/uploads\/2021\/10\/la-perse2.jpg\" alt=\"\"  srcset=\"https:\/\/ondauno.com.ar\/wp-content\/uploads\/2021\/10\/la-perse2.jpg 1353w, https:\/\/ondauno.com.ar\/wp-content\/uploads\/2021\/10\/la-perse2-300x43.jpg 300w, https:\/\/ondauno.com.ar\/wp-content\/uploads\/2021\/10\/la-perse2-1024x148.jpg 1024w, https:\/\/ondauno.com.ar\/wp-content\/uploads\/2021\/10\/la-perse2-768x111.jpg 768w, https:\/\/ondauno.com.ar\/wp-content\/uploads\/2021\/10\/la-perse2-696x100.jpg 696w, https:\/\/ondauno.com.ar\/wp-content\/uploads\/2021\/10\/la-perse2-1068x154.jpg 1068w\" sizes=\"(max-width: 1353px) 100vw, 1353px\" class=\"no-lazyload\" width=\"1353\" height=\"195\"  style=\"display: inline-block;\" \/><\/a><\/div>\n<h3 class=\"wp-block-heading\">El Subsecretario de Deportes de la provincia de Buenos Aires anunci\u00f3 el Fondo para el Retorno Deportivo que propone la entrega de aportes no reintegrables a cada uno de los 135 Municipios que se encuentran dentro de la provincia de Buenos Aires. Dicho fondo tiene como objetivo principal acompa\u00f1ar el retorno progresivo y seguro de las actividades deportivas.<\/h3>\n\n\n\n<pre class=\"wp-block-code\"><code>Junto al Gobernador Axel Kicillof, el Subsecretario de Deportes Dr. Javier Lovera lanz\u00f3 el Fondo para el Retorno Deportivo destinado a los 135 municipios de la provincia de Buenos Aires. \u201cEl 2021 ser\u00e1 el a\u00f1o del deporte en la provincia de Buenos Aires\u201d, expres\u00f3 Lovera.\n\nEn el Estadio \u00danico de La Plata, el Subsecretario de Deportes de la provincia de Buenos Aires anunci\u00f3 el Fondo para el Retorno Deportivo que propone la entrega de aportes no reintegrables a cada uno de los 135 Municipios que se encuentran dentro de la provincia de Buenos Aires. Dicho fondo tiene como objetivo principal acompa\u00f1ar el retorno progresivo y seguro de las actividades deportivas.\n\nParticiparon del lanzamiento el Gobernador Axel Kicillof; el Ministro de Desarrollo de la Comunidad, Andr\u00e9s Larroque; el Ministro de Producci\u00f3n, Ciencia e Innovaci\u00f3n Tecnol\u00f3gica, Augusto Costa; la Intendenta de Quilmes, Mayra Mendoza; el Intendente de General Rodr\u00edguez, Mauro Garc\u00eda, entre otros. \n\nAl respecto, el Subsecretario de Deportes, Dr. Javier Lovera, manifest\u00f3 que \u201cel regreso a las actividades deportivas constituye un eje central de la recuperaci\u00f3n emocional de nuestra sociedad. El anuncio de este Fondo para todos los municipios de la provincia es la etapa previa a la apertura total del deporte. Esperamos que en el primer trimestre del a\u00f1o que viene recuperemos la actividad plena del deporte con los criterios y par\u00e1metros de la Etapa DSPO. Volveremos mejores, el deporte volver\u00e1 fortalecido\u201d. <\/code><\/pre>\n\n\n\n<p>\u201cNuestra expectativa es que todo el mundo encuentre su lugar en el deporte y que m\u00e1s gente lo practique. De esta manera, tendremos una sociedad mucho m\u00e1s sana. Creemos firmemente que el deporte va a ser un motor de la recuperaci\u00f3n social y econ\u00f3mica en 2021. El 2021 ser\u00e1 el a\u00f1o del deporte en la provincia de Buenos Aires\u201d, concluy\u00f3. <\/p>\n\n\n\n<h4 class=\"wp-block-heading\">Debido a que este a\u00f1o los Juegos Bonaerenses no se desarrollaron de manera presencial, se reasignaron los fondos correspondientes de la Etapa Municipal y Regional acorde a lo que se hab\u00eda asignado para la organizaci\u00f3n de los Juegos Bonaerenses 2020. Con los recursos reasignados, se cre\u00f3 el \u201cFondo para el Retorno Deportivo\u201d. El criterio de definici\u00f3n del monto a asignar para cada municipio es proporcional a la cantidad de inscriptos en la Etapa Local de los Juegos Bonaerenses 2019, como es el criterio habitual de asignaci\u00f3n de fondos en esta competencia.<\/h4>\n\n\n\n<p>Por su parte, el Ministro de Desarrollo de la Comunidad, Andr\u00e9s Larroque, expres\u00f3: \u201cNo es f\u00e1cil asumir una gesti\u00f3n del deporte en este contexto. Estas dificultades implica que tengamos que articular con todo el gabinete como lo hicimos con Augusto Costa y Carlos Bianco.  A veces uno especula con esconderse y tanto Axel, como todo el gabinete, han sido un ejemplo para afrontar esta situaci\u00f3n. El Estado est\u00e1 presente, estuvo y va a seguir estando. Por eso podemos afrontar la pandemia como lo hicimos. Necesitamos que la comunidad sea protagonista de ese proceso. Si la comunidad no se organiza quiz\u00e1 se pierda el gran desaf\u00edo de potenciar la presencia del Estado con una fuerte presencia de la comunidad para que la articulaci\u00f3n sea exitosa\u201d. <\/p>\n\n\n\n<p>Intendentes de distintos puntos de la provincia presenciaron el anuncio del Fondo. Adem\u00e1s de la Intendenta de Quilmes y el de Gral. Rodr\u00edguez, participaron Juan Ignacio Ustarroz (Mercedes), Javier Gast\u00f3n (Chascom\u00fas), Juan Pablo Zurro (Pehuaj\u00f3), Nicol\u00e1s Mantegazza (San Vicente), Ariel Sujarchuk (Escobar), Cristian Cardozo (La Costa), Marcos Pisano (Bol\u00edvar) y Roberto \u00c1lvarez (Tres Lomas). Fueron acompa\u00f1ados por los y las responsables de deportes de cada municipio, y decenas de deportistas bonaerenses como el ex futbolista H\u00e9ctor Enrique, campe\u00f3n del mundo en 1986; el gimnasta Federico Molinari; la tenista Florencia Moreno; la boxeadora Mar\u00eda \u201cTily\u201d Maderna; las jugadoras de All Boys, Sof\u00eda Hauche, Jimena Romeo y Mabel Ramos; el medallista de oro en los \u00faltimos Juegos Ol\u00edmpicos de la Juventud, I\u00f1aki Mazza; el taekwondista Agust\u00edn Alves; el ex boxeador Jorge \u201cLocomotora\u201d Castro; entre otros. <\/p>\n\n\n\n<figure class=\"wp-block-image\"><img loading=\"lazy\" decoding=\"async\" width=\"1024\" height=\"640\" data-src=\"https:\/\/ondauno.com.ar\/wp-content\/uploads\/2020\/11\/WhatsApp-Image-2020-11-13-at-16.48.28-1024x640.jpeg\" alt=\"\" class=\"wp-image-19158 lazyload\" data-srcset=\"https:\/\/ondauno.com.ar\/wp-content\/uploads\/2020\/11\/WhatsApp-Image-2020-11-13-at-16.48.28-1024x640.jpeg 1024w, https:\/\/ondauno.com.ar\/wp-content\/uploads\/2020\/11\/WhatsApp-Image-2020-11-13-at-16.48.28-300x188.jpeg 300w, https:\/\/ondauno.com.ar\/wp-content\/uploads\/2020\/11\/WhatsApp-Image-2020-11-13-at-16.48.28-768x480.jpeg 768w, https:\/\/ondauno.com.ar\/wp-content\/uploads\/2020\/11\/WhatsApp-Image-2020-11-13-at-16.48.28-696x435.jpeg 696w, https:\/\/ondauno.com.ar\/wp-content\/uploads\/2020\/11\/WhatsApp-Image-2020-11-13-at-16.48.28-1068x668.jpeg 1068w, https:\/\/ondauno.com.ar\/wp-content\/uploads\/2020\/11\/WhatsApp-Image-2020-11-13-at-16.48.28-672x420.jpeg 672w, https:\/\/ondauno.com.ar\/wp-content\/uploads\/2020\/11\/WhatsApp-Image-2020-11-13-at-16.48.28.jpeg 1280w\" data-sizes=\"auto, (max-width: 1024px) 100vw, 1024px\" src=\"data:image\/gif;base64,R0lGODlhAQABAAAAACH5BAEKAAEALAAAAAABAAEAAAICTAEAOw==\" style=\"--smush-placeholder-width: 1024px; --smush-placeholder-aspect-ratio: 1024\/640;\" \/><noscript><img loading=\"lazy\" decoding=\"async\" width=\"1024\" height=\"640\" src=\"https:\/\/ondauno.com.ar\/wp-content\/uploads\/2020\/11\/WhatsApp-Image-2020-11-13-at-16.48.28-1024x640.jpeg\" alt=\"\" class=\"wp-image-19158\" srcset=\"https:\/\/ondauno.com.ar\/wp-content\/uploads\/2020\/11\/WhatsApp-Image-2020-11-13-at-16.48.28-1024x640.jpeg 1024w, https:\/\/ondauno.com.ar\/wp-content\/uploads\/2020\/11\/WhatsApp-Image-2020-11-13-at-16.48.28-300x188.jpeg 300w, https:\/\/ondauno.com.ar\/wp-content\/uploads\/2020\/11\/WhatsApp-Image-2020-11-13-at-16.48.28-768x480.jpeg 768w, https:\/\/ondauno.com.ar\/wp-content\/uploads\/2020\/11\/WhatsApp-Image-2020-11-13-at-16.48.28-696x435.jpeg 696w, https:\/\/ondauno.com.ar\/wp-content\/uploads\/2020\/11\/WhatsApp-Image-2020-11-13-at-16.48.28-1068x668.jpeg 1068w, https:\/\/ondauno.com.ar\/wp-content\/uploads\/2020\/11\/WhatsApp-Image-2020-11-13-at-16.48.28-672x420.jpeg 672w, https:\/\/ondauno.com.ar\/wp-content\/uploads\/2020\/11\/WhatsApp-Image-2020-11-13-at-16.48.28.jpeg 1280w\" sizes=\"auto, (max-width: 1024px) 100vw, 1024px\" \/><\/noscript><\/figure>\n\n\n\n<p>Augusto Costa, Ministro de Producci\u00f3n, Ciencia e Innovaci\u00f3n Tecnol\u00f3gica, destac\u00f3 que \u201cya distribuimos el Fondo de Cultura y Turismo en la primera etapa. Y ahora se suma este Fondo para el deporte. Estamos hablando de un Gobierno que trabaja en equipo con los municipios para impulsar las pol\u00edticas y que lleguen a las y los bonaerenses de la mejor manera posible. Si nos cuidamos y seguimos trabajando de esta manera, vamos a poder dejar atr\u00e1s esta p\u00e1gina tan dolorosa que nos toc\u00f3 atravesar y de la que tenemos que salir fortalecidos\u201d.<\/p>\n\n\n\n<figure class=\"wp-block-image\"><img loading=\"lazy\" decoding=\"async\" width=\"1024\" height=\"681\" data-src=\"https:\/\/ondauno.com.ar\/wp-content\/uploads\/2020\/11\/WhatsApp-Image-2020-11-13-at-16.48.29-1024x681.jpeg\" alt=\"\" class=\"wp-image-19160 lazyload\" data-srcset=\"https:\/\/ondauno.com.ar\/wp-content\/uploads\/2020\/11\/WhatsApp-Image-2020-11-13-at-16.48.29-1024x681.jpeg 1024w, https:\/\/ondauno.com.ar\/wp-content\/uploads\/2020\/11\/WhatsApp-Image-2020-11-13-at-16.48.29-300x199.jpeg 300w, https:\/\/ondauno.com.ar\/wp-content\/uploads\/2020\/11\/WhatsApp-Image-2020-11-13-at-16.48.29-768x511.jpeg 768w, https:\/\/ondauno.com.ar\/wp-content\/uploads\/2020\/11\/WhatsApp-Image-2020-11-13-at-16.48.29-696x463.jpeg 696w, https:\/\/ondauno.com.ar\/wp-content\/uploads\/2020\/11\/WhatsApp-Image-2020-11-13-at-16.48.29-1068x710.jpeg 1068w, https:\/\/ondauno.com.ar\/wp-content\/uploads\/2020\/11\/WhatsApp-Image-2020-11-13-at-16.48.29-632x420.jpeg 632w, https:\/\/ondauno.com.ar\/wp-content\/uploads\/2020\/11\/WhatsApp-Image-2020-11-13-at-16.48.29.jpeg 1280w\" data-sizes=\"auto, (max-width: 1024px) 100vw, 1024px\" src=\"data:image\/gif;base64,R0lGODlhAQABAAAAACH5BAEKAAEALAAAAAABAAEAAAICTAEAOw==\" style=\"--smush-placeholder-width: 1024px; --smush-placeholder-aspect-ratio: 1024\/681;\" \/><noscript><img loading=\"lazy\" decoding=\"async\" width=\"1024\" height=\"681\" src=\"https:\/\/ondauno.com.ar\/wp-content\/uploads\/2020\/11\/WhatsApp-Image-2020-11-13-at-16.48.29-1024x681.jpeg\" alt=\"\" class=\"wp-image-19160\" srcset=\"https:\/\/ondauno.com.ar\/wp-content\/uploads\/2020\/11\/WhatsApp-Image-2020-11-13-at-16.48.29-1024x681.jpeg 1024w, https:\/\/ondauno.com.ar\/wp-content\/uploads\/2020\/11\/WhatsApp-Image-2020-11-13-at-16.48.29-300x199.jpeg 300w, https:\/\/ondauno.com.ar\/wp-content\/uploads\/2020\/11\/WhatsApp-Image-2020-11-13-at-16.48.29-768x511.jpeg 768w, https:\/\/ondauno.com.ar\/wp-content\/uploads\/2020\/11\/WhatsApp-Image-2020-11-13-at-16.48.29-696x463.jpeg 696w, https:\/\/ondauno.com.ar\/wp-content\/uploads\/2020\/11\/WhatsApp-Image-2020-11-13-at-16.48.29-1068x710.jpeg 1068w, https:\/\/ondauno.com.ar\/wp-content\/uploads\/2020\/11\/WhatsApp-Image-2020-11-13-at-16.48.29-632x420.jpeg 632w, https:\/\/ondauno.com.ar\/wp-content\/uploads\/2020\/11\/WhatsApp-Image-2020-11-13-at-16.48.29.jpeg 1280w\" sizes=\"auto, (max-width: 1024px) 100vw, 1024px\" \/><\/noscript><\/figure>\n\n\n\n<p>Los Juegos Bonaerenses son un programa fundamental en la estructura de la provincia. Han participado alrededor de 18,5 millones de personas a lo largo de sus 29 a\u00f1os de historia. Este a\u00f1o, la Subsecretar\u00eda de Deportes organiz\u00f3 la presente Edici\u00f3n Virtual, que tiene actualmente a m\u00e1s de 20 mil bonaerenses participando en Actividades Culturales y Deportes Electr\u00f3nicos.<\/p>\n\n\n\n<figure class=\"wp-block-image\"><img loading=\"lazy\" decoding=\"async\" width=\"1024\" height=\"682\" data-src=\"https:\/\/ondauno.com.ar\/wp-content\/uploads\/2020\/11\/WhatsApp-Image-2020-11-13-at-16.48.30-1024x682.jpeg\" alt=\"\" class=\"wp-image-19159 lazyload\" data-srcset=\"https:\/\/ondauno.com.ar\/wp-content\/uploads\/2020\/11\/WhatsApp-Image-2020-11-13-at-16.48.30-1024x682.jpeg 1024w, https:\/\/ondauno.com.ar\/wp-content\/uploads\/2020\/11\/WhatsApp-Image-2020-11-13-at-16.48.30-300x200.jpeg 300w, https:\/\/ondauno.com.ar\/wp-content\/uploads\/2020\/11\/WhatsApp-Image-2020-11-13-at-16.48.30-768x512.jpeg 768w, https:\/\/ondauno.com.ar\/wp-content\/uploads\/2020\/11\/WhatsApp-Image-2020-11-13-at-16.48.30-696x464.jpeg 696w, https:\/\/ondauno.com.ar\/wp-content\/uploads\/2020\/11\/WhatsApp-Image-2020-11-13-at-16.48.30-1068x712.jpeg 1068w, https:\/\/ondauno.com.ar\/wp-content\/uploads\/2020\/11\/WhatsApp-Image-2020-11-13-at-16.48.30-630x420.jpeg 630w, https:\/\/ondauno.com.ar\/wp-content\/uploads\/2020\/11\/WhatsApp-Image-2020-11-13-at-16.48.30.jpeg 1280w\" data-sizes=\"auto, (max-width: 1024px) 100vw, 1024px\" src=\"data:image\/gif;base64,R0lGODlhAQABAAAAACH5BAEKAAEALAAAAAABAAEAAAICTAEAOw==\" style=\"--smush-placeholder-width: 1024px; --smush-placeholder-aspect-ratio: 1024\/682;\" \/><noscript><img loading=\"lazy\" decoding=\"async\" width=\"1024\" height=\"682\" src=\"https:\/\/ondauno.com.ar\/wp-content\/uploads\/2020\/11\/WhatsApp-Image-2020-11-13-at-16.48.30-1024x682.jpeg\" alt=\"\" class=\"wp-image-19159\" srcset=\"https:\/\/ondauno.com.ar\/wp-content\/uploads\/2020\/11\/WhatsApp-Image-2020-11-13-at-16.48.30-1024x682.jpeg 1024w, https:\/\/ondauno.com.ar\/wp-content\/uploads\/2020\/11\/WhatsApp-Image-2020-11-13-at-16.48.30-300x200.jpeg 300w, https:\/\/ondauno.com.ar\/wp-content\/uploads\/2020\/11\/WhatsApp-Image-2020-11-13-at-16.48.30-768x512.jpeg 768w, https:\/\/ondauno.com.ar\/wp-content\/uploads\/2020\/11\/WhatsApp-Image-2020-11-13-at-16.48.30-696x464.jpeg 696w, https:\/\/ondauno.com.ar\/wp-content\/uploads\/2020\/11\/WhatsApp-Image-2020-11-13-at-16.48.30-1068x712.jpeg 1068w, https:\/\/ondauno.com.ar\/wp-content\/uploads\/2020\/11\/WhatsApp-Image-2020-11-13-at-16.48.30-630x420.jpeg 630w, https:\/\/ondauno.com.ar\/wp-content\/uploads\/2020\/11\/WhatsApp-Image-2020-11-13-at-16.48.30.jpeg 1280w\" sizes=\"auto, (max-width: 1024px) 100vw, 1024px\" \/><\/noscript><\/figure>\n\n\n\n<p>El Gobernador de la provincia de Buenos Aires, Axel Kicillof, cerr\u00f3 el acto en el Estadio \u00danico: \u201cQuiero felicitar a todos los que intervinieron para que este a\u00f1o los Juegos Bonaerenses se pudieran hacer de todas formas. El a\u00f1o pr\u00f3ximo celebraremos los 30\u00b0 Juegos Bonaerenses. Creemos que hay una salida de la pandemia que tenemos que construir entre todos y todas. La pospandemia tiene que ser un estallido de las fuerzas productivas, de las fuerzas deportivas y culturales de la provincia de Buenos Aires\u201d. <\/p>\n\n\n\n<p>\u201cEl Estado estuvo y est\u00e1 presente con el destino de estos fondos para la reactivaci\u00f3n del deporte. Hay que prepararse para la pospandemia. Hay que trabajar lo que se discontinuo y para eso se necesitan recursos. Hay que trabajar con los 135 intendentes de la provincia. Estos fondos van a ser un aliciente, una ayuda, un est\u00edmulo, un empuje para que se empiece a recuperar nuestra capacidad. La provincia es un emblema del deporte en Argentina. Una vez que superemos esto, no me cabe duda que se va a desatar esa fuerza deportiva que tiene nuestra provincia y que la ha hecho l\u00edder en el pa\u00eds. No me cabe duda que vamos a tener unos Juegos Bonaerenses, en su 30 aniversario, que van a quedar en la historia\u201d, finaliz\u00f3.<\/p>\n","protected":false},"excerpt":{"rendered":"<p>El Subsecretario de Deportes de la provincia de Buenos Aires anunci\u00f3 el Fondo para el Retorno Deportivo que propone la entrega de aportes no reintegrables a cada uno de los 135 Municipios que se encuentran dentro de la provincia de Buenos Aires. Dicho fondo tiene como objetivo principal acompa\u00f1ar el retorno progresivo y seguro de [&hellip;]<\/p>\n","protected":false},"author":2,"featured_media":19158,"comment_status":"open","ping_status":"open","sticky":false,"template":"","format":"standard","meta":{"tdm_status":"","tdm_grid_status":"","_jetpack_memberships_contains_paid_content":false,"footnotes":"","jetpack_publicize_message":"","jetpack_publicize_feature_enabled":true,"jetpack_social_post_already_shared":false,"jetpack_social_options":{"image_generator_settings":{"template":"highway","default_image_id":0,"font":"","enabled":false},"version":2}},"categories":[1],"tags":[],"class_list":{"0":"post-19157","1":"post","2":"type-post","3":"status-publish","4":"format-standard","5":"has-post-thumbnail","7":"category-sin-categoria"},"yoast_head":"<!-- This site is optimized with the Yoast SEO plugin v22.7 - https:\/\/yoast.com\/wordpress\/plugins\/seo\/ -->\n<title>La Subsecretar\u00eda de Deportes anunci\u00f3 el Fondo para el Retorno Deportivo - 103.9 fm<\/title>\n<meta name=\"robots\" content=\"index, follow, max-snippet:-1, max-image-preview:large, max-video-preview:-1\" \/>\n<link rel=\"canonical\" href=\"https:\/\/ondauno.com.ar\/index.php\/2020\/11\/14\/la-subsecretaria-de-deportes-anuncio-el-fondo-para-el-retorno-deportivo\/\" \/>\n<meta property=\"og:locale\" content=\"es_ES\" \/>\n<meta property=\"og:type\" content=\"article\" \/>\n<meta property=\"og:title\" content=\"La Subsecretar\u00eda de Deportes anunci\u00f3 el Fondo para el Retorno Deportivo - 103.9 fm\" \/>\n<meta property=\"og:description\" content=\"El Subsecretario de Deportes de la provincia de Buenos Aires anunci\u00f3 el Fondo para el Retorno Deportivo que propone la entrega de aportes no reintegrables a cada uno de los 135 Municipios que se encuentran dentro de la provincia de Buenos Aires. Dicho fondo tiene como objetivo principal acompa\u00f1ar el retorno progresivo y seguro de [&hellip;]\" \/>\n<meta property=\"og:url\" content=\"https:\/\/ondauno.com.ar\/index.php\/2020\/11\/14\/la-subsecretaria-de-deportes-anuncio-el-fondo-para-el-retorno-deportivo\/\" \/>\n<meta property=\"og:site_name\" content=\"103.9 fm\" \/>\n<meta property=\"article:publisher\" content=\"https:\/\/www.facebook.com\/ondauno103.9\" \/>\n<meta property=\"article:published_time\" content=\"2020-11-14T16:09:20+00:00\" \/>\n<meta property=\"article:modified_time\" content=\"2020-11-14T16:09:24+00:00\" \/>\n<meta property=\"og:image\" content=\"https:\/\/ondauno.com.ar\/wp-content\/uploads\/2020\/11\/WhatsApp-Image-2020-11-13-at-16.48.28.jpeg\" \/>\n\t<meta property=\"og:image:width\" content=\"1280\" \/>\n\t<meta property=\"og:image:height\" content=\"800\" \/>\n\t<meta property=\"og:image:type\" content=\"image\/jpeg\" \/>\n<meta name=\"author\" content=\"fernando garcia\" \/>\n<meta name=\"twitter:card\" content=\"summary_large_image\" \/>\n<meta name=\"twitter:label1\" content=\"Escrito por\" \/>\n\t<meta name=\"twitter:data1\" content=\"fernando garcia\" \/>\n\t<meta name=\"twitter:label2\" content=\"Tiempo de lectura\" \/>\n\t<meta name=\"twitter:data2\" content=\"6 minutos\" \/>\n<script type=\"application\/ld+json\" class=\"yoast-schema-graph\">{\"@context\":\"https:\/\/schema.org\",\"@graph\":[{\"@type\":\"WebPage\",\"@id\":\"https:\/\/ondauno.com.ar\/index.php\/2020\/11\/14\/la-subsecretaria-de-deportes-anuncio-el-fondo-para-el-retorno-deportivo\/\",\"url\":\"https:\/\/ondauno.com.ar\/index.php\/2020\/11\/14\/la-subsecretaria-de-deportes-anuncio-el-fondo-para-el-retorno-deportivo\/\",\"name\":\"La Subsecretar\u00eda de Deportes anunci\u00f3 el Fondo para el Retorno Deportivo - 103.9 fm\",\"isPartOf\":{\"@id\":\"https:\/\/ondauno.com.ar\/#website\"},\"primaryImageOfPage\":{\"@id\":\"https:\/\/ondauno.com.ar\/index.php\/2020\/11\/14\/la-subsecretaria-de-deportes-anuncio-el-fondo-para-el-retorno-deportivo\/#primaryimage\"},\"image\":{\"@id\":\"https:\/\/ondauno.com.ar\/index.php\/2020\/11\/14\/la-subsecretaria-de-deportes-anuncio-el-fondo-para-el-retorno-deportivo\/#primaryimage\"},\"thumbnailUrl\":\"https:\/\/ondauno.com.ar\/wp-content\/uploads\/2020\/11\/WhatsApp-Image-2020-11-13-at-16.48.28.jpeg\",\"datePublished\":\"2020-11-14T16:09:20+00:00\",\"dateModified\":\"2020-11-14T16:09:24+00:00\",\"author\":{\"@id\":\"https:\/\/ondauno.com.ar\/#\/schema\/person\/201d1b68e6c75e0fd396fe5f8af5d139\"},\"breadcrumb\":{\"@id\":\"https:\/\/ondauno.com.ar\/index.php\/2020\/11\/14\/la-subsecretaria-de-deportes-anuncio-el-fondo-para-el-retorno-deportivo\/#breadcrumb\"},\"inLanguage\":\"es-AR\",\"potentialAction\":[{\"@type\":\"ReadAction\",\"target\":[\"https:\/\/ondauno.com.ar\/index.php\/2020\/11\/14\/la-subsecretaria-de-deportes-anuncio-el-fondo-para-el-retorno-deportivo\/\"]}]},{\"@type\":\"ImageObject\",\"inLanguage\":\"es-AR\",\"@id\":\"https:\/\/ondauno.com.ar\/index.php\/2020\/11\/14\/la-subsecretaria-de-deportes-anuncio-el-fondo-para-el-retorno-deportivo\/#primaryimage\",\"url\":\"https:\/\/ondauno.com.ar\/wp-content\/uploads\/2020\/11\/WhatsApp-Image-2020-11-13-at-16.48.28.jpeg\",\"contentUrl\":\"https:\/\/ondauno.com.ar\/wp-content\/uploads\/2020\/11\/WhatsApp-Image-2020-11-13-at-16.48.28.jpeg\",\"width\":1280,\"height\":800},{\"@type\":\"BreadcrumbList\",\"@id\":\"https:\/\/ondauno.com.ar\/index.php\/2020\/11\/14\/la-subsecretaria-de-deportes-anuncio-el-fondo-para-el-retorno-deportivo\/#breadcrumb\",\"itemListElement\":[{\"@type\":\"ListItem\",\"position\":1,\"name\":\"Inicio\",\"item\":\"https:\/\/ondauno.com.ar\/\"},{\"@type\":\"ListItem\",\"position\":2,\"name\":\"La Subsecretar\u00eda de Deportes anunci\u00f3 el Fondo para el Retorno Deportivo\"}]},{\"@type\":\"WebSite\",\"@id\":\"https:\/\/ondauno.com.ar\/#website\",\"url\":\"https:\/\/ondauno.com.ar\/\",\"name\":\"103.9 fm\",\"description\":\"LA PRIMERA RADIO MULTIMEDIA DE TRES ARROYOS\",\"potentialAction\":[{\"@type\":\"SearchAction\",\"target\":{\"@type\":\"EntryPoint\",\"urlTemplate\":\"https:\/\/ondauno.com.ar\/?s={search_term_string}\"},\"query-input\":\"required name=search_term_string\"}],\"inLanguage\":\"es-AR\"},{\"@type\":\"Person\",\"@id\":\"https:\/\/ondauno.com.ar\/#\/schema\/person\/201d1b68e6c75e0fd396fe5f8af5d139\",\"name\":\"fernando garcia\",\"image\":{\"@type\":\"ImageObject\",\"inLanguage\":\"es-AR\",\"@id\":\"https:\/\/ondauno.com.ar\/#\/schema\/person\/image\/\",\"url\":\"https:\/\/secure.gravatar.com\/avatar\/5f7254642ad81272e79a2e69653cfdfc?s=96&d=mm&r=g\",\"contentUrl\":\"https:\/\/secure.gravatar.com\/avatar\/5f7254642ad81272e79a2e69653cfdfc?s=96&d=mm&r=g\",\"caption\":\"fernando garcia\"},\"url\":\"https:\/\/ondauno.com.ar\/index.php\/author\/ondaunoeditor\/\"}]}<\/script>\n<!-- \/ Yoast SEO plugin. -->","yoast_head_json":{"title":"La Subsecretar\u00eda de Deportes anunci\u00f3 el Fondo para el Retorno Deportivo - 103.9 fm","robots":{"index":"index","follow":"follow","max-snippet":"max-snippet:-1","max-image-preview":"max-image-preview:large","max-video-preview":"max-video-preview:-1"},"canonical":"https:\/\/ondauno.com.ar\/index.php\/2020\/11\/14\/la-subsecretaria-de-deportes-anuncio-el-fondo-para-el-retorno-deportivo\/","og_locale":"es_ES","og_type":"article","og_title":"La Subsecretar\u00eda de Deportes anunci\u00f3 el Fondo para el Retorno Deportivo - 103.9 fm","og_description":"El Subsecretario de Deportes de la provincia de Buenos Aires anunci\u00f3 el Fondo para el Retorno Deportivo que propone la entrega de aportes no reintegrables a cada uno de los 135 Municipios que se encuentran dentro de la provincia de Buenos Aires. Dicho fondo tiene como objetivo principal acompa\u00f1ar el retorno progresivo y seguro de [&hellip;]","og_url":"https:\/\/ondauno.com.ar\/index.php\/2020\/11\/14\/la-subsecretaria-de-deportes-anuncio-el-fondo-para-el-retorno-deportivo\/","og_site_name":"103.9 fm","article_publisher":"https:\/\/www.facebook.com\/ondauno103.9","article_published_time":"2020-11-14T16:09:20+00:00","article_modified_time":"2020-11-14T16:09:24+00:00","og_image":[{"width":1280,"height":800,"url":"https:\/\/ondauno.com.ar\/wp-content\/uploads\/2020\/11\/WhatsApp-Image-2020-11-13-at-16.48.28.jpeg","type":"image\/jpeg"}],"author":"fernando garcia","twitter_card":"summary_large_image","twitter_misc":{"Escrito por":"fernando garcia","Tiempo de lectura":"6 minutos"},"schema":{"@context":"https:\/\/schema.org","@graph":[{"@type":"WebPage","@id":"https:\/\/ondauno.com.ar\/index.php\/2020\/11\/14\/la-subsecretaria-de-deportes-anuncio-el-fondo-para-el-retorno-deportivo\/","url":"https:\/\/ondauno.com.ar\/index.php\/2020\/11\/14\/la-subsecretaria-de-deportes-anuncio-el-fondo-para-el-retorno-deportivo\/","name":"La Subsecretar\u00eda de Deportes anunci\u00f3 el Fondo para el Retorno Deportivo - 103.9 fm","isPartOf":{"@id":"https:\/\/ondauno.com.ar\/#website"},"primaryImageOfPage":{"@id":"https:\/\/ondauno.com.ar\/index.php\/2020\/11\/14\/la-subsecretaria-de-deportes-anuncio-el-fondo-para-el-retorno-deportivo\/#primaryimage"},"image":{"@id":"https:\/\/ondauno.com.ar\/index.php\/2020\/11\/14\/la-subsecretaria-de-deportes-anuncio-el-fondo-para-el-retorno-deportivo\/#primaryimage"},"thumbnailUrl":"https:\/\/ondauno.com.ar\/wp-content\/uploads\/2020\/11\/WhatsApp-Image-2020-11-13-at-16.48.28.jpeg","datePublished":"2020-11-14T16:09:20+00:00","dateModified":"2020-11-14T16:09:24+00:00","author":{"@id":"https:\/\/ondauno.com.ar\/#\/schema\/person\/201d1b68e6c75e0fd396fe5f8af5d139"},"breadcrumb":{"@id":"https:\/\/ondauno.com.ar\/index.php\/2020\/11\/14\/la-subsecretaria-de-deportes-anuncio-el-fondo-para-el-retorno-deportivo\/#breadcrumb"},"inLanguage":"es-AR","potentialAction":[{"@type":"ReadAction","target":["https:\/\/ondauno.com.ar\/index.php\/2020\/11\/14\/la-subsecretaria-de-deportes-anuncio-el-fondo-para-el-retorno-deportivo\/"]}]},{"@type":"ImageObject","inLanguage":"es-AR","@id":"https:\/\/ondauno.com.ar\/index.php\/2020\/11\/14\/la-subsecretaria-de-deportes-anuncio-el-fondo-para-el-retorno-deportivo\/#primaryimage","url":"https:\/\/ondauno.com.ar\/wp-content\/uploads\/2020\/11\/WhatsApp-Image-2020-11-13-at-16.48.28.jpeg","contentUrl":"https:\/\/ondauno.com.ar\/wp-content\/uploads\/2020\/11\/WhatsApp-Image-2020-11-13-at-16.48.28.jpeg","width":1280,"height":800},{"@type":"BreadcrumbList","@id":"https:\/\/ondauno.com.ar\/index.php\/2020\/11\/14\/la-subsecretaria-de-deportes-anuncio-el-fondo-para-el-retorno-deportivo\/#breadcrumb","itemListElement":[{"@type":"ListItem","position":1,"name":"Inicio","item":"https:\/\/ondauno.com.ar\/"},{"@type":"ListItem","position":2,"name":"La Subsecretar\u00eda de Deportes anunci\u00f3 el Fondo para el Retorno Deportivo"}]},{"@type":"WebSite","@id":"https:\/\/ondauno.com.ar\/#website","url":"https:\/\/ondauno.com.ar\/","name":"103.9 fm","description":"LA PRIMERA RADIO MULTIMEDIA DE TRES ARROYOS","potentialAction":[{"@type":"SearchAction","target":{"@type":"EntryPoint","urlTemplate":"https:\/\/ondauno.com.ar\/?s={search_term_string}"},"query-input":"required name=search_term_string"}],"inLanguage":"es-AR"},{"@type":"Person","@id":"https:\/\/ondauno.com.ar\/#\/schema\/person\/201d1b68e6c75e0fd396fe5f8af5d139","name":"fernando garcia","image":{"@type":"ImageObject","inLanguage":"es-AR","@id":"https:\/\/ondauno.com.ar\/#\/schema\/person\/image\/","url":"https:\/\/secure.gravatar.com\/avatar\/5f7254642ad81272e79a2e69653cfdfc?s=96&d=mm&r=g","contentUrl":"https:\/\/secure.gravatar.com\/avatar\/5f7254642ad81272e79a2e69653cfdfc?s=96&d=mm&r=g","caption":"fernando garcia"},"url":"https:\/\/ondauno.com.ar\/index.php\/author\/ondaunoeditor\/"}]}},"jetpack_publicize_connections":[],"jetpack_featured_media_url":"https:\/\/ondauno.com.ar\/wp-content\/uploads\/2020\/11\/WhatsApp-Image-2020-11-13-at-16.48.28.jpeg","jetpack_sharing_enabled":true,"_links":{"self":[{"href":"https:\/\/ondauno.com.ar\/index.php\/wp-json\/wp\/v2\/posts\/19157","targetHints":{"allow":["GET"]}}],"collection":[{"href":"https:\/\/ondauno.com.ar\/index.php\/wp-json\/wp\/v2\/posts"}],"about":[{"href":"https:\/\/ondauno.com.ar\/index.php\/wp-json\/wp\/v2\/types\/post"}],"author":[{"embeddable":true,"href":"https:\/\/ondauno.com.ar\/index.php\/wp-json\/wp\/v2\/users\/2"}],"replies":[{"embeddable":true,"href":"https:\/\/ondauno.com.ar\/index.php\/wp-json\/wp\/v2\/comments?post=19157"}],"version-history":[{"count":0,"href":"https:\/\/ondauno.com.ar\/index.php\/wp-json\/wp\/v2\/posts\/19157\/revisions"}],"wp:featuredmedia":[{"embeddable":true,"href":"https:\/\/ondauno.com.ar\/index.php\/wp-json\/wp\/v2\/media\/19158"}],"wp:attachment":[{"href":"https:\/\/ondauno.com.ar\/index.php\/wp-json\/wp\/v2\/media?parent=19157"}],"wp:term":[{"taxonomy":"category","embeddable":true,"href":"https:\/\/ondauno.com.ar\/index.php\/wp-json\/wp\/v2\/categories?post=19157"},{"taxonomy":"post_tag","embeddable":true,"href":"https:\/\/ondauno.com.ar\/index.php\/wp-json\/wp\/v2\/tags?post=19157"}],"curies":[{"name":"wp","href":"https:\/\/api.w.org\/{rel}","templated":true}]}}