{"id":19102,"date":"2020-11-13T22:04:29","date_gmt":"2020-11-14T01:04:29","guid":{"rendered":"http:\/\/ondauno.com.ar\/?p=19102"},"modified":"2020-11-13T22:30:31","modified_gmt":"2020-11-14T01:30:31","slug":"en-los-cinco-mandatos-que-lleva-el-intendente-no-se-ha-invertido-en-obras-con-presupuesto-propio","status":"publish","type":"post","link":"https:\/\/ondauno.com.ar\/index.php\/2020\/11\/13\/en-los-cinco-mandatos-que-lleva-el-intendente-no-se-ha-invertido-en-obras-con-presupuesto-propio\/","title":{"rendered":"&#8220;En los cinco mandatos que lleva el intendente no se ha invertido en obras con presupuesto propio&#8221;"},"content":{"rendered":"<div class=\"ondau-before-content_3\" style=\"margin-top: -30px;\" id=\"ondau-3000402151\"><a href=\"https:\/\/www.lps.com.ar\/\" aria-label=\"la-perse2\"><img loading=\"lazy\" decoding=\"async\" src=\"https:\/\/ondauno.com.ar\/wp-content\/uploads\/2021\/10\/la-perse2.jpg\" alt=\"\"  srcset=\"https:\/\/ondauno.com.ar\/wp-content\/uploads\/2021\/10\/la-perse2.jpg 1353w, https:\/\/ondauno.com.ar\/wp-content\/uploads\/2021\/10\/la-perse2-300x43.jpg 300w, https:\/\/ondauno.com.ar\/wp-content\/uploads\/2021\/10\/la-perse2-1024x148.jpg 1024w, https:\/\/ondauno.com.ar\/wp-content\/uploads\/2021\/10\/la-perse2-768x111.jpg 768w, https:\/\/ondauno.com.ar\/wp-content\/uploads\/2021\/10\/la-perse2-696x100.jpg 696w, https:\/\/ondauno.com.ar\/wp-content\/uploads\/2021\/10\/la-perse2-1068x154.jpg 1068w\" sizes=\"(max-width: 1353px) 100vw, 1353px\" class=\"no-lazyload\" width=\"1353\" height=\"195\"  style=\"display: inline-block;\" \/><\/a><\/div>\n<p>Pablo Garate diputado provincial del Frente de Todos habl\u00f3 en Cosas que Pasan sobre la reuni\u00f3n con el ministro de Obras P\u00fablicas, Gabriel Katopodis.<\/p>\n\n\n\n<p>El legislador mencion\u00f3 que conversaron sobre las obras por venir en Tres Arroyos como las cloacas, el cord\u00f3n cuneta, de desag\u00fces y sobre la necesidad de obras prioritarias para el distrito.<\/p>\n\n\n\n<p>&#8220;Hablamos d ela obra de cloacas del barrio Olimpo, un pedido que hicimos varias veces en el Concejo Deliberante, se hab\u00edan juntado firmas as\u00ed que estamos muy contentos que el gobierno nacional lo ponga entre sus prioridades&#8221;.<\/p>\n\n\n\n<p>Garate mencion\u00f3 que el ministro Katopodis se comprometi\u00f3 a venir a Tres Arroyos, visitar la obra del barrio Olimpo y escuchar las necesidades que desde el espacio que dirige y conduce el diputado se\u00f1alaron como prioritarias.<\/p>\n\n\n\n<p>Respecto al tema del agua el legislador dijo que &#8220;es una obra muy grande, de 200 millones de pesos, pro eso no se puede conseguir de un d\u00eda para el otro. Le contamos al ministro que el servicio de agua corriente es deficiente en el centro, en los barrios, y, que hay muchos vecinos que no lo tienen. En los cinco mandatos que lleva el intendente no se ha invertido en obras y eso se lo hicimos saber al ministro, insistimos adem\u00e1s, que el Municipio, desde su propio presupuesto, tenga en cuenta hacer obras para el mantenimiento, mejora de la red de agua corriente, la extensi\u00f3n de la misma hacia los barrios y de la calidad&#8221;.<\/p>\n\n\n\n<p><strong>DETECTAR<\/strong><\/p>\n\n\n\n<p>&#8220;Estamos muy contentos, es una gesti\u00f3n que realizamos y se hizo realidad. La semana que viene se extender\u00e1 hacia el barrio Ranchos, parte de Colegiales, Reta, Copetonas y Cascallares. Se realizaron m\u00e1s de 1200 encuestas en el operativo del que esperamos los resultados. La informaci\u00f3n servir\u00e1 para el covid, pero tambi\u00e9n para conocer la situaci\u00f3n epidemiol\u00f3gica y social comunitaria de los encuestados. Hubo 60 voluntarios de nuestro espacio pol\u00edtico m\u00e1s los que puso la Municipalidad&#8221;.<\/p>\n\n\n\n<p>AYUDA A ESCUELAS PRIVADAS<\/p>\n\n\n\n<p>&#8220;Avanzamos en que el expediente est\u00e9 en el escritorio de la ministra de educaci\u00f3n para su an\u00e1lisis y estamos abocados a buscar soluciones, ya se trabaja con espacios particulares tratando de generar soluciones y respuestas, pensando en llegar a todas las instituciones de gesti\u00f3n privada con una asistencia masiva, adem\u00e1s de pedir que se incluya en el presupuesto esta asistencia que debe abarcar tambi\u00e9n en el 2021&#8221;.<\/p>\n\n\n\n<p><strong>SEGURIDAD<\/strong><\/p>\n\n\n\n<p>&#8220;Nos reunimos con el ministro Berni y trabajamos sobre el Operativo Sol, la necesidad de patrulleros y la pol\u00edtica de seguridad distrital , as\u00ed tambi\u00e9n con quien asumir\u00e1 como secretario de H\u00e1bitat de la Naci\u00f3n, Santiago Maggiotti, asi que ni bien asuma lo visitaremos porque el tema viviendas es muy importante para la ciudad&#8221;.<\/p>\n\n\n\n<p><\/p>\n\n\n\n<figure class=\"wp-block-audio\"><audio controls src=\"https:\/\/ondauno.com.ar\/wp-content\/uploads\/2020\/11\/media.io_WhatsApp-Audio-2020-11-13-at-10.12.46.mp3\"><\/audio><\/figure>\n","protected":false},"excerpt":{"rendered":"<p>Pablo Garate diputado provincial del Frente de Todos habl\u00f3 en Cosas que Pasan sobre la reuni\u00f3n con el ministro de Obras P\u00fablicas, Gabriel Katopodis. El legislador mencion\u00f3 que conversaron sobre las obras por venir en Tres Arroyos como las cloacas, el cord\u00f3n cuneta, de desag\u00fces y sobre la necesidad de obras prioritarias para el distrito. [&hellip;]<\/p>\n","protected":false},"author":2,"featured_media":19129,"comment_status":"open","ping_status":"open","sticky":false,"template":"","format":"standard","meta":{"tdm_status":"","tdm_grid_status":"","_jetpack_memberships_contains_paid_content":false,"footnotes":"","jetpack_publicize_message":"","jetpack_publicize_feature_enabled":true,"jetpack_social_post_already_shared":false,"jetpack_social_options":{"image_generator_settings":{"template":"highway","default_image_id":0,"font":"","enabled":false},"version":2}},"categories":[2],"tags":[],"class_list":{"0":"post-19102","1":"post","2":"type-post","3":"status-publish","4":"format-standard","5":"has-post-thumbnail","7":"category-locales"},"yoast_head":"<!-- This site is optimized with the Yoast SEO plugin v22.7 - https:\/\/yoast.com\/wordpress\/plugins\/seo\/ -->\n<title>&quot;En los cinco mandatos que lleva el intendente no se ha invertido en obras con presupuesto propio&quot; - 103.9 fm<\/title>\n<meta name=\"robots\" content=\"index, follow, max-snippet:-1, max-image-preview:large, max-video-preview:-1\" \/>\n<link rel=\"canonical\" href=\"https:\/\/ondauno.com.ar\/index.php\/2020\/11\/13\/en-los-cinco-mandatos-que-lleva-el-intendente-no-se-ha-invertido-en-obras-con-presupuesto-propio\/\" \/>\n<meta property=\"og:locale\" content=\"es_ES\" \/>\n<meta property=\"og:type\" content=\"article\" \/>\n<meta property=\"og:title\" content=\"&quot;En los cinco mandatos que lleva el intendente no se ha invertido en obras con presupuesto propio&quot; - 103.9 fm\" \/>\n<meta property=\"og:description\" content=\"Pablo Garate diputado provincial del Frente de Todos habl\u00f3 en Cosas que Pasan sobre la reuni\u00f3n con el ministro de Obras P\u00fablicas, Gabriel Katopodis. El legislador mencion\u00f3 que conversaron sobre las obras por venir en Tres Arroyos como las cloacas, el cord\u00f3n cuneta, de desag\u00fces y sobre la necesidad de obras prioritarias para el distrito. [&hellip;]\" \/>\n<meta property=\"og:url\" content=\"https:\/\/ondauno.com.ar\/index.php\/2020\/11\/13\/en-los-cinco-mandatos-que-lleva-el-intendente-no-se-ha-invertido-en-obras-con-presupuesto-propio\/\" \/>\n<meta property=\"og:site_name\" content=\"103.9 fm\" \/>\n<meta property=\"article:publisher\" content=\"https:\/\/www.facebook.com\/ondauno103.9\" \/>\n<meta property=\"article:published_time\" content=\"2020-11-14T01:04:29+00:00\" \/>\n<meta property=\"article:modified_time\" content=\"2020-11-14T01:30:31+00:00\" \/>\n<meta property=\"og:image\" content=\"https:\/\/ondauno.com.ar\/wp-content\/uploads\/2020\/11\/WhatsApp-Image-2020-11-12-at-14.37.15.jpeg\" \/>\n\t<meta property=\"og:image:width\" content=\"1280\" \/>\n\t<meta property=\"og:image:height\" content=\"960\" \/>\n\t<meta property=\"og:image:type\" content=\"image\/jpeg\" \/>\n<meta name=\"author\" content=\"fernando garcia\" \/>\n<meta name=\"twitter:card\" content=\"summary_large_image\" \/>\n<meta name=\"twitter:label1\" content=\"Escrito por\" \/>\n\t<meta name=\"twitter:data1\" content=\"fernando garcia\" \/>\n\t<meta name=\"twitter:label2\" content=\"Tiempo de lectura\" \/>\n\t<meta name=\"twitter:data2\" content=\"2 minutos\" \/>\n<script type=\"application\/ld+json\" class=\"yoast-schema-graph\">{\"@context\":\"https:\/\/schema.org\",\"@graph\":[{\"@type\":\"WebPage\",\"@id\":\"https:\/\/ondauno.com.ar\/index.php\/2020\/11\/13\/en-los-cinco-mandatos-que-lleva-el-intendente-no-se-ha-invertido-en-obras-con-presupuesto-propio\/\",\"url\":\"https:\/\/ondauno.com.ar\/index.php\/2020\/11\/13\/en-los-cinco-mandatos-que-lleva-el-intendente-no-se-ha-invertido-en-obras-con-presupuesto-propio\/\",\"name\":\"\\\"En los cinco mandatos que lleva el intendente no se ha invertido en obras con presupuesto propio\\\" - 103.9 fm\",\"isPartOf\":{\"@id\":\"https:\/\/ondauno.com.ar\/#website\"},\"primaryImageOfPage\":{\"@id\":\"https:\/\/ondauno.com.ar\/index.php\/2020\/11\/13\/en-los-cinco-mandatos-que-lleva-el-intendente-no-se-ha-invertido-en-obras-con-presupuesto-propio\/#primaryimage\"},\"image\":{\"@id\":\"https:\/\/ondauno.com.ar\/index.php\/2020\/11\/13\/en-los-cinco-mandatos-que-lleva-el-intendente-no-se-ha-invertido-en-obras-con-presupuesto-propio\/#primaryimage\"},\"thumbnailUrl\":\"https:\/\/ondauno.com.ar\/wp-content\/uploads\/2020\/11\/WhatsApp-Image-2020-11-12-at-14.37.15.jpeg\",\"datePublished\":\"2020-11-14T01:04:29+00:00\",\"dateModified\":\"2020-11-14T01:30:31+00:00\",\"author\":{\"@id\":\"https:\/\/ondauno.com.ar\/#\/schema\/person\/201d1b68e6c75e0fd396fe5f8af5d139\"},\"breadcrumb\":{\"@id\":\"https:\/\/ondauno.com.ar\/index.php\/2020\/11\/13\/en-los-cinco-mandatos-que-lleva-el-intendente-no-se-ha-invertido-en-obras-con-presupuesto-propio\/#breadcrumb\"},\"inLanguage\":\"es-AR\",\"potentialAction\":[{\"@type\":\"ReadAction\",\"target\":[\"https:\/\/ondauno.com.ar\/index.php\/2020\/11\/13\/en-los-cinco-mandatos-que-lleva-el-intendente-no-se-ha-invertido-en-obras-con-presupuesto-propio\/\"]}]},{\"@type\":\"ImageObject\",\"inLanguage\":\"es-AR\",\"@id\":\"https:\/\/ondauno.com.ar\/index.php\/2020\/11\/13\/en-los-cinco-mandatos-que-lleva-el-intendente-no-se-ha-invertido-en-obras-con-presupuesto-propio\/#primaryimage\",\"url\":\"https:\/\/ondauno.com.ar\/wp-content\/uploads\/2020\/11\/WhatsApp-Image-2020-11-12-at-14.37.15.jpeg\",\"contentUrl\":\"https:\/\/ondauno.com.ar\/wp-content\/uploads\/2020\/11\/WhatsApp-Image-2020-11-12-at-14.37.15.jpeg\",\"width\":1280,\"height\":960},{\"@type\":\"BreadcrumbList\",\"@id\":\"https:\/\/ondauno.com.ar\/index.php\/2020\/11\/13\/en-los-cinco-mandatos-que-lleva-el-intendente-no-se-ha-invertido-en-obras-con-presupuesto-propio\/#breadcrumb\",\"itemListElement\":[{\"@type\":\"ListItem\",\"position\":1,\"name\":\"Inicio\",\"item\":\"https:\/\/ondauno.com.ar\/\"},{\"@type\":\"ListItem\",\"position\":2,\"name\":\"&#8220;En los cinco mandatos que lleva el intendente no se ha invertido en obras con presupuesto propio&#8221;\"}]},{\"@type\":\"WebSite\",\"@id\":\"https:\/\/ondauno.com.ar\/#website\",\"url\":\"https:\/\/ondauno.com.ar\/\",\"name\":\"103.9 fm\",\"description\":\"LA PRIMERA RADIO MULTIMEDIA DE TRES ARROYOS\",\"potentialAction\":[{\"@type\":\"SearchAction\",\"target\":{\"@type\":\"EntryPoint\",\"urlTemplate\":\"https:\/\/ondauno.com.ar\/?s={search_term_string}\"},\"query-input\":\"required name=search_term_string\"}],\"inLanguage\":\"es-AR\"},{\"@type\":\"Person\",\"@id\":\"https:\/\/ondauno.com.ar\/#\/schema\/person\/201d1b68e6c75e0fd396fe5f8af5d139\",\"name\":\"fernando garcia\",\"image\":{\"@type\":\"ImageObject\",\"inLanguage\":\"es-AR\",\"@id\":\"https:\/\/ondauno.com.ar\/#\/schema\/person\/image\/\",\"url\":\"https:\/\/secure.gravatar.com\/avatar\/5f7254642ad81272e79a2e69653cfdfc?s=96&d=mm&r=g\",\"contentUrl\":\"https:\/\/secure.gravatar.com\/avatar\/5f7254642ad81272e79a2e69653cfdfc?s=96&d=mm&r=g\",\"caption\":\"fernando garcia\"},\"url\":\"https:\/\/ondauno.com.ar\/index.php\/author\/ondaunoeditor\/\"}]}<\/script>\n<!-- \/ Yoast SEO plugin. -->","yoast_head_json":{"title":"\"En los cinco mandatos que lleva el intendente no se ha invertido en obras con presupuesto propio\" - 103.9 fm","robots":{"index":"index","follow":"follow","max-snippet":"max-snippet:-1","max-image-preview":"max-image-preview:large","max-video-preview":"max-video-preview:-1"},"canonical":"https:\/\/ondauno.com.ar\/index.php\/2020\/11\/13\/en-los-cinco-mandatos-que-lleva-el-intendente-no-se-ha-invertido-en-obras-con-presupuesto-propio\/","og_locale":"es_ES","og_type":"article","og_title":"\"En los cinco mandatos que lleva el intendente no se ha invertido en obras con presupuesto propio\" - 103.9 fm","og_description":"Pablo Garate diputado provincial del Frente de Todos habl\u00f3 en Cosas que Pasan sobre la reuni\u00f3n con el ministro de Obras P\u00fablicas, Gabriel Katopodis. El legislador mencion\u00f3 que conversaron sobre las obras por venir en Tres Arroyos como las cloacas, el cord\u00f3n cuneta, de desag\u00fces y sobre la necesidad de obras prioritarias para el distrito. [&hellip;]","og_url":"https:\/\/ondauno.com.ar\/index.php\/2020\/11\/13\/en-los-cinco-mandatos-que-lleva-el-intendente-no-se-ha-invertido-en-obras-con-presupuesto-propio\/","og_site_name":"103.9 fm","article_publisher":"https:\/\/www.facebook.com\/ondauno103.9","article_published_time":"2020-11-14T01:04:29+00:00","article_modified_time":"2020-11-14T01:30:31+00:00","og_image":[{"width":1280,"height":960,"url":"https:\/\/ondauno.com.ar\/wp-content\/uploads\/2020\/11\/WhatsApp-Image-2020-11-12-at-14.37.15.jpeg","type":"image\/jpeg"}],"author":"fernando garcia","twitter_card":"summary_large_image","twitter_misc":{"Escrito por":"fernando garcia","Tiempo de lectura":"2 minutos"},"schema":{"@context":"https:\/\/schema.org","@graph":[{"@type":"WebPage","@id":"https:\/\/ondauno.com.ar\/index.php\/2020\/11\/13\/en-los-cinco-mandatos-que-lleva-el-intendente-no-se-ha-invertido-en-obras-con-presupuesto-propio\/","url":"https:\/\/ondauno.com.ar\/index.php\/2020\/11\/13\/en-los-cinco-mandatos-que-lleva-el-intendente-no-se-ha-invertido-en-obras-con-presupuesto-propio\/","name":"\"En los cinco mandatos que lleva el intendente no se ha invertido en obras con presupuesto propio\" - 103.9 fm","isPartOf":{"@id":"https:\/\/ondauno.com.ar\/#website"},"primaryImageOfPage":{"@id":"https:\/\/ondauno.com.ar\/index.php\/2020\/11\/13\/en-los-cinco-mandatos-que-lleva-el-intendente-no-se-ha-invertido-en-obras-con-presupuesto-propio\/#primaryimage"},"image":{"@id":"https:\/\/ondauno.com.ar\/index.php\/2020\/11\/13\/en-los-cinco-mandatos-que-lleva-el-intendente-no-se-ha-invertido-en-obras-con-presupuesto-propio\/#primaryimage"},"thumbnailUrl":"https:\/\/ondauno.com.ar\/wp-content\/uploads\/2020\/11\/WhatsApp-Image-2020-11-12-at-14.37.15.jpeg","datePublished":"2020-11-14T01:04:29+00:00","dateModified":"2020-11-14T01:30:31+00:00","author":{"@id":"https:\/\/ondauno.com.ar\/#\/schema\/person\/201d1b68e6c75e0fd396fe5f8af5d139"},"breadcrumb":{"@id":"https:\/\/ondauno.com.ar\/index.php\/2020\/11\/13\/en-los-cinco-mandatos-que-lleva-el-intendente-no-se-ha-invertido-en-obras-con-presupuesto-propio\/#breadcrumb"},"inLanguage":"es-AR","potentialAction":[{"@type":"ReadAction","target":["https:\/\/ondauno.com.ar\/index.php\/2020\/11\/13\/en-los-cinco-mandatos-que-lleva-el-intendente-no-se-ha-invertido-en-obras-con-presupuesto-propio\/"]}]},{"@type":"ImageObject","inLanguage":"es-AR","@id":"https:\/\/ondauno.com.ar\/index.php\/2020\/11\/13\/en-los-cinco-mandatos-que-lleva-el-intendente-no-se-ha-invertido-en-obras-con-presupuesto-propio\/#primaryimage","url":"https:\/\/ondauno.com.ar\/wp-content\/uploads\/2020\/11\/WhatsApp-Image-2020-11-12-at-14.37.15.jpeg","contentUrl":"https:\/\/ondauno.com.ar\/wp-content\/uploads\/2020\/11\/WhatsApp-Image-2020-11-12-at-14.37.15.jpeg","width":1280,"height":960},{"@type":"BreadcrumbList","@id":"https:\/\/ondauno.com.ar\/index.php\/2020\/11\/13\/en-los-cinco-mandatos-que-lleva-el-intendente-no-se-ha-invertido-en-obras-con-presupuesto-propio\/#breadcrumb","itemListElement":[{"@type":"ListItem","position":1,"name":"Inicio","item":"https:\/\/ondauno.com.ar\/"},{"@type":"ListItem","position":2,"name":"&#8220;En los cinco mandatos que lleva el intendente no se ha invertido en obras con presupuesto propio&#8221;"}]},{"@type":"WebSite","@id":"https:\/\/ondauno.com.ar\/#website","url":"https:\/\/ondauno.com.ar\/","name":"103.9 fm","description":"LA PRIMERA RADIO MULTIMEDIA DE TRES ARROYOS","potentialAction":[{"@type":"SearchAction","target":{"@type":"EntryPoint","urlTemplate":"https:\/\/ondauno.com.ar\/?s={search_term_string}"},"query-input":"required name=search_term_string"}],"inLanguage":"es-AR"},{"@type":"Person","@id":"https:\/\/ondauno.com.ar\/#\/schema\/person\/201d1b68e6c75e0fd396fe5f8af5d139","name":"fernando garcia","image":{"@type":"ImageObject","inLanguage":"es-AR","@id":"https:\/\/ondauno.com.ar\/#\/schema\/person\/image\/","url":"https:\/\/secure.gravatar.com\/avatar\/5f7254642ad81272e79a2e69653cfdfc?s=96&d=mm&r=g","contentUrl":"https:\/\/secure.gravatar.com\/avatar\/5f7254642ad81272e79a2e69653cfdfc?s=96&d=mm&r=g","caption":"fernando garcia"},"url":"https:\/\/ondauno.com.ar\/index.php\/author\/ondaunoeditor\/"}]}},"jetpack_publicize_connections":[],"jetpack_featured_media_url":"https:\/\/ondauno.com.ar\/wp-content\/uploads\/2020\/11\/WhatsApp-Image-2020-11-12-at-14.37.15.jpeg","jetpack_sharing_enabled":true,"_links":{"self":[{"href":"https:\/\/ondauno.com.ar\/index.php\/wp-json\/wp\/v2\/posts\/19102","targetHints":{"allow":["GET"]}}],"collection":[{"href":"https:\/\/ondauno.com.ar\/index.php\/wp-json\/wp\/v2\/posts"}],"about":[{"href":"https:\/\/ondauno.com.ar\/index.php\/wp-json\/wp\/v2\/types\/post"}],"author":[{"embeddable":true,"href":"https:\/\/ondauno.com.ar\/index.php\/wp-json\/wp\/v2\/users\/2"}],"replies":[{"embeddable":true,"href":"https:\/\/ondauno.com.ar\/index.php\/wp-json\/wp\/v2\/comments?post=19102"}],"version-history":[{"count":0,"href":"https:\/\/ondauno.com.ar\/index.php\/wp-json\/wp\/v2\/posts\/19102\/revisions"}],"wp:featuredmedia":[{"embeddable":true,"href":"https:\/\/ondauno.com.ar\/index.php\/wp-json\/wp\/v2\/media\/19129"}],"wp:attachment":[{"href":"https:\/\/ondauno.com.ar\/index.php\/wp-json\/wp\/v2\/media?parent=19102"}],"wp:term":[{"taxonomy":"category","embeddable":true,"href":"https:\/\/ondauno.com.ar\/index.php\/wp-json\/wp\/v2\/categories?post=19102"},{"taxonomy":"post_tag","embeddable":true,"href":"https:\/\/ondauno.com.ar\/index.php\/wp-json\/wp\/v2\/tags?post=19102"}],"curies":[{"name":"wp","href":"https:\/\/api.w.org\/{rel}","templated":true}]}}