{"id":17921,"date":"2020-10-21T11:23:43","date_gmt":"2020-10-21T14:23:43","guid":{"rendered":"http:\/\/ondauno.com.ar\/?p=17921"},"modified":"2020-10-21T11:23:47","modified_gmt":"2020-10-21T14:23:47","slug":"ponen-en-duda-la-calidad-de-los-controles-que-el-municipio-ejecute-durante-el-verano","status":"publish","type":"post","link":"https:\/\/ondauno.com.ar\/index.php\/2020\/10\/21\/ponen-en-duda-la-calidad-de-los-controles-que-el-municipio-ejecute-durante-el-verano\/","title":{"rendered":"Ponen en duda la calidad de los controles que el municipio ejecute durante el verano"},"content":{"rendered":"<div class=\"ondau-before-content_3\" style=\"margin-top: -30px;\" id=\"ondau-2115491668\"><a href=\"https:\/\/www.lps.com.ar\/\" aria-label=\"la-perse2\"><img loading=\"lazy\" decoding=\"async\" src=\"https:\/\/ondauno.com.ar\/wp-content\/uploads\/2021\/10\/la-perse2.jpg\" alt=\"\"  srcset=\"https:\/\/ondauno.com.ar\/wp-content\/uploads\/2021\/10\/la-perse2.jpg 1353w, https:\/\/ondauno.com.ar\/wp-content\/uploads\/2021\/10\/la-perse2-300x43.jpg 300w, https:\/\/ondauno.com.ar\/wp-content\/uploads\/2021\/10\/la-perse2-1024x148.jpg 1024w, https:\/\/ondauno.com.ar\/wp-content\/uploads\/2021\/10\/la-perse2-768x111.jpg 768w, https:\/\/ondauno.com.ar\/wp-content\/uploads\/2021\/10\/la-perse2-696x100.jpg 696w, https:\/\/ondauno.com.ar\/wp-content\/uploads\/2021\/10\/la-perse2-1068x154.jpg 1068w\" sizes=\"(max-width: 1353px) 100vw, 1353px\" class=\"no-lazyload\" width=\"1353\" height=\"195\"  style=\"display: inline-block;\" \/><\/a><\/div>\n<p>Desde el bloque de Todos la concejal Tatiana Lescano expres\u00f3 sus dudas sobre el nivel de los controles de parte del municipio, despu\u00e9s de lo ocurrido en el transcurso de la cuarentena en los accesos de la ciudad.<\/p>\n\n\n\n<p><br>Tambi\u00e9n se refiri\u00f3 en Cosas que pasan a la discusi\u00f3n sobre el proyecto de presupuesto 2021<\/p>\n\n\n\n<figure class=\"wp-block-embed-facebook wp-block-embed is-type-video is-provider-facebook\"><div class=\"wp-block-embed__wrapper\">\n<div class=\"fb-video\" data-allowfullscreen=\"true\" data-href=\"https:\/\/www.facebook.com\/ondauno103.9\/videos\/2843270146000442\/\" style=\"background-color: #fff; display: inline-block;\"><\/div>\n<\/div><\/figure>\n","protected":false},"excerpt":{"rendered":"<p>Desde el bloque de Todos la concejal Tatiana Lescano expres\u00f3 sus dudas sobre el nivel de los controles de parte del municipio, despu\u00e9s de lo ocurrido en el transcurso de la cuarentena en los accesos de la ciudad. Tambi\u00e9n se refiri\u00f3 en Cosas que pasan a la discusi\u00f3n sobre el proyecto de presupuesto 2021<\/p>\n","protected":false},"author":2,"featured_media":12340,"comment_status":"open","ping_status":"open","sticky":false,"template":"","format":"standard","meta":{"tdm_status":"","tdm_grid_status":"","_jetpack_memberships_contains_paid_content":false,"footnotes":"","jetpack_publicize_message":"","jetpack_publicize_feature_enabled":true,"jetpack_social_post_already_shared":false,"jetpack_social_options":{"image_generator_settings":{"template":"highway","default_image_id":0,"font":"","enabled":false},"version":2}},"categories":[2],"tags":[],"class_list":{"0":"post-17921","1":"post","2":"type-post","3":"status-publish","4":"format-standard","5":"has-post-thumbnail","7":"category-locales"},"yoast_head":"<!-- This site is optimized with the Yoast SEO plugin v22.7 - https:\/\/yoast.com\/wordpress\/plugins\/seo\/ -->\n<title>Ponen en duda la calidad de los controles que el municipio ejecute durante el verano - 103.9 fm<\/title>\n<meta name=\"robots\" content=\"index, follow, max-snippet:-1, max-image-preview:large, max-video-preview:-1\" \/>\n<link rel=\"canonical\" href=\"https:\/\/ondauno.com.ar\/index.php\/2020\/10\/21\/ponen-en-duda-la-calidad-de-los-controles-que-el-municipio-ejecute-durante-el-verano\/\" \/>\n<meta property=\"og:locale\" content=\"es_ES\" \/>\n<meta property=\"og:type\" content=\"article\" \/>\n<meta property=\"og:title\" content=\"Ponen en duda la calidad de los controles que el municipio ejecute durante el verano - 103.9 fm\" \/>\n<meta property=\"og:description\" content=\"Desde el bloque de Todos la concejal Tatiana Lescano expres\u00f3 sus dudas sobre el nivel de los controles de parte del municipio, despu\u00e9s de lo ocurrido en el transcurso de la cuarentena en los accesos de la ciudad. Tambi\u00e9n se refiri\u00f3 en Cosas que pasan a la discusi\u00f3n sobre el proyecto de presupuesto 2021\" \/>\n<meta property=\"og:url\" content=\"https:\/\/ondauno.com.ar\/index.php\/2020\/10\/21\/ponen-en-duda-la-calidad-de-los-controles-que-el-municipio-ejecute-durante-el-verano\/\" \/>\n<meta property=\"og:site_name\" content=\"103.9 fm\" \/>\n<meta property=\"article:publisher\" content=\"https:\/\/www.facebook.com\/ondauno103.9\" \/>\n<meta property=\"article:published_time\" content=\"2020-10-21T14:23:43+00:00\" \/>\n<meta property=\"article:modified_time\" content=\"2020-10-21T14:23:47+00:00\" \/>\n<meta property=\"og:image\" content=\"https:\/\/ondauno.com.ar\/wp-content\/uploads\/2020\/07\/lvp.tatiana-lescano.jpg\" \/>\n\t<meta property=\"og:image:width\" content=\"778\" \/>\n\t<meta property=\"og:image:height\" content=\"768\" \/>\n\t<meta property=\"og:image:type\" content=\"image\/jpeg\" \/>\n<meta name=\"author\" content=\"fernando garcia\" \/>\n<meta name=\"twitter:card\" content=\"summary_large_image\" \/>\n<meta name=\"twitter:label1\" content=\"Escrito por\" \/>\n\t<meta name=\"twitter:data1\" content=\"fernando garcia\" \/>\n<script type=\"application\/ld+json\" class=\"yoast-schema-graph\">{\"@context\":\"https:\/\/schema.org\",\"@graph\":[{\"@type\":\"WebPage\",\"@id\":\"https:\/\/ondauno.com.ar\/index.php\/2020\/10\/21\/ponen-en-duda-la-calidad-de-los-controles-que-el-municipio-ejecute-durante-el-verano\/\",\"url\":\"https:\/\/ondauno.com.ar\/index.php\/2020\/10\/21\/ponen-en-duda-la-calidad-de-los-controles-que-el-municipio-ejecute-durante-el-verano\/\",\"name\":\"Ponen en duda la calidad de los controles que el municipio ejecute durante el verano - 103.9 fm\",\"isPartOf\":{\"@id\":\"https:\/\/ondauno.com.ar\/#website\"},\"primaryImageOfPage\":{\"@id\":\"https:\/\/ondauno.com.ar\/index.php\/2020\/10\/21\/ponen-en-duda-la-calidad-de-los-controles-que-el-municipio-ejecute-durante-el-verano\/#primaryimage\"},\"image\":{\"@id\":\"https:\/\/ondauno.com.ar\/index.php\/2020\/10\/21\/ponen-en-duda-la-calidad-de-los-controles-que-el-municipio-ejecute-durante-el-verano\/#primaryimage\"},\"thumbnailUrl\":\"https:\/\/ondauno.com.ar\/wp-content\/uploads\/2020\/07\/lvp.tatiana-lescano.jpg\",\"datePublished\":\"2020-10-21T14:23:43+00:00\",\"dateModified\":\"2020-10-21T14:23:47+00:00\",\"author\":{\"@id\":\"https:\/\/ondauno.com.ar\/#\/schema\/person\/201d1b68e6c75e0fd396fe5f8af5d139\"},\"breadcrumb\":{\"@id\":\"https:\/\/ondauno.com.ar\/index.php\/2020\/10\/21\/ponen-en-duda-la-calidad-de-los-controles-que-el-municipio-ejecute-durante-el-verano\/#breadcrumb\"},\"inLanguage\":\"es-AR\",\"potentialAction\":[{\"@type\":\"ReadAction\",\"target\":[\"https:\/\/ondauno.com.ar\/index.php\/2020\/10\/21\/ponen-en-duda-la-calidad-de-los-controles-que-el-municipio-ejecute-durante-el-verano\/\"]}]},{\"@type\":\"ImageObject\",\"inLanguage\":\"es-AR\",\"@id\":\"https:\/\/ondauno.com.ar\/index.php\/2020\/10\/21\/ponen-en-duda-la-calidad-de-los-controles-que-el-municipio-ejecute-durante-el-verano\/#primaryimage\",\"url\":\"https:\/\/ondauno.com.ar\/wp-content\/uploads\/2020\/07\/lvp.tatiana-lescano.jpg\",\"contentUrl\":\"https:\/\/ondauno.com.ar\/wp-content\/uploads\/2020\/07\/lvp.tatiana-lescano.jpg\",\"width\":778,\"height\":768},{\"@type\":\"BreadcrumbList\",\"@id\":\"https:\/\/ondauno.com.ar\/index.php\/2020\/10\/21\/ponen-en-duda-la-calidad-de-los-controles-que-el-municipio-ejecute-durante-el-verano\/#breadcrumb\",\"itemListElement\":[{\"@type\":\"ListItem\",\"position\":1,\"name\":\"Inicio\",\"item\":\"https:\/\/ondauno.com.ar\/\"},{\"@type\":\"ListItem\",\"position\":2,\"name\":\"Ponen en duda la calidad de los controles que el municipio ejecute durante el verano\"}]},{\"@type\":\"WebSite\",\"@id\":\"https:\/\/ondauno.com.ar\/#website\",\"url\":\"https:\/\/ondauno.com.ar\/\",\"name\":\"103.9 fm\",\"description\":\"LA PRIMERA RADIO MULTIMEDIA DE TRES ARROYOS\",\"potentialAction\":[{\"@type\":\"SearchAction\",\"target\":{\"@type\":\"EntryPoint\",\"urlTemplate\":\"https:\/\/ondauno.com.ar\/?s={search_term_string}\"},\"query-input\":\"required name=search_term_string\"}],\"inLanguage\":\"es-AR\"},{\"@type\":\"Person\",\"@id\":\"https:\/\/ondauno.com.ar\/#\/schema\/person\/201d1b68e6c75e0fd396fe5f8af5d139\",\"name\":\"fernando garcia\",\"image\":{\"@type\":\"ImageObject\",\"inLanguage\":\"es-AR\",\"@id\":\"https:\/\/ondauno.com.ar\/#\/schema\/person\/image\/\",\"url\":\"https:\/\/secure.gravatar.com\/avatar\/5f7254642ad81272e79a2e69653cfdfc?s=96&d=mm&r=g\",\"contentUrl\":\"https:\/\/secure.gravatar.com\/avatar\/5f7254642ad81272e79a2e69653cfdfc?s=96&d=mm&r=g\",\"caption\":\"fernando garcia\"},\"url\":\"https:\/\/ondauno.com.ar\/index.php\/author\/ondaunoeditor\/\"}]}<\/script>\n<!-- \/ Yoast SEO plugin. -->","yoast_head_json":{"title":"Ponen en duda la calidad de los controles que el municipio ejecute durante el verano - 103.9 fm","robots":{"index":"index","follow":"follow","max-snippet":"max-snippet:-1","max-image-preview":"max-image-preview:large","max-video-preview":"max-video-preview:-1"},"canonical":"https:\/\/ondauno.com.ar\/index.php\/2020\/10\/21\/ponen-en-duda-la-calidad-de-los-controles-que-el-municipio-ejecute-durante-el-verano\/","og_locale":"es_ES","og_type":"article","og_title":"Ponen en duda la calidad de los controles que el municipio ejecute durante el verano - 103.9 fm","og_description":"Desde el bloque de Todos la concejal Tatiana Lescano expres\u00f3 sus dudas sobre el nivel de los controles de parte del municipio, despu\u00e9s de lo ocurrido en el transcurso de la cuarentena en los accesos de la ciudad. Tambi\u00e9n se refiri\u00f3 en Cosas que pasan a la discusi\u00f3n sobre el proyecto de presupuesto 2021","og_url":"https:\/\/ondauno.com.ar\/index.php\/2020\/10\/21\/ponen-en-duda-la-calidad-de-los-controles-que-el-municipio-ejecute-durante-el-verano\/","og_site_name":"103.9 fm","article_publisher":"https:\/\/www.facebook.com\/ondauno103.9","article_published_time":"2020-10-21T14:23:43+00:00","article_modified_time":"2020-10-21T14:23:47+00:00","og_image":[{"width":778,"height":768,"url":"https:\/\/ondauno.com.ar\/wp-content\/uploads\/2020\/07\/lvp.tatiana-lescano.jpg","type":"image\/jpeg"}],"author":"fernando garcia","twitter_card":"summary_large_image","twitter_misc":{"Escrito por":"fernando garcia"},"schema":{"@context":"https:\/\/schema.org","@graph":[{"@type":"WebPage","@id":"https:\/\/ondauno.com.ar\/index.php\/2020\/10\/21\/ponen-en-duda-la-calidad-de-los-controles-que-el-municipio-ejecute-durante-el-verano\/","url":"https:\/\/ondauno.com.ar\/index.php\/2020\/10\/21\/ponen-en-duda-la-calidad-de-los-controles-que-el-municipio-ejecute-durante-el-verano\/","name":"Ponen en duda la calidad de los controles que el municipio ejecute durante el verano - 103.9 fm","isPartOf":{"@id":"https:\/\/ondauno.com.ar\/#website"},"primaryImageOfPage":{"@id":"https:\/\/ondauno.com.ar\/index.php\/2020\/10\/21\/ponen-en-duda-la-calidad-de-los-controles-que-el-municipio-ejecute-durante-el-verano\/#primaryimage"},"image":{"@id":"https:\/\/ondauno.com.ar\/index.php\/2020\/10\/21\/ponen-en-duda-la-calidad-de-los-controles-que-el-municipio-ejecute-durante-el-verano\/#primaryimage"},"thumbnailUrl":"https:\/\/ondauno.com.ar\/wp-content\/uploads\/2020\/07\/lvp.tatiana-lescano.jpg","datePublished":"2020-10-21T14:23:43+00:00","dateModified":"2020-10-21T14:23:47+00:00","author":{"@id":"https:\/\/ondauno.com.ar\/#\/schema\/person\/201d1b68e6c75e0fd396fe5f8af5d139"},"breadcrumb":{"@id":"https:\/\/ondauno.com.ar\/index.php\/2020\/10\/21\/ponen-en-duda-la-calidad-de-los-controles-que-el-municipio-ejecute-durante-el-verano\/#breadcrumb"},"inLanguage":"es-AR","potentialAction":[{"@type":"ReadAction","target":["https:\/\/ondauno.com.ar\/index.php\/2020\/10\/21\/ponen-en-duda-la-calidad-de-los-controles-que-el-municipio-ejecute-durante-el-verano\/"]}]},{"@type":"ImageObject","inLanguage":"es-AR","@id":"https:\/\/ondauno.com.ar\/index.php\/2020\/10\/21\/ponen-en-duda-la-calidad-de-los-controles-que-el-municipio-ejecute-durante-el-verano\/#primaryimage","url":"https:\/\/ondauno.com.ar\/wp-content\/uploads\/2020\/07\/lvp.tatiana-lescano.jpg","contentUrl":"https:\/\/ondauno.com.ar\/wp-content\/uploads\/2020\/07\/lvp.tatiana-lescano.jpg","width":778,"height":768},{"@type":"BreadcrumbList","@id":"https:\/\/ondauno.com.ar\/index.php\/2020\/10\/21\/ponen-en-duda-la-calidad-de-los-controles-que-el-municipio-ejecute-durante-el-verano\/#breadcrumb","itemListElement":[{"@type":"ListItem","position":1,"name":"Inicio","item":"https:\/\/ondauno.com.ar\/"},{"@type":"ListItem","position":2,"name":"Ponen en duda la calidad de los controles que el municipio ejecute durante el verano"}]},{"@type":"WebSite","@id":"https:\/\/ondauno.com.ar\/#website","url":"https:\/\/ondauno.com.ar\/","name":"103.9 fm","description":"LA PRIMERA RADIO MULTIMEDIA DE TRES ARROYOS","potentialAction":[{"@type":"SearchAction","target":{"@type":"EntryPoint","urlTemplate":"https:\/\/ondauno.com.ar\/?s={search_term_string}"},"query-input":"required name=search_term_string"}],"inLanguage":"es-AR"},{"@type":"Person","@id":"https:\/\/ondauno.com.ar\/#\/schema\/person\/201d1b68e6c75e0fd396fe5f8af5d139","name":"fernando garcia","image":{"@type":"ImageObject","inLanguage":"es-AR","@id":"https:\/\/ondauno.com.ar\/#\/schema\/person\/image\/","url":"https:\/\/secure.gravatar.com\/avatar\/5f7254642ad81272e79a2e69653cfdfc?s=96&d=mm&r=g","contentUrl":"https:\/\/secure.gravatar.com\/avatar\/5f7254642ad81272e79a2e69653cfdfc?s=96&d=mm&r=g","caption":"fernando garcia"},"url":"https:\/\/ondauno.com.ar\/index.php\/author\/ondaunoeditor\/"}]}},"jetpack_publicize_connections":[],"jetpack_featured_media_url":"https:\/\/ondauno.com.ar\/wp-content\/uploads\/2020\/07\/lvp.tatiana-lescano.jpg","jetpack_sharing_enabled":true,"_links":{"self":[{"href":"https:\/\/ondauno.com.ar\/index.php\/wp-json\/wp\/v2\/posts\/17921","targetHints":{"allow":["GET"]}}],"collection":[{"href":"https:\/\/ondauno.com.ar\/index.php\/wp-json\/wp\/v2\/posts"}],"about":[{"href":"https:\/\/ondauno.com.ar\/index.php\/wp-json\/wp\/v2\/types\/post"}],"author":[{"embeddable":true,"href":"https:\/\/ondauno.com.ar\/index.php\/wp-json\/wp\/v2\/users\/2"}],"replies":[{"embeddable":true,"href":"https:\/\/ondauno.com.ar\/index.php\/wp-json\/wp\/v2\/comments?post=17921"}],"version-history":[{"count":0,"href":"https:\/\/ondauno.com.ar\/index.php\/wp-json\/wp\/v2\/posts\/17921\/revisions"}],"wp:featuredmedia":[{"embeddable":true,"href":"https:\/\/ondauno.com.ar\/index.php\/wp-json\/wp\/v2\/media\/12340"}],"wp:attachment":[{"href":"https:\/\/ondauno.com.ar\/index.php\/wp-json\/wp\/v2\/media?parent=17921"}],"wp:term":[{"taxonomy":"category","embeddable":true,"href":"https:\/\/ondauno.com.ar\/index.php\/wp-json\/wp\/v2\/categories?post=17921"},{"taxonomy":"post_tag","embeddable":true,"href":"https:\/\/ondauno.com.ar\/index.php\/wp-json\/wp\/v2\/tags?post=17921"}],"curies":[{"name":"wp","href":"https:\/\/api.w.org\/{rel}","templated":true}]}}