{"id":17842,"date":"2020-10-19T23:02:44","date_gmt":"2020-10-20T02:02:44","guid":{"rendered":"http:\/\/ondauno.com.ar\/?p=17842"},"modified":"2020-10-19T23:02:47","modified_gmt":"2020-10-20T02:02:47","slug":"negri-pidio-un-acuerdo-federal-para-la-argentina-que-viene","status":"publish","type":"post","link":"https:\/\/ondauno.com.ar\/index.php\/2020\/10\/19\/negri-pidio-un-acuerdo-federal-para-la-argentina-que-viene\/","title":{"rendered":"Negri pidi\u00f3 un \u201cacuerdo federal\u201d   para la Argentina que viene"},"content":{"rendered":"<div class=\"ondau-before-content_3\" style=\"margin-top: -30px;\" id=\"ondau-3119806449\"><a href=\"https:\/\/www.lps.com.ar\/\" aria-label=\"la-perse2\"><img loading=\"lazy\" decoding=\"async\" src=\"https:\/\/ondauno.com.ar\/wp-content\/uploads\/2021\/10\/la-perse2.jpg\" alt=\"\"  srcset=\"https:\/\/ondauno.com.ar\/wp-content\/uploads\/2021\/10\/la-perse2.jpg 1353w, https:\/\/ondauno.com.ar\/wp-content\/uploads\/2021\/10\/la-perse2-300x43.jpg 300w, https:\/\/ondauno.com.ar\/wp-content\/uploads\/2021\/10\/la-perse2-1024x148.jpg 1024w, https:\/\/ondauno.com.ar\/wp-content\/uploads\/2021\/10\/la-perse2-768x111.jpg 768w, https:\/\/ondauno.com.ar\/wp-content\/uploads\/2021\/10\/la-perse2-696x100.jpg 696w, https:\/\/ondauno.com.ar\/wp-content\/uploads\/2021\/10\/la-perse2-1068x154.jpg 1068w\" sizes=\"(max-width: 1353px) 100vw, 1353px\" class=\"no-lazyload\" width=\"1353\" height=\"195\"  style=\"display: inline-block;\" \/><\/a><\/div>\n<figure class=\"wp-block-embed-youtube wp-block-embed is-type-video is-provider-youtube wp-embed-aspect-16-9 wp-has-aspect-ratio\"><div class=\"wp-block-embed__wrapper\">\n<iframe loading=\"lazy\" title=\"Negri pidi\u00f3 un \u201cacuerdo federal\u201d  para la Argentina que viene\" width=\"696\" height=\"392\" data-src=\"https:\/\/www.youtube.com\/embed\/fZGEL35CXhU?feature=oembed&#038;enablejsapi=1\" frameborder=\"0\" allow=\"accelerometer; autoplay; clipboard-write; encrypted-media; gyroscope; picture-in-picture\" allowfullscreen src=\"data:image\/gif;base64,R0lGODlhAQABAAAAACH5BAEKAAEALAAAAAABAAEAAAICTAEAOw==\" class=\"lazyload\" data-load-mode=\"1\"><\/iframe>\n<\/div><\/figure>\n\n\n\n<p>El diputado nacional por la provincia de C\u00f3rdoba, Mario Negri, que preside el bloque de diputados de la Uni\u00f3n C\u00edvica Radical y es titular del interbloque parlamentario Cambiemos, enumer\u00f3 una serie de puntos que considera importantes para el futuro del pa\u00eds que atraviesa una dura crisis econ\u00f3mica, acentuada por los efectos de la pandemia por Covid-19.<\/p>\n\n\n\n<p><br>En el marco de una videoconferencia con periodistas de la Sexta Secci\u00f3n electoral, de la que particip\u00f3 \u2018Cosas que pasan\u2019 (Onda Uno);  inst\u00f3 al gobierno nacional a \u201cbuscar acuerdos\u201d con sus adversarios pol\u00edticos por la \u201cproducci\u00f3n y el empleo\u201d; y que la conducci\u00f3n del Presidente Alberto Fern\u00e1ndez \u201crecupere la confianza y la credibilidad\u201d.<\/p>\n\n\n\n<p><br>Tambi\u00e9n llam\u00f3 a la actual administraci\u00f3n a \u201cdesideologizar a la pol\u00edtica exterior y a mirar al mundo de otra manera\u201d.<\/p>\n\n\n\n<p><br>Asimismo, en cuanto a la vigencia de la cuarentena, pidi\u00f3: \u201cdejemos de ir a jugar a la quiniela a ver cu\u00e1ndo est\u00e1 la vacuna\u201d; expres\u00f3 que ese \u201ces un desaf\u00edo de la ciencia\u201d, y que \u201cmientras tanto tenemos que convivir con el virus\u201d.<\/p>\n\n\n\n<p><br>Reclam\u00f3 adem\u00e1s que el gobierno deber\u00eda \u201caumentar los testeos\u201d.<\/p>\n","protected":false},"excerpt":{"rendered":"<p>El diputado nacional por la provincia de C\u00f3rdoba, Mario Negri, que preside el bloque de diputados de la Uni\u00f3n C\u00edvica Radical y es titular del interbloque parlamentario Cambiemos, enumer\u00f3 una serie de puntos que considera importantes para el futuro del pa\u00eds que atraviesa una dura crisis econ\u00f3mica, acentuada por los efectos de la pandemia por [&hellip;]<\/p>\n","protected":false},"author":2,"featured_media":17843,"comment_status":"open","ping_status":"open","sticky":false,"template":"","format":"standard","meta":{"tdm_status":"","tdm_grid_status":"","_jetpack_memberships_contains_paid_content":false,"footnotes":"","jetpack_publicize_message":"","jetpack_publicize_feature_enabled":true,"jetpack_social_post_already_shared":false,"jetpack_social_options":{"image_generator_settings":{"template":"highway","default_image_id":0,"font":"","enabled":false},"version":2}},"categories":[2],"tags":[],"class_list":{"0":"post-17842","1":"post","2":"type-post","3":"status-publish","4":"format-standard","5":"has-post-thumbnail","7":"category-locales"},"yoast_head":"<!-- This site is optimized with the Yoast SEO plugin v22.7 - https:\/\/yoast.com\/wordpress\/plugins\/seo\/ -->\n<title>Negri pidi\u00f3 un \u201cacuerdo federal\u201d  para la Argentina que viene - 103.9 fm<\/title>\n<meta name=\"robots\" content=\"index, follow, max-snippet:-1, max-image-preview:large, max-video-preview:-1\" \/>\n<link rel=\"canonical\" href=\"https:\/\/ondauno.com.ar\/index.php\/2020\/10\/19\/negri-pidio-un-acuerdo-federal-para-la-argentina-que-viene\/\" \/>\n<meta property=\"og:locale\" content=\"es_ES\" \/>\n<meta property=\"og:type\" content=\"article\" \/>\n<meta property=\"og:title\" content=\"Negri pidi\u00f3 un \u201cacuerdo federal\u201d  para la Argentina que viene - 103.9 fm\" \/>\n<meta property=\"og:description\" content=\"El diputado nacional por la provincia de C\u00f3rdoba, Mario Negri, que preside el bloque de diputados de la Uni\u00f3n C\u00edvica Radical y es titular del interbloque parlamentario Cambiemos, enumer\u00f3 una serie de puntos que considera importantes para el futuro del pa\u00eds que atraviesa una dura crisis econ\u00f3mica, acentuada por los efectos de la pandemia por [&hellip;]\" \/>\n<meta property=\"og:url\" content=\"https:\/\/ondauno.com.ar\/index.php\/2020\/10\/19\/negri-pidio-un-acuerdo-federal-para-la-argentina-que-viene\/\" \/>\n<meta property=\"og:site_name\" content=\"103.9 fm\" \/>\n<meta property=\"article:publisher\" content=\"https:\/\/www.facebook.com\/ondauno103.9\" \/>\n<meta property=\"article:published_time\" content=\"2020-10-20T02:02:44+00:00\" \/>\n<meta property=\"article:modified_time\" content=\"2020-10-20T02:02:47+00:00\" \/>\n<meta property=\"og:image\" content=\"https:\/\/ondauno.com.ar\/wp-content\/uploads\/2020\/10\/club4-1.jpg\" \/>\n\t<meta property=\"og:image:width\" content=\"1059\" \/>\n\t<meta property=\"og:image:height\" content=\"591\" \/>\n\t<meta property=\"og:image:type\" content=\"image\/jpeg\" \/>\n<meta name=\"author\" content=\"fernando garcia\" \/>\n<meta name=\"twitter:card\" content=\"summary_large_image\" \/>\n<meta name=\"twitter:label1\" content=\"Escrito por\" \/>\n\t<meta name=\"twitter:data1\" content=\"fernando garcia\" \/>\n\t<meta name=\"twitter:label2\" content=\"Tiempo de lectura\" \/>\n\t<meta name=\"twitter:data2\" content=\"1 minuto\" \/>\n<script type=\"application\/ld+json\" class=\"yoast-schema-graph\">{\"@context\":\"https:\/\/schema.org\",\"@graph\":[{\"@type\":\"WebPage\",\"@id\":\"https:\/\/ondauno.com.ar\/index.php\/2020\/10\/19\/negri-pidio-un-acuerdo-federal-para-la-argentina-que-viene\/\",\"url\":\"https:\/\/ondauno.com.ar\/index.php\/2020\/10\/19\/negri-pidio-un-acuerdo-federal-para-la-argentina-que-viene\/\",\"name\":\"Negri pidi\u00f3 un \u201cacuerdo federal\u201d para la Argentina que viene - 103.9 fm\",\"isPartOf\":{\"@id\":\"https:\/\/ondauno.com.ar\/#website\"},\"primaryImageOfPage\":{\"@id\":\"https:\/\/ondauno.com.ar\/index.php\/2020\/10\/19\/negri-pidio-un-acuerdo-federal-para-la-argentina-que-viene\/#primaryimage\"},\"image\":{\"@id\":\"https:\/\/ondauno.com.ar\/index.php\/2020\/10\/19\/negri-pidio-un-acuerdo-federal-para-la-argentina-que-viene\/#primaryimage\"},\"thumbnailUrl\":\"https:\/\/ondauno.com.ar\/wp-content\/uploads\/2020\/10\/club4-1.jpg\",\"datePublished\":\"2020-10-20T02:02:44+00:00\",\"dateModified\":\"2020-10-20T02:02:47+00:00\",\"author\":{\"@id\":\"https:\/\/ondauno.com.ar\/#\/schema\/person\/201d1b68e6c75e0fd396fe5f8af5d139\"},\"breadcrumb\":{\"@id\":\"https:\/\/ondauno.com.ar\/index.php\/2020\/10\/19\/negri-pidio-un-acuerdo-federal-para-la-argentina-que-viene\/#breadcrumb\"},\"inLanguage\":\"es-AR\",\"potentialAction\":[{\"@type\":\"ReadAction\",\"target\":[\"https:\/\/ondauno.com.ar\/index.php\/2020\/10\/19\/negri-pidio-un-acuerdo-federal-para-la-argentina-que-viene\/\"]}]},{\"@type\":\"ImageObject\",\"inLanguage\":\"es-AR\",\"@id\":\"https:\/\/ondauno.com.ar\/index.php\/2020\/10\/19\/negri-pidio-un-acuerdo-federal-para-la-argentina-que-viene\/#primaryimage\",\"url\":\"https:\/\/ondauno.com.ar\/wp-content\/uploads\/2020\/10\/club4-1.jpg\",\"contentUrl\":\"https:\/\/ondauno.com.ar\/wp-content\/uploads\/2020\/10\/club4-1.jpg\",\"width\":1059,\"height\":591},{\"@type\":\"BreadcrumbList\",\"@id\":\"https:\/\/ondauno.com.ar\/index.php\/2020\/10\/19\/negri-pidio-un-acuerdo-federal-para-la-argentina-que-viene\/#breadcrumb\",\"itemListElement\":[{\"@type\":\"ListItem\",\"position\":1,\"name\":\"Inicio\",\"item\":\"https:\/\/ondauno.com.ar\/\"},{\"@type\":\"ListItem\",\"position\":2,\"name\":\"Negri pidi\u00f3 un \u201cacuerdo federal\u201d para la Argentina que viene\"}]},{\"@type\":\"WebSite\",\"@id\":\"https:\/\/ondauno.com.ar\/#website\",\"url\":\"https:\/\/ondauno.com.ar\/\",\"name\":\"103.9 fm\",\"description\":\"LA PRIMERA RADIO MULTIMEDIA DE TRES ARROYOS\",\"potentialAction\":[{\"@type\":\"SearchAction\",\"target\":{\"@type\":\"EntryPoint\",\"urlTemplate\":\"https:\/\/ondauno.com.ar\/?s={search_term_string}\"},\"query-input\":\"required name=search_term_string\"}],\"inLanguage\":\"es-AR\"},{\"@type\":\"Person\",\"@id\":\"https:\/\/ondauno.com.ar\/#\/schema\/person\/201d1b68e6c75e0fd396fe5f8af5d139\",\"name\":\"fernando garcia\",\"image\":{\"@type\":\"ImageObject\",\"inLanguage\":\"es-AR\",\"@id\":\"https:\/\/ondauno.com.ar\/#\/schema\/person\/image\/\",\"url\":\"https:\/\/secure.gravatar.com\/avatar\/5f7254642ad81272e79a2e69653cfdfc?s=96&d=mm&r=g\",\"contentUrl\":\"https:\/\/secure.gravatar.com\/avatar\/5f7254642ad81272e79a2e69653cfdfc?s=96&d=mm&r=g\",\"caption\":\"fernando garcia\"},\"url\":\"https:\/\/ondauno.com.ar\/index.php\/author\/ondaunoeditor\/\"}]}<\/script>\n<!-- \/ Yoast SEO plugin. -->","yoast_head_json":{"title":"Negri pidi\u00f3 un \u201cacuerdo federal\u201d  para la Argentina que viene - 103.9 fm","robots":{"index":"index","follow":"follow","max-snippet":"max-snippet:-1","max-image-preview":"max-image-preview:large","max-video-preview":"max-video-preview:-1"},"canonical":"https:\/\/ondauno.com.ar\/index.php\/2020\/10\/19\/negri-pidio-un-acuerdo-federal-para-la-argentina-que-viene\/","og_locale":"es_ES","og_type":"article","og_title":"Negri pidi\u00f3 un \u201cacuerdo federal\u201d  para la Argentina que viene - 103.9 fm","og_description":"El diputado nacional por la provincia de C\u00f3rdoba, Mario Negri, que preside el bloque de diputados de la Uni\u00f3n C\u00edvica Radical y es titular del interbloque parlamentario Cambiemos, enumer\u00f3 una serie de puntos que considera importantes para el futuro del pa\u00eds que atraviesa una dura crisis econ\u00f3mica, acentuada por los efectos de la pandemia por [&hellip;]","og_url":"https:\/\/ondauno.com.ar\/index.php\/2020\/10\/19\/negri-pidio-un-acuerdo-federal-para-la-argentina-que-viene\/","og_site_name":"103.9 fm","article_publisher":"https:\/\/www.facebook.com\/ondauno103.9","article_published_time":"2020-10-20T02:02:44+00:00","article_modified_time":"2020-10-20T02:02:47+00:00","og_image":[{"width":1059,"height":591,"url":"https:\/\/ondauno.com.ar\/wp-content\/uploads\/2020\/10\/club4-1.jpg","type":"image\/jpeg"}],"author":"fernando garcia","twitter_card":"summary_large_image","twitter_misc":{"Escrito por":"fernando garcia","Tiempo de lectura":"1 minuto"},"schema":{"@context":"https:\/\/schema.org","@graph":[{"@type":"WebPage","@id":"https:\/\/ondauno.com.ar\/index.php\/2020\/10\/19\/negri-pidio-un-acuerdo-federal-para-la-argentina-que-viene\/","url":"https:\/\/ondauno.com.ar\/index.php\/2020\/10\/19\/negri-pidio-un-acuerdo-federal-para-la-argentina-que-viene\/","name":"Negri pidi\u00f3 un \u201cacuerdo federal\u201d para la Argentina que viene - 103.9 fm","isPartOf":{"@id":"https:\/\/ondauno.com.ar\/#website"},"primaryImageOfPage":{"@id":"https:\/\/ondauno.com.ar\/index.php\/2020\/10\/19\/negri-pidio-un-acuerdo-federal-para-la-argentina-que-viene\/#primaryimage"},"image":{"@id":"https:\/\/ondauno.com.ar\/index.php\/2020\/10\/19\/negri-pidio-un-acuerdo-federal-para-la-argentina-que-viene\/#primaryimage"},"thumbnailUrl":"https:\/\/ondauno.com.ar\/wp-content\/uploads\/2020\/10\/club4-1.jpg","datePublished":"2020-10-20T02:02:44+00:00","dateModified":"2020-10-20T02:02:47+00:00","author":{"@id":"https:\/\/ondauno.com.ar\/#\/schema\/person\/201d1b68e6c75e0fd396fe5f8af5d139"},"breadcrumb":{"@id":"https:\/\/ondauno.com.ar\/index.php\/2020\/10\/19\/negri-pidio-un-acuerdo-federal-para-la-argentina-que-viene\/#breadcrumb"},"inLanguage":"es-AR","potentialAction":[{"@type":"ReadAction","target":["https:\/\/ondauno.com.ar\/index.php\/2020\/10\/19\/negri-pidio-un-acuerdo-federal-para-la-argentina-que-viene\/"]}]},{"@type":"ImageObject","inLanguage":"es-AR","@id":"https:\/\/ondauno.com.ar\/index.php\/2020\/10\/19\/negri-pidio-un-acuerdo-federal-para-la-argentina-que-viene\/#primaryimage","url":"https:\/\/ondauno.com.ar\/wp-content\/uploads\/2020\/10\/club4-1.jpg","contentUrl":"https:\/\/ondauno.com.ar\/wp-content\/uploads\/2020\/10\/club4-1.jpg","width":1059,"height":591},{"@type":"BreadcrumbList","@id":"https:\/\/ondauno.com.ar\/index.php\/2020\/10\/19\/negri-pidio-un-acuerdo-federal-para-la-argentina-que-viene\/#breadcrumb","itemListElement":[{"@type":"ListItem","position":1,"name":"Inicio","item":"https:\/\/ondauno.com.ar\/"},{"@type":"ListItem","position":2,"name":"Negri pidi\u00f3 un \u201cacuerdo federal\u201d para la Argentina que viene"}]},{"@type":"WebSite","@id":"https:\/\/ondauno.com.ar\/#website","url":"https:\/\/ondauno.com.ar\/","name":"103.9 fm","description":"LA PRIMERA RADIO MULTIMEDIA DE TRES ARROYOS","potentialAction":[{"@type":"SearchAction","target":{"@type":"EntryPoint","urlTemplate":"https:\/\/ondauno.com.ar\/?s={search_term_string}"},"query-input":"required name=search_term_string"}],"inLanguage":"es-AR"},{"@type":"Person","@id":"https:\/\/ondauno.com.ar\/#\/schema\/person\/201d1b68e6c75e0fd396fe5f8af5d139","name":"fernando garcia","image":{"@type":"ImageObject","inLanguage":"es-AR","@id":"https:\/\/ondauno.com.ar\/#\/schema\/person\/image\/","url":"https:\/\/secure.gravatar.com\/avatar\/5f7254642ad81272e79a2e69653cfdfc?s=96&d=mm&r=g","contentUrl":"https:\/\/secure.gravatar.com\/avatar\/5f7254642ad81272e79a2e69653cfdfc?s=96&d=mm&r=g","caption":"fernando garcia"},"url":"https:\/\/ondauno.com.ar\/index.php\/author\/ondaunoeditor\/"}]}},"jetpack_publicize_connections":[],"jetpack_featured_media_url":"https:\/\/ondauno.com.ar\/wp-content\/uploads\/2020\/10\/club4-1.jpg","jetpack_sharing_enabled":true,"_links":{"self":[{"href":"https:\/\/ondauno.com.ar\/index.php\/wp-json\/wp\/v2\/posts\/17842","targetHints":{"allow":["GET"]}}],"collection":[{"href":"https:\/\/ondauno.com.ar\/index.php\/wp-json\/wp\/v2\/posts"}],"about":[{"href":"https:\/\/ondauno.com.ar\/index.php\/wp-json\/wp\/v2\/types\/post"}],"author":[{"embeddable":true,"href":"https:\/\/ondauno.com.ar\/index.php\/wp-json\/wp\/v2\/users\/2"}],"replies":[{"embeddable":true,"href":"https:\/\/ondauno.com.ar\/index.php\/wp-json\/wp\/v2\/comments?post=17842"}],"version-history":[{"count":0,"href":"https:\/\/ondauno.com.ar\/index.php\/wp-json\/wp\/v2\/posts\/17842\/revisions"}],"wp:featuredmedia":[{"embeddable":true,"href":"https:\/\/ondauno.com.ar\/index.php\/wp-json\/wp\/v2\/media\/17843"}],"wp:attachment":[{"href":"https:\/\/ondauno.com.ar\/index.php\/wp-json\/wp\/v2\/media?parent=17842"}],"wp:term":[{"taxonomy":"category","embeddable":true,"href":"https:\/\/ondauno.com.ar\/index.php\/wp-json\/wp\/v2\/categories?post=17842"},{"taxonomy":"post_tag","embeddable":true,"href":"https:\/\/ondauno.com.ar\/index.php\/wp-json\/wp\/v2\/tags?post=17842"}],"curies":[{"name":"wp","href":"https:\/\/api.w.org\/{rel}","templated":true}]}}