{"id":1738,"date":"2019-11-14T15:16:15","date_gmt":"2019-11-14T18:16:15","guid":{"rendered":"http:\/\/ondauno.com.ar\/?p=1738"},"modified":"2019-11-14T15:16:23","modified_gmt":"2019-11-14T18:16:23","slug":"invitacion-charla-informativa-programa-ejecutivo-de-direccion","status":"publish","type":"post","link":"https:\/\/ondauno.com.ar\/index.php\/2019\/11\/14\/invitacion-charla-informativa-programa-ejecutivo-de-direccion\/","title":{"rendered":"Invitaci\u00f3n charla informativa &#8211; Programa Ejecutivo de Direcci\u00f3n."},"content":{"rendered":"<div class=\"ondau-before-content_3\" style=\"margin-top: -30px;\" id=\"ondau-127570136\"><a href=\"https:\/\/www.lps.com.ar\/\" aria-label=\"la-perse2\"><img loading=\"lazy\" decoding=\"async\" src=\"https:\/\/ondauno.com.ar\/wp-content\/uploads\/2021\/10\/la-perse2.jpg\" alt=\"\"  srcset=\"https:\/\/ondauno.com.ar\/wp-content\/uploads\/2021\/10\/la-perse2.jpg 1353w, https:\/\/ondauno.com.ar\/wp-content\/uploads\/2021\/10\/la-perse2-300x43.jpg 300w, https:\/\/ondauno.com.ar\/wp-content\/uploads\/2021\/10\/la-perse2-1024x148.jpg 1024w, https:\/\/ondauno.com.ar\/wp-content\/uploads\/2021\/10\/la-perse2-768x111.jpg 768w, https:\/\/ondauno.com.ar\/wp-content\/uploads\/2021\/10\/la-perse2-696x100.jpg 696w, https:\/\/ondauno.com.ar\/wp-content\/uploads\/2021\/10\/la-perse2-1068x154.jpg 1068w\" sizes=\"(max-width: 1353px) 100vw, 1353px\" class=\"no-lazyload\" width=\"1353\" height=\"195\"  style=\"display: inline-block;\" \/><\/a><\/div>\n<p>La propuesta de contenidos contribuye a la formaci\u00f3n de profesionales de diferentes especialidades, que cuenten con experiencia laboral relevante en \u00e1mbitos organizacionales. La idea de nuclear profesionales provenientes de diferentes carreras, que desarrollan su actividad profesional en distintos sectores de la econom\u00eda, constituye un aspecto distintivo de nuestros programas que favorece los abordajes interdisciplinarios y enriquece el intercambio de conocimiento.<\/p>\n\n\n\n<figure class=\"wp-block-image\"><img loading=\"lazy\" decoding=\"async\" width=\"724\" height=\"1024\" data-src=\"http:\/\/ondauno.com.ar\/wp-content\/uploads\/2019\/11\/programa-ejecutivo-Tres-Arroyos-724x1024.png\" alt=\"\" class=\"wp-image-1740 lazyload\" data-srcset=\"https:\/\/ondauno.com.ar\/wp-content\/uploads\/2019\/11\/programa-ejecutivo-Tres-Arroyos-724x1024.png 724w, https:\/\/ondauno.com.ar\/wp-content\/uploads\/2019\/11\/programa-ejecutivo-Tres-Arroyos-212x300.png 212w, https:\/\/ondauno.com.ar\/wp-content\/uploads\/2019\/11\/programa-ejecutivo-Tres-Arroyos-768x1086.png 768w, https:\/\/ondauno.com.ar\/wp-content\/uploads\/2019\/11\/programa-ejecutivo-Tres-Arroyos-696x985.png 696w, https:\/\/ondauno.com.ar\/wp-content\/uploads\/2019\/11\/programa-ejecutivo-Tres-Arroyos-1068x1511.png 1068w, https:\/\/ondauno.com.ar\/wp-content\/uploads\/2019\/11\/programa-ejecutivo-Tres-Arroyos-297x420.png 297w, https:\/\/ondauno.com.ar\/wp-content\/uploads\/2019\/11\/programa-ejecutivo-Tres-Arroyos.png 1587w\" data-sizes=\"auto, (max-width: 724px) 100vw, 724px\" src=\"data:image\/gif;base64,R0lGODlhAQABAAAAACH5BAEKAAEALAAAAAABAAEAAAICTAEAOw==\" style=\"--smush-placeholder-width: 724px; --smush-placeholder-aspect-ratio: 724\/1024;\" \/><noscript><img loading=\"lazy\" decoding=\"async\" width=\"724\" height=\"1024\" src=\"http:\/\/ondauno.com.ar\/wp-content\/uploads\/2019\/11\/programa-ejecutivo-Tres-Arroyos-724x1024.png\" alt=\"\" class=\"wp-image-1740\" srcset=\"https:\/\/ondauno.com.ar\/wp-content\/uploads\/2019\/11\/programa-ejecutivo-Tres-Arroyos-724x1024.png 724w, https:\/\/ondauno.com.ar\/wp-content\/uploads\/2019\/11\/programa-ejecutivo-Tres-Arroyos-212x300.png 212w, https:\/\/ondauno.com.ar\/wp-content\/uploads\/2019\/11\/programa-ejecutivo-Tres-Arroyos-768x1086.png 768w, https:\/\/ondauno.com.ar\/wp-content\/uploads\/2019\/11\/programa-ejecutivo-Tres-Arroyos-696x985.png 696w, https:\/\/ondauno.com.ar\/wp-content\/uploads\/2019\/11\/programa-ejecutivo-Tres-Arroyos-1068x1511.png 1068w, https:\/\/ondauno.com.ar\/wp-content\/uploads\/2019\/11\/programa-ejecutivo-Tres-Arroyos-297x420.png 297w, https:\/\/ondauno.com.ar\/wp-content\/uploads\/2019\/11\/programa-ejecutivo-Tres-Arroyos.png 1587w\" sizes=\"auto, (max-width: 724px) 100vw, 724px\" \/><\/noscript><\/figure>\n\n\n\n<p>Este programa cuenta con la posibilidad de articular, posteriormente, con la Diplomatura Universitaria en Direcci\u00f3n y Gesti\u00f3n de Agronegocios (DIGEA) y orientar la formaci\u00f3n a Direcci\u00f3n en Agronegocios. Tambi\u00e9n existe la posibilidad de articular con Maestr\u00eda en Administraci\u00f3n de Negocios (MBA), postgrado categorizado \u201cA\u201d por la CONEAU, en este caso tomando los cr\u00e9ditos faltantes en la ciudad de Tandil.<\/p>\n","protected":false},"excerpt":{"rendered":"<p>La propuesta de contenidos contribuye a la formaci\u00f3n de profesionales de diferentes especialidades, que cuenten con experiencia laboral relevante en \u00e1mbitos organizacionales. La idea de nuclear profesionales provenientes de diferentes carreras, que desarrollan su actividad profesional en distintos sectores de la econom\u00eda, constituye un aspecto distintivo de nuestros programas que favorece los abordajes interdisciplinarios y [&hellip;]<\/p>\n","protected":false},"author":2,"featured_media":1739,"comment_status":"open","ping_status":"open","sticky":false,"template":"","format":"standard","meta":{"tdm_status":"","tdm_grid_status":"","_jetpack_memberships_contains_paid_content":false,"footnotes":"","jetpack_publicize_message":"","jetpack_publicize_feature_enabled":true,"jetpack_social_post_already_shared":false,"jetpack_social_options":{"image_generator_settings":{"template":"highway","default_image_id":0,"font":"","enabled":false},"version":2}},"categories":[26,28],"tags":[],"class_list":{"0":"post-1738","1":"post","2":"type-post","3":"status-publish","4":"format-standard","5":"has-post-thumbnail","7":"category-destacada","8":"category-interes-general"},"yoast_head":"<!-- This site is optimized with the Yoast SEO plugin v22.7 - https:\/\/yoast.com\/wordpress\/plugins\/seo\/ -->\n<title>Invitaci\u00f3n charla informativa - Programa Ejecutivo de Direcci\u00f3n. - 103.9 fm<\/title>\n<meta name=\"robots\" content=\"index, follow, max-snippet:-1, max-image-preview:large, max-video-preview:-1\" \/>\n<link rel=\"canonical\" href=\"https:\/\/ondauno.com.ar\/index.php\/2019\/11\/14\/invitacion-charla-informativa-programa-ejecutivo-de-direccion\/\" \/>\n<meta property=\"og:locale\" content=\"es_ES\" \/>\n<meta property=\"og:type\" content=\"article\" \/>\n<meta property=\"og:title\" content=\"Invitaci\u00f3n charla informativa - Programa Ejecutivo de Direcci\u00f3n. - 103.9 fm\" \/>\n<meta property=\"og:description\" content=\"La propuesta de contenidos contribuye a la formaci\u00f3n de profesionales de diferentes especialidades, que cuenten con experiencia laboral relevante en \u00e1mbitos organizacionales. La idea de nuclear profesionales provenientes de diferentes carreras, que desarrollan su actividad profesional en distintos sectores de la econom\u00eda, constituye un aspecto distintivo de nuestros programas que favorece los abordajes interdisciplinarios y [&hellip;]\" \/>\n<meta property=\"og:url\" content=\"https:\/\/ondauno.com.ar\/index.php\/2019\/11\/14\/invitacion-charla-informativa-programa-ejecutivo-de-direccion\/\" \/>\n<meta property=\"og:site_name\" content=\"103.9 fm\" \/>\n<meta property=\"article:publisher\" content=\"https:\/\/www.facebook.com\/ondauno103.9\" \/>\n<meta property=\"article:published_time\" content=\"2019-11-14T18:16:15+00:00\" \/>\n<meta property=\"article:modified_time\" content=\"2019-11-14T18:16:23+00:00\" \/>\n<meta property=\"og:image\" content=\"https:\/\/ondauno.com.ar\/wp-content\/uploads\/2019\/11\/image001.jpg\" \/>\n\t<meta property=\"og:image:width\" content=\"452\" \/>\n\t<meta property=\"og:image:height\" content=\"379\" \/>\n\t<meta property=\"og:image:type\" content=\"image\/jpeg\" \/>\n<meta name=\"author\" content=\"fernando garcia\" \/>\n<meta name=\"twitter:card\" content=\"summary_large_image\" \/>\n<meta name=\"twitter:label1\" content=\"Escrito por\" \/>\n\t<meta name=\"twitter:data1\" content=\"fernando garcia\" \/>\n\t<meta name=\"twitter:label2\" content=\"Tiempo de lectura\" \/>\n\t<meta name=\"twitter:data2\" content=\"1 minuto\" \/>\n<script type=\"application\/ld+json\" class=\"yoast-schema-graph\">{\"@context\":\"https:\/\/schema.org\",\"@graph\":[{\"@type\":\"WebPage\",\"@id\":\"https:\/\/ondauno.com.ar\/index.php\/2019\/11\/14\/invitacion-charla-informativa-programa-ejecutivo-de-direccion\/\",\"url\":\"https:\/\/ondauno.com.ar\/index.php\/2019\/11\/14\/invitacion-charla-informativa-programa-ejecutivo-de-direccion\/\",\"name\":\"Invitaci\u00f3n charla informativa - Programa Ejecutivo de Direcci\u00f3n. - 103.9 fm\",\"isPartOf\":{\"@id\":\"https:\/\/ondauno.com.ar\/#website\"},\"primaryImageOfPage\":{\"@id\":\"https:\/\/ondauno.com.ar\/index.php\/2019\/11\/14\/invitacion-charla-informativa-programa-ejecutivo-de-direccion\/#primaryimage\"},\"image\":{\"@id\":\"https:\/\/ondauno.com.ar\/index.php\/2019\/11\/14\/invitacion-charla-informativa-programa-ejecutivo-de-direccion\/#primaryimage\"},\"thumbnailUrl\":\"https:\/\/ondauno.com.ar\/wp-content\/uploads\/2019\/11\/image001.jpg\",\"datePublished\":\"2019-11-14T18:16:15+00:00\",\"dateModified\":\"2019-11-14T18:16:23+00:00\",\"author\":{\"@id\":\"https:\/\/ondauno.com.ar\/#\/schema\/person\/201d1b68e6c75e0fd396fe5f8af5d139\"},\"breadcrumb\":{\"@id\":\"https:\/\/ondauno.com.ar\/index.php\/2019\/11\/14\/invitacion-charla-informativa-programa-ejecutivo-de-direccion\/#breadcrumb\"},\"inLanguage\":\"es-AR\",\"potentialAction\":[{\"@type\":\"ReadAction\",\"target\":[\"https:\/\/ondauno.com.ar\/index.php\/2019\/11\/14\/invitacion-charla-informativa-programa-ejecutivo-de-direccion\/\"]}]},{\"@type\":\"ImageObject\",\"inLanguage\":\"es-AR\",\"@id\":\"https:\/\/ondauno.com.ar\/index.php\/2019\/11\/14\/invitacion-charla-informativa-programa-ejecutivo-de-direccion\/#primaryimage\",\"url\":\"https:\/\/ondauno.com.ar\/wp-content\/uploads\/2019\/11\/image001.jpg\",\"contentUrl\":\"https:\/\/ondauno.com.ar\/wp-content\/uploads\/2019\/11\/image001.jpg\",\"width\":452,\"height\":379},{\"@type\":\"BreadcrumbList\",\"@id\":\"https:\/\/ondauno.com.ar\/index.php\/2019\/11\/14\/invitacion-charla-informativa-programa-ejecutivo-de-direccion\/#breadcrumb\",\"itemListElement\":[{\"@type\":\"ListItem\",\"position\":1,\"name\":\"Inicio\",\"item\":\"https:\/\/ondauno.com.ar\/\"},{\"@type\":\"ListItem\",\"position\":2,\"name\":\"Invitaci\u00f3n charla informativa &#8211; Programa Ejecutivo de Direcci\u00f3n.\"}]},{\"@type\":\"WebSite\",\"@id\":\"https:\/\/ondauno.com.ar\/#website\",\"url\":\"https:\/\/ondauno.com.ar\/\",\"name\":\"103.9 fm\",\"description\":\"LA PRIMERA RADIO MULTIMEDIA DE TRES ARROYOS\",\"potentialAction\":[{\"@type\":\"SearchAction\",\"target\":{\"@type\":\"EntryPoint\",\"urlTemplate\":\"https:\/\/ondauno.com.ar\/?s={search_term_string}\"},\"query-input\":\"required name=search_term_string\"}],\"inLanguage\":\"es-AR\"},{\"@type\":\"Person\",\"@id\":\"https:\/\/ondauno.com.ar\/#\/schema\/person\/201d1b68e6c75e0fd396fe5f8af5d139\",\"name\":\"fernando garcia\",\"image\":{\"@type\":\"ImageObject\",\"inLanguage\":\"es-AR\",\"@id\":\"https:\/\/ondauno.com.ar\/#\/schema\/person\/image\/\",\"url\":\"https:\/\/secure.gravatar.com\/avatar\/5f7254642ad81272e79a2e69653cfdfc?s=96&d=mm&r=g\",\"contentUrl\":\"https:\/\/secure.gravatar.com\/avatar\/5f7254642ad81272e79a2e69653cfdfc?s=96&d=mm&r=g\",\"caption\":\"fernando garcia\"},\"url\":\"https:\/\/ondauno.com.ar\/index.php\/author\/ondaunoeditor\/\"}]}<\/script>\n<!-- \/ Yoast SEO plugin. -->","yoast_head_json":{"title":"Invitaci\u00f3n charla informativa - Programa Ejecutivo de Direcci\u00f3n. - 103.9 fm","robots":{"index":"index","follow":"follow","max-snippet":"max-snippet:-1","max-image-preview":"max-image-preview:large","max-video-preview":"max-video-preview:-1"},"canonical":"https:\/\/ondauno.com.ar\/index.php\/2019\/11\/14\/invitacion-charla-informativa-programa-ejecutivo-de-direccion\/","og_locale":"es_ES","og_type":"article","og_title":"Invitaci\u00f3n charla informativa - Programa Ejecutivo de Direcci\u00f3n. - 103.9 fm","og_description":"La propuesta de contenidos contribuye a la formaci\u00f3n de profesionales de diferentes especialidades, que cuenten con experiencia laboral relevante en \u00e1mbitos organizacionales. La idea de nuclear profesionales provenientes de diferentes carreras, que desarrollan su actividad profesional en distintos sectores de la econom\u00eda, constituye un aspecto distintivo de nuestros programas que favorece los abordajes interdisciplinarios y [&hellip;]","og_url":"https:\/\/ondauno.com.ar\/index.php\/2019\/11\/14\/invitacion-charla-informativa-programa-ejecutivo-de-direccion\/","og_site_name":"103.9 fm","article_publisher":"https:\/\/www.facebook.com\/ondauno103.9","article_published_time":"2019-11-14T18:16:15+00:00","article_modified_time":"2019-11-14T18:16:23+00:00","og_image":[{"width":452,"height":379,"url":"https:\/\/ondauno.com.ar\/wp-content\/uploads\/2019\/11\/image001.jpg","type":"image\/jpeg"}],"author":"fernando garcia","twitter_card":"summary_large_image","twitter_misc":{"Escrito por":"fernando garcia","Tiempo de lectura":"1 minuto"},"schema":{"@context":"https:\/\/schema.org","@graph":[{"@type":"WebPage","@id":"https:\/\/ondauno.com.ar\/index.php\/2019\/11\/14\/invitacion-charla-informativa-programa-ejecutivo-de-direccion\/","url":"https:\/\/ondauno.com.ar\/index.php\/2019\/11\/14\/invitacion-charla-informativa-programa-ejecutivo-de-direccion\/","name":"Invitaci\u00f3n charla informativa - Programa Ejecutivo de Direcci\u00f3n. - 103.9 fm","isPartOf":{"@id":"https:\/\/ondauno.com.ar\/#website"},"primaryImageOfPage":{"@id":"https:\/\/ondauno.com.ar\/index.php\/2019\/11\/14\/invitacion-charla-informativa-programa-ejecutivo-de-direccion\/#primaryimage"},"image":{"@id":"https:\/\/ondauno.com.ar\/index.php\/2019\/11\/14\/invitacion-charla-informativa-programa-ejecutivo-de-direccion\/#primaryimage"},"thumbnailUrl":"https:\/\/ondauno.com.ar\/wp-content\/uploads\/2019\/11\/image001.jpg","datePublished":"2019-11-14T18:16:15+00:00","dateModified":"2019-11-14T18:16:23+00:00","author":{"@id":"https:\/\/ondauno.com.ar\/#\/schema\/person\/201d1b68e6c75e0fd396fe5f8af5d139"},"breadcrumb":{"@id":"https:\/\/ondauno.com.ar\/index.php\/2019\/11\/14\/invitacion-charla-informativa-programa-ejecutivo-de-direccion\/#breadcrumb"},"inLanguage":"es-AR","potentialAction":[{"@type":"ReadAction","target":["https:\/\/ondauno.com.ar\/index.php\/2019\/11\/14\/invitacion-charla-informativa-programa-ejecutivo-de-direccion\/"]}]},{"@type":"ImageObject","inLanguage":"es-AR","@id":"https:\/\/ondauno.com.ar\/index.php\/2019\/11\/14\/invitacion-charla-informativa-programa-ejecutivo-de-direccion\/#primaryimage","url":"https:\/\/ondauno.com.ar\/wp-content\/uploads\/2019\/11\/image001.jpg","contentUrl":"https:\/\/ondauno.com.ar\/wp-content\/uploads\/2019\/11\/image001.jpg","width":452,"height":379},{"@type":"BreadcrumbList","@id":"https:\/\/ondauno.com.ar\/index.php\/2019\/11\/14\/invitacion-charla-informativa-programa-ejecutivo-de-direccion\/#breadcrumb","itemListElement":[{"@type":"ListItem","position":1,"name":"Inicio","item":"https:\/\/ondauno.com.ar\/"},{"@type":"ListItem","position":2,"name":"Invitaci\u00f3n charla informativa &#8211; Programa Ejecutivo de Direcci\u00f3n."}]},{"@type":"WebSite","@id":"https:\/\/ondauno.com.ar\/#website","url":"https:\/\/ondauno.com.ar\/","name":"103.9 fm","description":"LA PRIMERA RADIO MULTIMEDIA DE TRES ARROYOS","potentialAction":[{"@type":"SearchAction","target":{"@type":"EntryPoint","urlTemplate":"https:\/\/ondauno.com.ar\/?s={search_term_string}"},"query-input":"required name=search_term_string"}],"inLanguage":"es-AR"},{"@type":"Person","@id":"https:\/\/ondauno.com.ar\/#\/schema\/person\/201d1b68e6c75e0fd396fe5f8af5d139","name":"fernando garcia","image":{"@type":"ImageObject","inLanguage":"es-AR","@id":"https:\/\/ondauno.com.ar\/#\/schema\/person\/image\/","url":"https:\/\/secure.gravatar.com\/avatar\/5f7254642ad81272e79a2e69653cfdfc?s=96&d=mm&r=g","contentUrl":"https:\/\/secure.gravatar.com\/avatar\/5f7254642ad81272e79a2e69653cfdfc?s=96&d=mm&r=g","caption":"fernando garcia"},"url":"https:\/\/ondauno.com.ar\/index.php\/author\/ondaunoeditor\/"}]}},"jetpack_publicize_connections":[],"jetpack_featured_media_url":"https:\/\/ondauno.com.ar\/wp-content\/uploads\/2019\/11\/image001.jpg","jetpack_sharing_enabled":true,"_links":{"self":[{"href":"https:\/\/ondauno.com.ar\/index.php\/wp-json\/wp\/v2\/posts\/1738","targetHints":{"allow":["GET"]}}],"collection":[{"href":"https:\/\/ondauno.com.ar\/index.php\/wp-json\/wp\/v2\/posts"}],"about":[{"href":"https:\/\/ondauno.com.ar\/index.php\/wp-json\/wp\/v2\/types\/post"}],"author":[{"embeddable":true,"href":"https:\/\/ondauno.com.ar\/index.php\/wp-json\/wp\/v2\/users\/2"}],"replies":[{"embeddable":true,"href":"https:\/\/ondauno.com.ar\/index.php\/wp-json\/wp\/v2\/comments?post=1738"}],"version-history":[{"count":0,"href":"https:\/\/ondauno.com.ar\/index.php\/wp-json\/wp\/v2\/posts\/1738\/revisions"}],"wp:featuredmedia":[{"embeddable":true,"href":"https:\/\/ondauno.com.ar\/index.php\/wp-json\/wp\/v2\/media\/1739"}],"wp:attachment":[{"href":"https:\/\/ondauno.com.ar\/index.php\/wp-json\/wp\/v2\/media?parent=1738"}],"wp:term":[{"taxonomy":"category","embeddable":true,"href":"https:\/\/ondauno.com.ar\/index.php\/wp-json\/wp\/v2\/categories?post=1738"},{"taxonomy":"post_tag","embeddable":true,"href":"https:\/\/ondauno.com.ar\/index.php\/wp-json\/wp\/v2\/tags?post=1738"}],"curies":[{"name":"wp","href":"https:\/\/api.w.org\/{rel}","templated":true}]}}