{"id":16916,"date":"2020-09-28T17:42:29","date_gmt":"2020-09-28T20:42:29","guid":{"rendered":"http:\/\/ondauno.com.ar\/?p=16916"},"modified":"2020-09-28T17:47:09","modified_gmt":"2020-09-28T20:47:09","slug":"caso-mateo-ioma-pago-y-el-viernes-lo-podrian-operar","status":"publish","type":"post","link":"https:\/\/ondauno.com.ar\/index.php\/2020\/09\/28\/caso-mateo-ioma-pago-y-el-viernes-lo-podrian-operar\/","title":{"rendered":"Caso Mateo: &#8220;Me devolvieron la vida de mi hijo&#8221;"},"content":{"rendered":"<div class=\"ondau-before-content_3\" style=\"margin-top: -30px;\" id=\"ondau-4206610630\"><a href=\"https:\/\/www.lps.com.ar\/\" aria-label=\"la-perse2\"><img loading=\"lazy\" decoding=\"async\" src=\"https:\/\/ondauno.com.ar\/wp-content\/uploads\/2021\/10\/la-perse2.jpg\" alt=\"\"  srcset=\"https:\/\/ondauno.com.ar\/wp-content\/uploads\/2021\/10\/la-perse2.jpg 1353w, https:\/\/ondauno.com.ar\/wp-content\/uploads\/2021\/10\/la-perse2-300x43.jpg 300w, https:\/\/ondauno.com.ar\/wp-content\/uploads\/2021\/10\/la-perse2-1024x148.jpg 1024w, https:\/\/ondauno.com.ar\/wp-content\/uploads\/2021\/10\/la-perse2-768x111.jpg 768w, https:\/\/ondauno.com.ar\/wp-content\/uploads\/2021\/10\/la-perse2-696x100.jpg 696w, https:\/\/ondauno.com.ar\/wp-content\/uploads\/2021\/10\/la-perse2-1068x154.jpg 1068w\" sizes=\"(max-width: 1353px) 100vw, 1353px\" class=\"no-lazyload\" width=\"1353\" height=\"195\"  style=\"display: inline-block;\" \/><\/a><\/div>\n<figure class=\"wp-block-audio\"><audio controls src=\"http:\/\/ondauno.com.ar\/wp-content\/uploads\/2020\/09\/WhatsApp-Audio-2020-09-28-at-17.40.01-1.ogg\"><\/audio><\/figure>\n\n\n\n<p> La abogada de la familia del peque\u00f1o  Mat\u00edas Barrasa, doctora Sof\u00eda Williams, inform\u00f3 intercede que la obra social IOMA pag\u00f3 el   estimulador vagal que el menor necesita para mejorar su calidad de vida.<\/p>\n\n\n\n<p>Asimismo, la mam\u00e1 del ni\u00f1o que se encuentra internado en el Hospital El Cruce de Florencia Varela confirm\u00f3 que Mateo ser\u00e1 intervenido quir\u00fargicamente el viernes.<\/p>\n\n\n\n<figure class=\"wp-block-audio\"><audio controls src=\"http:\/\/ondauno.com.ar\/wp-content\/uploads\/2020\/09\/WhatsApp-Audio-2020-09-28-at-17.45.28.ogg\"><\/audio><\/figure>\n\n\n\n<p>Valeria Xam, env\u00edo un mensaje muy emotivo en el que agradece a la gente que la acompa\u00f1\u00f3, a los medios y a la gesti\u00f3n del diputado Pablo Garate entre otras menciones. <\/p>\n","protected":false},"excerpt":{"rendered":"<p>La abogada de la familia del peque\u00f1o Mat\u00edas Barrasa, doctora Sof\u00eda Williams, inform\u00f3 intercede que la obra social IOMA pag\u00f3 el estimulador vagal que el menor necesita para mejorar su calidad de vida. Asimismo, la mam\u00e1 del ni\u00f1o que se encuentra internado en el Hospital El Cruce de Florencia Varela confirm\u00f3 que Mateo ser\u00e1 intervenido [&hellip;]<\/p>\n","protected":false},"author":2,"featured_media":16592,"comment_status":"open","ping_status":"open","sticky":false,"template":"","format":"standard","meta":{"tdm_status":"","tdm_grid_status":"","_jetpack_memberships_contains_paid_content":false,"footnotes":"","jetpack_publicize_message":"","jetpack_publicize_feature_enabled":true,"jetpack_social_post_already_shared":false,"jetpack_social_options":{"image_generator_settings":{"template":"highway","default_image_id":0,"font":"","enabled":false},"version":2}},"categories":[26],"tags":[],"class_list":{"0":"post-16916","1":"post","2":"type-post","3":"status-publish","4":"format-standard","5":"has-post-thumbnail","7":"category-destacada"},"yoast_head":"<!-- This site is optimized with the Yoast SEO plugin v22.7 - https:\/\/yoast.com\/wordpress\/plugins\/seo\/ -->\n<title>Caso Mateo: &quot;Me devolvieron la vida de mi hijo&quot; - 103.9 fm<\/title>\n<meta name=\"robots\" content=\"index, follow, max-snippet:-1, max-image-preview:large, max-video-preview:-1\" \/>\n<link rel=\"canonical\" href=\"https:\/\/ondauno.com.ar\/index.php\/2020\/09\/28\/caso-mateo-ioma-pago-y-el-viernes-lo-podrian-operar\/\" \/>\n<meta property=\"og:locale\" content=\"es_ES\" \/>\n<meta property=\"og:type\" content=\"article\" \/>\n<meta property=\"og:title\" content=\"Caso Mateo: &quot;Me devolvieron la vida de mi hijo&quot; - 103.9 fm\" \/>\n<meta property=\"og:description\" content=\"La abogada de la familia del peque\u00f1o Mat\u00edas Barrasa, doctora Sof\u00eda Williams, inform\u00f3 intercede que la obra social IOMA pag\u00f3 el estimulador vagal que el menor necesita para mejorar su calidad de vida. Asimismo, la mam\u00e1 del ni\u00f1o que se encuentra internado en el Hospital El Cruce de Florencia Varela confirm\u00f3 que Mateo ser\u00e1 intervenido [&hellip;]\" \/>\n<meta property=\"og:url\" content=\"https:\/\/ondauno.com.ar\/index.php\/2020\/09\/28\/caso-mateo-ioma-pago-y-el-viernes-lo-podrian-operar\/\" \/>\n<meta property=\"og:site_name\" content=\"103.9 fm\" \/>\n<meta property=\"article:publisher\" content=\"https:\/\/www.facebook.com\/ondauno103.9\" \/>\n<meta property=\"article:published_time\" content=\"2020-09-28T20:42:29+00:00\" \/>\n<meta property=\"article:modified_time\" content=\"2020-09-28T20:47:09+00:00\" \/>\n<meta property=\"og:image\" content=\"https:\/\/ondauno.com.ar\/wp-content\/uploads\/2020\/09\/lvp.mateo_-e1600818484585.jpeg\" \/>\n\t<meta property=\"og:image:width\" content=\"434\" \/>\n\t<meta property=\"og:image:height\" content=\"453\" \/>\n\t<meta property=\"og:image:type\" content=\"image\/jpeg\" \/>\n<meta name=\"author\" content=\"fernando garcia\" \/>\n<meta name=\"twitter:card\" content=\"summary_large_image\" \/>\n<meta name=\"twitter:label1\" content=\"Escrito por\" \/>\n\t<meta name=\"twitter:data1\" content=\"fernando garcia\" \/>\n<script type=\"application\/ld+json\" class=\"yoast-schema-graph\">{\"@context\":\"https:\/\/schema.org\",\"@graph\":[{\"@type\":\"WebPage\",\"@id\":\"https:\/\/ondauno.com.ar\/index.php\/2020\/09\/28\/caso-mateo-ioma-pago-y-el-viernes-lo-podrian-operar\/\",\"url\":\"https:\/\/ondauno.com.ar\/index.php\/2020\/09\/28\/caso-mateo-ioma-pago-y-el-viernes-lo-podrian-operar\/\",\"name\":\"Caso Mateo: \\\"Me devolvieron la vida de mi hijo\\\" - 103.9 fm\",\"isPartOf\":{\"@id\":\"https:\/\/ondauno.com.ar\/#website\"},\"primaryImageOfPage\":{\"@id\":\"https:\/\/ondauno.com.ar\/index.php\/2020\/09\/28\/caso-mateo-ioma-pago-y-el-viernes-lo-podrian-operar\/#primaryimage\"},\"image\":{\"@id\":\"https:\/\/ondauno.com.ar\/index.php\/2020\/09\/28\/caso-mateo-ioma-pago-y-el-viernes-lo-podrian-operar\/#primaryimage\"},\"thumbnailUrl\":\"https:\/\/ondauno.com.ar\/wp-content\/uploads\/2020\/09\/lvp.mateo_-e1600818484585.jpeg\",\"datePublished\":\"2020-09-28T20:42:29+00:00\",\"dateModified\":\"2020-09-28T20:47:09+00:00\",\"author\":{\"@id\":\"https:\/\/ondauno.com.ar\/#\/schema\/person\/201d1b68e6c75e0fd396fe5f8af5d139\"},\"breadcrumb\":{\"@id\":\"https:\/\/ondauno.com.ar\/index.php\/2020\/09\/28\/caso-mateo-ioma-pago-y-el-viernes-lo-podrian-operar\/#breadcrumb\"},\"inLanguage\":\"es-AR\",\"potentialAction\":[{\"@type\":\"ReadAction\",\"target\":[\"https:\/\/ondauno.com.ar\/index.php\/2020\/09\/28\/caso-mateo-ioma-pago-y-el-viernes-lo-podrian-operar\/\"]}]},{\"@type\":\"ImageObject\",\"inLanguage\":\"es-AR\",\"@id\":\"https:\/\/ondauno.com.ar\/index.php\/2020\/09\/28\/caso-mateo-ioma-pago-y-el-viernes-lo-podrian-operar\/#primaryimage\",\"url\":\"https:\/\/ondauno.com.ar\/wp-content\/uploads\/2020\/09\/lvp.mateo_-e1600818484585.jpeg\",\"contentUrl\":\"https:\/\/ondauno.com.ar\/wp-content\/uploads\/2020\/09\/lvp.mateo_-e1600818484585.jpeg\",\"width\":434,\"height\":453},{\"@type\":\"BreadcrumbList\",\"@id\":\"https:\/\/ondauno.com.ar\/index.php\/2020\/09\/28\/caso-mateo-ioma-pago-y-el-viernes-lo-podrian-operar\/#breadcrumb\",\"itemListElement\":[{\"@type\":\"ListItem\",\"position\":1,\"name\":\"Inicio\",\"item\":\"https:\/\/ondauno.com.ar\/\"},{\"@type\":\"ListItem\",\"position\":2,\"name\":\"Caso Mateo: &#8220;Me devolvieron la vida de mi hijo&#8221;\"}]},{\"@type\":\"WebSite\",\"@id\":\"https:\/\/ondauno.com.ar\/#website\",\"url\":\"https:\/\/ondauno.com.ar\/\",\"name\":\"103.9 fm\",\"description\":\"LA PRIMERA RADIO MULTIMEDIA DE TRES ARROYOS\",\"potentialAction\":[{\"@type\":\"SearchAction\",\"target\":{\"@type\":\"EntryPoint\",\"urlTemplate\":\"https:\/\/ondauno.com.ar\/?s={search_term_string}\"},\"query-input\":\"required name=search_term_string\"}],\"inLanguage\":\"es-AR\"},{\"@type\":\"Person\",\"@id\":\"https:\/\/ondauno.com.ar\/#\/schema\/person\/201d1b68e6c75e0fd396fe5f8af5d139\",\"name\":\"fernando garcia\",\"image\":{\"@type\":\"ImageObject\",\"inLanguage\":\"es-AR\",\"@id\":\"https:\/\/ondauno.com.ar\/#\/schema\/person\/image\/\",\"url\":\"https:\/\/secure.gravatar.com\/avatar\/5f7254642ad81272e79a2e69653cfdfc?s=96&d=mm&r=g\",\"contentUrl\":\"https:\/\/secure.gravatar.com\/avatar\/5f7254642ad81272e79a2e69653cfdfc?s=96&d=mm&r=g\",\"caption\":\"fernando garcia\"},\"url\":\"https:\/\/ondauno.com.ar\/index.php\/author\/ondaunoeditor\/\"}]}<\/script>\n<!-- \/ Yoast SEO plugin. -->","yoast_head_json":{"title":"Caso Mateo: \"Me devolvieron la vida de mi hijo\" - 103.9 fm","robots":{"index":"index","follow":"follow","max-snippet":"max-snippet:-1","max-image-preview":"max-image-preview:large","max-video-preview":"max-video-preview:-1"},"canonical":"https:\/\/ondauno.com.ar\/index.php\/2020\/09\/28\/caso-mateo-ioma-pago-y-el-viernes-lo-podrian-operar\/","og_locale":"es_ES","og_type":"article","og_title":"Caso Mateo: \"Me devolvieron la vida de mi hijo\" - 103.9 fm","og_description":"La abogada de la familia del peque\u00f1o Mat\u00edas Barrasa, doctora Sof\u00eda Williams, inform\u00f3 intercede que la obra social IOMA pag\u00f3 el estimulador vagal que el menor necesita para mejorar su calidad de vida. Asimismo, la mam\u00e1 del ni\u00f1o que se encuentra internado en el Hospital El Cruce de Florencia Varela confirm\u00f3 que Mateo ser\u00e1 intervenido [&hellip;]","og_url":"https:\/\/ondauno.com.ar\/index.php\/2020\/09\/28\/caso-mateo-ioma-pago-y-el-viernes-lo-podrian-operar\/","og_site_name":"103.9 fm","article_publisher":"https:\/\/www.facebook.com\/ondauno103.9","article_published_time":"2020-09-28T20:42:29+00:00","article_modified_time":"2020-09-28T20:47:09+00:00","og_image":[{"width":434,"height":453,"url":"https:\/\/ondauno.com.ar\/wp-content\/uploads\/2020\/09\/lvp.mateo_-e1600818484585.jpeg","type":"image\/jpeg"}],"author":"fernando garcia","twitter_card":"summary_large_image","twitter_misc":{"Escrito por":"fernando garcia"},"schema":{"@context":"https:\/\/schema.org","@graph":[{"@type":"WebPage","@id":"https:\/\/ondauno.com.ar\/index.php\/2020\/09\/28\/caso-mateo-ioma-pago-y-el-viernes-lo-podrian-operar\/","url":"https:\/\/ondauno.com.ar\/index.php\/2020\/09\/28\/caso-mateo-ioma-pago-y-el-viernes-lo-podrian-operar\/","name":"Caso Mateo: \"Me devolvieron la vida de mi hijo\" - 103.9 fm","isPartOf":{"@id":"https:\/\/ondauno.com.ar\/#website"},"primaryImageOfPage":{"@id":"https:\/\/ondauno.com.ar\/index.php\/2020\/09\/28\/caso-mateo-ioma-pago-y-el-viernes-lo-podrian-operar\/#primaryimage"},"image":{"@id":"https:\/\/ondauno.com.ar\/index.php\/2020\/09\/28\/caso-mateo-ioma-pago-y-el-viernes-lo-podrian-operar\/#primaryimage"},"thumbnailUrl":"https:\/\/ondauno.com.ar\/wp-content\/uploads\/2020\/09\/lvp.mateo_-e1600818484585.jpeg","datePublished":"2020-09-28T20:42:29+00:00","dateModified":"2020-09-28T20:47:09+00:00","author":{"@id":"https:\/\/ondauno.com.ar\/#\/schema\/person\/201d1b68e6c75e0fd396fe5f8af5d139"},"breadcrumb":{"@id":"https:\/\/ondauno.com.ar\/index.php\/2020\/09\/28\/caso-mateo-ioma-pago-y-el-viernes-lo-podrian-operar\/#breadcrumb"},"inLanguage":"es-AR","potentialAction":[{"@type":"ReadAction","target":["https:\/\/ondauno.com.ar\/index.php\/2020\/09\/28\/caso-mateo-ioma-pago-y-el-viernes-lo-podrian-operar\/"]}]},{"@type":"ImageObject","inLanguage":"es-AR","@id":"https:\/\/ondauno.com.ar\/index.php\/2020\/09\/28\/caso-mateo-ioma-pago-y-el-viernes-lo-podrian-operar\/#primaryimage","url":"https:\/\/ondauno.com.ar\/wp-content\/uploads\/2020\/09\/lvp.mateo_-e1600818484585.jpeg","contentUrl":"https:\/\/ondauno.com.ar\/wp-content\/uploads\/2020\/09\/lvp.mateo_-e1600818484585.jpeg","width":434,"height":453},{"@type":"BreadcrumbList","@id":"https:\/\/ondauno.com.ar\/index.php\/2020\/09\/28\/caso-mateo-ioma-pago-y-el-viernes-lo-podrian-operar\/#breadcrumb","itemListElement":[{"@type":"ListItem","position":1,"name":"Inicio","item":"https:\/\/ondauno.com.ar\/"},{"@type":"ListItem","position":2,"name":"Caso Mateo: &#8220;Me devolvieron la vida de mi hijo&#8221;"}]},{"@type":"WebSite","@id":"https:\/\/ondauno.com.ar\/#website","url":"https:\/\/ondauno.com.ar\/","name":"103.9 fm","description":"LA PRIMERA RADIO MULTIMEDIA DE TRES ARROYOS","potentialAction":[{"@type":"SearchAction","target":{"@type":"EntryPoint","urlTemplate":"https:\/\/ondauno.com.ar\/?s={search_term_string}"},"query-input":"required name=search_term_string"}],"inLanguage":"es-AR"},{"@type":"Person","@id":"https:\/\/ondauno.com.ar\/#\/schema\/person\/201d1b68e6c75e0fd396fe5f8af5d139","name":"fernando garcia","image":{"@type":"ImageObject","inLanguage":"es-AR","@id":"https:\/\/ondauno.com.ar\/#\/schema\/person\/image\/","url":"https:\/\/secure.gravatar.com\/avatar\/5f7254642ad81272e79a2e69653cfdfc?s=96&d=mm&r=g","contentUrl":"https:\/\/secure.gravatar.com\/avatar\/5f7254642ad81272e79a2e69653cfdfc?s=96&d=mm&r=g","caption":"fernando garcia"},"url":"https:\/\/ondauno.com.ar\/index.php\/author\/ondaunoeditor\/"}]}},"jetpack_publicize_connections":[],"jetpack_featured_media_url":"https:\/\/ondauno.com.ar\/wp-content\/uploads\/2020\/09\/lvp.mateo_-e1600818484585.jpeg","jetpack_sharing_enabled":true,"_links":{"self":[{"href":"https:\/\/ondauno.com.ar\/index.php\/wp-json\/wp\/v2\/posts\/16916","targetHints":{"allow":["GET"]}}],"collection":[{"href":"https:\/\/ondauno.com.ar\/index.php\/wp-json\/wp\/v2\/posts"}],"about":[{"href":"https:\/\/ondauno.com.ar\/index.php\/wp-json\/wp\/v2\/types\/post"}],"author":[{"embeddable":true,"href":"https:\/\/ondauno.com.ar\/index.php\/wp-json\/wp\/v2\/users\/2"}],"replies":[{"embeddable":true,"href":"https:\/\/ondauno.com.ar\/index.php\/wp-json\/wp\/v2\/comments?post=16916"}],"version-history":[{"count":0,"href":"https:\/\/ondauno.com.ar\/index.php\/wp-json\/wp\/v2\/posts\/16916\/revisions"}],"wp:featuredmedia":[{"embeddable":true,"href":"https:\/\/ondauno.com.ar\/index.php\/wp-json\/wp\/v2\/media\/16592"}],"wp:attachment":[{"href":"https:\/\/ondauno.com.ar\/index.php\/wp-json\/wp\/v2\/media?parent=16916"}],"wp:term":[{"taxonomy":"category","embeddable":true,"href":"https:\/\/ondauno.com.ar\/index.php\/wp-json\/wp\/v2\/categories?post=16916"},{"taxonomy":"post_tag","embeddable":true,"href":"https:\/\/ondauno.com.ar\/index.php\/wp-json\/wp\/v2\/tags?post=16916"}],"curies":[{"name":"wp","href":"https:\/\/api.w.org\/{rel}","templated":true}]}}