{"id":16784,"date":"2020-09-25T14:32:28","date_gmt":"2020-09-25T17:32:28","guid":{"rendered":"http:\/\/ondauno.com.ar\/?p=16784"},"modified":"2020-09-25T14:33:46","modified_gmt":"2020-09-25T17:33:46","slug":"tres-residentes-del-geriatrico-municipal-aislados-por-covid","status":"publish","type":"post","link":"https:\/\/ondauno.com.ar\/index.php\/2020\/09\/25\/tres-residentes-del-geriatrico-municipal-aislados-por-covid\/","title":{"rendered":"Tres residentes del geri\u00e1trico municipal aislados por Covid"},"content":{"rendered":"<div class=\"ondau-before-content_3\" style=\"margin-top: -30px;\" id=\"ondau-4234050578\"><a href=\"https:\/\/www.lps.com.ar\/\" aria-label=\"la-perse2\"><img loading=\"lazy\" decoding=\"async\" src=\"https:\/\/ondauno.com.ar\/wp-content\/uploads\/2021\/10\/la-perse2.jpg\" alt=\"\"  srcset=\"https:\/\/ondauno.com.ar\/wp-content\/uploads\/2021\/10\/la-perse2.jpg 1353w, https:\/\/ondauno.com.ar\/wp-content\/uploads\/2021\/10\/la-perse2-300x43.jpg 300w, https:\/\/ondauno.com.ar\/wp-content\/uploads\/2021\/10\/la-perse2-1024x148.jpg 1024w, https:\/\/ondauno.com.ar\/wp-content\/uploads\/2021\/10\/la-perse2-768x111.jpg 768w, https:\/\/ondauno.com.ar\/wp-content\/uploads\/2021\/10\/la-perse2-696x100.jpg 696w, https:\/\/ondauno.com.ar\/wp-content\/uploads\/2021\/10\/la-perse2-1068x154.jpg 1068w\" sizes=\"(max-width: 1353px) 100vw, 1353px\" class=\"no-lazyload\" width=\"1353\" height=\"195\"  style=\"display: inline-block;\" \/><\/a><\/div>\n<p>Luego de que dos personas que trabajan en el Geri\u00e1trico Municipal dieran positivo de Covid 19 se aisl\u00f3 a los residentes y se hisopo a quienes presentaron s\u00edntomas compatibles con el virus.<\/p>\n\n\n\n<p>Tres personas mayores que viven en el Geri\u00e1trico de C\u00f3rdoba al 400 dieron positivo de Covid, al ser  asintom\u00e1ticas  se encuentran aisladas del resto de los residentes del lugar, pero no fueron trasladados al hospital.<\/p>\n\n\n\n<p>Por precauci\u00f3n, se teste\u00f3 a todos los convivientes luego de que una enfermera y otra persona que trabaja en el lugar fueran positivo de Covid.<\/p>\n\n\n\n<p>Seg\u00fan afirm\u00f3 el doctor Gabriel Guerra, las personas mayores se encuentran en buen estado de salud. <\/p>\n\n\n\n<p><\/p>\n","protected":false},"excerpt":{"rendered":"<p>Luego de que dos personas que trabajan en el Geri\u00e1trico Municipal dieran positivo de Covid 19 se aisl\u00f3 a los residentes y se hisopo a quienes presentaron s\u00edntomas compatibles con el virus. Tres personas mayores que viven en el Geri\u00e1trico de C\u00f3rdoba al 400 dieron positivo de Covid, al ser asintom\u00e1ticas se encuentran aisladas del [&hellip;]<\/p>\n","protected":false},"author":2,"featured_media":16783,"comment_status":"open","ping_status":"open","sticky":false,"template":"","format":"standard","meta":{"tdm_status":"","tdm_grid_status":"","_jetpack_memberships_contains_paid_content":false,"footnotes":"","jetpack_publicize_message":"","jetpack_publicize_feature_enabled":true,"jetpack_social_post_already_shared":false,"jetpack_social_options":{"image_generator_settings":{"template":"highway","default_image_id":0,"font":"","enabled":false},"version":2}},"categories":[2],"tags":[],"class_list":{"0":"post-16784","1":"post","2":"type-post","3":"status-publish","4":"format-standard","5":"has-post-thumbnail","7":"category-locales"},"yoast_head":"<!-- This site is optimized with the Yoast SEO plugin v22.7 - https:\/\/yoast.com\/wordpress\/plugins\/seo\/ -->\n<title>Tres residentes del geri\u00e1trico municipal aislados por Covid - 103.9 fm<\/title>\n<meta name=\"robots\" content=\"index, follow, max-snippet:-1, max-image-preview:large, max-video-preview:-1\" \/>\n<link rel=\"canonical\" href=\"https:\/\/ondauno.com.ar\/index.php\/2020\/09\/25\/tres-residentes-del-geriatrico-municipal-aislados-por-covid\/\" \/>\n<meta property=\"og:locale\" content=\"es_ES\" \/>\n<meta property=\"og:type\" content=\"article\" \/>\n<meta property=\"og:title\" content=\"Tres residentes del geri\u00e1trico municipal aislados por Covid - 103.9 fm\" \/>\n<meta property=\"og:description\" content=\"Luego de que dos personas que trabajan en el Geri\u00e1trico Municipal dieran positivo de Covid 19 se aisl\u00f3 a los residentes y se hisopo a quienes presentaron s\u00edntomas compatibles con el virus. Tres personas mayores que viven en el Geri\u00e1trico de C\u00f3rdoba al 400 dieron positivo de Covid, al ser asintom\u00e1ticas se encuentran aisladas del [&hellip;]\" \/>\n<meta property=\"og:url\" content=\"https:\/\/ondauno.com.ar\/index.php\/2020\/09\/25\/tres-residentes-del-geriatrico-municipal-aislados-por-covid\/\" \/>\n<meta property=\"og:site_name\" content=\"103.9 fm\" \/>\n<meta property=\"article:publisher\" content=\"https:\/\/www.facebook.com\/ondauno103.9\" \/>\n<meta property=\"article:published_time\" content=\"2020-09-25T17:32:28+00:00\" \/>\n<meta property=\"article:modified_time\" content=\"2020-09-25T17:33:46+00:00\" \/>\n<meta property=\"og:image\" content=\"https:\/\/ondauno.com.ar\/wp-content\/uploads\/2020\/09\/lvp.geriatrico.jpg\" \/>\n\t<meta property=\"og:image:width\" content=\"322\" \/>\n\t<meta property=\"og:image:height\" content=\"156\" \/>\n\t<meta property=\"og:image:type\" content=\"image\/jpeg\" \/>\n<meta name=\"author\" content=\"fernando garcia\" \/>\n<meta name=\"twitter:card\" content=\"summary_large_image\" \/>\n<meta name=\"twitter:label1\" content=\"Escrito por\" \/>\n\t<meta name=\"twitter:data1\" content=\"fernando garcia\" \/>\n\t<meta name=\"twitter:label2\" content=\"Tiempo de lectura\" \/>\n\t<meta name=\"twitter:data2\" content=\"1 minuto\" \/>\n<script type=\"application\/ld+json\" class=\"yoast-schema-graph\">{\"@context\":\"https:\/\/schema.org\",\"@graph\":[{\"@type\":\"WebPage\",\"@id\":\"https:\/\/ondauno.com.ar\/index.php\/2020\/09\/25\/tres-residentes-del-geriatrico-municipal-aislados-por-covid\/\",\"url\":\"https:\/\/ondauno.com.ar\/index.php\/2020\/09\/25\/tres-residentes-del-geriatrico-municipal-aislados-por-covid\/\",\"name\":\"Tres residentes del geri\u00e1trico municipal aislados por Covid - 103.9 fm\",\"isPartOf\":{\"@id\":\"https:\/\/ondauno.com.ar\/#website\"},\"primaryImageOfPage\":{\"@id\":\"https:\/\/ondauno.com.ar\/index.php\/2020\/09\/25\/tres-residentes-del-geriatrico-municipal-aislados-por-covid\/#primaryimage\"},\"image\":{\"@id\":\"https:\/\/ondauno.com.ar\/index.php\/2020\/09\/25\/tres-residentes-del-geriatrico-municipal-aislados-por-covid\/#primaryimage\"},\"thumbnailUrl\":\"https:\/\/ondauno.com.ar\/wp-content\/uploads\/2020\/09\/lvp.geriatrico.jpg\",\"datePublished\":\"2020-09-25T17:32:28+00:00\",\"dateModified\":\"2020-09-25T17:33:46+00:00\",\"author\":{\"@id\":\"https:\/\/ondauno.com.ar\/#\/schema\/person\/201d1b68e6c75e0fd396fe5f8af5d139\"},\"breadcrumb\":{\"@id\":\"https:\/\/ondauno.com.ar\/index.php\/2020\/09\/25\/tres-residentes-del-geriatrico-municipal-aislados-por-covid\/#breadcrumb\"},\"inLanguage\":\"es-AR\",\"potentialAction\":[{\"@type\":\"ReadAction\",\"target\":[\"https:\/\/ondauno.com.ar\/index.php\/2020\/09\/25\/tres-residentes-del-geriatrico-municipal-aislados-por-covid\/\"]}]},{\"@type\":\"ImageObject\",\"inLanguage\":\"es-AR\",\"@id\":\"https:\/\/ondauno.com.ar\/index.php\/2020\/09\/25\/tres-residentes-del-geriatrico-municipal-aislados-por-covid\/#primaryimage\",\"url\":\"https:\/\/ondauno.com.ar\/wp-content\/uploads\/2020\/09\/lvp.geriatrico.jpg\",\"contentUrl\":\"https:\/\/ondauno.com.ar\/wp-content\/uploads\/2020\/09\/lvp.geriatrico.jpg\",\"width\":322,\"height\":156},{\"@type\":\"BreadcrumbList\",\"@id\":\"https:\/\/ondauno.com.ar\/index.php\/2020\/09\/25\/tres-residentes-del-geriatrico-municipal-aislados-por-covid\/#breadcrumb\",\"itemListElement\":[{\"@type\":\"ListItem\",\"position\":1,\"name\":\"Inicio\",\"item\":\"https:\/\/ondauno.com.ar\/\"},{\"@type\":\"ListItem\",\"position\":2,\"name\":\"Tres residentes del geri\u00e1trico municipal aislados por Covid\"}]},{\"@type\":\"WebSite\",\"@id\":\"https:\/\/ondauno.com.ar\/#website\",\"url\":\"https:\/\/ondauno.com.ar\/\",\"name\":\"103.9 fm\",\"description\":\"LA PRIMERA RADIO MULTIMEDIA DE TRES ARROYOS\",\"potentialAction\":[{\"@type\":\"SearchAction\",\"target\":{\"@type\":\"EntryPoint\",\"urlTemplate\":\"https:\/\/ondauno.com.ar\/?s={search_term_string}\"},\"query-input\":\"required name=search_term_string\"}],\"inLanguage\":\"es-AR\"},{\"@type\":\"Person\",\"@id\":\"https:\/\/ondauno.com.ar\/#\/schema\/person\/201d1b68e6c75e0fd396fe5f8af5d139\",\"name\":\"fernando garcia\",\"image\":{\"@type\":\"ImageObject\",\"inLanguage\":\"es-AR\",\"@id\":\"https:\/\/ondauno.com.ar\/#\/schema\/person\/image\/\",\"url\":\"https:\/\/secure.gravatar.com\/avatar\/5f7254642ad81272e79a2e69653cfdfc?s=96&d=mm&r=g\",\"contentUrl\":\"https:\/\/secure.gravatar.com\/avatar\/5f7254642ad81272e79a2e69653cfdfc?s=96&d=mm&r=g\",\"caption\":\"fernando garcia\"},\"url\":\"https:\/\/ondauno.com.ar\/index.php\/author\/ondaunoeditor\/\"}]}<\/script>\n<!-- \/ Yoast SEO plugin. -->","yoast_head_json":{"title":"Tres residentes del geri\u00e1trico municipal aislados por Covid - 103.9 fm","robots":{"index":"index","follow":"follow","max-snippet":"max-snippet:-1","max-image-preview":"max-image-preview:large","max-video-preview":"max-video-preview:-1"},"canonical":"https:\/\/ondauno.com.ar\/index.php\/2020\/09\/25\/tres-residentes-del-geriatrico-municipal-aislados-por-covid\/","og_locale":"es_ES","og_type":"article","og_title":"Tres residentes del geri\u00e1trico municipal aislados por Covid - 103.9 fm","og_description":"Luego de que dos personas que trabajan en el Geri\u00e1trico Municipal dieran positivo de Covid 19 se aisl\u00f3 a los residentes y se hisopo a quienes presentaron s\u00edntomas compatibles con el virus. Tres personas mayores que viven en el Geri\u00e1trico de C\u00f3rdoba al 400 dieron positivo de Covid, al ser asintom\u00e1ticas se encuentran aisladas del [&hellip;]","og_url":"https:\/\/ondauno.com.ar\/index.php\/2020\/09\/25\/tres-residentes-del-geriatrico-municipal-aislados-por-covid\/","og_site_name":"103.9 fm","article_publisher":"https:\/\/www.facebook.com\/ondauno103.9","article_published_time":"2020-09-25T17:32:28+00:00","article_modified_time":"2020-09-25T17:33:46+00:00","og_image":[{"width":322,"height":156,"url":"https:\/\/ondauno.com.ar\/wp-content\/uploads\/2020\/09\/lvp.geriatrico.jpg","type":"image\/jpeg"}],"author":"fernando garcia","twitter_card":"summary_large_image","twitter_misc":{"Escrito por":"fernando garcia","Tiempo de lectura":"1 minuto"},"schema":{"@context":"https:\/\/schema.org","@graph":[{"@type":"WebPage","@id":"https:\/\/ondauno.com.ar\/index.php\/2020\/09\/25\/tres-residentes-del-geriatrico-municipal-aislados-por-covid\/","url":"https:\/\/ondauno.com.ar\/index.php\/2020\/09\/25\/tres-residentes-del-geriatrico-municipal-aislados-por-covid\/","name":"Tres residentes del geri\u00e1trico municipal aislados por Covid - 103.9 fm","isPartOf":{"@id":"https:\/\/ondauno.com.ar\/#website"},"primaryImageOfPage":{"@id":"https:\/\/ondauno.com.ar\/index.php\/2020\/09\/25\/tres-residentes-del-geriatrico-municipal-aislados-por-covid\/#primaryimage"},"image":{"@id":"https:\/\/ondauno.com.ar\/index.php\/2020\/09\/25\/tres-residentes-del-geriatrico-municipal-aislados-por-covid\/#primaryimage"},"thumbnailUrl":"https:\/\/ondauno.com.ar\/wp-content\/uploads\/2020\/09\/lvp.geriatrico.jpg","datePublished":"2020-09-25T17:32:28+00:00","dateModified":"2020-09-25T17:33:46+00:00","author":{"@id":"https:\/\/ondauno.com.ar\/#\/schema\/person\/201d1b68e6c75e0fd396fe5f8af5d139"},"breadcrumb":{"@id":"https:\/\/ondauno.com.ar\/index.php\/2020\/09\/25\/tres-residentes-del-geriatrico-municipal-aislados-por-covid\/#breadcrumb"},"inLanguage":"es-AR","potentialAction":[{"@type":"ReadAction","target":["https:\/\/ondauno.com.ar\/index.php\/2020\/09\/25\/tres-residentes-del-geriatrico-municipal-aislados-por-covid\/"]}]},{"@type":"ImageObject","inLanguage":"es-AR","@id":"https:\/\/ondauno.com.ar\/index.php\/2020\/09\/25\/tres-residentes-del-geriatrico-municipal-aislados-por-covid\/#primaryimage","url":"https:\/\/ondauno.com.ar\/wp-content\/uploads\/2020\/09\/lvp.geriatrico.jpg","contentUrl":"https:\/\/ondauno.com.ar\/wp-content\/uploads\/2020\/09\/lvp.geriatrico.jpg","width":322,"height":156},{"@type":"BreadcrumbList","@id":"https:\/\/ondauno.com.ar\/index.php\/2020\/09\/25\/tres-residentes-del-geriatrico-municipal-aislados-por-covid\/#breadcrumb","itemListElement":[{"@type":"ListItem","position":1,"name":"Inicio","item":"https:\/\/ondauno.com.ar\/"},{"@type":"ListItem","position":2,"name":"Tres residentes del geri\u00e1trico municipal aislados por Covid"}]},{"@type":"WebSite","@id":"https:\/\/ondauno.com.ar\/#website","url":"https:\/\/ondauno.com.ar\/","name":"103.9 fm","description":"LA PRIMERA RADIO MULTIMEDIA DE TRES ARROYOS","potentialAction":[{"@type":"SearchAction","target":{"@type":"EntryPoint","urlTemplate":"https:\/\/ondauno.com.ar\/?s={search_term_string}"},"query-input":"required name=search_term_string"}],"inLanguage":"es-AR"},{"@type":"Person","@id":"https:\/\/ondauno.com.ar\/#\/schema\/person\/201d1b68e6c75e0fd396fe5f8af5d139","name":"fernando garcia","image":{"@type":"ImageObject","inLanguage":"es-AR","@id":"https:\/\/ondauno.com.ar\/#\/schema\/person\/image\/","url":"https:\/\/secure.gravatar.com\/avatar\/5f7254642ad81272e79a2e69653cfdfc?s=96&d=mm&r=g","contentUrl":"https:\/\/secure.gravatar.com\/avatar\/5f7254642ad81272e79a2e69653cfdfc?s=96&d=mm&r=g","caption":"fernando garcia"},"url":"https:\/\/ondauno.com.ar\/index.php\/author\/ondaunoeditor\/"}]}},"jetpack_publicize_connections":[],"jetpack_featured_media_url":"https:\/\/ondauno.com.ar\/wp-content\/uploads\/2020\/09\/lvp.geriatrico.jpg","jetpack_sharing_enabled":true,"_links":{"self":[{"href":"https:\/\/ondauno.com.ar\/index.php\/wp-json\/wp\/v2\/posts\/16784","targetHints":{"allow":["GET"]}}],"collection":[{"href":"https:\/\/ondauno.com.ar\/index.php\/wp-json\/wp\/v2\/posts"}],"about":[{"href":"https:\/\/ondauno.com.ar\/index.php\/wp-json\/wp\/v2\/types\/post"}],"author":[{"embeddable":true,"href":"https:\/\/ondauno.com.ar\/index.php\/wp-json\/wp\/v2\/users\/2"}],"replies":[{"embeddable":true,"href":"https:\/\/ondauno.com.ar\/index.php\/wp-json\/wp\/v2\/comments?post=16784"}],"version-history":[{"count":0,"href":"https:\/\/ondauno.com.ar\/index.php\/wp-json\/wp\/v2\/posts\/16784\/revisions"}],"wp:featuredmedia":[{"embeddable":true,"href":"https:\/\/ondauno.com.ar\/index.php\/wp-json\/wp\/v2\/media\/16783"}],"wp:attachment":[{"href":"https:\/\/ondauno.com.ar\/index.php\/wp-json\/wp\/v2\/media?parent=16784"}],"wp:term":[{"taxonomy":"category","embeddable":true,"href":"https:\/\/ondauno.com.ar\/index.php\/wp-json\/wp\/v2\/categories?post=16784"},{"taxonomy":"post_tag","embeddable":true,"href":"https:\/\/ondauno.com.ar\/index.php\/wp-json\/wp\/v2\/tags?post=16784"}],"curies":[{"name":"wp","href":"https:\/\/api.w.org\/{rel}","templated":true}]}}