{"id":1651,"date":"2019-11-13T16:29:23","date_gmt":"2019-11-13T19:29:23","guid":{"rendered":"http:\/\/ondauno.com.ar\/?p=1651"},"modified":"2019-11-13T16:49:26","modified_gmt":"2019-11-13T19:49:26","slug":"la-red-de-amor-que-tejio-isol-misenta-la-autora-de-los-libros-que-se-prendieron-fuego-en-la-escuela-n5","status":"publish","type":"post","link":"https:\/\/ondauno.com.ar\/index.php\/2019\/11\/13\/la-red-de-amor-que-tejio-isol-misenta-la-autora-de-los-libros-que-se-prendieron-fuego-en-la-escuela-n5\/","title":{"rendered":"La red de amor que teji\u00f3 Isol  Misenta, la autora de los libros que se prendieron fuego en la Escuela N\u00b05"},"content":{"rendered":"<div class=\"ondau-before-content_3\" style=\"margin-top: -30px;\" id=\"ondau-2926681060\"><a href=\"https:\/\/www.lps.com.ar\/\" aria-label=\"la-perse2\"><img loading=\"lazy\" decoding=\"async\" src=\"https:\/\/ondauno.com.ar\/wp-content\/uploads\/2021\/10\/la-perse2.jpg\" alt=\"\"  srcset=\"https:\/\/ondauno.com.ar\/wp-content\/uploads\/2021\/10\/la-perse2.jpg 1353w, https:\/\/ondauno.com.ar\/wp-content\/uploads\/2021\/10\/la-perse2-300x43.jpg 300w, https:\/\/ondauno.com.ar\/wp-content\/uploads\/2021\/10\/la-perse2-1024x148.jpg 1024w, https:\/\/ondauno.com.ar\/wp-content\/uploads\/2021\/10\/la-perse2-768x111.jpg 768w, https:\/\/ondauno.com.ar\/wp-content\/uploads\/2021\/10\/la-perse2-696x100.jpg 696w, https:\/\/ondauno.com.ar\/wp-content\/uploads\/2021\/10\/la-perse2-1068x154.jpg 1068w\" sizes=\"(max-width: 1353px) 100vw, 1353px\" class=\"no-lazyload\" width=\"1353\" height=\"195\"  style=\"display: inline-block;\" \/><\/a><\/div>\n<p><strong>Marisol Misenta<\/strong>, m\u00e1s conocida como&nbsp;<strong>Isol<\/strong>&nbsp;\u200b es una reconocida dibujante y autora de libros ilustrados.  Es tambi\u00e9n cantante y se desempe\u00f1\u00f3 dentro del \u00e1mbito del pop&nbsp;y de la m\u00fasica cl\u00e1sica.<\/p>\n\n\n\n<p>Los alumnos de tercer grado de la Escuela N\u00b0 5 leyeron durante todo el a\u00f1o varios t\u00edtulos de la autora Isol Misenta y realizaron una video llamada para conocerla.<\/p>\n\n\n\n<p>Durante esa actividad la ilustradora y escritora les ense\u00f1\u00f3 c\u00f3mo realiza sus dibujos los que luego envi\u00f3 para que en la muestra anual los alumnos pudieran exponerlos junto con todos los trabajos de escritura realizados sobre su literatura.<\/p>\n\n\n\n<figure class=\"wp-block-image\"><img loading=\"lazy\" decoding=\"async\" width=\"1024\" height=\"768\" data-src=\"http:\/\/ondauno.com.ar\/wp-content\/uploads\/2019\/11\/ESCUELA-5-ALUMNOS-TERCERO-1024x768.jpg\" alt=\"\" class=\"wp-image-1654 lazyload\" data-srcset=\"https:\/\/ondauno.com.ar\/wp-content\/uploads\/2019\/11\/ESCUELA-5-ALUMNOS-TERCERO-1024x768.jpg 1024w, https:\/\/ondauno.com.ar\/wp-content\/uploads\/2019\/11\/ESCUELA-5-ALUMNOS-TERCERO-300x225.jpg 300w, https:\/\/ondauno.com.ar\/wp-content\/uploads\/2019\/11\/ESCUELA-5-ALUMNOS-TERCERO-768x576.jpg 768w, https:\/\/ondauno.com.ar\/wp-content\/uploads\/2019\/11\/ESCUELA-5-ALUMNOS-TERCERO-80x60.jpg 80w, https:\/\/ondauno.com.ar\/wp-content\/uploads\/2019\/11\/ESCUELA-5-ALUMNOS-TERCERO-265x198.jpg 265w, https:\/\/ondauno.com.ar\/wp-content\/uploads\/2019\/11\/ESCUELA-5-ALUMNOS-TERCERO-696x522.jpg 696w, https:\/\/ondauno.com.ar\/wp-content\/uploads\/2019\/11\/ESCUELA-5-ALUMNOS-TERCERO-560x420.jpg 560w, https:\/\/ondauno.com.ar\/wp-content\/uploads\/2019\/11\/ESCUELA-5-ALUMNOS-TERCERO.jpg 1040w\" data-sizes=\"auto, (max-width: 1024px) 100vw, 1024px\" src=\"data:image\/gif;base64,R0lGODlhAQABAAAAACH5BAEKAAEALAAAAAABAAEAAAICTAEAOw==\" style=\"--smush-placeholder-width: 1024px; --smush-placeholder-aspect-ratio: 1024\/768;\" \/><noscript><img loading=\"lazy\" decoding=\"async\" width=\"1024\" height=\"768\" src=\"http:\/\/ondauno.com.ar\/wp-content\/uploads\/2019\/11\/ESCUELA-5-ALUMNOS-TERCERO-1024x768.jpg\" alt=\"\" class=\"wp-image-1654\" srcset=\"https:\/\/ondauno.com.ar\/wp-content\/uploads\/2019\/11\/ESCUELA-5-ALUMNOS-TERCERO-1024x768.jpg 1024w, https:\/\/ondauno.com.ar\/wp-content\/uploads\/2019\/11\/ESCUELA-5-ALUMNOS-TERCERO-300x225.jpg 300w, https:\/\/ondauno.com.ar\/wp-content\/uploads\/2019\/11\/ESCUELA-5-ALUMNOS-TERCERO-768x576.jpg 768w, https:\/\/ondauno.com.ar\/wp-content\/uploads\/2019\/11\/ESCUELA-5-ALUMNOS-TERCERO-80x60.jpg 80w, https:\/\/ondauno.com.ar\/wp-content\/uploads\/2019\/11\/ESCUELA-5-ALUMNOS-TERCERO-265x198.jpg 265w, https:\/\/ondauno.com.ar\/wp-content\/uploads\/2019\/11\/ESCUELA-5-ALUMNOS-TERCERO-696x522.jpg 696w, https:\/\/ondauno.com.ar\/wp-content\/uploads\/2019\/11\/ESCUELA-5-ALUMNOS-TERCERO-560x420.jpg 560w, https:\/\/ondauno.com.ar\/wp-content\/uploads\/2019\/11\/ESCUELA-5-ALUMNOS-TERCERO.jpg 1040w\" sizes=\"auto, (max-width: 1024px) 100vw, 1024px\" \/><\/noscript><\/figure>\n\n\n\n<p>El tr\u00e1gico incendio de la Escuela N\u00b0 5 se llev\u00f3 la colecci\u00f3n de libros de Isol, muchos de ellos hab\u00edan comprado en la Feria del Libro con mucho sacrificio.<\/p>\n\n\n\n<figure class=\"wp-block-image\"><img loading=\"lazy\" decoding=\"async\" width=\"768\" height=\"1024\" data-src=\"http:\/\/ondauno.com.ar\/wp-content\/uploads\/2019\/11\/WhatsApp-Image-2019-11-13-at-16.33.17-768x1024.jpeg\" alt=\"\" class=\"wp-image-1676 lazyload\" data-srcset=\"https:\/\/ondauno.com.ar\/wp-content\/uploads\/2019\/11\/WhatsApp-Image-2019-11-13-at-16.33.17-768x1024.jpeg 768w, https:\/\/ondauno.com.ar\/wp-content\/uploads\/2019\/11\/WhatsApp-Image-2019-11-13-at-16.33.17-225x300.jpeg 225w, https:\/\/ondauno.com.ar\/wp-content\/uploads\/2019\/11\/WhatsApp-Image-2019-11-13-at-16.33.17-696x928.jpeg 696w, https:\/\/ondauno.com.ar\/wp-content\/uploads\/2019\/11\/WhatsApp-Image-2019-11-13-at-16.33.17-315x420.jpeg 315w, https:\/\/ondauno.com.ar\/wp-content\/uploads\/2019\/11\/WhatsApp-Image-2019-11-13-at-16.33.17.jpeg 960w\" data-sizes=\"auto, (max-width: 768px) 100vw, 768px\" src=\"data:image\/gif;base64,R0lGODlhAQABAAAAACH5BAEKAAEALAAAAAABAAEAAAICTAEAOw==\" style=\"--smush-placeholder-width: 768px; --smush-placeholder-aspect-ratio: 768\/1024;\" \/><noscript><img loading=\"lazy\" decoding=\"async\" width=\"768\" height=\"1024\" src=\"http:\/\/ondauno.com.ar\/wp-content\/uploads\/2019\/11\/WhatsApp-Image-2019-11-13-at-16.33.17-768x1024.jpeg\" alt=\"\" class=\"wp-image-1676\" srcset=\"https:\/\/ondauno.com.ar\/wp-content\/uploads\/2019\/11\/WhatsApp-Image-2019-11-13-at-16.33.17-768x1024.jpeg 768w, https:\/\/ondauno.com.ar\/wp-content\/uploads\/2019\/11\/WhatsApp-Image-2019-11-13-at-16.33.17-225x300.jpeg 225w, https:\/\/ondauno.com.ar\/wp-content\/uploads\/2019\/11\/WhatsApp-Image-2019-11-13-at-16.33.17-696x928.jpeg 696w, https:\/\/ondauno.com.ar\/wp-content\/uploads\/2019\/11\/WhatsApp-Image-2019-11-13-at-16.33.17-315x420.jpeg 315w, https:\/\/ondauno.com.ar\/wp-content\/uploads\/2019\/11\/WhatsApp-Image-2019-11-13-at-16.33.17.jpeg 960w\" sizes=\"auto, (max-width: 768px) 100vw, 768px\" \/><\/noscript><figcaption>Un dibujo de Isol para los alumnos de tercer grado de la EP 5<\/figcaption><\/figure>\n\n\n\n<p>El primer d\u00eda que llegaron a clases despu\u00e9s del siniestro a la Escuela N\u00b021, los alumnos preguntaron a su docente Ana Pospichal por sus libros.<\/p>\n\n\n\n<figure class=\"wp-block-image\"><img loading=\"lazy\" decoding=\"async\" width=\"1024\" height=\"881\" data-src=\"http:\/\/ondauno.com.ar\/wp-content\/uploads\/2019\/11\/WhatsApp-Image-2019-11-13-at-16.33.16-1024x881.jpeg\" alt=\"\" class=\"wp-image-1678 lazyload\" data-srcset=\"https:\/\/ondauno.com.ar\/wp-content\/uploads\/2019\/11\/WhatsApp-Image-2019-11-13-at-16.33.16-1024x881.jpeg 1024w, https:\/\/ondauno.com.ar\/wp-content\/uploads\/2019\/11\/WhatsApp-Image-2019-11-13-at-16.33.16-300x258.jpeg 300w, https:\/\/ondauno.com.ar\/wp-content\/uploads\/2019\/11\/WhatsApp-Image-2019-11-13-at-16.33.16-768x661.jpeg 768w, https:\/\/ondauno.com.ar\/wp-content\/uploads\/2019\/11\/WhatsApp-Image-2019-11-13-at-16.33.16-696x599.jpeg 696w, https:\/\/ondauno.com.ar\/wp-content\/uploads\/2019\/11\/WhatsApp-Image-2019-11-13-at-16.33.16-1068x919.jpeg 1068w, https:\/\/ondauno.com.ar\/wp-content\/uploads\/2019\/11\/WhatsApp-Image-2019-11-13-at-16.33.16-488x420.jpeg 488w, https:\/\/ondauno.com.ar\/wp-content\/uploads\/2019\/11\/WhatsApp-Image-2019-11-13-at-16.33.16.jpeg 1280w\" data-sizes=\"auto, (max-width: 1024px) 100vw, 1024px\" src=\"data:image\/gif;base64,R0lGODlhAQABAAAAACH5BAEKAAEALAAAAAABAAEAAAICTAEAOw==\" style=\"--smush-placeholder-width: 1024px; --smush-placeholder-aspect-ratio: 1024\/881;\" \/><noscript><img loading=\"lazy\" decoding=\"async\" width=\"1024\" height=\"881\" src=\"http:\/\/ondauno.com.ar\/wp-content\/uploads\/2019\/11\/WhatsApp-Image-2019-11-13-at-16.33.16-1024x881.jpeg\" alt=\"\" class=\"wp-image-1678\" srcset=\"https:\/\/ondauno.com.ar\/wp-content\/uploads\/2019\/11\/WhatsApp-Image-2019-11-13-at-16.33.16-1024x881.jpeg 1024w, https:\/\/ondauno.com.ar\/wp-content\/uploads\/2019\/11\/WhatsApp-Image-2019-11-13-at-16.33.16-300x258.jpeg 300w, https:\/\/ondauno.com.ar\/wp-content\/uploads\/2019\/11\/WhatsApp-Image-2019-11-13-at-16.33.16-768x661.jpeg 768w, https:\/\/ondauno.com.ar\/wp-content\/uploads\/2019\/11\/WhatsApp-Image-2019-11-13-at-16.33.16-696x599.jpeg 696w, https:\/\/ondauno.com.ar\/wp-content\/uploads\/2019\/11\/WhatsApp-Image-2019-11-13-at-16.33.16-1068x919.jpeg 1068w, https:\/\/ondauno.com.ar\/wp-content\/uploads\/2019\/11\/WhatsApp-Image-2019-11-13-at-16.33.16-488x420.jpeg 488w, https:\/\/ondauno.com.ar\/wp-content\/uploads\/2019\/11\/WhatsApp-Image-2019-11-13-at-16.33.16.jpeg 1280w\" sizes=\"auto, (max-width: 1024px) 100vw, 1024px\" \/><\/noscript><\/figure>\n\n\n\n<p>La maestra tuvo que contarles que se hab\u00edan perdido en el incendio y \u00e9sto desanim\u00f3 hasta las l\u00e1grimas a los peque\u00f1os.<\/p>\n\n\n\n<figure class=\"wp-block-embed-facebook wp-block-embed is-type-video is-provider-facebook\"><div class=\"wp-block-embed__wrapper\">\n<div class=\"fb-video\" data-allowfullscreen=\"true\" data-href=\"https:\/\/www.facebook.com\/ondauno103.9\/videos\/1793190887491577\/\" style=\"background-color: #fff; display: inline-block;\"><\/div>\n<\/div><\/figure>\n\n\n\n<p>Entonces la docente se comunic\u00f3 con la autora y \u00e9sta con sus contactos y as\u00ed armaron una enorme telara\u00f1a de amor. Autores, docentes, amigos de Isol donaron sus libros, de sus bibliotecas para que los alumnos de tercer grado concluyan su trabajo y no sientan la ausencia de lo m\u00e1s hermoso y preciado que tienen: el saber a trav\u00e9s de la imaginaci\u00f3n y la creatividad.<\/p>\n\n\n\n<figure class=\"wp-block-image\"><img loading=\"lazy\" decoding=\"async\" width=\"1024\" height=\"578\" data-src=\"http:\/\/ondauno.com.ar\/wp-content\/uploads\/2019\/11\/WhatsApp-Image-2019-11-13-at-12.32.52-1024x578.jpeg\" alt=\"\" class=\"wp-image-1653 lazyload\" data-srcset=\"https:\/\/ondauno.com.ar\/wp-content\/uploads\/2019\/11\/WhatsApp-Image-2019-11-13-at-12.32.52-1024x578.jpeg 1024w, https:\/\/ondauno.com.ar\/wp-content\/uploads\/2019\/11\/WhatsApp-Image-2019-11-13-at-12.32.52-300x169.jpeg 300w, https:\/\/ondauno.com.ar\/wp-content\/uploads\/2019\/11\/WhatsApp-Image-2019-11-13-at-12.32.52-768x433.jpeg 768w, https:\/\/ondauno.com.ar\/wp-content\/uploads\/2019\/11\/WhatsApp-Image-2019-11-13-at-12.32.52-696x393.jpeg 696w, https:\/\/ondauno.com.ar\/wp-content\/uploads\/2019\/11\/WhatsApp-Image-2019-11-13-at-12.32.52-1068x602.jpeg 1068w, https:\/\/ondauno.com.ar\/wp-content\/uploads\/2019\/11\/WhatsApp-Image-2019-11-13-at-12.32.52-745x420.jpeg 745w, https:\/\/ondauno.com.ar\/wp-content\/uploads\/2019\/11\/WhatsApp-Image-2019-11-13-at-12.32.52.jpeg 1280w\" data-sizes=\"auto, (max-width: 1024px) 100vw, 1024px\" src=\"data:image\/gif;base64,R0lGODlhAQABAAAAACH5BAEKAAEALAAAAAABAAEAAAICTAEAOw==\" style=\"--smush-placeholder-width: 1024px; --smush-placeholder-aspect-ratio: 1024\/578;\" \/><noscript><img loading=\"lazy\" decoding=\"async\" width=\"1024\" height=\"578\" src=\"http:\/\/ondauno.com.ar\/wp-content\/uploads\/2019\/11\/WhatsApp-Image-2019-11-13-at-12.32.52-1024x578.jpeg\" alt=\"\" class=\"wp-image-1653\" srcset=\"https:\/\/ondauno.com.ar\/wp-content\/uploads\/2019\/11\/WhatsApp-Image-2019-11-13-at-12.32.52-1024x578.jpeg 1024w, https:\/\/ondauno.com.ar\/wp-content\/uploads\/2019\/11\/WhatsApp-Image-2019-11-13-at-12.32.52-300x169.jpeg 300w, https:\/\/ondauno.com.ar\/wp-content\/uploads\/2019\/11\/WhatsApp-Image-2019-11-13-at-12.32.52-768x433.jpeg 768w, https:\/\/ondauno.com.ar\/wp-content\/uploads\/2019\/11\/WhatsApp-Image-2019-11-13-at-12.32.52-696x393.jpeg 696w, https:\/\/ondauno.com.ar\/wp-content\/uploads\/2019\/11\/WhatsApp-Image-2019-11-13-at-12.32.52-1068x602.jpeg 1068w, https:\/\/ondauno.com.ar\/wp-content\/uploads\/2019\/11\/WhatsApp-Image-2019-11-13-at-12.32.52-745x420.jpeg 745w, https:\/\/ondauno.com.ar\/wp-content\/uploads\/2019\/11\/WhatsApp-Image-2019-11-13-at-12.32.52.jpeg 1280w\" sizes=\"auto, (max-width: 1024px) 100vw, 1024px\" \/><\/noscript><figcaption>Libros hasta ahora, con aportes de Yael Frankel y Bel\u00e9n Diehl,otros donados por amigos, docentes y parte de la comunidad literaria.<\/figcaption><\/figure>\n\n\n\n<p>La autora habl\u00f3 esta ma\u00f1ana en Cosas que pasan y cont\u00f3 la experiencia de amor que moviliz\u00f3 a tanta gente.<\/p>\n","protected":false},"excerpt":{"rendered":"<p>Marisol Misenta, m\u00e1s conocida como&nbsp;Isol&nbsp;\u200b es una reconocida dibujante y autora de libros ilustrados. Es tambi\u00e9n cantante y se desempe\u00f1\u00f3 dentro del \u00e1mbito del pop&nbsp;y de la m\u00fasica cl\u00e1sica. Los alumnos de tercer grado de la Escuela N\u00b0 5 leyeron durante todo el a\u00f1o varios t\u00edtulos de la autora Isol Misenta y realizaron una video [&hellip;]<\/p>\n","protected":false},"author":2,"featured_media":1652,"comment_status":"open","ping_status":"open","sticky":false,"template":"","format":"standard","meta":{"tdm_status":"","tdm_grid_status":"","_jetpack_memberships_contains_paid_content":false,"footnotes":"","jetpack_publicize_message":"","jetpack_publicize_feature_enabled":true,"jetpack_social_post_already_shared":false,"jetpack_social_options":{"image_generator_settings":{"template":"highway","default_image_id":0,"font":"","enabled":false},"version":2}},"categories":[26,2],"tags":[],"class_list":{"0":"post-1651","1":"post","2":"type-post","3":"status-publish","4":"format-standard","5":"has-post-thumbnail","7":"category-destacada","8":"category-locales"},"yoast_head":"<!-- This site is optimized with the Yoast SEO plugin v22.7 - https:\/\/yoast.com\/wordpress\/plugins\/seo\/ -->\n<title>La red de amor que teji\u00f3 Isol Misenta, la autora de los libros que se prendieron fuego en la Escuela N\u00b05 - 103.9 fm<\/title>\n<meta name=\"robots\" content=\"index, follow, max-snippet:-1, max-image-preview:large, max-video-preview:-1\" \/>\n<link rel=\"canonical\" href=\"https:\/\/ondauno.com.ar\/index.php\/2019\/11\/13\/la-red-de-amor-que-tejio-isol-misenta-la-autora-de-los-libros-que-se-prendieron-fuego-en-la-escuela-n5\/\" \/>\n<meta property=\"og:locale\" content=\"es_ES\" \/>\n<meta property=\"og:type\" content=\"article\" \/>\n<meta property=\"og:title\" content=\"La red de amor que teji\u00f3 Isol Misenta, la autora de los libros que se prendieron fuego en la Escuela N\u00b05 - 103.9 fm\" \/>\n<meta property=\"og:description\" content=\"Marisol Misenta, m\u00e1s conocida como&nbsp;Isol&nbsp;\u200b es una reconocida dibujante y autora de libros ilustrados. Es tambi\u00e9n cantante y se desempe\u00f1\u00f3 dentro del \u00e1mbito del pop&nbsp;y de la m\u00fasica cl\u00e1sica. Los alumnos de tercer grado de la Escuela N\u00b0 5 leyeron durante todo el a\u00f1o varios t\u00edtulos de la autora Isol Misenta y realizaron una video [&hellip;]\" \/>\n<meta property=\"og:url\" content=\"https:\/\/ondauno.com.ar\/index.php\/2019\/11\/13\/la-red-de-amor-que-tejio-isol-misenta-la-autora-de-los-libros-que-se-prendieron-fuego-en-la-escuela-n5\/\" \/>\n<meta property=\"og:site_name\" content=\"103.9 fm\" \/>\n<meta property=\"article:publisher\" content=\"https:\/\/www.facebook.com\/ondauno103.9\" \/>\n<meta property=\"article:published_time\" content=\"2019-11-13T19:29:23+00:00\" \/>\n<meta property=\"article:modified_time\" content=\"2019-11-13T19:49:26+00:00\" \/>\n<meta property=\"og:image\" content=\"https:\/\/ondauno.com.ar\/wp-content\/uploads\/2019\/11\/isol-escritora.jpeg\" \/>\n\t<meta property=\"og:image:width\" content=\"2832\" \/>\n\t<meta property=\"og:image:height\" content=\"4256\" \/>\n\t<meta property=\"og:image:type\" content=\"image\/jpeg\" \/>\n<meta name=\"author\" content=\"fernando garcia\" \/>\n<meta name=\"twitter:card\" content=\"summary_large_image\" \/>\n<meta name=\"twitter:label1\" content=\"Escrito por\" \/>\n\t<meta name=\"twitter:data1\" content=\"fernando garcia\" \/>\n\t<meta name=\"twitter:label2\" content=\"Tiempo de lectura\" \/>\n\t<meta name=\"twitter:data2\" content=\"2 minutos\" \/>\n<script type=\"application\/ld+json\" class=\"yoast-schema-graph\">{\"@context\":\"https:\/\/schema.org\",\"@graph\":[{\"@type\":\"WebPage\",\"@id\":\"https:\/\/ondauno.com.ar\/index.php\/2019\/11\/13\/la-red-de-amor-que-tejio-isol-misenta-la-autora-de-los-libros-que-se-prendieron-fuego-en-la-escuela-n5\/\",\"url\":\"https:\/\/ondauno.com.ar\/index.php\/2019\/11\/13\/la-red-de-amor-que-tejio-isol-misenta-la-autora-de-los-libros-que-se-prendieron-fuego-en-la-escuela-n5\/\",\"name\":\"La red de amor que teji\u00f3 Isol Misenta, la autora de los libros que se prendieron fuego en la Escuela N\u00b05 - 103.9 fm\",\"isPartOf\":{\"@id\":\"https:\/\/ondauno.com.ar\/#website\"},\"primaryImageOfPage\":{\"@id\":\"https:\/\/ondauno.com.ar\/index.php\/2019\/11\/13\/la-red-de-amor-que-tejio-isol-misenta-la-autora-de-los-libros-que-se-prendieron-fuego-en-la-escuela-n5\/#primaryimage\"},\"image\":{\"@id\":\"https:\/\/ondauno.com.ar\/index.php\/2019\/11\/13\/la-red-de-amor-que-tejio-isol-misenta-la-autora-de-los-libros-que-se-prendieron-fuego-en-la-escuela-n5\/#primaryimage\"},\"thumbnailUrl\":\"https:\/\/ondauno.com.ar\/wp-content\/uploads\/2019\/11\/isol-escritora.jpeg\",\"datePublished\":\"2019-11-13T19:29:23+00:00\",\"dateModified\":\"2019-11-13T19:49:26+00:00\",\"author\":{\"@id\":\"https:\/\/ondauno.com.ar\/#\/schema\/person\/201d1b68e6c75e0fd396fe5f8af5d139\"},\"breadcrumb\":{\"@id\":\"https:\/\/ondauno.com.ar\/index.php\/2019\/11\/13\/la-red-de-amor-que-tejio-isol-misenta-la-autora-de-los-libros-que-se-prendieron-fuego-en-la-escuela-n5\/#breadcrumb\"},\"inLanguage\":\"es-AR\",\"potentialAction\":[{\"@type\":\"ReadAction\",\"target\":[\"https:\/\/ondauno.com.ar\/index.php\/2019\/11\/13\/la-red-de-amor-que-tejio-isol-misenta-la-autora-de-los-libros-que-se-prendieron-fuego-en-la-escuela-n5\/\"]}]},{\"@type\":\"ImageObject\",\"inLanguage\":\"es-AR\",\"@id\":\"https:\/\/ondauno.com.ar\/index.php\/2019\/11\/13\/la-red-de-amor-que-tejio-isol-misenta-la-autora-de-los-libros-que-se-prendieron-fuego-en-la-escuela-n5\/#primaryimage\",\"url\":\"https:\/\/ondauno.com.ar\/wp-content\/uploads\/2019\/11\/isol-escritora.jpeg\",\"contentUrl\":\"https:\/\/ondauno.com.ar\/wp-content\/uploads\/2019\/11\/isol-escritora.jpeg\",\"width\":2832,\"height\":4256},{\"@type\":\"BreadcrumbList\",\"@id\":\"https:\/\/ondauno.com.ar\/index.php\/2019\/11\/13\/la-red-de-amor-que-tejio-isol-misenta-la-autora-de-los-libros-que-se-prendieron-fuego-en-la-escuela-n5\/#breadcrumb\",\"itemListElement\":[{\"@type\":\"ListItem\",\"position\":1,\"name\":\"Inicio\",\"item\":\"https:\/\/ondauno.com.ar\/\"},{\"@type\":\"ListItem\",\"position\":2,\"name\":\"La red de amor que teji\u00f3 Isol Misenta, la autora de los libros que se prendieron fuego en la Escuela N\u00b05\"}]},{\"@type\":\"WebSite\",\"@id\":\"https:\/\/ondauno.com.ar\/#website\",\"url\":\"https:\/\/ondauno.com.ar\/\",\"name\":\"103.9 fm\",\"description\":\"LA PRIMERA RADIO MULTIMEDIA DE TRES ARROYOS\",\"potentialAction\":[{\"@type\":\"SearchAction\",\"target\":{\"@type\":\"EntryPoint\",\"urlTemplate\":\"https:\/\/ondauno.com.ar\/?s={search_term_string}\"},\"query-input\":\"required name=search_term_string\"}],\"inLanguage\":\"es-AR\"},{\"@type\":\"Person\",\"@id\":\"https:\/\/ondauno.com.ar\/#\/schema\/person\/201d1b68e6c75e0fd396fe5f8af5d139\",\"name\":\"fernando garcia\",\"image\":{\"@type\":\"ImageObject\",\"inLanguage\":\"es-AR\",\"@id\":\"https:\/\/ondauno.com.ar\/#\/schema\/person\/image\/\",\"url\":\"https:\/\/secure.gravatar.com\/avatar\/5f7254642ad81272e79a2e69653cfdfc?s=96&d=mm&r=g\",\"contentUrl\":\"https:\/\/secure.gravatar.com\/avatar\/5f7254642ad81272e79a2e69653cfdfc?s=96&d=mm&r=g\",\"caption\":\"fernando garcia\"},\"url\":\"https:\/\/ondauno.com.ar\/index.php\/author\/ondaunoeditor\/\"}]}<\/script>\n<!-- \/ Yoast SEO plugin. -->","yoast_head_json":{"title":"La red de amor que teji\u00f3 Isol Misenta, la autora de los libros que se prendieron fuego en la Escuela N\u00b05 - 103.9 fm","robots":{"index":"index","follow":"follow","max-snippet":"max-snippet:-1","max-image-preview":"max-image-preview:large","max-video-preview":"max-video-preview:-1"},"canonical":"https:\/\/ondauno.com.ar\/index.php\/2019\/11\/13\/la-red-de-amor-que-tejio-isol-misenta-la-autora-de-los-libros-que-se-prendieron-fuego-en-la-escuela-n5\/","og_locale":"es_ES","og_type":"article","og_title":"La red de amor que teji\u00f3 Isol Misenta, la autora de los libros que se prendieron fuego en la Escuela N\u00b05 - 103.9 fm","og_description":"Marisol Misenta, m\u00e1s conocida como&nbsp;Isol&nbsp;\u200b es una reconocida dibujante y autora de libros ilustrados. Es tambi\u00e9n cantante y se desempe\u00f1\u00f3 dentro del \u00e1mbito del pop&nbsp;y de la m\u00fasica cl\u00e1sica. Los alumnos de tercer grado de la Escuela N\u00b0 5 leyeron durante todo el a\u00f1o varios t\u00edtulos de la autora Isol Misenta y realizaron una video [&hellip;]","og_url":"https:\/\/ondauno.com.ar\/index.php\/2019\/11\/13\/la-red-de-amor-que-tejio-isol-misenta-la-autora-de-los-libros-que-se-prendieron-fuego-en-la-escuela-n5\/","og_site_name":"103.9 fm","article_publisher":"https:\/\/www.facebook.com\/ondauno103.9","article_published_time":"2019-11-13T19:29:23+00:00","article_modified_time":"2019-11-13T19:49:26+00:00","og_image":[{"width":2832,"height":4256,"url":"https:\/\/ondauno.com.ar\/wp-content\/uploads\/2019\/11\/isol-escritora.jpeg","type":"image\/jpeg"}],"author":"fernando garcia","twitter_card":"summary_large_image","twitter_misc":{"Escrito por":"fernando garcia","Tiempo de lectura":"2 minutos"},"schema":{"@context":"https:\/\/schema.org","@graph":[{"@type":"WebPage","@id":"https:\/\/ondauno.com.ar\/index.php\/2019\/11\/13\/la-red-de-amor-que-tejio-isol-misenta-la-autora-de-los-libros-que-se-prendieron-fuego-en-la-escuela-n5\/","url":"https:\/\/ondauno.com.ar\/index.php\/2019\/11\/13\/la-red-de-amor-que-tejio-isol-misenta-la-autora-de-los-libros-que-se-prendieron-fuego-en-la-escuela-n5\/","name":"La red de amor que teji\u00f3 Isol Misenta, la autora de los libros que se prendieron fuego en la Escuela N\u00b05 - 103.9 fm","isPartOf":{"@id":"https:\/\/ondauno.com.ar\/#website"},"primaryImageOfPage":{"@id":"https:\/\/ondauno.com.ar\/index.php\/2019\/11\/13\/la-red-de-amor-que-tejio-isol-misenta-la-autora-de-los-libros-que-se-prendieron-fuego-en-la-escuela-n5\/#primaryimage"},"image":{"@id":"https:\/\/ondauno.com.ar\/index.php\/2019\/11\/13\/la-red-de-amor-que-tejio-isol-misenta-la-autora-de-los-libros-que-se-prendieron-fuego-en-la-escuela-n5\/#primaryimage"},"thumbnailUrl":"https:\/\/ondauno.com.ar\/wp-content\/uploads\/2019\/11\/isol-escritora.jpeg","datePublished":"2019-11-13T19:29:23+00:00","dateModified":"2019-11-13T19:49:26+00:00","author":{"@id":"https:\/\/ondauno.com.ar\/#\/schema\/person\/201d1b68e6c75e0fd396fe5f8af5d139"},"breadcrumb":{"@id":"https:\/\/ondauno.com.ar\/index.php\/2019\/11\/13\/la-red-de-amor-que-tejio-isol-misenta-la-autora-de-los-libros-que-se-prendieron-fuego-en-la-escuela-n5\/#breadcrumb"},"inLanguage":"es-AR","potentialAction":[{"@type":"ReadAction","target":["https:\/\/ondauno.com.ar\/index.php\/2019\/11\/13\/la-red-de-amor-que-tejio-isol-misenta-la-autora-de-los-libros-que-se-prendieron-fuego-en-la-escuela-n5\/"]}]},{"@type":"ImageObject","inLanguage":"es-AR","@id":"https:\/\/ondauno.com.ar\/index.php\/2019\/11\/13\/la-red-de-amor-que-tejio-isol-misenta-la-autora-de-los-libros-que-se-prendieron-fuego-en-la-escuela-n5\/#primaryimage","url":"https:\/\/ondauno.com.ar\/wp-content\/uploads\/2019\/11\/isol-escritora.jpeg","contentUrl":"https:\/\/ondauno.com.ar\/wp-content\/uploads\/2019\/11\/isol-escritora.jpeg","width":2832,"height":4256},{"@type":"BreadcrumbList","@id":"https:\/\/ondauno.com.ar\/index.php\/2019\/11\/13\/la-red-de-amor-que-tejio-isol-misenta-la-autora-de-los-libros-que-se-prendieron-fuego-en-la-escuela-n5\/#breadcrumb","itemListElement":[{"@type":"ListItem","position":1,"name":"Inicio","item":"https:\/\/ondauno.com.ar\/"},{"@type":"ListItem","position":2,"name":"La red de amor que teji\u00f3 Isol Misenta, la autora de los libros que se prendieron fuego en la Escuela N\u00b05"}]},{"@type":"WebSite","@id":"https:\/\/ondauno.com.ar\/#website","url":"https:\/\/ondauno.com.ar\/","name":"103.9 fm","description":"LA PRIMERA RADIO MULTIMEDIA DE TRES ARROYOS","potentialAction":[{"@type":"SearchAction","target":{"@type":"EntryPoint","urlTemplate":"https:\/\/ondauno.com.ar\/?s={search_term_string}"},"query-input":"required name=search_term_string"}],"inLanguage":"es-AR"},{"@type":"Person","@id":"https:\/\/ondauno.com.ar\/#\/schema\/person\/201d1b68e6c75e0fd396fe5f8af5d139","name":"fernando garcia","image":{"@type":"ImageObject","inLanguage":"es-AR","@id":"https:\/\/ondauno.com.ar\/#\/schema\/person\/image\/","url":"https:\/\/secure.gravatar.com\/avatar\/5f7254642ad81272e79a2e69653cfdfc?s=96&d=mm&r=g","contentUrl":"https:\/\/secure.gravatar.com\/avatar\/5f7254642ad81272e79a2e69653cfdfc?s=96&d=mm&r=g","caption":"fernando garcia"},"url":"https:\/\/ondauno.com.ar\/index.php\/author\/ondaunoeditor\/"}]}},"jetpack_publicize_connections":[],"jetpack_featured_media_url":"https:\/\/ondauno.com.ar\/wp-content\/uploads\/2019\/11\/isol-escritora.jpeg","jetpack_sharing_enabled":true,"_links":{"self":[{"href":"https:\/\/ondauno.com.ar\/index.php\/wp-json\/wp\/v2\/posts\/1651","targetHints":{"allow":["GET"]}}],"collection":[{"href":"https:\/\/ondauno.com.ar\/index.php\/wp-json\/wp\/v2\/posts"}],"about":[{"href":"https:\/\/ondauno.com.ar\/index.php\/wp-json\/wp\/v2\/types\/post"}],"author":[{"embeddable":true,"href":"https:\/\/ondauno.com.ar\/index.php\/wp-json\/wp\/v2\/users\/2"}],"replies":[{"embeddable":true,"href":"https:\/\/ondauno.com.ar\/index.php\/wp-json\/wp\/v2\/comments?post=1651"}],"version-history":[{"count":0,"href":"https:\/\/ondauno.com.ar\/index.php\/wp-json\/wp\/v2\/posts\/1651\/revisions"}],"wp:featuredmedia":[{"embeddable":true,"href":"https:\/\/ondauno.com.ar\/index.php\/wp-json\/wp\/v2\/media\/1652"}],"wp:attachment":[{"href":"https:\/\/ondauno.com.ar\/index.php\/wp-json\/wp\/v2\/media?parent=1651"}],"wp:term":[{"taxonomy":"category","embeddable":true,"href":"https:\/\/ondauno.com.ar\/index.php\/wp-json\/wp\/v2\/categories?post=1651"},{"taxonomy":"post_tag","embeddable":true,"href":"https:\/\/ondauno.com.ar\/index.php\/wp-json\/wp\/v2\/tags?post=1651"}],"curies":[{"name":"wp","href":"https:\/\/api.w.org\/{rel}","templated":true}]}}