{"id":16139,"date":"2020-09-14T13:06:13","date_gmt":"2020-09-14T16:06:13","guid":{"rendered":"http:\/\/ondauno.com.ar\/?p=16139"},"modified":"2020-09-14T13:06:18","modified_gmt":"2020-09-14T16:06:18","slug":"el-curioso-mira-una-actividad-ilicita-que-tambien-pone-en-peligro-su-vida","status":"publish","type":"post","link":"https:\/\/ondauno.com.ar\/index.php\/2020\/09\/14\/el-curioso-mira-una-actividad-ilicita-que-tambien-pone-en-peligro-su-vida\/","title":{"rendered":"&#8220;El curioso mira una actividad il\u00edcita que tambi\u00e9n pone en peligro su vida&#8221;"},"content":{"rendered":"<div class=\"ondau-before-content_3\" style=\"margin-top: -30px;\" id=\"ondau-1643108925\"><a href=\"https:\/\/www.lps.com.ar\/\" aria-label=\"la-perse2\"><img loading=\"lazy\" decoding=\"async\" src=\"https:\/\/ondauno.com.ar\/wp-content\/uploads\/2021\/10\/la-perse2.jpg\" alt=\"\"  srcset=\"https:\/\/ondauno.com.ar\/wp-content\/uploads\/2021\/10\/la-perse2.jpg 1353w, https:\/\/ondauno.com.ar\/wp-content\/uploads\/2021\/10\/la-perse2-300x43.jpg 300w, https:\/\/ondauno.com.ar\/wp-content\/uploads\/2021\/10\/la-perse2-1024x148.jpg 1024w, https:\/\/ondauno.com.ar\/wp-content\/uploads\/2021\/10\/la-perse2-768x111.jpg 768w, https:\/\/ondauno.com.ar\/wp-content\/uploads\/2021\/10\/la-perse2-696x100.jpg 696w, https:\/\/ondauno.com.ar\/wp-content\/uploads\/2021\/10\/la-perse2-1068x154.jpg 1068w\" sizes=\"(max-width: 1353px) 100vw, 1353px\" class=\"no-lazyload\" width=\"1353\" height=\"195\"  style=\"display: inline-block;\" \/><\/a><\/div>\n<p>El secretario de Seguridad Jorge Cordiglia habl\u00f3 esta ma\u00f1ana en Onda Uno sobre el tema del control de las picadas en diferentes lugares de la ciudad, y, sobre el auditorio que estas convocan.<\/p>\n\n\n\n<p>&#8220;No s\u00f3lo se da el efecto de las picadas y ruidos molestos por lo que hacemos operativos din\u00e1micos y est\u00e1ticos durante todo el fin de semana y a todo horario&#8221;.<\/p>\n\n\n\n<p>&#8220;Nos preocupa el tema de la gente que va a ver la actividad que es la misma cantidad de los que participan de la actividad. Todo ocurre sobre la avenida Monteagudo especialmente&#8221;.<\/p>\n\n\n\n<p>&#8220;Lo que se hac\u00eda camino al Parque Caba\u00f1as ahora se desplaz\u00f3 a la avenida Monteagudo a partir de haber hecho la apertura peatonal de este espacio verde&#8221;.<\/p>\n\n\n\n<p>&#8220;El curioso tiene el doble peligro, por un lado no respeta el aislamiento social o uso de tapabocas, adem\u00e1s est\u00e1 participando de algo il\u00edcito y corre peligro su vida aunque haya ido solo a ver&#8221;.<\/p>\n\n\n\n<p><a href=\"https:\/\/www.facebook.com\/ondauno103.9\/videos\/2608858049364344\">https:\/\/www.facebook.com\/ondauno103.9\/videos\/2608858049364344<\/a><\/p>\n\n\n\n<p>La entrevista el secretario de Seguridad municipal, Jorge Cordigia, a partir del minuto 12.44<\/p>\n","protected":false},"excerpt":{"rendered":"<p>El secretario de Seguridad Jorge Cordiglia habl\u00f3 esta ma\u00f1ana en Onda Uno sobre el tema del control de las picadas en diferentes lugares de la ciudad, y, sobre el auditorio que estas convocan. &#8220;No s\u00f3lo se da el efecto de las picadas y ruidos molestos por lo que hacemos operativos din\u00e1micos y est\u00e1ticos durante todo [&hellip;]<\/p>\n","protected":false},"author":2,"featured_media":6430,"comment_status":"open","ping_status":"open","sticky":false,"template":"","format":"standard","meta":{"tdm_status":"","tdm_grid_status":"","_jetpack_memberships_contains_paid_content":false,"footnotes":"","jetpack_publicize_message":"","jetpack_publicize_feature_enabled":true,"jetpack_social_post_already_shared":false,"jetpack_social_options":{"image_generator_settings":{"template":"highway","default_image_id":0,"font":"","enabled":false},"version":2}},"categories":[2],"tags":[],"class_list":{"0":"post-16139","1":"post","2":"type-post","3":"status-publish","4":"format-standard","5":"has-post-thumbnail","7":"category-locales"},"yoast_head":"<!-- This site is optimized with the Yoast SEO plugin v22.7 - https:\/\/yoast.com\/wordpress\/plugins\/seo\/ -->\n<title>&quot;El curioso mira una actividad il\u00edcita que tambi\u00e9n pone en peligro su vida&quot; - 103.9 fm<\/title>\n<meta name=\"robots\" content=\"index, follow, max-snippet:-1, max-image-preview:large, max-video-preview:-1\" \/>\n<link rel=\"canonical\" href=\"https:\/\/ondauno.com.ar\/index.php\/2020\/09\/14\/el-curioso-mira-una-actividad-ilicita-que-tambien-pone-en-peligro-su-vida\/\" \/>\n<meta property=\"og:locale\" content=\"es_ES\" \/>\n<meta property=\"og:type\" content=\"article\" \/>\n<meta property=\"og:title\" content=\"&quot;El curioso mira una actividad il\u00edcita que tambi\u00e9n pone en peligro su vida&quot; - 103.9 fm\" \/>\n<meta property=\"og:description\" content=\"El secretario de Seguridad Jorge Cordiglia habl\u00f3 esta ma\u00f1ana en Onda Uno sobre el tema del control de las picadas en diferentes lugares de la ciudad, y, sobre el auditorio que estas convocan. &#8220;No s\u00f3lo se da el efecto de las picadas y ruidos molestos por lo que hacemos operativos din\u00e1micos y est\u00e1ticos durante todo [&hellip;]\" \/>\n<meta property=\"og:url\" content=\"https:\/\/ondauno.com.ar\/index.php\/2020\/09\/14\/el-curioso-mira-una-actividad-ilicita-que-tambien-pone-en-peligro-su-vida\/\" \/>\n<meta property=\"og:site_name\" content=\"103.9 fm\" \/>\n<meta property=\"article:publisher\" content=\"https:\/\/www.facebook.com\/ondauno103.9\" \/>\n<meta property=\"article:published_time\" content=\"2020-09-14T16:06:13+00:00\" \/>\n<meta property=\"article:modified_time\" content=\"2020-09-14T16:06:18+00:00\" \/>\n<meta property=\"og:image\" content=\"https:\/\/ondauno.com.ar\/wp-content\/uploads\/2020\/03\/cordiglia.jpg\" \/>\n\t<meta property=\"og:image:width\" content=\"384\" \/>\n\t<meta property=\"og:image:height\" content=\"512\" \/>\n\t<meta property=\"og:image:type\" content=\"image\/jpeg\" \/>\n<meta name=\"author\" content=\"fernando garcia\" \/>\n<meta name=\"twitter:card\" content=\"summary_large_image\" \/>\n<meta name=\"twitter:label1\" content=\"Escrito por\" \/>\n\t<meta name=\"twitter:data1\" content=\"fernando garcia\" \/>\n\t<meta name=\"twitter:label2\" content=\"Tiempo de lectura\" \/>\n\t<meta name=\"twitter:data2\" content=\"1 minuto\" \/>\n<script type=\"application\/ld+json\" class=\"yoast-schema-graph\">{\"@context\":\"https:\/\/schema.org\",\"@graph\":[{\"@type\":\"WebPage\",\"@id\":\"https:\/\/ondauno.com.ar\/index.php\/2020\/09\/14\/el-curioso-mira-una-actividad-ilicita-que-tambien-pone-en-peligro-su-vida\/\",\"url\":\"https:\/\/ondauno.com.ar\/index.php\/2020\/09\/14\/el-curioso-mira-una-actividad-ilicita-que-tambien-pone-en-peligro-su-vida\/\",\"name\":\"\\\"El curioso mira una actividad il\u00edcita que tambi\u00e9n pone en peligro su vida\\\" - 103.9 fm\",\"isPartOf\":{\"@id\":\"https:\/\/ondauno.com.ar\/#website\"},\"primaryImageOfPage\":{\"@id\":\"https:\/\/ondauno.com.ar\/index.php\/2020\/09\/14\/el-curioso-mira-una-actividad-ilicita-que-tambien-pone-en-peligro-su-vida\/#primaryimage\"},\"image\":{\"@id\":\"https:\/\/ondauno.com.ar\/index.php\/2020\/09\/14\/el-curioso-mira-una-actividad-ilicita-que-tambien-pone-en-peligro-su-vida\/#primaryimage\"},\"thumbnailUrl\":\"https:\/\/ondauno.com.ar\/wp-content\/uploads\/2020\/03\/cordiglia.jpg\",\"datePublished\":\"2020-09-14T16:06:13+00:00\",\"dateModified\":\"2020-09-14T16:06:18+00:00\",\"author\":{\"@id\":\"https:\/\/ondauno.com.ar\/#\/schema\/person\/201d1b68e6c75e0fd396fe5f8af5d139\"},\"breadcrumb\":{\"@id\":\"https:\/\/ondauno.com.ar\/index.php\/2020\/09\/14\/el-curioso-mira-una-actividad-ilicita-que-tambien-pone-en-peligro-su-vida\/#breadcrumb\"},\"inLanguage\":\"es-AR\",\"potentialAction\":[{\"@type\":\"ReadAction\",\"target\":[\"https:\/\/ondauno.com.ar\/index.php\/2020\/09\/14\/el-curioso-mira-una-actividad-ilicita-que-tambien-pone-en-peligro-su-vida\/\"]}]},{\"@type\":\"ImageObject\",\"inLanguage\":\"es-AR\",\"@id\":\"https:\/\/ondauno.com.ar\/index.php\/2020\/09\/14\/el-curioso-mira-una-actividad-ilicita-que-tambien-pone-en-peligro-su-vida\/#primaryimage\",\"url\":\"https:\/\/ondauno.com.ar\/wp-content\/uploads\/2020\/03\/cordiglia.jpg\",\"contentUrl\":\"https:\/\/ondauno.com.ar\/wp-content\/uploads\/2020\/03\/cordiglia.jpg\",\"width\":384,\"height\":512},{\"@type\":\"BreadcrumbList\",\"@id\":\"https:\/\/ondauno.com.ar\/index.php\/2020\/09\/14\/el-curioso-mira-una-actividad-ilicita-que-tambien-pone-en-peligro-su-vida\/#breadcrumb\",\"itemListElement\":[{\"@type\":\"ListItem\",\"position\":1,\"name\":\"Inicio\",\"item\":\"https:\/\/ondauno.com.ar\/\"},{\"@type\":\"ListItem\",\"position\":2,\"name\":\"&#8220;El curioso mira una actividad il\u00edcita que tambi\u00e9n pone en peligro su vida&#8221;\"}]},{\"@type\":\"WebSite\",\"@id\":\"https:\/\/ondauno.com.ar\/#website\",\"url\":\"https:\/\/ondauno.com.ar\/\",\"name\":\"103.9 fm\",\"description\":\"LA PRIMERA RADIO MULTIMEDIA DE TRES ARROYOS\",\"potentialAction\":[{\"@type\":\"SearchAction\",\"target\":{\"@type\":\"EntryPoint\",\"urlTemplate\":\"https:\/\/ondauno.com.ar\/?s={search_term_string}\"},\"query-input\":\"required name=search_term_string\"}],\"inLanguage\":\"es-AR\"},{\"@type\":\"Person\",\"@id\":\"https:\/\/ondauno.com.ar\/#\/schema\/person\/201d1b68e6c75e0fd396fe5f8af5d139\",\"name\":\"fernando garcia\",\"image\":{\"@type\":\"ImageObject\",\"inLanguage\":\"es-AR\",\"@id\":\"https:\/\/ondauno.com.ar\/#\/schema\/person\/image\/\",\"url\":\"https:\/\/secure.gravatar.com\/avatar\/5f7254642ad81272e79a2e69653cfdfc?s=96&d=mm&r=g\",\"contentUrl\":\"https:\/\/secure.gravatar.com\/avatar\/5f7254642ad81272e79a2e69653cfdfc?s=96&d=mm&r=g\",\"caption\":\"fernando garcia\"},\"url\":\"https:\/\/ondauno.com.ar\/index.php\/author\/ondaunoeditor\/\"}]}<\/script>\n<!-- \/ Yoast SEO plugin. -->","yoast_head_json":{"title":"\"El curioso mira una actividad il\u00edcita que tambi\u00e9n pone en peligro su vida\" - 103.9 fm","robots":{"index":"index","follow":"follow","max-snippet":"max-snippet:-1","max-image-preview":"max-image-preview:large","max-video-preview":"max-video-preview:-1"},"canonical":"https:\/\/ondauno.com.ar\/index.php\/2020\/09\/14\/el-curioso-mira-una-actividad-ilicita-que-tambien-pone-en-peligro-su-vida\/","og_locale":"es_ES","og_type":"article","og_title":"\"El curioso mira una actividad il\u00edcita que tambi\u00e9n pone en peligro su vida\" - 103.9 fm","og_description":"El secretario de Seguridad Jorge Cordiglia habl\u00f3 esta ma\u00f1ana en Onda Uno sobre el tema del control de las picadas en diferentes lugares de la ciudad, y, sobre el auditorio que estas convocan. &#8220;No s\u00f3lo se da el efecto de las picadas y ruidos molestos por lo que hacemos operativos din\u00e1micos y est\u00e1ticos durante todo [&hellip;]","og_url":"https:\/\/ondauno.com.ar\/index.php\/2020\/09\/14\/el-curioso-mira-una-actividad-ilicita-que-tambien-pone-en-peligro-su-vida\/","og_site_name":"103.9 fm","article_publisher":"https:\/\/www.facebook.com\/ondauno103.9","article_published_time":"2020-09-14T16:06:13+00:00","article_modified_time":"2020-09-14T16:06:18+00:00","og_image":[{"width":384,"height":512,"url":"https:\/\/ondauno.com.ar\/wp-content\/uploads\/2020\/03\/cordiglia.jpg","type":"image\/jpeg"}],"author":"fernando garcia","twitter_card":"summary_large_image","twitter_misc":{"Escrito por":"fernando garcia","Tiempo de lectura":"1 minuto"},"schema":{"@context":"https:\/\/schema.org","@graph":[{"@type":"WebPage","@id":"https:\/\/ondauno.com.ar\/index.php\/2020\/09\/14\/el-curioso-mira-una-actividad-ilicita-que-tambien-pone-en-peligro-su-vida\/","url":"https:\/\/ondauno.com.ar\/index.php\/2020\/09\/14\/el-curioso-mira-una-actividad-ilicita-que-tambien-pone-en-peligro-su-vida\/","name":"\"El curioso mira una actividad il\u00edcita que tambi\u00e9n pone en peligro su vida\" - 103.9 fm","isPartOf":{"@id":"https:\/\/ondauno.com.ar\/#website"},"primaryImageOfPage":{"@id":"https:\/\/ondauno.com.ar\/index.php\/2020\/09\/14\/el-curioso-mira-una-actividad-ilicita-que-tambien-pone-en-peligro-su-vida\/#primaryimage"},"image":{"@id":"https:\/\/ondauno.com.ar\/index.php\/2020\/09\/14\/el-curioso-mira-una-actividad-ilicita-que-tambien-pone-en-peligro-su-vida\/#primaryimage"},"thumbnailUrl":"https:\/\/ondauno.com.ar\/wp-content\/uploads\/2020\/03\/cordiglia.jpg","datePublished":"2020-09-14T16:06:13+00:00","dateModified":"2020-09-14T16:06:18+00:00","author":{"@id":"https:\/\/ondauno.com.ar\/#\/schema\/person\/201d1b68e6c75e0fd396fe5f8af5d139"},"breadcrumb":{"@id":"https:\/\/ondauno.com.ar\/index.php\/2020\/09\/14\/el-curioso-mira-una-actividad-ilicita-que-tambien-pone-en-peligro-su-vida\/#breadcrumb"},"inLanguage":"es-AR","potentialAction":[{"@type":"ReadAction","target":["https:\/\/ondauno.com.ar\/index.php\/2020\/09\/14\/el-curioso-mira-una-actividad-ilicita-que-tambien-pone-en-peligro-su-vida\/"]}]},{"@type":"ImageObject","inLanguage":"es-AR","@id":"https:\/\/ondauno.com.ar\/index.php\/2020\/09\/14\/el-curioso-mira-una-actividad-ilicita-que-tambien-pone-en-peligro-su-vida\/#primaryimage","url":"https:\/\/ondauno.com.ar\/wp-content\/uploads\/2020\/03\/cordiglia.jpg","contentUrl":"https:\/\/ondauno.com.ar\/wp-content\/uploads\/2020\/03\/cordiglia.jpg","width":384,"height":512},{"@type":"BreadcrumbList","@id":"https:\/\/ondauno.com.ar\/index.php\/2020\/09\/14\/el-curioso-mira-una-actividad-ilicita-que-tambien-pone-en-peligro-su-vida\/#breadcrumb","itemListElement":[{"@type":"ListItem","position":1,"name":"Inicio","item":"https:\/\/ondauno.com.ar\/"},{"@type":"ListItem","position":2,"name":"&#8220;El curioso mira una actividad il\u00edcita que tambi\u00e9n pone en peligro su vida&#8221;"}]},{"@type":"WebSite","@id":"https:\/\/ondauno.com.ar\/#website","url":"https:\/\/ondauno.com.ar\/","name":"103.9 fm","description":"LA PRIMERA RADIO MULTIMEDIA DE TRES ARROYOS","potentialAction":[{"@type":"SearchAction","target":{"@type":"EntryPoint","urlTemplate":"https:\/\/ondauno.com.ar\/?s={search_term_string}"},"query-input":"required name=search_term_string"}],"inLanguage":"es-AR"},{"@type":"Person","@id":"https:\/\/ondauno.com.ar\/#\/schema\/person\/201d1b68e6c75e0fd396fe5f8af5d139","name":"fernando garcia","image":{"@type":"ImageObject","inLanguage":"es-AR","@id":"https:\/\/ondauno.com.ar\/#\/schema\/person\/image\/","url":"https:\/\/secure.gravatar.com\/avatar\/5f7254642ad81272e79a2e69653cfdfc?s=96&d=mm&r=g","contentUrl":"https:\/\/secure.gravatar.com\/avatar\/5f7254642ad81272e79a2e69653cfdfc?s=96&d=mm&r=g","caption":"fernando garcia"},"url":"https:\/\/ondauno.com.ar\/index.php\/author\/ondaunoeditor\/"}]}},"jetpack_publicize_connections":[],"jetpack_featured_media_url":"https:\/\/ondauno.com.ar\/wp-content\/uploads\/2020\/03\/cordiglia.jpg","jetpack_sharing_enabled":true,"_links":{"self":[{"href":"https:\/\/ondauno.com.ar\/index.php\/wp-json\/wp\/v2\/posts\/16139","targetHints":{"allow":["GET"]}}],"collection":[{"href":"https:\/\/ondauno.com.ar\/index.php\/wp-json\/wp\/v2\/posts"}],"about":[{"href":"https:\/\/ondauno.com.ar\/index.php\/wp-json\/wp\/v2\/types\/post"}],"author":[{"embeddable":true,"href":"https:\/\/ondauno.com.ar\/index.php\/wp-json\/wp\/v2\/users\/2"}],"replies":[{"embeddable":true,"href":"https:\/\/ondauno.com.ar\/index.php\/wp-json\/wp\/v2\/comments?post=16139"}],"version-history":[{"count":0,"href":"https:\/\/ondauno.com.ar\/index.php\/wp-json\/wp\/v2\/posts\/16139\/revisions"}],"wp:featuredmedia":[{"embeddable":true,"href":"https:\/\/ondauno.com.ar\/index.php\/wp-json\/wp\/v2\/media\/6430"}],"wp:attachment":[{"href":"https:\/\/ondauno.com.ar\/index.php\/wp-json\/wp\/v2\/media?parent=16139"}],"wp:term":[{"taxonomy":"category","embeddable":true,"href":"https:\/\/ondauno.com.ar\/index.php\/wp-json\/wp\/v2\/categories?post=16139"},{"taxonomy":"post_tag","embeddable":true,"href":"https:\/\/ondauno.com.ar\/index.php\/wp-json\/wp\/v2\/tags?post=16139"}],"curies":[{"name":"wp","href":"https:\/\/api.w.org\/{rel}","templated":true}]}}