{"id":16137,"date":"2020-09-14T12:58:06","date_gmt":"2020-09-14T15:58:06","guid":{"rendered":"http:\/\/ondauno.com.ar\/?p=16137"},"modified":"2020-09-14T12:58:10","modified_gmt":"2020-09-14T15:58:10","slug":"hay-mas-de-400-familias-que-viven-del-tc-el-regreso-reactiva-tambien-estas-economias","status":"publish","type":"post","link":"https:\/\/ondauno.com.ar\/index.php\/2020\/09\/14\/hay-mas-de-400-familias-que-viven-del-tc-el-regreso-reactiva-tambien-estas-economias\/","title":{"rendered":"&#8220;Hay m\u00e1s de 400 familias que viven del TC, el regreso reactiva tambi\u00e9n estas econom\u00edas&#8221;."},"content":{"rendered":"<div class=\"ondau-before-content_3\" style=\"margin-top: -30px;\" id=\"ondau-2769333806\"><a href=\"https:\/\/www.lps.com.ar\/\" aria-label=\"la-perse2\"><img loading=\"lazy\" decoding=\"async\" src=\"https:\/\/ondauno.com.ar\/wp-content\/uploads\/2021\/10\/la-perse2.jpg\" alt=\"\"  srcset=\"https:\/\/ondauno.com.ar\/wp-content\/uploads\/2021\/10\/la-perse2.jpg 1353w, https:\/\/ondauno.com.ar\/wp-content\/uploads\/2021\/10\/la-perse2-300x43.jpg 300w, https:\/\/ondauno.com.ar\/wp-content\/uploads\/2021\/10\/la-perse2-1024x148.jpg 1024w, https:\/\/ondauno.com.ar\/wp-content\/uploads\/2021\/10\/la-perse2-768x111.jpg 768w, https:\/\/ondauno.com.ar\/wp-content\/uploads\/2021\/10\/la-perse2-696x100.jpg 696w, https:\/\/ondauno.com.ar\/wp-content\/uploads\/2021\/10\/la-perse2-1068x154.jpg 1068w\" sizes=\"(max-width: 1353px) 100vw, 1353px\" class=\"no-lazyload\" width=\"1353\" height=\"195\"  style=\"display: inline-block;\" \/><\/a><\/div>\n<p>El subsecretario de Transporte de la provincia de Buenos Aires habl\u00f3 en Cosas que Pasan sobre la apertura del Turismo Carretera este ultimo fin de semana.<\/p>\n\n\n\n<p>El subsecretario de Transporte bonaerense, Alejo Supply, y el presidente de la Asociaci\u00f3n de Corredores de Turismo de Carretera (ACTC) Hugo Mazzacane, se mostraron muy felices por lo que significa el Turismo Carretera en el pa\u00eds y mencion\u00f3 los grandes pilotos que representan esta categor\u00eda.<\/p>\n\n\n\n<p>&#8220;Por lo menos la gente tendr\u00e1 TC por la televisi\u00f3n porque por ahora ha  sido un regreso de este modo, gesti\u00f3n que le agradezco a Marcos Di Palma, que a su pedido, y con la decisi\u00f3n del gobernador y del jefe de ministros que pensaron oportuno dar lugar a esta actividad&#8221;.<\/p>\n\n\n\n<p>El TC Mouras y el TC Pistas tambi\u00e9n formar\u00e1n parte del regreso previsto por la ACTC.<\/p>\n\n\n\n<p>Se hisoparon en forma general a  todos los participantes y se eligi\u00f3 San Nicol\u00e1s por ser una pista que est\u00e1 alejada de la posibilidad de que el p\u00fablico quisiera asistir y resguardado, &#8220;el aislamiento del aut\u00f3dromo hace que su acceso sea dif\u00edcil y como consecuencia m\u00e1s f\u00e1cil de controlar&#8221;.<\/p>\n\n\n\n<p>&#8220;Hay m\u00e1s de 400 familias que viven del TC por lo que el regreso de estas categor\u00edas reactivan tambi\u00e9n estas econom\u00edas&#8221;.<\/p>\n\n\n\n<p><strong>TRANSPORTE<\/strong><\/p>\n\n\n\n<p>En referencia al transporte de larga distancia Supply mencion\u00f3 que est\u00e1n listos los protocolos como para comenzar el 1 de octubre, pero depender\u00e1 de c\u00f3mo circule el virus en el interior de la provincia como para poder determinar la vuelta a estos servicios.<\/p>\n\n\n\n<p><\/p>\n\n\n\n<p><\/p>\n\n\n\n<p><\/p>\n\n\n\n<p><a href=\"https:\/\/www.facebook.com\/ondauno103.9\/videos\/332865497914898\">https:\/\/www.facebook.com\/ondauno103.9\/videos\/332865497914898<\/a><\/p>\n\n\n\n<p>a partir de 1.05 la entrevista con Alejo Supply, subsecretario de Transporte de la Provincia de Buenos Aires<\/p>\n","protected":false},"excerpt":{"rendered":"<p>El subsecretario de Transporte de la provincia de Buenos Aires habl\u00f3 en Cosas que Pasan sobre la apertura del Turismo Carretera este ultimo fin de semana. El subsecretario de Transporte bonaerense, Alejo Supply, y el presidente de la Asociaci\u00f3n de Corredores de Turismo de Carretera (ACTC) Hugo Mazzacane, se mostraron muy felices por lo que [&hellip;]<\/p>\n","protected":false},"author":2,"featured_media":0,"comment_status":"open","ping_status":"open","sticky":false,"template":"","format":"standard","meta":{"tdm_status":"","tdm_grid_status":"","_jetpack_memberships_contains_paid_content":false,"footnotes":"","jetpack_publicize_message":"","jetpack_publicize_feature_enabled":true,"jetpack_social_post_already_shared":false,"jetpack_social_options":{"image_generator_settings":{"template":"highway","default_image_id":0,"font":"","enabled":false},"version":2}},"categories":[30],"tags":[],"class_list":{"0":"post-16137","1":"post","2":"type-post","3":"status-publish","4":"format-standard","6":"category-provinciales"},"yoast_head":"<!-- This site is optimized with the Yoast SEO plugin v22.7 - https:\/\/yoast.com\/wordpress\/plugins\/seo\/ -->\n<title>&quot;Hay m\u00e1s de 400 familias que viven del TC, el regreso reactiva tambi\u00e9n estas econom\u00edas&quot;. - 103.9 fm<\/title>\n<meta name=\"robots\" content=\"index, follow, max-snippet:-1, max-image-preview:large, max-video-preview:-1\" \/>\n<link rel=\"canonical\" href=\"https:\/\/ondauno.com.ar\/index.php\/2020\/09\/14\/hay-mas-de-400-familias-que-viven-del-tc-el-regreso-reactiva-tambien-estas-economias\/\" \/>\n<meta property=\"og:locale\" content=\"es_ES\" \/>\n<meta property=\"og:type\" content=\"article\" \/>\n<meta property=\"og:title\" content=\"&quot;Hay m\u00e1s de 400 familias que viven del TC, el regreso reactiva tambi\u00e9n estas econom\u00edas&quot;. - 103.9 fm\" \/>\n<meta property=\"og:description\" content=\"El subsecretario de Transporte de la provincia de Buenos Aires habl\u00f3 en Cosas que Pasan sobre la apertura del Turismo Carretera este ultimo fin de semana. El subsecretario de Transporte bonaerense, Alejo Supply, y el presidente de la Asociaci\u00f3n de Corredores de Turismo de Carretera (ACTC) Hugo Mazzacane, se mostraron muy felices por lo que [&hellip;]\" \/>\n<meta property=\"og:url\" content=\"https:\/\/ondauno.com.ar\/index.php\/2020\/09\/14\/hay-mas-de-400-familias-que-viven-del-tc-el-regreso-reactiva-tambien-estas-economias\/\" \/>\n<meta property=\"og:site_name\" content=\"103.9 fm\" \/>\n<meta property=\"article:publisher\" content=\"https:\/\/www.facebook.com\/ondauno103.9\" \/>\n<meta property=\"article:published_time\" content=\"2020-09-14T15:58:06+00:00\" \/>\n<meta property=\"article:modified_time\" content=\"2020-09-14T15:58:10+00:00\" \/>\n<meta property=\"og:image\" content=\"https:\/\/ondauno.com.ar\/wp-content\/uploads\/2020\/03\/17-de-Marzo-Supply.jpg\" \/>\n\t<meta property=\"og:image:width\" content=\"700\" \/>\n\t<meta property=\"og:image:height\" content=\"467\" \/>\n\t<meta property=\"og:image:type\" content=\"image\/jpeg\" \/>\n<meta name=\"author\" content=\"fernando garcia\" \/>\n<meta name=\"twitter:card\" content=\"summary_large_image\" \/>\n<meta name=\"twitter:label1\" content=\"Escrito por\" \/>\n\t<meta name=\"twitter:data1\" content=\"fernando garcia\" \/>\n\t<meta name=\"twitter:label2\" content=\"Tiempo de lectura\" \/>\n\t<meta name=\"twitter:data2\" content=\"1 minuto\" \/>\n<script type=\"application\/ld+json\" class=\"yoast-schema-graph\">{\"@context\":\"https:\/\/schema.org\",\"@graph\":[{\"@type\":\"WebPage\",\"@id\":\"https:\/\/ondauno.com.ar\/index.php\/2020\/09\/14\/hay-mas-de-400-familias-que-viven-del-tc-el-regreso-reactiva-tambien-estas-economias\/\",\"url\":\"https:\/\/ondauno.com.ar\/index.php\/2020\/09\/14\/hay-mas-de-400-familias-que-viven-del-tc-el-regreso-reactiva-tambien-estas-economias\/\",\"name\":\"\\\"Hay m\u00e1s de 400 familias que viven del TC, el regreso reactiva tambi\u00e9n estas econom\u00edas\\\". - 103.9 fm\",\"isPartOf\":{\"@id\":\"https:\/\/ondauno.com.ar\/#website\"},\"datePublished\":\"2020-09-14T15:58:06+00:00\",\"dateModified\":\"2020-09-14T15:58:10+00:00\",\"author\":{\"@id\":\"https:\/\/ondauno.com.ar\/#\/schema\/person\/201d1b68e6c75e0fd396fe5f8af5d139\"},\"breadcrumb\":{\"@id\":\"https:\/\/ondauno.com.ar\/index.php\/2020\/09\/14\/hay-mas-de-400-familias-que-viven-del-tc-el-regreso-reactiva-tambien-estas-economias\/#breadcrumb\"},\"inLanguage\":\"es-AR\",\"potentialAction\":[{\"@type\":\"ReadAction\",\"target\":[\"https:\/\/ondauno.com.ar\/index.php\/2020\/09\/14\/hay-mas-de-400-familias-que-viven-del-tc-el-regreso-reactiva-tambien-estas-economias\/\"]}]},{\"@type\":\"BreadcrumbList\",\"@id\":\"https:\/\/ondauno.com.ar\/index.php\/2020\/09\/14\/hay-mas-de-400-familias-que-viven-del-tc-el-regreso-reactiva-tambien-estas-economias\/#breadcrumb\",\"itemListElement\":[{\"@type\":\"ListItem\",\"position\":1,\"name\":\"Inicio\",\"item\":\"https:\/\/ondauno.com.ar\/\"},{\"@type\":\"ListItem\",\"position\":2,\"name\":\"&#8220;Hay m\u00e1s de 400 familias que viven del TC, el regreso reactiva tambi\u00e9n estas econom\u00edas&#8221;.\"}]},{\"@type\":\"WebSite\",\"@id\":\"https:\/\/ondauno.com.ar\/#website\",\"url\":\"https:\/\/ondauno.com.ar\/\",\"name\":\"103.9 fm\",\"description\":\"LA PRIMERA RADIO MULTIMEDIA DE TRES ARROYOS\",\"potentialAction\":[{\"@type\":\"SearchAction\",\"target\":{\"@type\":\"EntryPoint\",\"urlTemplate\":\"https:\/\/ondauno.com.ar\/?s={search_term_string}\"},\"query-input\":\"required name=search_term_string\"}],\"inLanguage\":\"es-AR\"},{\"@type\":\"Person\",\"@id\":\"https:\/\/ondauno.com.ar\/#\/schema\/person\/201d1b68e6c75e0fd396fe5f8af5d139\",\"name\":\"fernando garcia\",\"image\":{\"@type\":\"ImageObject\",\"inLanguage\":\"es-AR\",\"@id\":\"https:\/\/ondauno.com.ar\/#\/schema\/person\/image\/\",\"url\":\"https:\/\/secure.gravatar.com\/avatar\/5f7254642ad81272e79a2e69653cfdfc?s=96&d=mm&r=g\",\"contentUrl\":\"https:\/\/secure.gravatar.com\/avatar\/5f7254642ad81272e79a2e69653cfdfc?s=96&d=mm&r=g\",\"caption\":\"fernando garcia\"},\"url\":\"https:\/\/ondauno.com.ar\/index.php\/author\/ondaunoeditor\/\"}]}<\/script>\n<!-- \/ Yoast SEO plugin. -->","yoast_head_json":{"title":"\"Hay m\u00e1s de 400 familias que viven del TC, el regreso reactiva tambi\u00e9n estas econom\u00edas\". - 103.9 fm","robots":{"index":"index","follow":"follow","max-snippet":"max-snippet:-1","max-image-preview":"max-image-preview:large","max-video-preview":"max-video-preview:-1"},"canonical":"https:\/\/ondauno.com.ar\/index.php\/2020\/09\/14\/hay-mas-de-400-familias-que-viven-del-tc-el-regreso-reactiva-tambien-estas-economias\/","og_locale":"es_ES","og_type":"article","og_title":"\"Hay m\u00e1s de 400 familias que viven del TC, el regreso reactiva tambi\u00e9n estas econom\u00edas\". - 103.9 fm","og_description":"El subsecretario de Transporte de la provincia de Buenos Aires habl\u00f3 en Cosas que Pasan sobre la apertura del Turismo Carretera este ultimo fin de semana. El subsecretario de Transporte bonaerense, Alejo Supply, y el presidente de la Asociaci\u00f3n de Corredores de Turismo de Carretera (ACTC) Hugo Mazzacane, se mostraron muy felices por lo que [&hellip;]","og_url":"https:\/\/ondauno.com.ar\/index.php\/2020\/09\/14\/hay-mas-de-400-familias-que-viven-del-tc-el-regreso-reactiva-tambien-estas-economias\/","og_site_name":"103.9 fm","article_publisher":"https:\/\/www.facebook.com\/ondauno103.9","article_published_time":"2020-09-14T15:58:06+00:00","article_modified_time":"2020-09-14T15:58:10+00:00","og_image":[{"width":700,"height":467,"url":"https:\/\/ondauno.com.ar\/wp-content\/uploads\/2020\/03\/17-de-Marzo-Supply.jpg","type":"image\/jpeg"}],"author":"fernando garcia","twitter_card":"summary_large_image","twitter_misc":{"Escrito por":"fernando garcia","Tiempo de lectura":"1 minuto"},"schema":{"@context":"https:\/\/schema.org","@graph":[{"@type":"WebPage","@id":"https:\/\/ondauno.com.ar\/index.php\/2020\/09\/14\/hay-mas-de-400-familias-que-viven-del-tc-el-regreso-reactiva-tambien-estas-economias\/","url":"https:\/\/ondauno.com.ar\/index.php\/2020\/09\/14\/hay-mas-de-400-familias-que-viven-del-tc-el-regreso-reactiva-tambien-estas-economias\/","name":"\"Hay m\u00e1s de 400 familias que viven del TC, el regreso reactiva tambi\u00e9n estas econom\u00edas\". - 103.9 fm","isPartOf":{"@id":"https:\/\/ondauno.com.ar\/#website"},"datePublished":"2020-09-14T15:58:06+00:00","dateModified":"2020-09-14T15:58:10+00:00","author":{"@id":"https:\/\/ondauno.com.ar\/#\/schema\/person\/201d1b68e6c75e0fd396fe5f8af5d139"},"breadcrumb":{"@id":"https:\/\/ondauno.com.ar\/index.php\/2020\/09\/14\/hay-mas-de-400-familias-que-viven-del-tc-el-regreso-reactiva-tambien-estas-economias\/#breadcrumb"},"inLanguage":"es-AR","potentialAction":[{"@type":"ReadAction","target":["https:\/\/ondauno.com.ar\/index.php\/2020\/09\/14\/hay-mas-de-400-familias-que-viven-del-tc-el-regreso-reactiva-tambien-estas-economias\/"]}]},{"@type":"BreadcrumbList","@id":"https:\/\/ondauno.com.ar\/index.php\/2020\/09\/14\/hay-mas-de-400-familias-que-viven-del-tc-el-regreso-reactiva-tambien-estas-economias\/#breadcrumb","itemListElement":[{"@type":"ListItem","position":1,"name":"Inicio","item":"https:\/\/ondauno.com.ar\/"},{"@type":"ListItem","position":2,"name":"&#8220;Hay m\u00e1s de 400 familias que viven del TC, el regreso reactiva tambi\u00e9n estas econom\u00edas&#8221;."}]},{"@type":"WebSite","@id":"https:\/\/ondauno.com.ar\/#website","url":"https:\/\/ondauno.com.ar\/","name":"103.9 fm","description":"LA PRIMERA RADIO MULTIMEDIA DE TRES ARROYOS","potentialAction":[{"@type":"SearchAction","target":{"@type":"EntryPoint","urlTemplate":"https:\/\/ondauno.com.ar\/?s={search_term_string}"},"query-input":"required name=search_term_string"}],"inLanguage":"es-AR"},{"@type":"Person","@id":"https:\/\/ondauno.com.ar\/#\/schema\/person\/201d1b68e6c75e0fd396fe5f8af5d139","name":"fernando garcia","image":{"@type":"ImageObject","inLanguage":"es-AR","@id":"https:\/\/ondauno.com.ar\/#\/schema\/person\/image\/","url":"https:\/\/secure.gravatar.com\/avatar\/5f7254642ad81272e79a2e69653cfdfc?s=96&d=mm&r=g","contentUrl":"https:\/\/secure.gravatar.com\/avatar\/5f7254642ad81272e79a2e69653cfdfc?s=96&d=mm&r=g","caption":"fernando garcia"},"url":"https:\/\/ondauno.com.ar\/index.php\/author\/ondaunoeditor\/"}]}},"jetpack_publicize_connections":[],"jetpack_featured_media_url":"","jetpack_sharing_enabled":true,"_links":{"self":[{"href":"https:\/\/ondauno.com.ar\/index.php\/wp-json\/wp\/v2\/posts\/16137","targetHints":{"allow":["GET"]}}],"collection":[{"href":"https:\/\/ondauno.com.ar\/index.php\/wp-json\/wp\/v2\/posts"}],"about":[{"href":"https:\/\/ondauno.com.ar\/index.php\/wp-json\/wp\/v2\/types\/post"}],"author":[{"embeddable":true,"href":"https:\/\/ondauno.com.ar\/index.php\/wp-json\/wp\/v2\/users\/2"}],"replies":[{"embeddable":true,"href":"https:\/\/ondauno.com.ar\/index.php\/wp-json\/wp\/v2\/comments?post=16137"}],"version-history":[{"count":0,"href":"https:\/\/ondauno.com.ar\/index.php\/wp-json\/wp\/v2\/posts\/16137\/revisions"}],"wp:attachment":[{"href":"https:\/\/ondauno.com.ar\/index.php\/wp-json\/wp\/v2\/media?parent=16137"}],"wp:term":[{"taxonomy":"category","embeddable":true,"href":"https:\/\/ondauno.com.ar\/index.php\/wp-json\/wp\/v2\/categories?post=16137"},{"taxonomy":"post_tag","embeddable":true,"href":"https:\/\/ondauno.com.ar\/index.php\/wp-json\/wp\/v2\/tags?post=16137"}],"curies":[{"name":"wp","href":"https:\/\/api.w.org\/{rel}","templated":true}]}}