{"id":16079,"date":"2020-09-12T12:20:53","date_gmt":"2020-09-12T15:20:53","guid":{"rendered":"http:\/\/ondauno.com.ar\/?p=16079"},"modified":"2020-09-12T12:20:58","modified_gmt":"2020-09-12T15:20:58","slug":"importante-transito-vedado-en-av-rivadavia-1","status":"publish","type":"post","link":"https:\/\/ondauno.com.ar\/index.php\/2020\/09\/12\/importante-transito-vedado-en-av-rivadavia-1\/","title":{"rendered":"Importante: Tr\u00e1nsito vedado en Av Rivadavia 1"},"content":{"rendered":"<div class=\"ondau-before-content_3\" style=\"margin-top: -30px;\" id=\"ondau-1676933562\"><a href=\"https:\/\/www.lps.com.ar\/\" aria-label=\"la-perse2\"><img loading=\"lazy\" decoding=\"async\" src=\"https:\/\/ondauno.com.ar\/wp-content\/uploads\/2021\/10\/la-perse2.jpg\" alt=\"\"  srcset=\"https:\/\/ondauno.com.ar\/wp-content\/uploads\/2021\/10\/la-perse2.jpg 1353w, https:\/\/ondauno.com.ar\/wp-content\/uploads\/2021\/10\/la-perse2-300x43.jpg 300w, https:\/\/ondauno.com.ar\/wp-content\/uploads\/2021\/10\/la-perse2-1024x148.jpg 1024w, https:\/\/ondauno.com.ar\/wp-content\/uploads\/2021\/10\/la-perse2-768x111.jpg 768w, https:\/\/ondauno.com.ar\/wp-content\/uploads\/2021\/10\/la-perse2-696x100.jpg 696w, https:\/\/ondauno.com.ar\/wp-content\/uploads\/2021\/10\/la-perse2-1068x154.jpg 1068w\" sizes=\"(max-width: 1353px) 100vw, 1353px\" class=\"no-lazyload\" width=\"1353\" height=\"195\"  style=\"display: inline-block;\" \/><\/a><\/div>\n<p>Atentos al buen clima que reinar\u00e1 en nuestra ciudad, desde el municipio se estableci\u00f3 ampliar las zonas de aprovechamiento del aire libre para disfrutar en familia.<\/p>\n\n\n\n<figure class=\"wp-block-image\"><img loading=\"lazy\" decoding=\"async\" width=\"576\" height=\"1024\" data-src=\"http:\/\/ondauno.com.ar\/wp-content\/uploads\/2020\/09\/plaza-576x1024.jpg\" alt=\"\" class=\"wp-image-16082 lazyload\" data-srcset=\"https:\/\/ondauno.com.ar\/wp-content\/uploads\/2020\/09\/plaza-576x1024.jpg 576w, https:\/\/ondauno.com.ar\/wp-content\/uploads\/2020\/09\/plaza-169x300.jpg 169w, https:\/\/ondauno.com.ar\/wp-content\/uploads\/2020\/09\/plaza-696x1237.jpg 696w, https:\/\/ondauno.com.ar\/wp-content\/uploads\/2020\/09\/plaza-236x420.jpg 236w, https:\/\/ondauno.com.ar\/wp-content\/uploads\/2020\/09\/plaza.jpg 720w\" data-sizes=\"auto, (max-width: 576px) 100vw, 576px\" src=\"data:image\/gif;base64,R0lGODlhAQABAAAAACH5BAEKAAEALAAAAAABAAEAAAICTAEAOw==\" style=\"--smush-placeholder-width: 576px; --smush-placeholder-aspect-ratio: 576\/1024;\" \/><noscript><img loading=\"lazy\" decoding=\"async\" width=\"576\" height=\"1024\" src=\"http:\/\/ondauno.com.ar\/wp-content\/uploads\/2020\/09\/plaza-576x1024.jpg\" alt=\"\" class=\"wp-image-16082\" srcset=\"https:\/\/ondauno.com.ar\/wp-content\/uploads\/2020\/09\/plaza-576x1024.jpg 576w, https:\/\/ondauno.com.ar\/wp-content\/uploads\/2020\/09\/plaza-169x300.jpg 169w, https:\/\/ondauno.com.ar\/wp-content\/uploads\/2020\/09\/plaza-696x1237.jpg 696w, https:\/\/ondauno.com.ar\/wp-content\/uploads\/2020\/09\/plaza-236x420.jpg 236w, https:\/\/ondauno.com.ar\/wp-content\/uploads\/2020\/09\/plaza.jpg 720w\" sizes=\"auto, (max-width: 576px) 100vw, 576px\" \/><\/noscript><\/figure>\n\n\n\n<p>Ante esto desde las 13 horas de este d\u00eda S\u00e1bado y hasta la noche del Domingo quedar\u00e1 vedado al tr\u00e1nsito vehicular las calles que rodean el Palacio Municipal.<\/p>\n\n\n\n<p>Se ruega m\u00e1xima precauci\u00f3n para quienes se trasladen por ese sector y atender a las indicaciones de las se\u00f1ales existentes.<\/p>\n\n\n\n<p>Recordamos que sigue siendo obligatorio la portaci\u00f3n de tapa boca y en estos casos m\u00e1s que nunca, mantener el distanciamiento social.<\/p>\n\n\n\n<p>La responsabilidad individual es la mejor arma para combatir el virus. Depende siempre de cada uno de nosotros.<br><\/p>\n","protected":false},"excerpt":{"rendered":"<p>Atentos al buen clima que reinar\u00e1 en nuestra ciudad, desde el municipio se estableci\u00f3 ampliar las zonas de aprovechamiento del aire libre para disfrutar en familia. Ante esto desde las 13 horas de este d\u00eda S\u00e1bado y hasta la noche del Domingo quedar\u00e1 vedado al tr\u00e1nsito vehicular las calles que rodean el Palacio Municipal. Se [&hellip;]<\/p>\n","protected":false},"author":2,"featured_media":16081,"comment_status":"open","ping_status":"open","sticky":false,"template":"","format":"standard","meta":{"tdm_status":"","tdm_grid_status":"","_jetpack_memberships_contains_paid_content":false,"footnotes":"","jetpack_publicize_message":"","jetpack_publicize_feature_enabled":true,"jetpack_social_post_already_shared":false,"jetpack_social_options":{"image_generator_settings":{"template":"highway","default_image_id":0,"font":"","enabled":false},"version":2}},"categories":[2],"tags":[],"class_list":{"0":"post-16079","1":"post","2":"type-post","3":"status-publish","4":"format-standard","5":"has-post-thumbnail","7":"category-locales"},"yoast_head":"<!-- This site is optimized with the Yoast SEO plugin v22.7 - https:\/\/yoast.com\/wordpress\/plugins\/seo\/ -->\n<title>Importante: Tr\u00e1nsito vedado en Av Rivadavia 1 - 103.9 fm<\/title>\n<meta name=\"robots\" content=\"index, follow, max-snippet:-1, max-image-preview:large, max-video-preview:-1\" \/>\n<link rel=\"canonical\" href=\"https:\/\/ondauno.com.ar\/index.php\/2020\/09\/12\/importante-transito-vedado-en-av-rivadavia-1\/\" \/>\n<meta property=\"og:locale\" content=\"es_ES\" \/>\n<meta property=\"og:type\" content=\"article\" \/>\n<meta property=\"og:title\" content=\"Importante: Tr\u00e1nsito vedado en Av Rivadavia 1 - 103.9 fm\" \/>\n<meta property=\"og:description\" content=\"Atentos al buen clima que reinar\u00e1 en nuestra ciudad, desde el municipio se estableci\u00f3 ampliar las zonas de aprovechamiento del aire libre para disfrutar en familia. Ante esto desde las 13 horas de este d\u00eda S\u00e1bado y hasta la noche del Domingo quedar\u00e1 vedado al tr\u00e1nsito vehicular las calles que rodean el Palacio Municipal. Se [&hellip;]\" \/>\n<meta property=\"og:url\" content=\"https:\/\/ondauno.com.ar\/index.php\/2020\/09\/12\/importante-transito-vedado-en-av-rivadavia-1\/\" \/>\n<meta property=\"og:site_name\" content=\"103.9 fm\" \/>\n<meta property=\"article:publisher\" content=\"https:\/\/www.facebook.com\/ondauno103.9\" \/>\n<meta property=\"article:published_time\" content=\"2020-09-12T15:20:53+00:00\" \/>\n<meta property=\"article:modified_time\" content=\"2020-09-12T15:20:58+00:00\" \/>\n<meta property=\"og:image\" content=\"https:\/\/ondauno.com.ar\/wp-content\/uploads\/2020\/09\/plaza2.jpg\" \/>\n\t<meta property=\"og:image:width\" content=\"720\" \/>\n\t<meta property=\"og:image:height\" content=\"1280\" \/>\n\t<meta property=\"og:image:type\" content=\"image\/jpeg\" \/>\n<meta name=\"author\" content=\"fernando garcia\" \/>\n<meta name=\"twitter:card\" content=\"summary_large_image\" \/>\n<meta name=\"twitter:label1\" content=\"Escrito por\" \/>\n\t<meta name=\"twitter:data1\" content=\"fernando garcia\" \/>\n\t<meta name=\"twitter:label2\" content=\"Tiempo de lectura\" \/>\n\t<meta name=\"twitter:data2\" content=\"1 minuto\" \/>\n<script type=\"application\/ld+json\" class=\"yoast-schema-graph\">{\"@context\":\"https:\/\/schema.org\",\"@graph\":[{\"@type\":\"WebPage\",\"@id\":\"https:\/\/ondauno.com.ar\/index.php\/2020\/09\/12\/importante-transito-vedado-en-av-rivadavia-1\/\",\"url\":\"https:\/\/ondauno.com.ar\/index.php\/2020\/09\/12\/importante-transito-vedado-en-av-rivadavia-1\/\",\"name\":\"Importante: Tr\u00e1nsito vedado en Av Rivadavia 1 - 103.9 fm\",\"isPartOf\":{\"@id\":\"https:\/\/ondauno.com.ar\/#website\"},\"primaryImageOfPage\":{\"@id\":\"https:\/\/ondauno.com.ar\/index.php\/2020\/09\/12\/importante-transito-vedado-en-av-rivadavia-1\/#primaryimage\"},\"image\":{\"@id\":\"https:\/\/ondauno.com.ar\/index.php\/2020\/09\/12\/importante-transito-vedado-en-av-rivadavia-1\/#primaryimage\"},\"thumbnailUrl\":\"https:\/\/ondauno.com.ar\/wp-content\/uploads\/2020\/09\/plaza2.jpg\",\"datePublished\":\"2020-09-12T15:20:53+00:00\",\"dateModified\":\"2020-09-12T15:20:58+00:00\",\"author\":{\"@id\":\"https:\/\/ondauno.com.ar\/#\/schema\/person\/201d1b68e6c75e0fd396fe5f8af5d139\"},\"breadcrumb\":{\"@id\":\"https:\/\/ondauno.com.ar\/index.php\/2020\/09\/12\/importante-transito-vedado-en-av-rivadavia-1\/#breadcrumb\"},\"inLanguage\":\"es-AR\",\"potentialAction\":[{\"@type\":\"ReadAction\",\"target\":[\"https:\/\/ondauno.com.ar\/index.php\/2020\/09\/12\/importante-transito-vedado-en-av-rivadavia-1\/\"]}]},{\"@type\":\"ImageObject\",\"inLanguage\":\"es-AR\",\"@id\":\"https:\/\/ondauno.com.ar\/index.php\/2020\/09\/12\/importante-transito-vedado-en-av-rivadavia-1\/#primaryimage\",\"url\":\"https:\/\/ondauno.com.ar\/wp-content\/uploads\/2020\/09\/plaza2.jpg\",\"contentUrl\":\"https:\/\/ondauno.com.ar\/wp-content\/uploads\/2020\/09\/plaza2.jpg\",\"width\":720,\"height\":1280},{\"@type\":\"BreadcrumbList\",\"@id\":\"https:\/\/ondauno.com.ar\/index.php\/2020\/09\/12\/importante-transito-vedado-en-av-rivadavia-1\/#breadcrumb\",\"itemListElement\":[{\"@type\":\"ListItem\",\"position\":1,\"name\":\"Inicio\",\"item\":\"https:\/\/ondauno.com.ar\/\"},{\"@type\":\"ListItem\",\"position\":2,\"name\":\"Importante: Tr\u00e1nsito vedado en Av Rivadavia 1\"}]},{\"@type\":\"WebSite\",\"@id\":\"https:\/\/ondauno.com.ar\/#website\",\"url\":\"https:\/\/ondauno.com.ar\/\",\"name\":\"103.9 fm\",\"description\":\"LA PRIMERA RADIO MULTIMEDIA DE TRES ARROYOS\",\"potentialAction\":[{\"@type\":\"SearchAction\",\"target\":{\"@type\":\"EntryPoint\",\"urlTemplate\":\"https:\/\/ondauno.com.ar\/?s={search_term_string}\"},\"query-input\":\"required name=search_term_string\"}],\"inLanguage\":\"es-AR\"},{\"@type\":\"Person\",\"@id\":\"https:\/\/ondauno.com.ar\/#\/schema\/person\/201d1b68e6c75e0fd396fe5f8af5d139\",\"name\":\"fernando garcia\",\"image\":{\"@type\":\"ImageObject\",\"inLanguage\":\"es-AR\",\"@id\":\"https:\/\/ondauno.com.ar\/#\/schema\/person\/image\/\",\"url\":\"https:\/\/secure.gravatar.com\/avatar\/5f7254642ad81272e79a2e69653cfdfc?s=96&d=mm&r=g\",\"contentUrl\":\"https:\/\/secure.gravatar.com\/avatar\/5f7254642ad81272e79a2e69653cfdfc?s=96&d=mm&r=g\",\"caption\":\"fernando garcia\"},\"url\":\"https:\/\/ondauno.com.ar\/index.php\/author\/ondaunoeditor\/\"}]}<\/script>\n<!-- \/ Yoast SEO plugin. -->","yoast_head_json":{"title":"Importante: Tr\u00e1nsito vedado en Av Rivadavia 1 - 103.9 fm","robots":{"index":"index","follow":"follow","max-snippet":"max-snippet:-1","max-image-preview":"max-image-preview:large","max-video-preview":"max-video-preview:-1"},"canonical":"https:\/\/ondauno.com.ar\/index.php\/2020\/09\/12\/importante-transito-vedado-en-av-rivadavia-1\/","og_locale":"es_ES","og_type":"article","og_title":"Importante: Tr\u00e1nsito vedado en Av Rivadavia 1 - 103.9 fm","og_description":"Atentos al buen clima que reinar\u00e1 en nuestra ciudad, desde el municipio se estableci\u00f3 ampliar las zonas de aprovechamiento del aire libre para disfrutar en familia. Ante esto desde las 13 horas de este d\u00eda S\u00e1bado y hasta la noche del Domingo quedar\u00e1 vedado al tr\u00e1nsito vehicular las calles que rodean el Palacio Municipal. Se [&hellip;]","og_url":"https:\/\/ondauno.com.ar\/index.php\/2020\/09\/12\/importante-transito-vedado-en-av-rivadavia-1\/","og_site_name":"103.9 fm","article_publisher":"https:\/\/www.facebook.com\/ondauno103.9","article_published_time":"2020-09-12T15:20:53+00:00","article_modified_time":"2020-09-12T15:20:58+00:00","og_image":[{"width":720,"height":1280,"url":"https:\/\/ondauno.com.ar\/wp-content\/uploads\/2020\/09\/plaza2.jpg","type":"image\/jpeg"}],"author":"fernando garcia","twitter_card":"summary_large_image","twitter_misc":{"Escrito por":"fernando garcia","Tiempo de lectura":"1 minuto"},"schema":{"@context":"https:\/\/schema.org","@graph":[{"@type":"WebPage","@id":"https:\/\/ondauno.com.ar\/index.php\/2020\/09\/12\/importante-transito-vedado-en-av-rivadavia-1\/","url":"https:\/\/ondauno.com.ar\/index.php\/2020\/09\/12\/importante-transito-vedado-en-av-rivadavia-1\/","name":"Importante: Tr\u00e1nsito vedado en Av Rivadavia 1 - 103.9 fm","isPartOf":{"@id":"https:\/\/ondauno.com.ar\/#website"},"primaryImageOfPage":{"@id":"https:\/\/ondauno.com.ar\/index.php\/2020\/09\/12\/importante-transito-vedado-en-av-rivadavia-1\/#primaryimage"},"image":{"@id":"https:\/\/ondauno.com.ar\/index.php\/2020\/09\/12\/importante-transito-vedado-en-av-rivadavia-1\/#primaryimage"},"thumbnailUrl":"https:\/\/ondauno.com.ar\/wp-content\/uploads\/2020\/09\/plaza2.jpg","datePublished":"2020-09-12T15:20:53+00:00","dateModified":"2020-09-12T15:20:58+00:00","author":{"@id":"https:\/\/ondauno.com.ar\/#\/schema\/person\/201d1b68e6c75e0fd396fe5f8af5d139"},"breadcrumb":{"@id":"https:\/\/ondauno.com.ar\/index.php\/2020\/09\/12\/importante-transito-vedado-en-av-rivadavia-1\/#breadcrumb"},"inLanguage":"es-AR","potentialAction":[{"@type":"ReadAction","target":["https:\/\/ondauno.com.ar\/index.php\/2020\/09\/12\/importante-transito-vedado-en-av-rivadavia-1\/"]}]},{"@type":"ImageObject","inLanguage":"es-AR","@id":"https:\/\/ondauno.com.ar\/index.php\/2020\/09\/12\/importante-transito-vedado-en-av-rivadavia-1\/#primaryimage","url":"https:\/\/ondauno.com.ar\/wp-content\/uploads\/2020\/09\/plaza2.jpg","contentUrl":"https:\/\/ondauno.com.ar\/wp-content\/uploads\/2020\/09\/plaza2.jpg","width":720,"height":1280},{"@type":"BreadcrumbList","@id":"https:\/\/ondauno.com.ar\/index.php\/2020\/09\/12\/importante-transito-vedado-en-av-rivadavia-1\/#breadcrumb","itemListElement":[{"@type":"ListItem","position":1,"name":"Inicio","item":"https:\/\/ondauno.com.ar\/"},{"@type":"ListItem","position":2,"name":"Importante: Tr\u00e1nsito vedado en Av Rivadavia 1"}]},{"@type":"WebSite","@id":"https:\/\/ondauno.com.ar\/#website","url":"https:\/\/ondauno.com.ar\/","name":"103.9 fm","description":"LA PRIMERA RADIO MULTIMEDIA DE TRES ARROYOS","potentialAction":[{"@type":"SearchAction","target":{"@type":"EntryPoint","urlTemplate":"https:\/\/ondauno.com.ar\/?s={search_term_string}"},"query-input":"required name=search_term_string"}],"inLanguage":"es-AR"},{"@type":"Person","@id":"https:\/\/ondauno.com.ar\/#\/schema\/person\/201d1b68e6c75e0fd396fe5f8af5d139","name":"fernando garcia","image":{"@type":"ImageObject","inLanguage":"es-AR","@id":"https:\/\/ondauno.com.ar\/#\/schema\/person\/image\/","url":"https:\/\/secure.gravatar.com\/avatar\/5f7254642ad81272e79a2e69653cfdfc?s=96&d=mm&r=g","contentUrl":"https:\/\/secure.gravatar.com\/avatar\/5f7254642ad81272e79a2e69653cfdfc?s=96&d=mm&r=g","caption":"fernando garcia"},"url":"https:\/\/ondauno.com.ar\/index.php\/author\/ondaunoeditor\/"}]}},"jetpack_publicize_connections":[],"jetpack_featured_media_url":"https:\/\/ondauno.com.ar\/wp-content\/uploads\/2020\/09\/plaza2.jpg","jetpack_sharing_enabled":true,"_links":{"self":[{"href":"https:\/\/ondauno.com.ar\/index.php\/wp-json\/wp\/v2\/posts\/16079","targetHints":{"allow":["GET"]}}],"collection":[{"href":"https:\/\/ondauno.com.ar\/index.php\/wp-json\/wp\/v2\/posts"}],"about":[{"href":"https:\/\/ondauno.com.ar\/index.php\/wp-json\/wp\/v2\/types\/post"}],"author":[{"embeddable":true,"href":"https:\/\/ondauno.com.ar\/index.php\/wp-json\/wp\/v2\/users\/2"}],"replies":[{"embeddable":true,"href":"https:\/\/ondauno.com.ar\/index.php\/wp-json\/wp\/v2\/comments?post=16079"}],"version-history":[{"count":0,"href":"https:\/\/ondauno.com.ar\/index.php\/wp-json\/wp\/v2\/posts\/16079\/revisions"}],"wp:featuredmedia":[{"embeddable":true,"href":"https:\/\/ondauno.com.ar\/index.php\/wp-json\/wp\/v2\/media\/16081"}],"wp:attachment":[{"href":"https:\/\/ondauno.com.ar\/index.php\/wp-json\/wp\/v2\/media?parent=16079"}],"wp:term":[{"taxonomy":"category","embeddable":true,"href":"https:\/\/ondauno.com.ar\/index.php\/wp-json\/wp\/v2\/categories?post=16079"},{"taxonomy":"post_tag","embeddable":true,"href":"https:\/\/ondauno.com.ar\/index.php\/wp-json\/wp\/v2\/tags?post=16079"}],"curies":[{"name":"wp","href":"https:\/\/api.w.org\/{rel}","templated":true}]}}