{"id":15501,"date":"2020-09-02T17:29:22","date_gmt":"2020-09-02T20:29:22","guid":{"rendered":"http:\/\/ondauno.com.ar\/?p=15501"},"modified":"2020-09-02T17:29:54","modified_gmt":"2020-09-02T20:29:54","slug":"el-ministro-rodriguez-hablo-hablo-de-los-planes-de-financiamiento-productivo-caminos-rurales-infraestructura-para-el-agro","status":"publish","type":"post","link":"https:\/\/ondauno.com.ar\/index.php\/2020\/09\/02\/el-ministro-rodriguez-hablo-hablo-de-los-planes-de-financiamiento-productivo-caminos-rurales-infraestructura-para-el-agro\/","title":{"rendered":"El ministro Rodr\u00edguez habl\u00f3 habl\u00f3 de los planes de financiamiento productivo, caminos rurales, infraestructura para el agro"},"content":{"rendered":"<div class=\"ondau-before-content_3\" style=\"margin-top: -30px;\" id=\"ondau-815511486\"><a href=\"https:\/\/www.lps.com.ar\/\" aria-label=\"la-perse2\"><img loading=\"lazy\" decoding=\"async\" src=\"https:\/\/ondauno.com.ar\/wp-content\/uploads\/2021\/10\/la-perse2.jpg\" alt=\"\"  srcset=\"https:\/\/ondauno.com.ar\/wp-content\/uploads\/2021\/10\/la-perse2.jpg 1353w, https:\/\/ondauno.com.ar\/wp-content\/uploads\/2021\/10\/la-perse2-300x43.jpg 300w, https:\/\/ondauno.com.ar\/wp-content\/uploads\/2021\/10\/la-perse2-1024x148.jpg 1024w, https:\/\/ondauno.com.ar\/wp-content\/uploads\/2021\/10\/la-perse2-768x111.jpg 768w, https:\/\/ondauno.com.ar\/wp-content\/uploads\/2021\/10\/la-perse2-696x100.jpg 696w, https:\/\/ondauno.com.ar\/wp-content\/uploads\/2021\/10\/la-perse2-1068x154.jpg 1068w\" sizes=\"(max-width: 1353px) 100vw, 1353px\" class=\"no-lazyload\" width=\"1353\" height=\"195\"  style=\"display: inline-block;\" \/><\/a><\/div>\n<p>El ministro Javier Rodr\u00edguez, titular de la cartera de Desarrollo Agrario provincial habl\u00f3 en Cosa que Pasan de los anuncios para el sector anunciados por el gobernador Axel Kicillof.<\/p>\n\n\n\n<p>En este sentido mencion\u00f3 los tres ejes fundamentales que el gobernador destac\u00f3 para informar sobre los planes, programas y proyectos que la Provincia pone en marcha para motorizar la econom\u00eda pos pandemia.<\/p>\n\n\n\n<p>Los ejes son:el financiamiento, la inversi\u00f3n en infraestructura y el apoyo a los sectores productivos.<\/p>\n\n\n\n<p>El ministro Rodr\u00edguez desarroll\u00f3 los ejes en relaci\u00f3n a la producci\u00f3n agraria y mencion\u00f3 la importancia de la realizaci\u00f3n y mejoramiento de los caminos rurales para el sector agrario, as\u00ed como la tarjeta PROCAMPO, el Programa A TODA M\u00c1QUINA, la financiaci\u00f3n productiva, el apoyo a las cooperativas ya conformadas y el Programa de Incubadora de Cooperativas.<\/p>\n\n\n\n<p>Indic\u00f3 dentro del eje de Infraestructura la importancia que tiene respecto a la generaci\u00f3n de trabajo y a la producci\u00f3n.<\/p>\n\n\n\n<div class=\"fb-video\" data-allowfullscreen=\"true\" data-href=\"https:\/\/www.facebook.com\/ondauno103.9\/videos\/798785260866104\/\" style=\"background-color: #fff; display: inline-block;\"><\/div>\n\n\n\n<p>La entrevista con el ministro de Desarrollo Agrario provincial, Javier Rodr\u00edguez desde el minuto 37<\/p>\n\n\n\n<p><\/p>\n","protected":false},"excerpt":{"rendered":"<p>El ministro Javier Rodr\u00edguez, titular de la cartera de Desarrollo Agrario provincial habl\u00f3 en Cosa que Pasan de los anuncios para el sector anunciados por el gobernador Axel Kicillof. En este sentido mencion\u00f3 los tres ejes fundamentales que el gobernador destac\u00f3 para informar sobre los planes, programas y proyectos que la Provincia pone en marcha [&hellip;]<\/p>\n","protected":false},"author":2,"featured_media":15500,"comment_status":"open","ping_status":"open","sticky":false,"template":"","format":"standard","meta":{"tdm_status":"","tdm_grid_status":"","_jetpack_memberships_contains_paid_content":false,"footnotes":"","jetpack_publicize_message":"","jetpack_publicize_feature_enabled":true,"jetpack_social_post_already_shared":false,"jetpack_social_options":{"image_generator_settings":{"template":"highway","default_image_id":0,"font":"","enabled":false},"version":2}},"categories":[30],"tags":[],"class_list":{"0":"post-15501","1":"post","2":"type-post","3":"status-publish","4":"format-standard","5":"has-post-thumbnail","7":"category-provinciales"},"yoast_head":"<!-- This site is optimized with the Yoast SEO plugin v22.7 - https:\/\/yoast.com\/wordpress\/plugins\/seo\/ -->\n<title>El ministro Rodr\u00edguez habl\u00f3 habl\u00f3 de los planes de financiamiento productivo, caminos rurales, infraestructura para el agro - 103.9 fm<\/title>\n<meta name=\"robots\" content=\"index, follow, max-snippet:-1, max-image-preview:large, max-video-preview:-1\" \/>\n<link rel=\"canonical\" href=\"https:\/\/ondauno.com.ar\/index.php\/2020\/09\/02\/el-ministro-rodriguez-hablo-hablo-de-los-planes-de-financiamiento-productivo-caminos-rurales-infraestructura-para-el-agro\/\" \/>\n<meta property=\"og:locale\" content=\"es_ES\" \/>\n<meta property=\"og:type\" content=\"article\" \/>\n<meta property=\"og:title\" content=\"El ministro Rodr\u00edguez habl\u00f3 habl\u00f3 de los planes de financiamiento productivo, caminos rurales, infraestructura para el agro - 103.9 fm\" \/>\n<meta property=\"og:description\" content=\"El ministro Javier Rodr\u00edguez, titular de la cartera de Desarrollo Agrario provincial habl\u00f3 en Cosa que Pasan de los anuncios para el sector anunciados por el gobernador Axel Kicillof. En este sentido mencion\u00f3 los tres ejes fundamentales que el gobernador destac\u00f3 para informar sobre los planes, programas y proyectos que la Provincia pone en marcha [&hellip;]\" \/>\n<meta property=\"og:url\" content=\"https:\/\/ondauno.com.ar\/index.php\/2020\/09\/02\/el-ministro-rodriguez-hablo-hablo-de-los-planes-de-financiamiento-productivo-caminos-rurales-infraestructura-para-el-agro\/\" \/>\n<meta property=\"og:site_name\" content=\"103.9 fm\" \/>\n<meta property=\"article:publisher\" content=\"https:\/\/www.facebook.com\/ondauno103.9\" \/>\n<meta property=\"article:published_time\" content=\"2020-09-02T20:29:22+00:00\" \/>\n<meta property=\"article:modified_time\" content=\"2020-09-02T20:29:54+00:00\" \/>\n<meta property=\"og:image\" content=\"https:\/\/ondauno.com.ar\/wp-content\/uploads\/2020\/09\/javier-rodriguez.jpg\" \/>\n\t<meta property=\"og:image:width\" content=\"1024\" \/>\n\t<meta property=\"og:image:height\" content=\"682\" \/>\n\t<meta property=\"og:image:type\" content=\"image\/jpeg\" \/>\n<meta name=\"author\" content=\"fernando garcia\" \/>\n<meta name=\"twitter:card\" content=\"summary_large_image\" \/>\n<meta name=\"twitter:label1\" content=\"Escrito por\" \/>\n\t<meta name=\"twitter:data1\" content=\"fernando garcia\" \/>\n\t<meta name=\"twitter:label2\" content=\"Tiempo de lectura\" \/>\n\t<meta name=\"twitter:data2\" content=\"1 minuto\" \/>\n<script type=\"application\/ld+json\" class=\"yoast-schema-graph\">{\"@context\":\"https:\/\/schema.org\",\"@graph\":[{\"@type\":\"WebPage\",\"@id\":\"https:\/\/ondauno.com.ar\/index.php\/2020\/09\/02\/el-ministro-rodriguez-hablo-hablo-de-los-planes-de-financiamiento-productivo-caminos-rurales-infraestructura-para-el-agro\/\",\"url\":\"https:\/\/ondauno.com.ar\/index.php\/2020\/09\/02\/el-ministro-rodriguez-hablo-hablo-de-los-planes-de-financiamiento-productivo-caminos-rurales-infraestructura-para-el-agro\/\",\"name\":\"El ministro Rodr\u00edguez habl\u00f3 habl\u00f3 de los planes de financiamiento productivo, caminos rurales, infraestructura para el agro - 103.9 fm\",\"isPartOf\":{\"@id\":\"https:\/\/ondauno.com.ar\/#website\"},\"primaryImageOfPage\":{\"@id\":\"https:\/\/ondauno.com.ar\/index.php\/2020\/09\/02\/el-ministro-rodriguez-hablo-hablo-de-los-planes-de-financiamiento-productivo-caminos-rurales-infraestructura-para-el-agro\/#primaryimage\"},\"image\":{\"@id\":\"https:\/\/ondauno.com.ar\/index.php\/2020\/09\/02\/el-ministro-rodriguez-hablo-hablo-de-los-planes-de-financiamiento-productivo-caminos-rurales-infraestructura-para-el-agro\/#primaryimage\"},\"thumbnailUrl\":\"https:\/\/ondauno.com.ar\/wp-content\/uploads\/2020\/09\/javier-rodriguez.jpg\",\"datePublished\":\"2020-09-02T20:29:22+00:00\",\"dateModified\":\"2020-09-02T20:29:54+00:00\",\"author\":{\"@id\":\"https:\/\/ondauno.com.ar\/#\/schema\/person\/201d1b68e6c75e0fd396fe5f8af5d139\"},\"breadcrumb\":{\"@id\":\"https:\/\/ondauno.com.ar\/index.php\/2020\/09\/02\/el-ministro-rodriguez-hablo-hablo-de-los-planes-de-financiamiento-productivo-caminos-rurales-infraestructura-para-el-agro\/#breadcrumb\"},\"inLanguage\":\"es-AR\",\"potentialAction\":[{\"@type\":\"ReadAction\",\"target\":[\"https:\/\/ondauno.com.ar\/index.php\/2020\/09\/02\/el-ministro-rodriguez-hablo-hablo-de-los-planes-de-financiamiento-productivo-caminos-rurales-infraestructura-para-el-agro\/\"]}]},{\"@type\":\"ImageObject\",\"inLanguage\":\"es-AR\",\"@id\":\"https:\/\/ondauno.com.ar\/index.php\/2020\/09\/02\/el-ministro-rodriguez-hablo-hablo-de-los-planes-de-financiamiento-productivo-caminos-rurales-infraestructura-para-el-agro\/#primaryimage\",\"url\":\"https:\/\/ondauno.com.ar\/wp-content\/uploads\/2020\/09\/javier-rodriguez.jpg\",\"contentUrl\":\"https:\/\/ondauno.com.ar\/wp-content\/uploads\/2020\/09\/javier-rodriguez.jpg\",\"width\":1024,\"height\":682},{\"@type\":\"BreadcrumbList\",\"@id\":\"https:\/\/ondauno.com.ar\/index.php\/2020\/09\/02\/el-ministro-rodriguez-hablo-hablo-de-los-planes-de-financiamiento-productivo-caminos-rurales-infraestructura-para-el-agro\/#breadcrumb\",\"itemListElement\":[{\"@type\":\"ListItem\",\"position\":1,\"name\":\"Inicio\",\"item\":\"https:\/\/ondauno.com.ar\/\"},{\"@type\":\"ListItem\",\"position\":2,\"name\":\"El ministro Rodr\u00edguez habl\u00f3 habl\u00f3 de los planes de financiamiento productivo, caminos rurales, infraestructura para el agro\"}]},{\"@type\":\"WebSite\",\"@id\":\"https:\/\/ondauno.com.ar\/#website\",\"url\":\"https:\/\/ondauno.com.ar\/\",\"name\":\"103.9 fm\",\"description\":\"LA PRIMERA RADIO MULTIMEDIA DE TRES ARROYOS\",\"potentialAction\":[{\"@type\":\"SearchAction\",\"target\":{\"@type\":\"EntryPoint\",\"urlTemplate\":\"https:\/\/ondauno.com.ar\/?s={search_term_string}\"},\"query-input\":\"required name=search_term_string\"}],\"inLanguage\":\"es-AR\"},{\"@type\":\"Person\",\"@id\":\"https:\/\/ondauno.com.ar\/#\/schema\/person\/201d1b68e6c75e0fd396fe5f8af5d139\",\"name\":\"fernando garcia\",\"image\":{\"@type\":\"ImageObject\",\"inLanguage\":\"es-AR\",\"@id\":\"https:\/\/ondauno.com.ar\/#\/schema\/person\/image\/\",\"url\":\"https:\/\/secure.gravatar.com\/avatar\/5f7254642ad81272e79a2e69653cfdfc?s=96&d=mm&r=g\",\"contentUrl\":\"https:\/\/secure.gravatar.com\/avatar\/5f7254642ad81272e79a2e69653cfdfc?s=96&d=mm&r=g\",\"caption\":\"fernando garcia\"},\"url\":\"https:\/\/ondauno.com.ar\/index.php\/author\/ondaunoeditor\/\"}]}<\/script>\n<!-- \/ Yoast SEO plugin. -->","yoast_head_json":{"title":"El ministro Rodr\u00edguez habl\u00f3 habl\u00f3 de los planes de financiamiento productivo, caminos rurales, infraestructura para el agro - 103.9 fm","robots":{"index":"index","follow":"follow","max-snippet":"max-snippet:-1","max-image-preview":"max-image-preview:large","max-video-preview":"max-video-preview:-1"},"canonical":"https:\/\/ondauno.com.ar\/index.php\/2020\/09\/02\/el-ministro-rodriguez-hablo-hablo-de-los-planes-de-financiamiento-productivo-caminos-rurales-infraestructura-para-el-agro\/","og_locale":"es_ES","og_type":"article","og_title":"El ministro Rodr\u00edguez habl\u00f3 habl\u00f3 de los planes de financiamiento productivo, caminos rurales, infraestructura para el agro - 103.9 fm","og_description":"El ministro Javier Rodr\u00edguez, titular de la cartera de Desarrollo Agrario provincial habl\u00f3 en Cosa que Pasan de los anuncios para el sector anunciados por el gobernador Axel Kicillof. En este sentido mencion\u00f3 los tres ejes fundamentales que el gobernador destac\u00f3 para informar sobre los planes, programas y proyectos que la Provincia pone en marcha [&hellip;]","og_url":"https:\/\/ondauno.com.ar\/index.php\/2020\/09\/02\/el-ministro-rodriguez-hablo-hablo-de-los-planes-de-financiamiento-productivo-caminos-rurales-infraestructura-para-el-agro\/","og_site_name":"103.9 fm","article_publisher":"https:\/\/www.facebook.com\/ondauno103.9","article_published_time":"2020-09-02T20:29:22+00:00","article_modified_time":"2020-09-02T20:29:54+00:00","og_image":[{"width":1024,"height":682,"url":"https:\/\/ondauno.com.ar\/wp-content\/uploads\/2020\/09\/javier-rodriguez.jpg","type":"image\/jpeg"}],"author":"fernando garcia","twitter_card":"summary_large_image","twitter_misc":{"Escrito por":"fernando garcia","Tiempo de lectura":"1 minuto"},"schema":{"@context":"https:\/\/schema.org","@graph":[{"@type":"WebPage","@id":"https:\/\/ondauno.com.ar\/index.php\/2020\/09\/02\/el-ministro-rodriguez-hablo-hablo-de-los-planes-de-financiamiento-productivo-caminos-rurales-infraestructura-para-el-agro\/","url":"https:\/\/ondauno.com.ar\/index.php\/2020\/09\/02\/el-ministro-rodriguez-hablo-hablo-de-los-planes-de-financiamiento-productivo-caminos-rurales-infraestructura-para-el-agro\/","name":"El ministro Rodr\u00edguez habl\u00f3 habl\u00f3 de los planes de financiamiento productivo, caminos rurales, infraestructura para el agro - 103.9 fm","isPartOf":{"@id":"https:\/\/ondauno.com.ar\/#website"},"primaryImageOfPage":{"@id":"https:\/\/ondauno.com.ar\/index.php\/2020\/09\/02\/el-ministro-rodriguez-hablo-hablo-de-los-planes-de-financiamiento-productivo-caminos-rurales-infraestructura-para-el-agro\/#primaryimage"},"image":{"@id":"https:\/\/ondauno.com.ar\/index.php\/2020\/09\/02\/el-ministro-rodriguez-hablo-hablo-de-los-planes-de-financiamiento-productivo-caminos-rurales-infraestructura-para-el-agro\/#primaryimage"},"thumbnailUrl":"https:\/\/ondauno.com.ar\/wp-content\/uploads\/2020\/09\/javier-rodriguez.jpg","datePublished":"2020-09-02T20:29:22+00:00","dateModified":"2020-09-02T20:29:54+00:00","author":{"@id":"https:\/\/ondauno.com.ar\/#\/schema\/person\/201d1b68e6c75e0fd396fe5f8af5d139"},"breadcrumb":{"@id":"https:\/\/ondauno.com.ar\/index.php\/2020\/09\/02\/el-ministro-rodriguez-hablo-hablo-de-los-planes-de-financiamiento-productivo-caminos-rurales-infraestructura-para-el-agro\/#breadcrumb"},"inLanguage":"es-AR","potentialAction":[{"@type":"ReadAction","target":["https:\/\/ondauno.com.ar\/index.php\/2020\/09\/02\/el-ministro-rodriguez-hablo-hablo-de-los-planes-de-financiamiento-productivo-caminos-rurales-infraestructura-para-el-agro\/"]}]},{"@type":"ImageObject","inLanguage":"es-AR","@id":"https:\/\/ondauno.com.ar\/index.php\/2020\/09\/02\/el-ministro-rodriguez-hablo-hablo-de-los-planes-de-financiamiento-productivo-caminos-rurales-infraestructura-para-el-agro\/#primaryimage","url":"https:\/\/ondauno.com.ar\/wp-content\/uploads\/2020\/09\/javier-rodriguez.jpg","contentUrl":"https:\/\/ondauno.com.ar\/wp-content\/uploads\/2020\/09\/javier-rodriguez.jpg","width":1024,"height":682},{"@type":"BreadcrumbList","@id":"https:\/\/ondauno.com.ar\/index.php\/2020\/09\/02\/el-ministro-rodriguez-hablo-hablo-de-los-planes-de-financiamiento-productivo-caminos-rurales-infraestructura-para-el-agro\/#breadcrumb","itemListElement":[{"@type":"ListItem","position":1,"name":"Inicio","item":"https:\/\/ondauno.com.ar\/"},{"@type":"ListItem","position":2,"name":"El ministro Rodr\u00edguez habl\u00f3 habl\u00f3 de los planes de financiamiento productivo, caminos rurales, infraestructura para el agro"}]},{"@type":"WebSite","@id":"https:\/\/ondauno.com.ar\/#website","url":"https:\/\/ondauno.com.ar\/","name":"103.9 fm","description":"LA PRIMERA RADIO MULTIMEDIA DE TRES ARROYOS","potentialAction":[{"@type":"SearchAction","target":{"@type":"EntryPoint","urlTemplate":"https:\/\/ondauno.com.ar\/?s={search_term_string}"},"query-input":"required name=search_term_string"}],"inLanguage":"es-AR"},{"@type":"Person","@id":"https:\/\/ondauno.com.ar\/#\/schema\/person\/201d1b68e6c75e0fd396fe5f8af5d139","name":"fernando garcia","image":{"@type":"ImageObject","inLanguage":"es-AR","@id":"https:\/\/ondauno.com.ar\/#\/schema\/person\/image\/","url":"https:\/\/secure.gravatar.com\/avatar\/5f7254642ad81272e79a2e69653cfdfc?s=96&d=mm&r=g","contentUrl":"https:\/\/secure.gravatar.com\/avatar\/5f7254642ad81272e79a2e69653cfdfc?s=96&d=mm&r=g","caption":"fernando garcia"},"url":"https:\/\/ondauno.com.ar\/index.php\/author\/ondaunoeditor\/"}]}},"jetpack_publicize_connections":[],"jetpack_featured_media_url":"https:\/\/ondauno.com.ar\/wp-content\/uploads\/2020\/09\/javier-rodriguez.jpg","jetpack_sharing_enabled":true,"_links":{"self":[{"href":"https:\/\/ondauno.com.ar\/index.php\/wp-json\/wp\/v2\/posts\/15501","targetHints":{"allow":["GET"]}}],"collection":[{"href":"https:\/\/ondauno.com.ar\/index.php\/wp-json\/wp\/v2\/posts"}],"about":[{"href":"https:\/\/ondauno.com.ar\/index.php\/wp-json\/wp\/v2\/types\/post"}],"author":[{"embeddable":true,"href":"https:\/\/ondauno.com.ar\/index.php\/wp-json\/wp\/v2\/users\/2"}],"replies":[{"embeddable":true,"href":"https:\/\/ondauno.com.ar\/index.php\/wp-json\/wp\/v2\/comments?post=15501"}],"version-history":[{"count":0,"href":"https:\/\/ondauno.com.ar\/index.php\/wp-json\/wp\/v2\/posts\/15501\/revisions"}],"wp:featuredmedia":[{"embeddable":true,"href":"https:\/\/ondauno.com.ar\/index.php\/wp-json\/wp\/v2\/media\/15500"}],"wp:attachment":[{"href":"https:\/\/ondauno.com.ar\/index.php\/wp-json\/wp\/v2\/media?parent=15501"}],"wp:term":[{"taxonomy":"category","embeddable":true,"href":"https:\/\/ondauno.com.ar\/index.php\/wp-json\/wp\/v2\/categories?post=15501"},{"taxonomy":"post_tag","embeddable":true,"href":"https:\/\/ondauno.com.ar\/index.php\/wp-json\/wp\/v2\/tags?post=15501"}],"curies":[{"name":"wp","href":"https:\/\/api.w.org\/{rel}","templated":true}]}}