{"id":15038,"date":"2020-08-25T23:09:28","date_gmt":"2020-08-26T02:09:28","guid":{"rendered":"http:\/\/ondauno.com.ar\/?p=15038"},"modified":"2020-08-25T23:09:32","modified_gmt":"2020-08-26T02:09:32","slug":"tres-personas-dieron-positivo-de-covid-19-y-suman-seis-desde-el-domingo","status":"publish","type":"post","link":"https:\/\/ondauno.com.ar\/index.php\/2020\/08\/25\/tres-personas-dieron-positivo-de-covid-19-y-suman-seis-desde-el-domingo\/","title":{"rendered":"Tres personas dieron positivo de Covid-19 y suman seis desde el domingo"},"content":{"rendered":"<div class=\"ondau-before-content_3\" style=\"margin-top: -30px;\" id=\"ondau-1281975468\"><a href=\"https:\/\/www.lps.com.ar\/\" aria-label=\"la-perse2\"><img loading=\"lazy\" decoding=\"async\" src=\"https:\/\/ondauno.com.ar\/wp-content\/uploads\/2021\/10\/la-perse2.jpg\" alt=\"\"  srcset=\"https:\/\/ondauno.com.ar\/wp-content\/uploads\/2021\/10\/la-perse2.jpg 1353w, https:\/\/ondauno.com.ar\/wp-content\/uploads\/2021\/10\/la-perse2-300x43.jpg 300w, https:\/\/ondauno.com.ar\/wp-content\/uploads\/2021\/10\/la-perse2-1024x148.jpg 1024w, https:\/\/ondauno.com.ar\/wp-content\/uploads\/2021\/10\/la-perse2-768x111.jpg 768w, https:\/\/ondauno.com.ar\/wp-content\/uploads\/2021\/10\/la-perse2-696x100.jpg 696w, https:\/\/ondauno.com.ar\/wp-content\/uploads\/2021\/10\/la-perse2-1068x154.jpg 1068w\" sizes=\"(max-width: 1353px) 100vw, 1353px\" class=\"no-lazyload\" width=\"1353\" height=\"195\"  style=\"display: inline-block;\" \/><\/a><\/div>\n<p>El secretario de Prevenci\u00f3n y Salud, doctor Gabriel Guerra\nconfirm\u00f3 3 casos m\u00e1s de pacientes con Covid positivos, todos contactos\nestrechos de la paciente diagnosticada el domingo.<\/p>\n\n\n\n<p>Mientras que los otros dos casos siguen en sus domicilios y\nse continu\u00f3 la cadena epidemiol\u00f3gica realizando 9 hisopados m\u00e1s de los que se\nesperan resultados.<\/p>\n\n\n\n<p>En cuanto al caso de Orense, tal como lo indic\u00f3 Guerra esta\nma\u00f1ana en Cosas que Pasan, s e trata de una persona que vive en la zona rural\ncerca de San Cayetano, realizaron la trazabilidad de sus contactos estrechos\npor lo que se detectaron otras cinco personas sospechosas de las cuales una\nest\u00e1 internada en la sala Covid con la sintomatolog\u00eda del caso.<\/p>\n\n\n\n<p>Quedan dos hisopados pendientes que se realizar\u00e1n ma\u00f1ana de\ncontactos estrechos de los pacientes con covid<\/p>\n\n\n\n<p>En este momento hay 6 pacientes contagiados y 11 en estudio<\/p>\n","protected":false},"excerpt":{"rendered":"<p>El secretario de Prevenci\u00f3n y Salud, doctor Gabriel Guerra confirm\u00f3 3 casos m\u00e1s de pacientes con Covid positivos, todos contactos estrechos de la paciente diagnosticada el domingo. Mientras que los otros dos casos siguen en sus domicilios y se continu\u00f3 la cadena epidemiol\u00f3gica realizando 9 hisopados m\u00e1s de los que se esperan resultados. En cuanto [&hellip;]<\/p>\n","protected":false},"author":2,"featured_media":13463,"comment_status":"open","ping_status":"open","sticky":false,"template":"","format":"standard","meta":{"tdm_status":"","tdm_grid_status":"","_jetpack_memberships_contains_paid_content":false,"footnotes":"","jetpack_publicize_message":"","jetpack_publicize_feature_enabled":true,"jetpack_social_post_already_shared":false,"jetpack_social_options":{"image_generator_settings":{"template":"highway","default_image_id":0,"font":"","enabled":false},"version":2}},"categories":[2],"tags":[],"class_list":{"0":"post-15038","1":"post","2":"type-post","3":"status-publish","4":"format-standard","5":"has-post-thumbnail","7":"category-locales"},"yoast_head":"<!-- This site is optimized with the Yoast SEO plugin v22.7 - https:\/\/yoast.com\/wordpress\/plugins\/seo\/ -->\n<title>Tres personas dieron positivo de Covid-19 y suman seis desde el domingo - 103.9 fm<\/title>\n<meta name=\"robots\" content=\"index, follow, max-snippet:-1, max-image-preview:large, max-video-preview:-1\" \/>\n<link rel=\"canonical\" href=\"https:\/\/ondauno.com.ar\/index.php\/2020\/08\/25\/tres-personas-dieron-positivo-de-covid-19-y-suman-seis-desde-el-domingo\/\" \/>\n<meta property=\"og:locale\" content=\"es_ES\" \/>\n<meta property=\"og:type\" content=\"article\" \/>\n<meta property=\"og:title\" content=\"Tres personas dieron positivo de Covid-19 y suman seis desde el domingo - 103.9 fm\" \/>\n<meta property=\"og:description\" content=\"El secretario de Prevenci\u00f3n y Salud, doctor Gabriel Guerra confirm\u00f3 3 casos m\u00e1s de pacientes con Covid positivos, todos contactos estrechos de la paciente diagnosticada el domingo. Mientras que los otros dos casos siguen en sus domicilios y se continu\u00f3 la cadena epidemiol\u00f3gica realizando 9 hisopados m\u00e1s de los que se esperan resultados. En cuanto [&hellip;]\" \/>\n<meta property=\"og:url\" content=\"https:\/\/ondauno.com.ar\/index.php\/2020\/08\/25\/tres-personas-dieron-positivo-de-covid-19-y-suman-seis-desde-el-domingo\/\" \/>\n<meta property=\"og:site_name\" content=\"103.9 fm\" \/>\n<meta property=\"article:publisher\" content=\"https:\/\/www.facebook.com\/ondauno103.9\" \/>\n<meta property=\"article:published_time\" content=\"2020-08-26T02:09:28+00:00\" \/>\n<meta property=\"article:modified_time\" content=\"2020-08-26T02:09:32+00:00\" \/>\n<meta property=\"og:image\" content=\"https:\/\/ondauno.com.ar\/wp-content\/uploads\/2020\/08\/coronavirus-5.jpg\" \/>\n\t<meta property=\"og:image:width\" content=\"1200\" \/>\n\t<meta property=\"og:image:height\" content=\"720\" \/>\n\t<meta property=\"og:image:type\" content=\"image\/jpeg\" \/>\n<meta name=\"author\" content=\"fernando garcia\" \/>\n<meta name=\"twitter:card\" content=\"summary_large_image\" \/>\n<meta name=\"twitter:label1\" content=\"Escrito por\" \/>\n\t<meta name=\"twitter:data1\" content=\"fernando garcia\" \/>\n\t<meta name=\"twitter:label2\" content=\"Tiempo de lectura\" \/>\n\t<meta name=\"twitter:data2\" content=\"1 minuto\" \/>\n<script type=\"application\/ld+json\" class=\"yoast-schema-graph\">{\"@context\":\"https:\/\/schema.org\",\"@graph\":[{\"@type\":\"WebPage\",\"@id\":\"https:\/\/ondauno.com.ar\/index.php\/2020\/08\/25\/tres-personas-dieron-positivo-de-covid-19-y-suman-seis-desde-el-domingo\/\",\"url\":\"https:\/\/ondauno.com.ar\/index.php\/2020\/08\/25\/tres-personas-dieron-positivo-de-covid-19-y-suman-seis-desde-el-domingo\/\",\"name\":\"Tres personas dieron positivo de Covid-19 y suman seis desde el domingo - 103.9 fm\",\"isPartOf\":{\"@id\":\"https:\/\/ondauno.com.ar\/#website\"},\"primaryImageOfPage\":{\"@id\":\"https:\/\/ondauno.com.ar\/index.php\/2020\/08\/25\/tres-personas-dieron-positivo-de-covid-19-y-suman-seis-desde-el-domingo\/#primaryimage\"},\"image\":{\"@id\":\"https:\/\/ondauno.com.ar\/index.php\/2020\/08\/25\/tres-personas-dieron-positivo-de-covid-19-y-suman-seis-desde-el-domingo\/#primaryimage\"},\"thumbnailUrl\":\"https:\/\/ondauno.com.ar\/wp-content\/uploads\/2020\/08\/coronavirus-5.jpg\",\"datePublished\":\"2020-08-26T02:09:28+00:00\",\"dateModified\":\"2020-08-26T02:09:32+00:00\",\"author\":{\"@id\":\"https:\/\/ondauno.com.ar\/#\/schema\/person\/201d1b68e6c75e0fd396fe5f8af5d139\"},\"breadcrumb\":{\"@id\":\"https:\/\/ondauno.com.ar\/index.php\/2020\/08\/25\/tres-personas-dieron-positivo-de-covid-19-y-suman-seis-desde-el-domingo\/#breadcrumb\"},\"inLanguage\":\"es-AR\",\"potentialAction\":[{\"@type\":\"ReadAction\",\"target\":[\"https:\/\/ondauno.com.ar\/index.php\/2020\/08\/25\/tres-personas-dieron-positivo-de-covid-19-y-suman-seis-desde-el-domingo\/\"]}]},{\"@type\":\"ImageObject\",\"inLanguage\":\"es-AR\",\"@id\":\"https:\/\/ondauno.com.ar\/index.php\/2020\/08\/25\/tres-personas-dieron-positivo-de-covid-19-y-suman-seis-desde-el-domingo\/#primaryimage\",\"url\":\"https:\/\/ondauno.com.ar\/wp-content\/uploads\/2020\/08\/coronavirus-5.jpg\",\"contentUrl\":\"https:\/\/ondauno.com.ar\/wp-content\/uploads\/2020\/08\/coronavirus-5.jpg\",\"width\":1200,\"height\":720},{\"@type\":\"BreadcrumbList\",\"@id\":\"https:\/\/ondauno.com.ar\/index.php\/2020\/08\/25\/tres-personas-dieron-positivo-de-covid-19-y-suman-seis-desde-el-domingo\/#breadcrumb\",\"itemListElement\":[{\"@type\":\"ListItem\",\"position\":1,\"name\":\"Inicio\",\"item\":\"https:\/\/ondauno.com.ar\/\"},{\"@type\":\"ListItem\",\"position\":2,\"name\":\"Tres personas dieron positivo de Covid-19 y suman seis desde el domingo\"}]},{\"@type\":\"WebSite\",\"@id\":\"https:\/\/ondauno.com.ar\/#website\",\"url\":\"https:\/\/ondauno.com.ar\/\",\"name\":\"103.9 fm\",\"description\":\"LA PRIMERA RADIO MULTIMEDIA DE TRES ARROYOS\",\"potentialAction\":[{\"@type\":\"SearchAction\",\"target\":{\"@type\":\"EntryPoint\",\"urlTemplate\":\"https:\/\/ondauno.com.ar\/?s={search_term_string}\"},\"query-input\":\"required name=search_term_string\"}],\"inLanguage\":\"es-AR\"},{\"@type\":\"Person\",\"@id\":\"https:\/\/ondauno.com.ar\/#\/schema\/person\/201d1b68e6c75e0fd396fe5f8af5d139\",\"name\":\"fernando garcia\",\"image\":{\"@type\":\"ImageObject\",\"inLanguage\":\"es-AR\",\"@id\":\"https:\/\/ondauno.com.ar\/#\/schema\/person\/image\/\",\"url\":\"https:\/\/secure.gravatar.com\/avatar\/5f7254642ad81272e79a2e69653cfdfc?s=96&d=mm&r=g\",\"contentUrl\":\"https:\/\/secure.gravatar.com\/avatar\/5f7254642ad81272e79a2e69653cfdfc?s=96&d=mm&r=g\",\"caption\":\"fernando garcia\"},\"url\":\"https:\/\/ondauno.com.ar\/index.php\/author\/ondaunoeditor\/\"}]}<\/script>\n<!-- \/ Yoast SEO plugin. -->","yoast_head_json":{"title":"Tres personas dieron positivo de Covid-19 y suman seis desde el domingo - 103.9 fm","robots":{"index":"index","follow":"follow","max-snippet":"max-snippet:-1","max-image-preview":"max-image-preview:large","max-video-preview":"max-video-preview:-1"},"canonical":"https:\/\/ondauno.com.ar\/index.php\/2020\/08\/25\/tres-personas-dieron-positivo-de-covid-19-y-suman-seis-desde-el-domingo\/","og_locale":"es_ES","og_type":"article","og_title":"Tres personas dieron positivo de Covid-19 y suman seis desde el domingo - 103.9 fm","og_description":"El secretario de Prevenci\u00f3n y Salud, doctor Gabriel Guerra confirm\u00f3 3 casos m\u00e1s de pacientes con Covid positivos, todos contactos estrechos de la paciente diagnosticada el domingo. Mientras que los otros dos casos siguen en sus domicilios y se continu\u00f3 la cadena epidemiol\u00f3gica realizando 9 hisopados m\u00e1s de los que se esperan resultados. En cuanto [&hellip;]","og_url":"https:\/\/ondauno.com.ar\/index.php\/2020\/08\/25\/tres-personas-dieron-positivo-de-covid-19-y-suman-seis-desde-el-domingo\/","og_site_name":"103.9 fm","article_publisher":"https:\/\/www.facebook.com\/ondauno103.9","article_published_time":"2020-08-26T02:09:28+00:00","article_modified_time":"2020-08-26T02:09:32+00:00","og_image":[{"width":1200,"height":720,"url":"https:\/\/ondauno.com.ar\/wp-content\/uploads\/2020\/08\/coronavirus-5.jpg","type":"image\/jpeg"}],"author":"fernando garcia","twitter_card":"summary_large_image","twitter_misc":{"Escrito por":"fernando garcia","Tiempo de lectura":"1 minuto"},"schema":{"@context":"https:\/\/schema.org","@graph":[{"@type":"WebPage","@id":"https:\/\/ondauno.com.ar\/index.php\/2020\/08\/25\/tres-personas-dieron-positivo-de-covid-19-y-suman-seis-desde-el-domingo\/","url":"https:\/\/ondauno.com.ar\/index.php\/2020\/08\/25\/tres-personas-dieron-positivo-de-covid-19-y-suman-seis-desde-el-domingo\/","name":"Tres personas dieron positivo de Covid-19 y suman seis desde el domingo - 103.9 fm","isPartOf":{"@id":"https:\/\/ondauno.com.ar\/#website"},"primaryImageOfPage":{"@id":"https:\/\/ondauno.com.ar\/index.php\/2020\/08\/25\/tres-personas-dieron-positivo-de-covid-19-y-suman-seis-desde-el-domingo\/#primaryimage"},"image":{"@id":"https:\/\/ondauno.com.ar\/index.php\/2020\/08\/25\/tres-personas-dieron-positivo-de-covid-19-y-suman-seis-desde-el-domingo\/#primaryimage"},"thumbnailUrl":"https:\/\/ondauno.com.ar\/wp-content\/uploads\/2020\/08\/coronavirus-5.jpg","datePublished":"2020-08-26T02:09:28+00:00","dateModified":"2020-08-26T02:09:32+00:00","author":{"@id":"https:\/\/ondauno.com.ar\/#\/schema\/person\/201d1b68e6c75e0fd396fe5f8af5d139"},"breadcrumb":{"@id":"https:\/\/ondauno.com.ar\/index.php\/2020\/08\/25\/tres-personas-dieron-positivo-de-covid-19-y-suman-seis-desde-el-domingo\/#breadcrumb"},"inLanguage":"es-AR","potentialAction":[{"@type":"ReadAction","target":["https:\/\/ondauno.com.ar\/index.php\/2020\/08\/25\/tres-personas-dieron-positivo-de-covid-19-y-suman-seis-desde-el-domingo\/"]}]},{"@type":"ImageObject","inLanguage":"es-AR","@id":"https:\/\/ondauno.com.ar\/index.php\/2020\/08\/25\/tres-personas-dieron-positivo-de-covid-19-y-suman-seis-desde-el-domingo\/#primaryimage","url":"https:\/\/ondauno.com.ar\/wp-content\/uploads\/2020\/08\/coronavirus-5.jpg","contentUrl":"https:\/\/ondauno.com.ar\/wp-content\/uploads\/2020\/08\/coronavirus-5.jpg","width":1200,"height":720},{"@type":"BreadcrumbList","@id":"https:\/\/ondauno.com.ar\/index.php\/2020\/08\/25\/tres-personas-dieron-positivo-de-covid-19-y-suman-seis-desde-el-domingo\/#breadcrumb","itemListElement":[{"@type":"ListItem","position":1,"name":"Inicio","item":"https:\/\/ondauno.com.ar\/"},{"@type":"ListItem","position":2,"name":"Tres personas dieron positivo de Covid-19 y suman seis desde el domingo"}]},{"@type":"WebSite","@id":"https:\/\/ondauno.com.ar\/#website","url":"https:\/\/ondauno.com.ar\/","name":"103.9 fm","description":"LA PRIMERA RADIO MULTIMEDIA DE TRES ARROYOS","potentialAction":[{"@type":"SearchAction","target":{"@type":"EntryPoint","urlTemplate":"https:\/\/ondauno.com.ar\/?s={search_term_string}"},"query-input":"required name=search_term_string"}],"inLanguage":"es-AR"},{"@type":"Person","@id":"https:\/\/ondauno.com.ar\/#\/schema\/person\/201d1b68e6c75e0fd396fe5f8af5d139","name":"fernando garcia","image":{"@type":"ImageObject","inLanguage":"es-AR","@id":"https:\/\/ondauno.com.ar\/#\/schema\/person\/image\/","url":"https:\/\/secure.gravatar.com\/avatar\/5f7254642ad81272e79a2e69653cfdfc?s=96&d=mm&r=g","contentUrl":"https:\/\/secure.gravatar.com\/avatar\/5f7254642ad81272e79a2e69653cfdfc?s=96&d=mm&r=g","caption":"fernando garcia"},"url":"https:\/\/ondauno.com.ar\/index.php\/author\/ondaunoeditor\/"}]}},"jetpack_publicize_connections":[],"jetpack_featured_media_url":"https:\/\/ondauno.com.ar\/wp-content\/uploads\/2020\/08\/coronavirus-5.jpg","jetpack_sharing_enabled":true,"_links":{"self":[{"href":"https:\/\/ondauno.com.ar\/index.php\/wp-json\/wp\/v2\/posts\/15038","targetHints":{"allow":["GET"]}}],"collection":[{"href":"https:\/\/ondauno.com.ar\/index.php\/wp-json\/wp\/v2\/posts"}],"about":[{"href":"https:\/\/ondauno.com.ar\/index.php\/wp-json\/wp\/v2\/types\/post"}],"author":[{"embeddable":true,"href":"https:\/\/ondauno.com.ar\/index.php\/wp-json\/wp\/v2\/users\/2"}],"replies":[{"embeddable":true,"href":"https:\/\/ondauno.com.ar\/index.php\/wp-json\/wp\/v2\/comments?post=15038"}],"version-history":[{"count":0,"href":"https:\/\/ondauno.com.ar\/index.php\/wp-json\/wp\/v2\/posts\/15038\/revisions"}],"wp:featuredmedia":[{"embeddable":true,"href":"https:\/\/ondauno.com.ar\/index.php\/wp-json\/wp\/v2\/media\/13463"}],"wp:attachment":[{"href":"https:\/\/ondauno.com.ar\/index.php\/wp-json\/wp\/v2\/media?parent=15038"}],"wp:term":[{"taxonomy":"category","embeddable":true,"href":"https:\/\/ondauno.com.ar\/index.php\/wp-json\/wp\/v2\/categories?post=15038"},{"taxonomy":"post_tag","embeddable":true,"href":"https:\/\/ondauno.com.ar\/index.php\/wp-json\/wp\/v2\/tags?post=15038"}],"curies":[{"name":"wp","href":"https:\/\/api.w.org\/{rel}","templated":true}]}}