{"id":14991,"date":"2020-08-25T09:29:35","date_gmt":"2020-08-25T12:29:35","guid":{"rendered":"http:\/\/ondauno.com.ar\/?p=14991"},"modified":"2020-08-25T09:29:39","modified_gmt":"2020-08-25T12:29:39","slug":"agenda-de-presidencia-y-ministerios-de-hoy-martes-25-de-agosto","status":"publish","type":"post","link":"https:\/\/ondauno.com.ar\/index.php\/2020\/08\/25\/agenda-de-presidencia-y-ministerios-de-hoy-martes-25-de-agosto\/","title":{"rendered":"Agenda de Presidencia y Ministerios de hoy martes  25 de agosto"},"content":{"rendered":"<div class=\"ondau-before-content_3\" style=\"margin-top: -30px;\" id=\"ondau-4260117284\"><a href=\"https:\/\/www.lps.com.ar\/\" aria-label=\"la-perse2\"><img loading=\"lazy\" decoding=\"async\" src=\"https:\/\/ondauno.com.ar\/wp-content\/uploads\/2021\/10\/la-perse2.jpg\" alt=\"\"  srcset=\"https:\/\/ondauno.com.ar\/wp-content\/uploads\/2021\/10\/la-perse2.jpg 1353w, https:\/\/ondauno.com.ar\/wp-content\/uploads\/2021\/10\/la-perse2-300x43.jpg 300w, https:\/\/ondauno.com.ar\/wp-content\/uploads\/2021\/10\/la-perse2-1024x148.jpg 1024w, https:\/\/ondauno.com.ar\/wp-content\/uploads\/2021\/10\/la-perse2-768x111.jpg 768w, https:\/\/ondauno.com.ar\/wp-content\/uploads\/2021\/10\/la-perse2-696x100.jpg 696w, https:\/\/ondauno.com.ar\/wp-content\/uploads\/2021\/10\/la-perse2-1068x154.jpg 1068w\" sizes=\"(max-width: 1353px) 100vw, 1353px\" class=\"no-lazyload\" width=\"1353\" height=\"195\"  style=\"display: inline-block;\" \/><\/a><\/div>\n<p><strong><br><\/strong><\/p>\n\n\n\n<p><strong>Presidencia<\/strong><strong>:<\/strong><br><\/p>\n\n\n\n<p><strong>11.30:\n<\/strong>El presidente Alberto Fern\u00e1ndez participar\u00e1 de una videoconferencia\n en la que se anunciar\u00e1n obras p\u00fablicas para las provincias de Mendoza, Catamarca, La Rioja, Santiago del Estero y San Luis<\/p>\n\n\n\n<p><\/p>\n\n\n\n<p><strong>Jefatura\n de Gabinete<\/strong><strong>:<\/strong><br><\/p>\n\n\n\n<p><strong>10.00:<\/strong>\n Reuni\u00f3n del gabinete de Promoci\u00f3n Federal en el Sal\u00f3n de los Cient\u00edficos de Casa Rosada. Participan el jefe y la vicejefa de Gabinete, Santiago Cafiero y Cecilia Todesca Bocco; los titulares de los ministerios del Interior, Wado de Pedro; de Obras P\u00fablicas,\n Gabriel Katopodis; de Transporte, Mario Meoni; de Educaci\u00f3n, Nicol\u00e1s Trotta; de Cultura, Trist\u00e1n Bauer, y de Turismo y Deportes, Mat\u00edas Lammens, y la jefa de la Unidad de Gabinete de Asesores de la Jefatura de Gabinete, Luciana Tito.<\/p>\n\n\n\n<p><\/p>\n\n\n\n<p><strong>Agricultura,\n Ganader\u00eda y Pesca<\/strong><strong>:<\/strong><br><\/p>\n\n\n\n<p><strong>17.00:\n<\/strong>El ministro Luis Basterra se re\u00fane por videoconferencia\n con la Asociaci\u00f3n de la Cadena de la Soja Argentina (ACSOJA) para tratar pol\u00edticas para el crecimiento sustentable de la producci\u00f3n y agregado de valor.<\/p>\n\n\n\n<p><\/p>\n\n\n\n<p><strong>Ciencia,\n Tecnolog\u00eda e Innovaci\u00f3n<\/strong><strong>:<\/strong><br><\/p>\n\n\n\n<p><strong>12.30:\n<\/strong>Firma de convenio entre la Casa de la Moneda, el Ministerio\n y el CONICET.<\/p>\n\n\n\n<p><\/p>\n\n\n\n<p><strong>Defensa<\/strong><strong>:<\/strong><br><\/p>\n\n\n\n<p><strong>9.00:<\/strong>\n Reuni\u00f3n virtual del ministro Agust\u00edn Rossi con Comandantes de Zona de Emergencias.<br><\/p>\n\n\n\n<p><strong>18.00:<\/strong>\n Presentaci\u00f3n por videoconferencia del programa estrat\u00e9gico Sino-Argentino.<\/p>\n\n\n\n<p><\/p>\n\n\n\n<p><strong>Desarrollo\n Social<\/strong><strong>:<\/strong><br><\/p>\n\n\n\n<p><strong>14.00:<\/strong>\n El ministro lanza por videoconferencia el programa \u201cSembrar Soberan\u00eda Alimentaria\u201d, de apoyo a la producci\u00f3n agroecol\u00f3gica.<\/p>\n\n\n\n<p><\/p>\n\n\n\n<p><strong>Educaci\u00f3n<\/strong><strong>:<\/strong><br><\/p>\n\n\n\n<p><strong>16.00:<\/strong>\n El ministro Nicol\u00e1s Trotta preside la asamblea del Consejo Federal de Educaci\u00f3n en la que se profundizar\u00e1n los lineamientos pedag\u00f3gicos de la evaluaci\u00f3n y acreditaci\u00f3n de aprendizajes; la priorizaci\u00f3n de contenidos escolares y el programa Acompa\u00f1ar, destinado\n a garantizar continuidad pedag\u00f3gica a poblaciones desescolarizadas.<\/p>\n\n\n\n<p><\/p>\n\n\n\n<p><strong>Mujeres,\n G\u00e9neros y Diversidad junto a Trabajo<\/strong><strong>:<\/strong><br><\/p>\n\n\n\n<p><strong>10.00:<\/strong>\n La ministra Elizabeth G\u00f3mez Alcorta y el ministro Claudio Moroni participar\u00e1n de la apertura del Encuentro \u201cDesaf\u00edos hacia la ratificaci\u00f3n y la implementaci\u00f3n del Convenio 190 de la OIT desde una mirada tripartita y federal\u201d.<\/p>\n\n\n\n<p><\/p>\n\n\n\n<p><strong>Mujeres,\n G\u00e9neros y Diversidad<\/strong><strong>:<\/strong><\/p>\n\n\n\n<p><strong>18.00:<\/strong>\n La ministra expone en la C\u00e1mara de Diputados y Diputadas de la Naci\u00f3n sobre el proyecto de Ratificaci\u00f3n del Convenio 190 de la OIT que promueve la adopci\u00f3n de pol\u00edticas para prevenir y reducir las violencias por razones de g\u00e9nero en los lugares de trabajo.<\/p>\n\n\n\n<p><\/p>\n\n\n\n<p><strong>Salud<\/strong><strong>:<\/strong><br><\/p>\n\n\n\n<p><strong>10.00:<\/strong>\n El ministro Gin\u00e9s Gonz\u00e1lez Garc\u00eda entrega equipamiento m\u00e9dico a la provincia de Buenos Aires.<\/p>\n\n\n\n<p><\/p>\n\n\n\n<p><strong>Turismo:<\/strong><br><\/p>\n\n\n\n<p><strong>15:00:\n<\/strong>El ministro se conecta por videoconferencia con el gobernador\n de Salta, Gustavo S\u00e1enz, y con representantes de clubes beneficiarios de obras para evaluar el programa Clubes en Obra.<br><\/p>\n\n\n\n<p><strong>15.30:<\/strong>\n El ministro encabeza el lanzamiento por videoconferencia de las Jornadas Federales de Calidad y Capacitaci\u00f3n en Turismo.<br><\/p>\n\n\n\n<p><strong>16.00:\n<\/strong>El ministro se re\u00fane con sus pares de Salud y de Transporte\n por el protocolo de la Conmebol.<\/p>\n\n\n\n<p><\/p>\n\n\n\n<p><strong>Aysa<\/strong><strong>:<\/strong><br><\/p>\n\n\n\n<p><strong>12.00:<\/strong>\n La presidenta de la empresa, Malena Galmarini, se encuentra con el intendente de Esteban Echeverr\u00eda, Fernando Gray, para inaugurar la red de agua potable en el barrio Don Mariano y visita la obra Sistema Agua Sur.<\/p>\n\n\n\n<p><\/p>\n\n\n\n<p><strong>Banco\n Central<\/strong><strong>:<\/strong><br><\/p>\n\n\n\n<p><strong>9.20:<\/strong>\n El presidente Miguel Pesce expone en el 37\u00b0 Congreso Anual del IAEF, \u201cReinvent\u00e1ndonos: nuevos paradigmas, desaf\u00edos y oportunidades\u201d<\/p>\n\n\n\n<p><\/p>\n\n\n\n<p><strong>Sedronar<\/strong><strong>:<\/strong><br><\/p>\n\n\n\n<p><strong>15.30:<\/strong>\n La secretaria Gabriela Torres se re\u00fane con el ministro de Desarrollo Social, Daniel Arroyo, para coordinar detalles de implementaci\u00f3n del programa Potenciar Acompa\u00f1amiento.<\/p>\n\n\n\n<p><\/p>\n\n\n\n<figure class=\"wp-block-image\"><img decoding=\"async\" src=\"https:\/\/mail.google.com\/mail\/u\/0?ui=2&amp;ik=6f01107b62&amp;attid=0.1&amp;permmsgid=msg-f:1675998620210937020&amp;th=174257dd81b7bcbc&amp;view=fimg&amp;sz=s0-l75-ft&amp;attbid=ANGjdJ8tkXrMwEeeRKXox3EdzU7_TF8-qs7kZqjAKunxO1HyRImghn8lf2_5OZS-E_FLHreTHa0sBQFgIylTI92rV-hLVNaP1dgZHg2hOjNRYaRoHLfaln_-q66nO-w&amp;disp=emb\" alt=\"1576088685346_Agentina_Presidencia_SCP.png\"\/><\/figure>\n","protected":false},"excerpt":{"rendered":"<p>Presidencia: 11.30: El presidente Alberto Fern\u00e1ndez participar\u00e1 de una videoconferencia en la que se anunciar\u00e1n obras p\u00fablicas para las provincias de Mendoza, Catamarca, La Rioja, Santiago del Estero y San Luis Jefatura de Gabinete: 10.00: Reuni\u00f3n del gabinete de Promoci\u00f3n Federal en el Sal\u00f3n de los Cient\u00edficos de Casa Rosada. Participan el jefe y la [&hellip;]<\/p>\n","protected":false},"author":2,"featured_media":12540,"comment_status":"open","ping_status":"open","sticky":false,"template":"","format":"standard","meta":{"tdm_status":"","tdm_grid_status":"","_jetpack_memberships_contains_paid_content":false,"footnotes":"","jetpack_publicize_message":"","jetpack_publicize_feature_enabled":true,"jetpack_social_post_already_shared":false,"jetpack_social_options":{"image_generator_settings":{"template":"highway","default_image_id":0,"font":"","enabled":false},"version":2}},"categories":[3],"tags":[],"class_list":{"0":"post-14991","1":"post","2":"type-post","3":"status-publish","4":"format-standard","5":"has-post-thumbnail","7":"category-nacionales"},"yoast_head":"<!-- This site is optimized with the Yoast SEO plugin v22.7 - https:\/\/yoast.com\/wordpress\/plugins\/seo\/ -->\n<title>Agenda de Presidencia y Ministerios de hoy martes 25 de agosto - 103.9 fm<\/title>\n<meta name=\"robots\" content=\"index, follow, max-snippet:-1, max-image-preview:large, max-video-preview:-1\" \/>\n<link rel=\"canonical\" href=\"https:\/\/ondauno.com.ar\/index.php\/2020\/08\/25\/agenda-de-presidencia-y-ministerios-de-hoy-martes-25-de-agosto\/\" \/>\n<meta property=\"og:locale\" content=\"es_ES\" \/>\n<meta property=\"og:type\" content=\"article\" \/>\n<meta property=\"og:title\" content=\"Agenda de Presidencia y Ministerios de hoy martes 25 de agosto - 103.9 fm\" \/>\n<meta property=\"og:description\" content=\"Presidencia: 11.30: El presidente Alberto Fern\u00e1ndez participar\u00e1 de una videoconferencia en la que se anunciar\u00e1n obras p\u00fablicas para las provincias de Mendoza, Catamarca, La Rioja, Santiago del Estero y San Luis Jefatura de Gabinete: 10.00: Reuni\u00f3n del gabinete de Promoci\u00f3n Federal en el Sal\u00f3n de los Cient\u00edficos de Casa Rosada. Participan el jefe y la [&hellip;]\" \/>\n<meta property=\"og:url\" content=\"https:\/\/ondauno.com.ar\/index.php\/2020\/08\/25\/agenda-de-presidencia-y-ministerios-de-hoy-martes-25-de-agosto\/\" \/>\n<meta property=\"og:site_name\" content=\"103.9 fm\" \/>\n<meta property=\"article:publisher\" content=\"https:\/\/www.facebook.com\/ondauno103.9\" \/>\n<meta property=\"article:published_time\" content=\"2020-08-25T12:29:35+00:00\" \/>\n<meta property=\"article:modified_time\" content=\"2020-08-25T12:29:39+00:00\" \/>\n<meta property=\"og:image\" content=\"https:\/\/ondauno.com.ar\/wp-content\/uploads\/2020\/07\/alberto-fernandez-onda-uno.jpg\" \/>\n\t<meta property=\"og:image:width\" content=\"1004\" \/>\n\t<meta property=\"og:image:height\" content=\"565\" \/>\n\t<meta property=\"og:image:type\" content=\"image\/jpeg\" \/>\n<meta name=\"author\" content=\"fernando garcia\" \/>\n<meta name=\"twitter:card\" content=\"summary_large_image\" \/>\n<meta name=\"twitter:label1\" content=\"Escrito por\" \/>\n\t<meta name=\"twitter:data1\" content=\"fernando garcia\" \/>\n\t<meta name=\"twitter:label2\" content=\"Tiempo de lectura\" \/>\n\t<meta name=\"twitter:data2\" content=\"3 minutos\" \/>\n<script type=\"application\/ld+json\" class=\"yoast-schema-graph\">{\"@context\":\"https:\/\/schema.org\",\"@graph\":[{\"@type\":\"WebPage\",\"@id\":\"https:\/\/ondauno.com.ar\/index.php\/2020\/08\/25\/agenda-de-presidencia-y-ministerios-de-hoy-martes-25-de-agosto\/\",\"url\":\"https:\/\/ondauno.com.ar\/index.php\/2020\/08\/25\/agenda-de-presidencia-y-ministerios-de-hoy-martes-25-de-agosto\/\",\"name\":\"Agenda de Presidencia y Ministerios de hoy martes 25 de agosto - 103.9 fm\",\"isPartOf\":{\"@id\":\"https:\/\/ondauno.com.ar\/#website\"},\"primaryImageOfPage\":{\"@id\":\"https:\/\/ondauno.com.ar\/index.php\/2020\/08\/25\/agenda-de-presidencia-y-ministerios-de-hoy-martes-25-de-agosto\/#primaryimage\"},\"image\":{\"@id\":\"https:\/\/ondauno.com.ar\/index.php\/2020\/08\/25\/agenda-de-presidencia-y-ministerios-de-hoy-martes-25-de-agosto\/#primaryimage\"},\"thumbnailUrl\":\"https:\/\/ondauno.com.ar\/wp-content\/uploads\/2020\/07\/alberto-fernandez-onda-uno.jpg\",\"datePublished\":\"2020-08-25T12:29:35+00:00\",\"dateModified\":\"2020-08-25T12:29:39+00:00\",\"author\":{\"@id\":\"https:\/\/ondauno.com.ar\/#\/schema\/person\/201d1b68e6c75e0fd396fe5f8af5d139\"},\"breadcrumb\":{\"@id\":\"https:\/\/ondauno.com.ar\/index.php\/2020\/08\/25\/agenda-de-presidencia-y-ministerios-de-hoy-martes-25-de-agosto\/#breadcrumb\"},\"inLanguage\":\"es-AR\",\"potentialAction\":[{\"@type\":\"ReadAction\",\"target\":[\"https:\/\/ondauno.com.ar\/index.php\/2020\/08\/25\/agenda-de-presidencia-y-ministerios-de-hoy-martes-25-de-agosto\/\"]}]},{\"@type\":\"ImageObject\",\"inLanguage\":\"es-AR\",\"@id\":\"https:\/\/ondauno.com.ar\/index.php\/2020\/08\/25\/agenda-de-presidencia-y-ministerios-de-hoy-martes-25-de-agosto\/#primaryimage\",\"url\":\"https:\/\/ondauno.com.ar\/wp-content\/uploads\/2020\/07\/alberto-fernandez-onda-uno.jpg\",\"contentUrl\":\"https:\/\/ondauno.com.ar\/wp-content\/uploads\/2020\/07\/alberto-fernandez-onda-uno.jpg\",\"width\":1004,\"height\":565},{\"@type\":\"BreadcrumbList\",\"@id\":\"https:\/\/ondauno.com.ar\/index.php\/2020\/08\/25\/agenda-de-presidencia-y-ministerios-de-hoy-martes-25-de-agosto\/#breadcrumb\",\"itemListElement\":[{\"@type\":\"ListItem\",\"position\":1,\"name\":\"Inicio\",\"item\":\"https:\/\/ondauno.com.ar\/\"},{\"@type\":\"ListItem\",\"position\":2,\"name\":\"Agenda de Presidencia y Ministerios de hoy martes 25 de agosto\"}]},{\"@type\":\"WebSite\",\"@id\":\"https:\/\/ondauno.com.ar\/#website\",\"url\":\"https:\/\/ondauno.com.ar\/\",\"name\":\"103.9 fm\",\"description\":\"LA PRIMERA RADIO MULTIMEDIA DE TRES ARROYOS\",\"potentialAction\":[{\"@type\":\"SearchAction\",\"target\":{\"@type\":\"EntryPoint\",\"urlTemplate\":\"https:\/\/ondauno.com.ar\/?s={search_term_string}\"},\"query-input\":\"required name=search_term_string\"}],\"inLanguage\":\"es-AR\"},{\"@type\":\"Person\",\"@id\":\"https:\/\/ondauno.com.ar\/#\/schema\/person\/201d1b68e6c75e0fd396fe5f8af5d139\",\"name\":\"fernando garcia\",\"image\":{\"@type\":\"ImageObject\",\"inLanguage\":\"es-AR\",\"@id\":\"https:\/\/ondauno.com.ar\/#\/schema\/person\/image\/\",\"url\":\"https:\/\/secure.gravatar.com\/avatar\/5f7254642ad81272e79a2e69653cfdfc?s=96&d=mm&r=g\",\"contentUrl\":\"https:\/\/secure.gravatar.com\/avatar\/5f7254642ad81272e79a2e69653cfdfc?s=96&d=mm&r=g\",\"caption\":\"fernando garcia\"},\"url\":\"https:\/\/ondauno.com.ar\/index.php\/author\/ondaunoeditor\/\"}]}<\/script>\n<!-- \/ Yoast SEO plugin. -->","yoast_head_json":{"title":"Agenda de Presidencia y Ministerios de hoy martes 25 de agosto - 103.9 fm","robots":{"index":"index","follow":"follow","max-snippet":"max-snippet:-1","max-image-preview":"max-image-preview:large","max-video-preview":"max-video-preview:-1"},"canonical":"https:\/\/ondauno.com.ar\/index.php\/2020\/08\/25\/agenda-de-presidencia-y-ministerios-de-hoy-martes-25-de-agosto\/","og_locale":"es_ES","og_type":"article","og_title":"Agenda de Presidencia y Ministerios de hoy martes 25 de agosto - 103.9 fm","og_description":"Presidencia: 11.30: El presidente Alberto Fern\u00e1ndez participar\u00e1 de una videoconferencia en la que se anunciar\u00e1n obras p\u00fablicas para las provincias de Mendoza, Catamarca, La Rioja, Santiago del Estero y San Luis Jefatura de Gabinete: 10.00: Reuni\u00f3n del gabinete de Promoci\u00f3n Federal en el Sal\u00f3n de los Cient\u00edficos de Casa Rosada. Participan el jefe y la [&hellip;]","og_url":"https:\/\/ondauno.com.ar\/index.php\/2020\/08\/25\/agenda-de-presidencia-y-ministerios-de-hoy-martes-25-de-agosto\/","og_site_name":"103.9 fm","article_publisher":"https:\/\/www.facebook.com\/ondauno103.9","article_published_time":"2020-08-25T12:29:35+00:00","article_modified_time":"2020-08-25T12:29:39+00:00","og_image":[{"width":1004,"height":565,"url":"https:\/\/ondauno.com.ar\/wp-content\/uploads\/2020\/07\/alberto-fernandez-onda-uno.jpg","type":"image\/jpeg"}],"author":"fernando garcia","twitter_card":"summary_large_image","twitter_misc":{"Escrito por":"fernando garcia","Tiempo de lectura":"3 minutos"},"schema":{"@context":"https:\/\/schema.org","@graph":[{"@type":"WebPage","@id":"https:\/\/ondauno.com.ar\/index.php\/2020\/08\/25\/agenda-de-presidencia-y-ministerios-de-hoy-martes-25-de-agosto\/","url":"https:\/\/ondauno.com.ar\/index.php\/2020\/08\/25\/agenda-de-presidencia-y-ministerios-de-hoy-martes-25-de-agosto\/","name":"Agenda de Presidencia y Ministerios de hoy martes 25 de agosto - 103.9 fm","isPartOf":{"@id":"https:\/\/ondauno.com.ar\/#website"},"primaryImageOfPage":{"@id":"https:\/\/ondauno.com.ar\/index.php\/2020\/08\/25\/agenda-de-presidencia-y-ministerios-de-hoy-martes-25-de-agosto\/#primaryimage"},"image":{"@id":"https:\/\/ondauno.com.ar\/index.php\/2020\/08\/25\/agenda-de-presidencia-y-ministerios-de-hoy-martes-25-de-agosto\/#primaryimage"},"thumbnailUrl":"https:\/\/ondauno.com.ar\/wp-content\/uploads\/2020\/07\/alberto-fernandez-onda-uno.jpg","datePublished":"2020-08-25T12:29:35+00:00","dateModified":"2020-08-25T12:29:39+00:00","author":{"@id":"https:\/\/ondauno.com.ar\/#\/schema\/person\/201d1b68e6c75e0fd396fe5f8af5d139"},"breadcrumb":{"@id":"https:\/\/ondauno.com.ar\/index.php\/2020\/08\/25\/agenda-de-presidencia-y-ministerios-de-hoy-martes-25-de-agosto\/#breadcrumb"},"inLanguage":"es-AR","potentialAction":[{"@type":"ReadAction","target":["https:\/\/ondauno.com.ar\/index.php\/2020\/08\/25\/agenda-de-presidencia-y-ministerios-de-hoy-martes-25-de-agosto\/"]}]},{"@type":"ImageObject","inLanguage":"es-AR","@id":"https:\/\/ondauno.com.ar\/index.php\/2020\/08\/25\/agenda-de-presidencia-y-ministerios-de-hoy-martes-25-de-agosto\/#primaryimage","url":"https:\/\/ondauno.com.ar\/wp-content\/uploads\/2020\/07\/alberto-fernandez-onda-uno.jpg","contentUrl":"https:\/\/ondauno.com.ar\/wp-content\/uploads\/2020\/07\/alberto-fernandez-onda-uno.jpg","width":1004,"height":565},{"@type":"BreadcrumbList","@id":"https:\/\/ondauno.com.ar\/index.php\/2020\/08\/25\/agenda-de-presidencia-y-ministerios-de-hoy-martes-25-de-agosto\/#breadcrumb","itemListElement":[{"@type":"ListItem","position":1,"name":"Inicio","item":"https:\/\/ondauno.com.ar\/"},{"@type":"ListItem","position":2,"name":"Agenda de Presidencia y Ministerios de hoy martes 25 de agosto"}]},{"@type":"WebSite","@id":"https:\/\/ondauno.com.ar\/#website","url":"https:\/\/ondauno.com.ar\/","name":"103.9 fm","description":"LA PRIMERA RADIO MULTIMEDIA DE TRES ARROYOS","potentialAction":[{"@type":"SearchAction","target":{"@type":"EntryPoint","urlTemplate":"https:\/\/ondauno.com.ar\/?s={search_term_string}"},"query-input":"required name=search_term_string"}],"inLanguage":"es-AR"},{"@type":"Person","@id":"https:\/\/ondauno.com.ar\/#\/schema\/person\/201d1b68e6c75e0fd396fe5f8af5d139","name":"fernando garcia","image":{"@type":"ImageObject","inLanguage":"es-AR","@id":"https:\/\/ondauno.com.ar\/#\/schema\/person\/image\/","url":"https:\/\/secure.gravatar.com\/avatar\/5f7254642ad81272e79a2e69653cfdfc?s=96&d=mm&r=g","contentUrl":"https:\/\/secure.gravatar.com\/avatar\/5f7254642ad81272e79a2e69653cfdfc?s=96&d=mm&r=g","caption":"fernando garcia"},"url":"https:\/\/ondauno.com.ar\/index.php\/author\/ondaunoeditor\/"}]}},"jetpack_publicize_connections":[],"jetpack_featured_media_url":"https:\/\/ondauno.com.ar\/wp-content\/uploads\/2020\/07\/alberto-fernandez-onda-uno.jpg","jetpack_sharing_enabled":true,"_links":{"self":[{"href":"https:\/\/ondauno.com.ar\/index.php\/wp-json\/wp\/v2\/posts\/14991","targetHints":{"allow":["GET"]}}],"collection":[{"href":"https:\/\/ondauno.com.ar\/index.php\/wp-json\/wp\/v2\/posts"}],"about":[{"href":"https:\/\/ondauno.com.ar\/index.php\/wp-json\/wp\/v2\/types\/post"}],"author":[{"embeddable":true,"href":"https:\/\/ondauno.com.ar\/index.php\/wp-json\/wp\/v2\/users\/2"}],"replies":[{"embeddable":true,"href":"https:\/\/ondauno.com.ar\/index.php\/wp-json\/wp\/v2\/comments?post=14991"}],"version-history":[{"count":0,"href":"https:\/\/ondauno.com.ar\/index.php\/wp-json\/wp\/v2\/posts\/14991\/revisions"}],"wp:featuredmedia":[{"embeddable":true,"href":"https:\/\/ondauno.com.ar\/index.php\/wp-json\/wp\/v2\/media\/12540"}],"wp:attachment":[{"href":"https:\/\/ondauno.com.ar\/index.php\/wp-json\/wp\/v2\/media?parent=14991"}],"wp:term":[{"taxonomy":"category","embeddable":true,"href":"https:\/\/ondauno.com.ar\/index.php\/wp-json\/wp\/v2\/categories?post=14991"},{"taxonomy":"post_tag","embeddable":true,"href":"https:\/\/ondauno.com.ar\/index.php\/wp-json\/wp\/v2\/tags?post=14991"}],"curies":[{"name":"wp","href":"https:\/\/api.w.org\/{rel}","templated":true}]}}