{"id":14802,"date":"2020-08-21T17:55:10","date_gmt":"2020-08-21T20:55:10","guid":{"rendered":"http:\/\/ondauno.com.ar\/?p=14802"},"modified":"2020-08-22T12:34:04","modified_gmt":"2020-08-22T15:34:04","slug":"accidente-en-av-caseros-y-rodriguez-pena","status":"publish","type":"post","link":"https:\/\/ondauno.com.ar\/index.php\/2020\/08\/21\/accidente-en-av-caseros-y-rodriguez-pena\/","title":{"rendered":"Accidente en Av. Caseros y Rodr\u00edguez Pe\u00f1a"},"content":{"rendered":"<div class=\"ondau-before-content_3\" style=\"margin-top: -30px;\" id=\"ondau-107406705\"><a href=\"https:\/\/www.lps.com.ar\/\" aria-label=\"la-perse2\"><img loading=\"lazy\" decoding=\"async\" src=\"https:\/\/ondauno.com.ar\/wp-content\/uploads\/2021\/10\/la-perse2.jpg\" alt=\"\"  srcset=\"https:\/\/ondauno.com.ar\/wp-content\/uploads\/2021\/10\/la-perse2.jpg 1353w, https:\/\/ondauno.com.ar\/wp-content\/uploads\/2021\/10\/la-perse2-300x43.jpg 300w, https:\/\/ondauno.com.ar\/wp-content\/uploads\/2021\/10\/la-perse2-1024x148.jpg 1024w, https:\/\/ondauno.com.ar\/wp-content\/uploads\/2021\/10\/la-perse2-768x111.jpg 768w, https:\/\/ondauno.com.ar\/wp-content\/uploads\/2021\/10\/la-perse2-696x100.jpg 696w, https:\/\/ondauno.com.ar\/wp-content\/uploads\/2021\/10\/la-perse2-1068x154.jpg 1068w\" sizes=\"(max-width: 1353px) 100vw, 1353px\" class=\"no-lazyload\" width=\"1353\" height=\"195\"  style=\"display: inline-block;\" \/><\/a><\/div>\n<p>El echo ocurri\u00f3 alrededor de las 17 hs en la intersecci\u00f3n de\nla Av. Caseros y Rodr\u00edguez pe\u00f1a, por causas que se tratan de establecer una\nmotocicleta conducida por una mujer colisiono con un Renault Logan domino LFZ\n834. <\/p>\n\n\n\n<p>La conductora del veh\u00edculo menor sufri\u00f3 algunos golpes en\nuna de sus piernas y fue trasladada al nosocomio local<\/p>\n\n\n\n<p>El conductor del veh\u00edculo result\u00f3 ileso, al momento del\narribo de los m\u00f3viles tanto de transito como de personal policial, la\nmotocicleta no se encontraba en el lugar de la colisi\u00f3n.<\/p>\n","protected":false},"excerpt":{"rendered":"<p>El echo ocurri\u00f3 alrededor de las 17 hs en la intersecci\u00f3n de la Av. Caseros y Rodr\u00edguez pe\u00f1a, por causas que se tratan de establecer una motocicleta conducida por una mujer colisiono con un Renault Logan domino LFZ 834. La conductora del veh\u00edculo menor sufri\u00f3 algunos golpes en una de sus piernas y fue trasladada [&hellip;]<\/p>\n","protected":false},"author":2,"featured_media":14804,"comment_status":"open","ping_status":"open","sticky":false,"template":"","format":"standard","meta":{"tdm_status":"","tdm_grid_status":"","_jetpack_memberships_contains_paid_content":false,"footnotes":"","jetpack_publicize_message":"","jetpack_publicize_feature_enabled":true,"jetpack_social_post_already_shared":false,"jetpack_social_options":{"image_generator_settings":{"template":"highway","default_image_id":0,"font":"","enabled":false},"version":2}},"categories":[29],"tags":[],"class_list":{"0":"post-14802","1":"post","2":"type-post","3":"status-publish","4":"format-standard","5":"has-post-thumbnail","7":"category-policiales"},"yoast_head":"<!-- This site is optimized with the Yoast SEO plugin v22.7 - https:\/\/yoast.com\/wordpress\/plugins\/seo\/ -->\n<title>Accidente en Av. Caseros y Rodr\u00edguez Pe\u00f1a - 103.9 fm<\/title>\n<meta name=\"robots\" content=\"index, follow, max-snippet:-1, max-image-preview:large, max-video-preview:-1\" \/>\n<link rel=\"canonical\" href=\"https:\/\/ondauno.com.ar\/index.php\/2020\/08\/21\/accidente-en-av-caseros-y-rodriguez-pena\/\" \/>\n<meta property=\"og:locale\" content=\"es_ES\" \/>\n<meta property=\"og:type\" content=\"article\" \/>\n<meta property=\"og:title\" content=\"Accidente en Av. Caseros y Rodr\u00edguez Pe\u00f1a - 103.9 fm\" \/>\n<meta property=\"og:description\" content=\"El echo ocurri\u00f3 alrededor de las 17 hs en la intersecci\u00f3n de la Av. Caseros y Rodr\u00edguez pe\u00f1a, por causas que se tratan de establecer una motocicleta conducida por una mujer colisiono con un Renault Logan domino LFZ 834. La conductora del veh\u00edculo menor sufri\u00f3 algunos golpes en una de sus piernas y fue trasladada [&hellip;]\" \/>\n<meta property=\"og:url\" content=\"https:\/\/ondauno.com.ar\/index.php\/2020\/08\/21\/accidente-en-av-caseros-y-rodriguez-pena\/\" \/>\n<meta property=\"og:site_name\" content=\"103.9 fm\" \/>\n<meta property=\"article:publisher\" content=\"https:\/\/www.facebook.com\/ondauno103.9\" \/>\n<meta property=\"article:published_time\" content=\"2020-08-21T20:55:10+00:00\" \/>\n<meta property=\"article:modified_time\" content=\"2020-08-22T15:34:04+00:00\" \/>\n<meta property=\"og:image\" content=\"https:\/\/ondauno.com.ar\/wp-content\/uploads\/2020\/08\/WhatsApp-Image-2020-08-21-at-17.25.43.jpeg\" \/>\n\t<meta property=\"og:image:width\" content=\"1040\" \/>\n\t<meta property=\"og:image:height\" content=\"780\" \/>\n\t<meta property=\"og:image:type\" content=\"image\/jpeg\" \/>\n<meta name=\"author\" content=\"fernando garcia\" \/>\n<meta name=\"twitter:card\" content=\"summary_large_image\" \/>\n<meta name=\"twitter:label1\" content=\"Escrito por\" \/>\n\t<meta name=\"twitter:data1\" content=\"fernando garcia\" \/>\n<script type=\"application\/ld+json\" class=\"yoast-schema-graph\">{\"@context\":\"https:\/\/schema.org\",\"@graph\":[{\"@type\":\"WebPage\",\"@id\":\"https:\/\/ondauno.com.ar\/index.php\/2020\/08\/21\/accidente-en-av-caseros-y-rodriguez-pena\/\",\"url\":\"https:\/\/ondauno.com.ar\/index.php\/2020\/08\/21\/accidente-en-av-caseros-y-rodriguez-pena\/\",\"name\":\"Accidente en Av. Caseros y Rodr\u00edguez Pe\u00f1a - 103.9 fm\",\"isPartOf\":{\"@id\":\"https:\/\/ondauno.com.ar\/#website\"},\"primaryImageOfPage\":{\"@id\":\"https:\/\/ondauno.com.ar\/index.php\/2020\/08\/21\/accidente-en-av-caseros-y-rodriguez-pena\/#primaryimage\"},\"image\":{\"@id\":\"https:\/\/ondauno.com.ar\/index.php\/2020\/08\/21\/accidente-en-av-caseros-y-rodriguez-pena\/#primaryimage\"},\"thumbnailUrl\":\"https:\/\/ondauno.com.ar\/wp-content\/uploads\/2020\/08\/WhatsApp-Image-2020-08-21-at-17.25.43.jpeg\",\"datePublished\":\"2020-08-21T20:55:10+00:00\",\"dateModified\":\"2020-08-22T15:34:04+00:00\",\"author\":{\"@id\":\"https:\/\/ondauno.com.ar\/#\/schema\/person\/201d1b68e6c75e0fd396fe5f8af5d139\"},\"breadcrumb\":{\"@id\":\"https:\/\/ondauno.com.ar\/index.php\/2020\/08\/21\/accidente-en-av-caseros-y-rodriguez-pena\/#breadcrumb\"},\"inLanguage\":\"es-AR\",\"potentialAction\":[{\"@type\":\"ReadAction\",\"target\":[\"https:\/\/ondauno.com.ar\/index.php\/2020\/08\/21\/accidente-en-av-caseros-y-rodriguez-pena\/\"]}]},{\"@type\":\"ImageObject\",\"inLanguage\":\"es-AR\",\"@id\":\"https:\/\/ondauno.com.ar\/index.php\/2020\/08\/21\/accidente-en-av-caseros-y-rodriguez-pena\/#primaryimage\",\"url\":\"https:\/\/ondauno.com.ar\/wp-content\/uploads\/2020\/08\/WhatsApp-Image-2020-08-21-at-17.25.43.jpeg\",\"contentUrl\":\"https:\/\/ondauno.com.ar\/wp-content\/uploads\/2020\/08\/WhatsApp-Image-2020-08-21-at-17.25.43.jpeg\",\"width\":1040,\"height\":780},{\"@type\":\"BreadcrumbList\",\"@id\":\"https:\/\/ondauno.com.ar\/index.php\/2020\/08\/21\/accidente-en-av-caseros-y-rodriguez-pena\/#breadcrumb\",\"itemListElement\":[{\"@type\":\"ListItem\",\"position\":1,\"name\":\"Inicio\",\"item\":\"https:\/\/ondauno.com.ar\/\"},{\"@type\":\"ListItem\",\"position\":2,\"name\":\"Accidente en Av. Caseros y Rodr\u00edguez Pe\u00f1a\"}]},{\"@type\":\"WebSite\",\"@id\":\"https:\/\/ondauno.com.ar\/#website\",\"url\":\"https:\/\/ondauno.com.ar\/\",\"name\":\"103.9 fm\",\"description\":\"LA PRIMERA RADIO MULTIMEDIA DE TRES ARROYOS\",\"potentialAction\":[{\"@type\":\"SearchAction\",\"target\":{\"@type\":\"EntryPoint\",\"urlTemplate\":\"https:\/\/ondauno.com.ar\/?s={search_term_string}\"},\"query-input\":\"required name=search_term_string\"}],\"inLanguage\":\"es-AR\"},{\"@type\":\"Person\",\"@id\":\"https:\/\/ondauno.com.ar\/#\/schema\/person\/201d1b68e6c75e0fd396fe5f8af5d139\",\"name\":\"fernando garcia\",\"image\":{\"@type\":\"ImageObject\",\"inLanguage\":\"es-AR\",\"@id\":\"https:\/\/ondauno.com.ar\/#\/schema\/person\/image\/\",\"url\":\"https:\/\/secure.gravatar.com\/avatar\/5f7254642ad81272e79a2e69653cfdfc?s=96&d=mm&r=g\",\"contentUrl\":\"https:\/\/secure.gravatar.com\/avatar\/5f7254642ad81272e79a2e69653cfdfc?s=96&d=mm&r=g\",\"caption\":\"fernando garcia\"},\"url\":\"https:\/\/ondauno.com.ar\/index.php\/author\/ondaunoeditor\/\"}]}<\/script>\n<!-- \/ Yoast SEO plugin. -->","yoast_head_json":{"title":"Accidente en Av. Caseros y Rodr\u00edguez Pe\u00f1a - 103.9 fm","robots":{"index":"index","follow":"follow","max-snippet":"max-snippet:-1","max-image-preview":"max-image-preview:large","max-video-preview":"max-video-preview:-1"},"canonical":"https:\/\/ondauno.com.ar\/index.php\/2020\/08\/21\/accidente-en-av-caseros-y-rodriguez-pena\/","og_locale":"es_ES","og_type":"article","og_title":"Accidente en Av. Caseros y Rodr\u00edguez Pe\u00f1a - 103.9 fm","og_description":"El echo ocurri\u00f3 alrededor de las 17 hs en la intersecci\u00f3n de la Av. Caseros y Rodr\u00edguez pe\u00f1a, por causas que se tratan de establecer una motocicleta conducida por una mujer colisiono con un Renault Logan domino LFZ 834. La conductora del veh\u00edculo menor sufri\u00f3 algunos golpes en una de sus piernas y fue trasladada [&hellip;]","og_url":"https:\/\/ondauno.com.ar\/index.php\/2020\/08\/21\/accidente-en-av-caseros-y-rodriguez-pena\/","og_site_name":"103.9 fm","article_publisher":"https:\/\/www.facebook.com\/ondauno103.9","article_published_time":"2020-08-21T20:55:10+00:00","article_modified_time":"2020-08-22T15:34:04+00:00","og_image":[{"width":1040,"height":780,"url":"https:\/\/ondauno.com.ar\/wp-content\/uploads\/2020\/08\/WhatsApp-Image-2020-08-21-at-17.25.43.jpeg","type":"image\/jpeg"}],"author":"fernando garcia","twitter_card":"summary_large_image","twitter_misc":{"Escrito por":"fernando garcia"},"schema":{"@context":"https:\/\/schema.org","@graph":[{"@type":"WebPage","@id":"https:\/\/ondauno.com.ar\/index.php\/2020\/08\/21\/accidente-en-av-caseros-y-rodriguez-pena\/","url":"https:\/\/ondauno.com.ar\/index.php\/2020\/08\/21\/accidente-en-av-caseros-y-rodriguez-pena\/","name":"Accidente en Av. Caseros y Rodr\u00edguez Pe\u00f1a - 103.9 fm","isPartOf":{"@id":"https:\/\/ondauno.com.ar\/#website"},"primaryImageOfPage":{"@id":"https:\/\/ondauno.com.ar\/index.php\/2020\/08\/21\/accidente-en-av-caseros-y-rodriguez-pena\/#primaryimage"},"image":{"@id":"https:\/\/ondauno.com.ar\/index.php\/2020\/08\/21\/accidente-en-av-caseros-y-rodriguez-pena\/#primaryimage"},"thumbnailUrl":"https:\/\/ondauno.com.ar\/wp-content\/uploads\/2020\/08\/WhatsApp-Image-2020-08-21-at-17.25.43.jpeg","datePublished":"2020-08-21T20:55:10+00:00","dateModified":"2020-08-22T15:34:04+00:00","author":{"@id":"https:\/\/ondauno.com.ar\/#\/schema\/person\/201d1b68e6c75e0fd396fe5f8af5d139"},"breadcrumb":{"@id":"https:\/\/ondauno.com.ar\/index.php\/2020\/08\/21\/accidente-en-av-caseros-y-rodriguez-pena\/#breadcrumb"},"inLanguage":"es-AR","potentialAction":[{"@type":"ReadAction","target":["https:\/\/ondauno.com.ar\/index.php\/2020\/08\/21\/accidente-en-av-caseros-y-rodriguez-pena\/"]}]},{"@type":"ImageObject","inLanguage":"es-AR","@id":"https:\/\/ondauno.com.ar\/index.php\/2020\/08\/21\/accidente-en-av-caseros-y-rodriguez-pena\/#primaryimage","url":"https:\/\/ondauno.com.ar\/wp-content\/uploads\/2020\/08\/WhatsApp-Image-2020-08-21-at-17.25.43.jpeg","contentUrl":"https:\/\/ondauno.com.ar\/wp-content\/uploads\/2020\/08\/WhatsApp-Image-2020-08-21-at-17.25.43.jpeg","width":1040,"height":780},{"@type":"BreadcrumbList","@id":"https:\/\/ondauno.com.ar\/index.php\/2020\/08\/21\/accidente-en-av-caseros-y-rodriguez-pena\/#breadcrumb","itemListElement":[{"@type":"ListItem","position":1,"name":"Inicio","item":"https:\/\/ondauno.com.ar\/"},{"@type":"ListItem","position":2,"name":"Accidente en Av. Caseros y Rodr\u00edguez Pe\u00f1a"}]},{"@type":"WebSite","@id":"https:\/\/ondauno.com.ar\/#website","url":"https:\/\/ondauno.com.ar\/","name":"103.9 fm","description":"LA PRIMERA RADIO MULTIMEDIA DE TRES ARROYOS","potentialAction":[{"@type":"SearchAction","target":{"@type":"EntryPoint","urlTemplate":"https:\/\/ondauno.com.ar\/?s={search_term_string}"},"query-input":"required name=search_term_string"}],"inLanguage":"es-AR"},{"@type":"Person","@id":"https:\/\/ondauno.com.ar\/#\/schema\/person\/201d1b68e6c75e0fd396fe5f8af5d139","name":"fernando garcia","image":{"@type":"ImageObject","inLanguage":"es-AR","@id":"https:\/\/ondauno.com.ar\/#\/schema\/person\/image\/","url":"https:\/\/secure.gravatar.com\/avatar\/5f7254642ad81272e79a2e69653cfdfc?s=96&d=mm&r=g","contentUrl":"https:\/\/secure.gravatar.com\/avatar\/5f7254642ad81272e79a2e69653cfdfc?s=96&d=mm&r=g","caption":"fernando garcia"},"url":"https:\/\/ondauno.com.ar\/index.php\/author\/ondaunoeditor\/"}]}},"jetpack_publicize_connections":[],"jetpack_featured_media_url":"https:\/\/ondauno.com.ar\/wp-content\/uploads\/2020\/08\/WhatsApp-Image-2020-08-21-at-17.25.43.jpeg","jetpack_sharing_enabled":true,"_links":{"self":[{"href":"https:\/\/ondauno.com.ar\/index.php\/wp-json\/wp\/v2\/posts\/14802","targetHints":{"allow":["GET"]}}],"collection":[{"href":"https:\/\/ondauno.com.ar\/index.php\/wp-json\/wp\/v2\/posts"}],"about":[{"href":"https:\/\/ondauno.com.ar\/index.php\/wp-json\/wp\/v2\/types\/post"}],"author":[{"embeddable":true,"href":"https:\/\/ondauno.com.ar\/index.php\/wp-json\/wp\/v2\/users\/2"}],"replies":[{"embeddable":true,"href":"https:\/\/ondauno.com.ar\/index.php\/wp-json\/wp\/v2\/comments?post=14802"}],"version-history":[{"count":0,"href":"https:\/\/ondauno.com.ar\/index.php\/wp-json\/wp\/v2\/posts\/14802\/revisions"}],"wp:featuredmedia":[{"embeddable":true,"href":"https:\/\/ondauno.com.ar\/index.php\/wp-json\/wp\/v2\/media\/14804"}],"wp:attachment":[{"href":"https:\/\/ondauno.com.ar\/index.php\/wp-json\/wp\/v2\/media?parent=14802"}],"wp:term":[{"taxonomy":"category","embeddable":true,"href":"https:\/\/ondauno.com.ar\/index.php\/wp-json\/wp\/v2\/categories?post=14802"},{"taxonomy":"post_tag","embeddable":true,"href":"https:\/\/ondauno.com.ar\/index.php\/wp-json\/wp\/v2\/tags?post=14802"}],"curies":[{"name":"wp","href":"https:\/\/api.w.org\/{rel}","templated":true}]}}