{"id":14715,"date":"2020-08-20T13:58:13","date_gmt":"2020-08-20T16:58:13","guid":{"rendered":"http:\/\/ondauno.com.ar\/?p=14715"},"modified":"2020-08-20T13:58:20","modified_gmt":"2020-08-20T16:58:20","slug":"sanchez-y-cresta-con-proyecto-horticola","status":"publish","type":"post","link":"https:\/\/ondauno.com.ar\/index.php\/2020\/08\/20\/sanchez-y-cresta-con-proyecto-horticola\/","title":{"rendered":"Sanchez y Cresta con proyecto horticola"},"content":{"rendered":"<div class=\"ondau-before-content_3\" style=\"margin-top: -30px;\" id=\"ondau-1379698043\"><a href=\"https:\/\/www.lps.com.ar\/\" aria-label=\"la-perse2\"><img loading=\"lazy\" decoding=\"async\" src=\"https:\/\/ondauno.com.ar\/wp-content\/uploads\/2021\/10\/la-perse2.jpg\" alt=\"\"  srcset=\"https:\/\/ondauno.com.ar\/wp-content\/uploads\/2021\/10\/la-perse2.jpg 1353w, https:\/\/ondauno.com.ar\/wp-content\/uploads\/2021\/10\/la-perse2-300x43.jpg 300w, https:\/\/ondauno.com.ar\/wp-content\/uploads\/2021\/10\/la-perse2-1024x148.jpg 1024w, https:\/\/ondauno.com.ar\/wp-content\/uploads\/2021\/10\/la-perse2-768x111.jpg 768w, https:\/\/ondauno.com.ar\/wp-content\/uploads\/2021\/10\/la-perse2-696x100.jpg 696w, https:\/\/ondauno.com.ar\/wp-content\/uploads\/2021\/10\/la-perse2-1068x154.jpg 1068w\" sizes=\"(max-width: 1353px) 100vw, 1353px\" class=\"no-lazyload\" width=\"1353\" height=\"195\"  style=\"display: inline-block;\" \/><\/a><\/div>\n<p> S\u00e1nchez recibi\u00f3 a un grupo de alumnos de la carrera de arquitectura que se dicta en Cresta con el prop\u00f3sito de ponerlo en conocimiento de un proyecto basado en el desarrollo de la actividad hort\u00edcola en nuestro distrito.<\/p>\n\n\n\n<ul class=\"wp-block-gallery columns-1 is-cropped wp-block-gallery-1 is-layout-flex wp-block-gallery-is-layout-flex\"><li class=\"blocks-gallery-item\"><figure><img loading=\"lazy\" decoding=\"async\" width=\"1024\" height=\"768\" data-src=\"http:\/\/ondauno.com.ar\/wp-content\/uploads\/2020\/08\/cresta1-1024x768.jpg\" alt=\"\" data-id=\"14717\" data-link=\"http:\/\/ondauno.com.ar\/?attachment_id=14717\" class=\"wp-image-14717 lazyload\" data-srcset=\"https:\/\/ondauno.com.ar\/wp-content\/uploads\/2020\/08\/cresta1-1024x768.jpg 1024w, https:\/\/ondauno.com.ar\/wp-content\/uploads\/2020\/08\/cresta1-300x225.jpg 300w, https:\/\/ondauno.com.ar\/wp-content\/uploads\/2020\/08\/cresta1-768x576.jpg 768w, https:\/\/ondauno.com.ar\/wp-content\/uploads\/2020\/08\/cresta1-80x60.jpg 80w, https:\/\/ondauno.com.ar\/wp-content\/uploads\/2020\/08\/cresta1-265x198.jpg 265w, https:\/\/ondauno.com.ar\/wp-content\/uploads\/2020\/08\/cresta1-696x522.jpg 696w, https:\/\/ondauno.com.ar\/wp-content\/uploads\/2020\/08\/cresta1-560x420.jpg 560w, https:\/\/ondauno.com.ar\/wp-content\/uploads\/2020\/08\/cresta1.jpg 1032w\" data-sizes=\"auto, (max-width: 1024px) 100vw, 1024px\" src=\"data:image\/gif;base64,R0lGODlhAQABAAAAACH5BAEKAAEALAAAAAABAAEAAAICTAEAOw==\" style=\"--smush-placeholder-width: 1024px; --smush-placeholder-aspect-ratio: 1024\/768;\" \/><noscript><img loading=\"lazy\" decoding=\"async\" width=\"1024\" height=\"768\" src=\"http:\/\/ondauno.com.ar\/wp-content\/uploads\/2020\/08\/cresta1-1024x768.jpg\" alt=\"\" data-id=\"14717\" data-link=\"http:\/\/ondauno.com.ar\/?attachment_id=14717\" class=\"wp-image-14717\" srcset=\"https:\/\/ondauno.com.ar\/wp-content\/uploads\/2020\/08\/cresta1-1024x768.jpg 1024w, https:\/\/ondauno.com.ar\/wp-content\/uploads\/2020\/08\/cresta1-300x225.jpg 300w, https:\/\/ondauno.com.ar\/wp-content\/uploads\/2020\/08\/cresta1-768x576.jpg 768w, https:\/\/ondauno.com.ar\/wp-content\/uploads\/2020\/08\/cresta1-80x60.jpg 80w, https:\/\/ondauno.com.ar\/wp-content\/uploads\/2020\/08\/cresta1-265x198.jpg 265w, https:\/\/ondauno.com.ar\/wp-content\/uploads\/2020\/08\/cresta1-696x522.jpg 696w, https:\/\/ondauno.com.ar\/wp-content\/uploads\/2020\/08\/cresta1-560x420.jpg 560w, https:\/\/ondauno.com.ar\/wp-content\/uploads\/2020\/08\/cresta1.jpg 1032w\" sizes=\"auto, (max-width: 1024px) 100vw, 1024px\" \/><\/noscript><\/figure><\/li><\/ul>\n\n\n\n<p><br>\u00c9sta presentaci\u00f3n, de la cual formaron parte la Coordinadora de Cresta Gabriela Hoffman y el Secretario de Desarrollo Econ\u00f3mico, Mat\u00edas Fhurer, est\u00e1 basada en un ambicioso proyecto que contempla la instalaci\u00f3n de un predio en los terrenos donde se emplazaba la ex protectora de animales, en Juan B. Justo y Av. Ameghino, destinado a la comercializaci\u00f3n de productos locales que cada beneficiado all\u00ed ofrezca a nuestros vecinos.<br>El plan proyecta la divisi\u00f3n de parcelas, instalaci\u00f3n de ba\u00f1os y vestuarios, espacios en com\u00fan y toda la log\u00edstica necesaria para contemplar dicha actividad.<\/p>\n\n\n\n<p><br>Con el fin de terminar de delinear \u00e9sta idea, que sin dudas ser\u00e1 m\u00e1s que beneficiosa para nuestra gente, se desarrollar\u00e1n a la brevedad sendas reuniones junto a la UTT, Uni\u00f3n de Trabajadores de la Tierra, y el propio municipio. <\/p>\n","protected":false},"excerpt":{"rendered":"<p>S\u00e1nchez recibi\u00f3 a un grupo de alumnos de la carrera de arquitectura que se dicta en Cresta con el prop\u00f3sito de ponerlo en conocimiento de un proyecto basado en el desarrollo de la actividad hort\u00edcola en nuestro distrito. \u00c9sta presentaci\u00f3n, de la cual formaron parte la Coordinadora de Cresta Gabriela Hoffman y el Secretario de [&hellip;]<\/p>\n","protected":false},"author":2,"featured_media":14716,"comment_status":"open","ping_status":"open","sticky":false,"template":"","format":"standard","meta":{"tdm_status":"","tdm_grid_status":"","_jetpack_memberships_contains_paid_content":false,"footnotes":"","jetpack_publicize_message":"","jetpack_publicize_feature_enabled":true,"jetpack_social_post_already_shared":false,"jetpack_social_options":{"image_generator_settings":{"template":"highway","default_image_id":0,"font":"","enabled":false},"version":2}},"categories":[2],"tags":[],"class_list":{"0":"post-14715","1":"post","2":"type-post","3":"status-publish","4":"format-standard","5":"has-post-thumbnail","7":"category-locales"},"yoast_head":"<!-- This site is optimized with the Yoast SEO plugin v22.7 - https:\/\/yoast.com\/wordpress\/plugins\/seo\/ -->\n<title>Sanchez y Cresta con proyecto horticola - 103.9 fm<\/title>\n<meta name=\"robots\" content=\"index, follow, max-snippet:-1, max-image-preview:large, max-video-preview:-1\" \/>\n<link rel=\"canonical\" href=\"https:\/\/ondauno.com.ar\/index.php\/2020\/08\/20\/sanchez-y-cresta-con-proyecto-horticola\/\" \/>\n<meta property=\"og:locale\" content=\"es_ES\" \/>\n<meta property=\"og:type\" content=\"article\" \/>\n<meta property=\"og:title\" content=\"Sanchez y Cresta con proyecto horticola - 103.9 fm\" \/>\n<meta property=\"og:description\" content=\"S\u00e1nchez recibi\u00f3 a un grupo de alumnos de la carrera de arquitectura que se dicta en Cresta con el prop\u00f3sito de ponerlo en conocimiento de un proyecto basado en el desarrollo de la actividad hort\u00edcola en nuestro distrito. \u00c9sta presentaci\u00f3n, de la cual formaron parte la Coordinadora de Cresta Gabriela Hoffman y el Secretario de [&hellip;]\" \/>\n<meta property=\"og:url\" content=\"https:\/\/ondauno.com.ar\/index.php\/2020\/08\/20\/sanchez-y-cresta-con-proyecto-horticola\/\" \/>\n<meta property=\"og:site_name\" content=\"103.9 fm\" \/>\n<meta property=\"article:publisher\" content=\"https:\/\/www.facebook.com\/ondauno103.9\" \/>\n<meta property=\"article:published_time\" content=\"2020-08-20T16:58:13+00:00\" \/>\n<meta property=\"article:modified_time\" content=\"2020-08-20T16:58:20+00:00\" \/>\n<meta property=\"og:image\" content=\"https:\/\/ondauno.com.ar\/wp-content\/uploads\/2020\/08\/cresta.jpg\" \/>\n\t<meta property=\"og:image:width\" content=\"1032\" \/>\n\t<meta property=\"og:image:height\" content=\"774\" \/>\n\t<meta property=\"og:image:type\" content=\"image\/jpeg\" \/>\n<meta name=\"author\" content=\"fernando garcia\" \/>\n<meta name=\"twitter:card\" content=\"summary_large_image\" \/>\n<meta name=\"twitter:label1\" content=\"Escrito por\" \/>\n\t<meta name=\"twitter:data1\" content=\"fernando garcia\" \/>\n\t<meta name=\"twitter:label2\" content=\"Tiempo de lectura\" \/>\n\t<meta name=\"twitter:data2\" content=\"1 minuto\" \/>\n<script type=\"application\/ld+json\" class=\"yoast-schema-graph\">{\"@context\":\"https:\/\/schema.org\",\"@graph\":[{\"@type\":\"WebPage\",\"@id\":\"https:\/\/ondauno.com.ar\/index.php\/2020\/08\/20\/sanchez-y-cresta-con-proyecto-horticola\/\",\"url\":\"https:\/\/ondauno.com.ar\/index.php\/2020\/08\/20\/sanchez-y-cresta-con-proyecto-horticola\/\",\"name\":\"Sanchez y Cresta con proyecto horticola - 103.9 fm\",\"isPartOf\":{\"@id\":\"https:\/\/ondauno.com.ar\/#website\"},\"primaryImageOfPage\":{\"@id\":\"https:\/\/ondauno.com.ar\/index.php\/2020\/08\/20\/sanchez-y-cresta-con-proyecto-horticola\/#primaryimage\"},\"image\":{\"@id\":\"https:\/\/ondauno.com.ar\/index.php\/2020\/08\/20\/sanchez-y-cresta-con-proyecto-horticola\/#primaryimage\"},\"thumbnailUrl\":\"https:\/\/ondauno.com.ar\/wp-content\/uploads\/2020\/08\/cresta.jpg\",\"datePublished\":\"2020-08-20T16:58:13+00:00\",\"dateModified\":\"2020-08-20T16:58:20+00:00\",\"author\":{\"@id\":\"https:\/\/ondauno.com.ar\/#\/schema\/person\/201d1b68e6c75e0fd396fe5f8af5d139\"},\"breadcrumb\":{\"@id\":\"https:\/\/ondauno.com.ar\/index.php\/2020\/08\/20\/sanchez-y-cresta-con-proyecto-horticola\/#breadcrumb\"},\"inLanguage\":\"es-AR\",\"potentialAction\":[{\"@type\":\"ReadAction\",\"target\":[\"https:\/\/ondauno.com.ar\/index.php\/2020\/08\/20\/sanchez-y-cresta-con-proyecto-horticola\/\"]}]},{\"@type\":\"ImageObject\",\"inLanguage\":\"es-AR\",\"@id\":\"https:\/\/ondauno.com.ar\/index.php\/2020\/08\/20\/sanchez-y-cresta-con-proyecto-horticola\/#primaryimage\",\"url\":\"https:\/\/ondauno.com.ar\/wp-content\/uploads\/2020\/08\/cresta.jpg\",\"contentUrl\":\"https:\/\/ondauno.com.ar\/wp-content\/uploads\/2020\/08\/cresta.jpg\",\"width\":1032,\"height\":774},{\"@type\":\"BreadcrumbList\",\"@id\":\"https:\/\/ondauno.com.ar\/index.php\/2020\/08\/20\/sanchez-y-cresta-con-proyecto-horticola\/#breadcrumb\",\"itemListElement\":[{\"@type\":\"ListItem\",\"position\":1,\"name\":\"Inicio\",\"item\":\"https:\/\/ondauno.com.ar\/\"},{\"@type\":\"ListItem\",\"position\":2,\"name\":\"Sanchez y Cresta con proyecto horticola\"}]},{\"@type\":\"WebSite\",\"@id\":\"https:\/\/ondauno.com.ar\/#website\",\"url\":\"https:\/\/ondauno.com.ar\/\",\"name\":\"103.9 fm\",\"description\":\"LA PRIMERA RADIO MULTIMEDIA DE TRES ARROYOS\",\"potentialAction\":[{\"@type\":\"SearchAction\",\"target\":{\"@type\":\"EntryPoint\",\"urlTemplate\":\"https:\/\/ondauno.com.ar\/?s={search_term_string}\"},\"query-input\":\"required name=search_term_string\"}],\"inLanguage\":\"es-AR\"},{\"@type\":\"Person\",\"@id\":\"https:\/\/ondauno.com.ar\/#\/schema\/person\/201d1b68e6c75e0fd396fe5f8af5d139\",\"name\":\"fernando garcia\",\"image\":{\"@type\":\"ImageObject\",\"inLanguage\":\"es-AR\",\"@id\":\"https:\/\/ondauno.com.ar\/#\/schema\/person\/image\/\",\"url\":\"https:\/\/secure.gravatar.com\/avatar\/5f7254642ad81272e79a2e69653cfdfc?s=96&d=mm&r=g\",\"contentUrl\":\"https:\/\/secure.gravatar.com\/avatar\/5f7254642ad81272e79a2e69653cfdfc?s=96&d=mm&r=g\",\"caption\":\"fernando garcia\"},\"url\":\"https:\/\/ondauno.com.ar\/index.php\/author\/ondaunoeditor\/\"}]}<\/script>\n<!-- \/ Yoast SEO plugin. -->","yoast_head_json":{"title":"Sanchez y Cresta con proyecto horticola - 103.9 fm","robots":{"index":"index","follow":"follow","max-snippet":"max-snippet:-1","max-image-preview":"max-image-preview:large","max-video-preview":"max-video-preview:-1"},"canonical":"https:\/\/ondauno.com.ar\/index.php\/2020\/08\/20\/sanchez-y-cresta-con-proyecto-horticola\/","og_locale":"es_ES","og_type":"article","og_title":"Sanchez y Cresta con proyecto horticola - 103.9 fm","og_description":"S\u00e1nchez recibi\u00f3 a un grupo de alumnos de la carrera de arquitectura que se dicta en Cresta con el prop\u00f3sito de ponerlo en conocimiento de un proyecto basado en el desarrollo de la actividad hort\u00edcola en nuestro distrito. \u00c9sta presentaci\u00f3n, de la cual formaron parte la Coordinadora de Cresta Gabriela Hoffman y el Secretario de [&hellip;]","og_url":"https:\/\/ondauno.com.ar\/index.php\/2020\/08\/20\/sanchez-y-cresta-con-proyecto-horticola\/","og_site_name":"103.9 fm","article_publisher":"https:\/\/www.facebook.com\/ondauno103.9","article_published_time":"2020-08-20T16:58:13+00:00","article_modified_time":"2020-08-20T16:58:20+00:00","og_image":[{"width":1032,"height":774,"url":"https:\/\/ondauno.com.ar\/wp-content\/uploads\/2020\/08\/cresta.jpg","type":"image\/jpeg"}],"author":"fernando garcia","twitter_card":"summary_large_image","twitter_misc":{"Escrito por":"fernando garcia","Tiempo de lectura":"1 minuto"},"schema":{"@context":"https:\/\/schema.org","@graph":[{"@type":"WebPage","@id":"https:\/\/ondauno.com.ar\/index.php\/2020\/08\/20\/sanchez-y-cresta-con-proyecto-horticola\/","url":"https:\/\/ondauno.com.ar\/index.php\/2020\/08\/20\/sanchez-y-cresta-con-proyecto-horticola\/","name":"Sanchez y Cresta con proyecto horticola - 103.9 fm","isPartOf":{"@id":"https:\/\/ondauno.com.ar\/#website"},"primaryImageOfPage":{"@id":"https:\/\/ondauno.com.ar\/index.php\/2020\/08\/20\/sanchez-y-cresta-con-proyecto-horticola\/#primaryimage"},"image":{"@id":"https:\/\/ondauno.com.ar\/index.php\/2020\/08\/20\/sanchez-y-cresta-con-proyecto-horticola\/#primaryimage"},"thumbnailUrl":"https:\/\/ondauno.com.ar\/wp-content\/uploads\/2020\/08\/cresta.jpg","datePublished":"2020-08-20T16:58:13+00:00","dateModified":"2020-08-20T16:58:20+00:00","author":{"@id":"https:\/\/ondauno.com.ar\/#\/schema\/person\/201d1b68e6c75e0fd396fe5f8af5d139"},"breadcrumb":{"@id":"https:\/\/ondauno.com.ar\/index.php\/2020\/08\/20\/sanchez-y-cresta-con-proyecto-horticola\/#breadcrumb"},"inLanguage":"es-AR","potentialAction":[{"@type":"ReadAction","target":["https:\/\/ondauno.com.ar\/index.php\/2020\/08\/20\/sanchez-y-cresta-con-proyecto-horticola\/"]}]},{"@type":"ImageObject","inLanguage":"es-AR","@id":"https:\/\/ondauno.com.ar\/index.php\/2020\/08\/20\/sanchez-y-cresta-con-proyecto-horticola\/#primaryimage","url":"https:\/\/ondauno.com.ar\/wp-content\/uploads\/2020\/08\/cresta.jpg","contentUrl":"https:\/\/ondauno.com.ar\/wp-content\/uploads\/2020\/08\/cresta.jpg","width":1032,"height":774},{"@type":"BreadcrumbList","@id":"https:\/\/ondauno.com.ar\/index.php\/2020\/08\/20\/sanchez-y-cresta-con-proyecto-horticola\/#breadcrumb","itemListElement":[{"@type":"ListItem","position":1,"name":"Inicio","item":"https:\/\/ondauno.com.ar\/"},{"@type":"ListItem","position":2,"name":"Sanchez y Cresta con proyecto horticola"}]},{"@type":"WebSite","@id":"https:\/\/ondauno.com.ar\/#website","url":"https:\/\/ondauno.com.ar\/","name":"103.9 fm","description":"LA PRIMERA RADIO MULTIMEDIA DE TRES ARROYOS","potentialAction":[{"@type":"SearchAction","target":{"@type":"EntryPoint","urlTemplate":"https:\/\/ondauno.com.ar\/?s={search_term_string}"},"query-input":"required name=search_term_string"}],"inLanguage":"es-AR"},{"@type":"Person","@id":"https:\/\/ondauno.com.ar\/#\/schema\/person\/201d1b68e6c75e0fd396fe5f8af5d139","name":"fernando garcia","image":{"@type":"ImageObject","inLanguage":"es-AR","@id":"https:\/\/ondauno.com.ar\/#\/schema\/person\/image\/","url":"https:\/\/secure.gravatar.com\/avatar\/5f7254642ad81272e79a2e69653cfdfc?s=96&d=mm&r=g","contentUrl":"https:\/\/secure.gravatar.com\/avatar\/5f7254642ad81272e79a2e69653cfdfc?s=96&d=mm&r=g","caption":"fernando garcia"},"url":"https:\/\/ondauno.com.ar\/index.php\/author\/ondaunoeditor\/"}]}},"jetpack_publicize_connections":[],"jetpack_featured_media_url":"https:\/\/ondauno.com.ar\/wp-content\/uploads\/2020\/08\/cresta.jpg","jetpack_sharing_enabled":true,"_links":{"self":[{"href":"https:\/\/ondauno.com.ar\/index.php\/wp-json\/wp\/v2\/posts\/14715","targetHints":{"allow":["GET"]}}],"collection":[{"href":"https:\/\/ondauno.com.ar\/index.php\/wp-json\/wp\/v2\/posts"}],"about":[{"href":"https:\/\/ondauno.com.ar\/index.php\/wp-json\/wp\/v2\/types\/post"}],"author":[{"embeddable":true,"href":"https:\/\/ondauno.com.ar\/index.php\/wp-json\/wp\/v2\/users\/2"}],"replies":[{"embeddable":true,"href":"https:\/\/ondauno.com.ar\/index.php\/wp-json\/wp\/v2\/comments?post=14715"}],"version-history":[{"count":0,"href":"https:\/\/ondauno.com.ar\/index.php\/wp-json\/wp\/v2\/posts\/14715\/revisions"}],"wp:featuredmedia":[{"embeddable":true,"href":"https:\/\/ondauno.com.ar\/index.php\/wp-json\/wp\/v2\/media\/14716"}],"wp:attachment":[{"href":"https:\/\/ondauno.com.ar\/index.php\/wp-json\/wp\/v2\/media?parent=14715"}],"wp:term":[{"taxonomy":"category","embeddable":true,"href":"https:\/\/ondauno.com.ar\/index.php\/wp-json\/wp\/v2\/categories?post=14715"},{"taxonomy":"post_tag","embeddable":true,"href":"https:\/\/ondauno.com.ar\/index.php\/wp-json\/wp\/v2\/tags?post=14715"}],"curies":[{"name":"wp","href":"https:\/\/api.w.org\/{rel}","templated":true}]}}