{"id":14542,"date":"2020-08-18T00:53:35","date_gmt":"2020-08-18T03:53:35","guid":{"rendered":"http:\/\/ondauno.com.ar\/?p=14542"},"modified":"2020-08-18T01:01:34","modified_gmt":"2020-08-18T04:01:34","slug":"hurtan-un-tv-en-alvear-al-800-y-se-genero-en-otro-barrio-una-pelea-vecinal","status":"publish","type":"post","link":"https:\/\/ondauno.com.ar\/index.php\/2020\/08\/18\/hurtan-un-tv-en-alvear-al-800-y-se-genero-en-otro-barrio-una-pelea-vecinal\/","title":{"rendered":"Hurtan un TV en Alvear al 800 y se gener\u00f3 en otro barrio una pelea vecinal"},"content":{"rendered":"<div class=\"ondau-before-content_3\" style=\"margin-top: -30px;\" id=\"ondau-3832670479\"><a href=\"https:\/\/www.lps.com.ar\/\" aria-label=\"la-perse2\"><img loading=\"lazy\" decoding=\"async\" src=\"https:\/\/ondauno.com.ar\/wp-content\/uploads\/2021\/10\/la-perse2.jpg\" alt=\"\"  srcset=\"https:\/\/ondauno.com.ar\/wp-content\/uploads\/2021\/10\/la-perse2.jpg 1353w, https:\/\/ondauno.com.ar\/wp-content\/uploads\/2021\/10\/la-perse2-300x43.jpg 300w, https:\/\/ondauno.com.ar\/wp-content\/uploads\/2021\/10\/la-perse2-1024x148.jpg 1024w, https:\/\/ondauno.com.ar\/wp-content\/uploads\/2021\/10\/la-perse2-768x111.jpg 768w, https:\/\/ondauno.com.ar\/wp-content\/uploads\/2021\/10\/la-perse2-696x100.jpg 696w, https:\/\/ondauno.com.ar\/wp-content\/uploads\/2021\/10\/la-perse2-1068x154.jpg 1068w\" sizes=\"(max-width: 1353px) 100vw, 1353px\" class=\"no-lazyload\" width=\"1353\" height=\"195\"  style=\"display: inline-block;\" \/><\/a><\/div>\n<p>Una pelea vecinal se suscit\u00f3 en Bernardo de Irigoyen al  1500 motivo por el cual la damnificada radic\u00f3 la denuncia en la Estaci\u00f3n Primera de Tres Arroyos.<\/p>\n\n\n\n<p>Seg\u00fan inform\u00f3 la denunciante sus vecinos  le rompieron una ventana con un fierro.<\/p>\n\n\n\n<p>Seg\u00fan la informaci\u00f3n que se recab\u00f3 se tratar\u00eda de un problema que se ha denunciado en otras oportunidades. <\/p>\n\n\n\n<p>Roban un televisor en ausencia de sus moradores<\/p>\n\n\n\n<p>Esta tarde desconocidos ingresaron a una vivienda de la calle Alvear 825 en ausencia de sus moradores.<\/p>\n\n\n\n<p>El due\u00f1o de casa, Eduardo Cifuentes sali\u00f3 de su hogar con el objeto de cargar gas a su veh\u00edculo. Fue en ese corto lapso d e tiempo que los malvivientes aprovecharon  para sustraer un televisor del interior de su casa. <\/p>\n\n\n\n<p>Para cometer el hurto, los delincuentes ingresaron rompiendo una ventana.<\/p>\n\n\n\n<p>El televisor que se llevaron es un Tonomac de 32 pulgadas. <\/p>\n\n\n\n<p>Concurri\u00f3 al lugar la Policia Cient\u00edfca al lugar y la Policia de Seguridad  Comunitaria<\/p>\n\n\n\n<hr class=\"wp-block-separator\"\/>\n","protected":false},"excerpt":{"rendered":"<p>Una pelea vecinal se suscit\u00f3 en Bernardo de Irigoyen al 1500 motivo por el cual la damnificada radic\u00f3 la denuncia en la Estaci\u00f3n Primera de Tres Arroyos. Seg\u00fan inform\u00f3 la denunciante sus vecinos le rompieron una ventana con un fierro. Seg\u00fan la informaci\u00f3n que se recab\u00f3 se tratar\u00eda de un problema que se ha denunciado [&hellip;]<\/p>\n","protected":false},"author":2,"featured_media":0,"comment_status":"open","ping_status":"open","sticky":false,"template":"","format":"standard","meta":{"tdm_status":"","tdm_grid_status":"","_jetpack_memberships_contains_paid_content":false,"footnotes":"","jetpack_publicize_message":"","jetpack_publicize_feature_enabled":true,"jetpack_social_post_already_shared":false,"jetpack_social_options":{"image_generator_settings":{"template":"highway","default_image_id":0,"font":"","enabled":false},"version":2}},"categories":[29],"tags":[],"class_list":{"0":"post-14542","1":"post","2":"type-post","3":"status-publish","4":"format-standard","6":"category-policiales"},"yoast_head":"<!-- This site is optimized with the Yoast SEO plugin v22.7 - https:\/\/yoast.com\/wordpress\/plugins\/seo\/ -->\n<title>Hurtan un TV en Alvear al 800 y se gener\u00f3 en otro barrio una pelea vecinal - 103.9 fm<\/title>\n<meta name=\"robots\" content=\"index, follow, max-snippet:-1, max-image-preview:large, max-video-preview:-1\" \/>\n<link rel=\"canonical\" href=\"https:\/\/ondauno.com.ar\/index.php\/2020\/08\/18\/hurtan-un-tv-en-alvear-al-800-y-se-genero-en-otro-barrio-una-pelea-vecinal\/\" \/>\n<meta property=\"og:locale\" content=\"es_ES\" \/>\n<meta property=\"og:type\" content=\"article\" \/>\n<meta property=\"og:title\" content=\"Hurtan un TV en Alvear al 800 y se gener\u00f3 en otro barrio una pelea vecinal - 103.9 fm\" \/>\n<meta property=\"og:description\" content=\"Una pelea vecinal se suscit\u00f3 en Bernardo de Irigoyen al 1500 motivo por el cual la damnificada radic\u00f3 la denuncia en la Estaci\u00f3n Primera de Tres Arroyos. Seg\u00fan inform\u00f3 la denunciante sus vecinos le rompieron una ventana con un fierro. Seg\u00fan la informaci\u00f3n que se recab\u00f3 se tratar\u00eda de un problema que se ha denunciado [&hellip;]\" \/>\n<meta property=\"og:url\" content=\"https:\/\/ondauno.com.ar\/index.php\/2020\/08\/18\/hurtan-un-tv-en-alvear-al-800-y-se-genero-en-otro-barrio-una-pelea-vecinal\/\" \/>\n<meta property=\"og:site_name\" content=\"103.9 fm\" \/>\n<meta property=\"article:publisher\" content=\"https:\/\/www.facebook.com\/ondauno103.9\" \/>\n<meta property=\"article:published_time\" content=\"2020-08-18T03:53:35+00:00\" \/>\n<meta property=\"article:modified_time\" content=\"2020-08-18T04:01:34+00:00\" \/>\n<meta name=\"author\" content=\"fernando garcia\" \/>\n<meta name=\"twitter:card\" content=\"summary_large_image\" \/>\n<meta name=\"twitter:label1\" content=\"Escrito por\" \/>\n\t<meta name=\"twitter:data1\" content=\"fernando garcia\" \/>\n\t<meta name=\"twitter:label2\" content=\"Tiempo de lectura\" \/>\n\t<meta name=\"twitter:data2\" content=\"1 minuto\" \/>\n<script type=\"application\/ld+json\" class=\"yoast-schema-graph\">{\"@context\":\"https:\/\/schema.org\",\"@graph\":[{\"@type\":\"WebPage\",\"@id\":\"https:\/\/ondauno.com.ar\/index.php\/2020\/08\/18\/hurtan-un-tv-en-alvear-al-800-y-se-genero-en-otro-barrio-una-pelea-vecinal\/\",\"url\":\"https:\/\/ondauno.com.ar\/index.php\/2020\/08\/18\/hurtan-un-tv-en-alvear-al-800-y-se-genero-en-otro-barrio-una-pelea-vecinal\/\",\"name\":\"Hurtan un TV en Alvear al 800 y se gener\u00f3 en otro barrio una pelea vecinal - 103.9 fm\",\"isPartOf\":{\"@id\":\"https:\/\/ondauno.com.ar\/#website\"},\"datePublished\":\"2020-08-18T03:53:35+00:00\",\"dateModified\":\"2020-08-18T04:01:34+00:00\",\"author\":{\"@id\":\"https:\/\/ondauno.com.ar\/#\/schema\/person\/201d1b68e6c75e0fd396fe5f8af5d139\"},\"breadcrumb\":{\"@id\":\"https:\/\/ondauno.com.ar\/index.php\/2020\/08\/18\/hurtan-un-tv-en-alvear-al-800-y-se-genero-en-otro-barrio-una-pelea-vecinal\/#breadcrumb\"},\"inLanguage\":\"es-AR\",\"potentialAction\":[{\"@type\":\"ReadAction\",\"target\":[\"https:\/\/ondauno.com.ar\/index.php\/2020\/08\/18\/hurtan-un-tv-en-alvear-al-800-y-se-genero-en-otro-barrio-una-pelea-vecinal\/\"]}]},{\"@type\":\"BreadcrumbList\",\"@id\":\"https:\/\/ondauno.com.ar\/index.php\/2020\/08\/18\/hurtan-un-tv-en-alvear-al-800-y-se-genero-en-otro-barrio-una-pelea-vecinal\/#breadcrumb\",\"itemListElement\":[{\"@type\":\"ListItem\",\"position\":1,\"name\":\"Inicio\",\"item\":\"https:\/\/ondauno.com.ar\/\"},{\"@type\":\"ListItem\",\"position\":2,\"name\":\"Hurtan un TV en Alvear al 800 y se gener\u00f3 en otro barrio una pelea vecinal\"}]},{\"@type\":\"WebSite\",\"@id\":\"https:\/\/ondauno.com.ar\/#website\",\"url\":\"https:\/\/ondauno.com.ar\/\",\"name\":\"103.9 fm\",\"description\":\"LA PRIMERA RADIO MULTIMEDIA DE TRES ARROYOS\",\"potentialAction\":[{\"@type\":\"SearchAction\",\"target\":{\"@type\":\"EntryPoint\",\"urlTemplate\":\"https:\/\/ondauno.com.ar\/?s={search_term_string}\"},\"query-input\":\"required name=search_term_string\"}],\"inLanguage\":\"es-AR\"},{\"@type\":\"Person\",\"@id\":\"https:\/\/ondauno.com.ar\/#\/schema\/person\/201d1b68e6c75e0fd396fe5f8af5d139\",\"name\":\"fernando garcia\",\"image\":{\"@type\":\"ImageObject\",\"inLanguage\":\"es-AR\",\"@id\":\"https:\/\/ondauno.com.ar\/#\/schema\/person\/image\/\",\"url\":\"https:\/\/secure.gravatar.com\/avatar\/5f7254642ad81272e79a2e69653cfdfc?s=96&d=mm&r=g\",\"contentUrl\":\"https:\/\/secure.gravatar.com\/avatar\/5f7254642ad81272e79a2e69653cfdfc?s=96&d=mm&r=g\",\"caption\":\"fernando garcia\"},\"url\":\"https:\/\/ondauno.com.ar\/index.php\/author\/ondaunoeditor\/\"}]}<\/script>\n<!-- \/ Yoast SEO plugin. -->","yoast_head_json":{"title":"Hurtan un TV en Alvear al 800 y se gener\u00f3 en otro barrio una pelea vecinal - 103.9 fm","robots":{"index":"index","follow":"follow","max-snippet":"max-snippet:-1","max-image-preview":"max-image-preview:large","max-video-preview":"max-video-preview:-1"},"canonical":"https:\/\/ondauno.com.ar\/index.php\/2020\/08\/18\/hurtan-un-tv-en-alvear-al-800-y-se-genero-en-otro-barrio-una-pelea-vecinal\/","og_locale":"es_ES","og_type":"article","og_title":"Hurtan un TV en Alvear al 800 y se gener\u00f3 en otro barrio una pelea vecinal - 103.9 fm","og_description":"Una pelea vecinal se suscit\u00f3 en Bernardo de Irigoyen al 1500 motivo por el cual la damnificada radic\u00f3 la denuncia en la Estaci\u00f3n Primera de Tres Arroyos. Seg\u00fan inform\u00f3 la denunciante sus vecinos le rompieron una ventana con un fierro. Seg\u00fan la informaci\u00f3n que se recab\u00f3 se tratar\u00eda de un problema que se ha denunciado [&hellip;]","og_url":"https:\/\/ondauno.com.ar\/index.php\/2020\/08\/18\/hurtan-un-tv-en-alvear-al-800-y-se-genero-en-otro-barrio-una-pelea-vecinal\/","og_site_name":"103.9 fm","article_publisher":"https:\/\/www.facebook.com\/ondauno103.9","article_published_time":"2020-08-18T03:53:35+00:00","article_modified_time":"2020-08-18T04:01:34+00:00","author":"fernando garcia","twitter_card":"summary_large_image","twitter_misc":{"Escrito por":"fernando garcia","Tiempo de lectura":"1 minuto"},"schema":{"@context":"https:\/\/schema.org","@graph":[{"@type":"WebPage","@id":"https:\/\/ondauno.com.ar\/index.php\/2020\/08\/18\/hurtan-un-tv-en-alvear-al-800-y-se-genero-en-otro-barrio-una-pelea-vecinal\/","url":"https:\/\/ondauno.com.ar\/index.php\/2020\/08\/18\/hurtan-un-tv-en-alvear-al-800-y-se-genero-en-otro-barrio-una-pelea-vecinal\/","name":"Hurtan un TV en Alvear al 800 y se gener\u00f3 en otro barrio una pelea vecinal - 103.9 fm","isPartOf":{"@id":"https:\/\/ondauno.com.ar\/#website"},"datePublished":"2020-08-18T03:53:35+00:00","dateModified":"2020-08-18T04:01:34+00:00","author":{"@id":"https:\/\/ondauno.com.ar\/#\/schema\/person\/201d1b68e6c75e0fd396fe5f8af5d139"},"breadcrumb":{"@id":"https:\/\/ondauno.com.ar\/index.php\/2020\/08\/18\/hurtan-un-tv-en-alvear-al-800-y-se-genero-en-otro-barrio-una-pelea-vecinal\/#breadcrumb"},"inLanguage":"es-AR","potentialAction":[{"@type":"ReadAction","target":["https:\/\/ondauno.com.ar\/index.php\/2020\/08\/18\/hurtan-un-tv-en-alvear-al-800-y-se-genero-en-otro-barrio-una-pelea-vecinal\/"]}]},{"@type":"BreadcrumbList","@id":"https:\/\/ondauno.com.ar\/index.php\/2020\/08\/18\/hurtan-un-tv-en-alvear-al-800-y-se-genero-en-otro-barrio-una-pelea-vecinal\/#breadcrumb","itemListElement":[{"@type":"ListItem","position":1,"name":"Inicio","item":"https:\/\/ondauno.com.ar\/"},{"@type":"ListItem","position":2,"name":"Hurtan un TV en Alvear al 800 y se gener\u00f3 en otro barrio una pelea vecinal"}]},{"@type":"WebSite","@id":"https:\/\/ondauno.com.ar\/#website","url":"https:\/\/ondauno.com.ar\/","name":"103.9 fm","description":"LA PRIMERA RADIO MULTIMEDIA DE TRES ARROYOS","potentialAction":[{"@type":"SearchAction","target":{"@type":"EntryPoint","urlTemplate":"https:\/\/ondauno.com.ar\/?s={search_term_string}"},"query-input":"required name=search_term_string"}],"inLanguage":"es-AR"},{"@type":"Person","@id":"https:\/\/ondauno.com.ar\/#\/schema\/person\/201d1b68e6c75e0fd396fe5f8af5d139","name":"fernando garcia","image":{"@type":"ImageObject","inLanguage":"es-AR","@id":"https:\/\/ondauno.com.ar\/#\/schema\/person\/image\/","url":"https:\/\/secure.gravatar.com\/avatar\/5f7254642ad81272e79a2e69653cfdfc?s=96&d=mm&r=g","contentUrl":"https:\/\/secure.gravatar.com\/avatar\/5f7254642ad81272e79a2e69653cfdfc?s=96&d=mm&r=g","caption":"fernando garcia"},"url":"https:\/\/ondauno.com.ar\/index.php\/author\/ondaunoeditor\/"}]}},"jetpack_publicize_connections":[],"jetpack_featured_media_url":"","jetpack_sharing_enabled":true,"_links":{"self":[{"href":"https:\/\/ondauno.com.ar\/index.php\/wp-json\/wp\/v2\/posts\/14542","targetHints":{"allow":["GET"]}}],"collection":[{"href":"https:\/\/ondauno.com.ar\/index.php\/wp-json\/wp\/v2\/posts"}],"about":[{"href":"https:\/\/ondauno.com.ar\/index.php\/wp-json\/wp\/v2\/types\/post"}],"author":[{"embeddable":true,"href":"https:\/\/ondauno.com.ar\/index.php\/wp-json\/wp\/v2\/users\/2"}],"replies":[{"embeddable":true,"href":"https:\/\/ondauno.com.ar\/index.php\/wp-json\/wp\/v2\/comments?post=14542"}],"version-history":[{"count":0,"href":"https:\/\/ondauno.com.ar\/index.php\/wp-json\/wp\/v2\/posts\/14542\/revisions"}],"wp:attachment":[{"href":"https:\/\/ondauno.com.ar\/index.php\/wp-json\/wp\/v2\/media?parent=14542"}],"wp:term":[{"taxonomy":"category","embeddable":true,"href":"https:\/\/ondauno.com.ar\/index.php\/wp-json\/wp\/v2\/categories?post=14542"},{"taxonomy":"post_tag","embeddable":true,"href":"https:\/\/ondauno.com.ar\/index.php\/wp-json\/wp\/v2\/tags?post=14542"}],"curies":[{"name":"wp","href":"https:\/\/api.w.org\/{rel}","templated":true}]}}