{"id":14495,"date":"2020-08-16T18:38:55","date_gmt":"2020-08-16T21:38:55","guid":{"rendered":"http:\/\/ondauno.com.ar\/?p=14495"},"modified":"2020-08-16T18:40:30","modified_gmt":"2020-08-16T21:40:30","slug":"axel-kicillof-nosotros-no-vamos-a-encubrir-a-nadie","status":"publish","type":"post","link":"https:\/\/ondauno.com.ar\/index.php\/2020\/08\/16\/axel-kicillof-nosotros-no-vamos-a-encubrir-a-nadie\/","title":{"rendered":"Axel Kicillof: &#8220;Nosotros no vamos a encubrir a nadie&#8221;"},"content":{"rendered":"<div class=\"ondau-before-content_3\" style=\"margin-top: -30px;\" id=\"ondau-2239480261\"><a href=\"https:\/\/www.lps.com.ar\/\" aria-label=\"la-perse2\"><img loading=\"lazy\" decoding=\"async\" src=\"https:\/\/ondauno.com.ar\/wp-content\/uploads\/2021\/10\/la-perse2.jpg\" alt=\"\"  srcset=\"https:\/\/ondauno.com.ar\/wp-content\/uploads\/2021\/10\/la-perse2.jpg 1353w, https:\/\/ondauno.com.ar\/wp-content\/uploads\/2021\/10\/la-perse2-300x43.jpg 300w, https:\/\/ondauno.com.ar\/wp-content\/uploads\/2021\/10\/la-perse2-1024x148.jpg 1024w, https:\/\/ondauno.com.ar\/wp-content\/uploads\/2021\/10\/la-perse2-768x111.jpg 768w, https:\/\/ondauno.com.ar\/wp-content\/uploads\/2021\/10\/la-perse2-696x100.jpg 696w, https:\/\/ondauno.com.ar\/wp-content\/uploads\/2021\/10\/la-perse2-1068x154.jpg 1068w\" sizes=\"(max-width: 1353px) 100vw, 1353px\" class=\"no-lazyload\" width=\"1353\" height=\"195\"  style=\"display: inline-block;\" \/><\/a><\/div>\n<p>Fuente CNN Radio<\/p>\n\n\n\n<p><em>Sobre el caso de Facundo Astudillo Castro:<\/em><br \/>-Desde el primer minuto, muy preocupados por el caso. La \u00faltima novedad es que el Ministerio de Seguridad de la Naci\u00f3n est\u00e1 enviando un grupo de antropolog\u00eda forense para estudiar el cuerpo que se encontr\u00f3. La familia pidi\u00f3 que se apartara la justicia bonaerense y se ocupara la justicia federal. Tuve algunas comunicaciones con la madre, siempre poni\u00e9ndome a disposici\u00f3n en la b\u00fasqueda de la verdad.<br \/>-Nosotros no vamos a encubrir a nadie y vamos a colaborar con la investigaci\u00f3n.<br \/>-Yo no tengo acceso al expediente, esperando que se resuelva y acompa\u00f1ando lo m\u00e1s que podamos a la familia. Esperando que se sepa qu\u00e9 pas\u00f3 y actuar en consecuencia, como dije no voy a encubrir a nadie.<br \/>-Est\u00e1 en manos del fiscal federal y una jueza federal, y la investigaci\u00f3n la est\u00e1n llevando adelante fuerzas federales. Vamos a actuar en base a lo que resuelva la justicia. Lo tiene que resolver la justicia federal.<\/p>\n","protected":false},"excerpt":{"rendered":"<p>Fuente CNN Radio Sobre el caso de Facundo Astudillo Castro:-Desde el primer minuto, muy preocupados por el caso. La \u00faltima novedad es que el Ministerio de Seguridad de la Naci\u00f3n est\u00e1 enviando un grupo de antropolog\u00eda forense para estudiar el cuerpo que se encontr\u00f3. La familia pidi\u00f3 que se apartara la justicia bonaerense y se [&hellip;]<\/p>\n","protected":false},"author":2,"featured_media":0,"comment_status":"open","ping_status":"open","sticky":false,"template":"","format":"standard","meta":{"tdm_status":"","tdm_grid_status":"","_jetpack_memberships_contains_paid_content":false,"footnotes":"","jetpack_publicize_message":"","jetpack_publicize_feature_enabled":true,"jetpack_social_post_already_shared":false,"jetpack_social_options":{"image_generator_settings":{"template":"highway","default_image_id":0,"font":"","enabled":false},"version":2}},"categories":[30],"tags":[],"class_list":{"0":"post-14495","1":"post","2":"type-post","3":"status-publish","4":"format-standard","6":"category-provinciales"},"yoast_head":"<!-- This site is optimized with the Yoast SEO plugin v22.7 - https:\/\/yoast.com\/wordpress\/plugins\/seo\/ -->\n<title>Axel Kicillof: &quot;Nosotros no vamos a encubrir a nadie&quot; - 103.9 fm<\/title>\n<meta name=\"robots\" content=\"index, follow, max-snippet:-1, max-image-preview:large, max-video-preview:-1\" \/>\n<link rel=\"canonical\" href=\"https:\/\/ondauno.com.ar\/index.php\/2020\/08\/16\/axel-kicillof-nosotros-no-vamos-a-encubrir-a-nadie\/\" \/>\n<meta property=\"og:locale\" content=\"es_ES\" \/>\n<meta property=\"og:type\" content=\"article\" \/>\n<meta property=\"og:title\" content=\"Axel Kicillof: &quot;Nosotros no vamos a encubrir a nadie&quot; - 103.9 fm\" \/>\n<meta property=\"og:description\" content=\"Fuente CNN Radio Sobre el caso de Facundo Astudillo Castro:-Desde el primer minuto, muy preocupados por el caso. La \u00faltima novedad es que el Ministerio de Seguridad de la Naci\u00f3n est\u00e1 enviando un grupo de antropolog\u00eda forense para estudiar el cuerpo que se encontr\u00f3. La familia pidi\u00f3 que se apartara la justicia bonaerense y se [&hellip;]\" \/>\n<meta property=\"og:url\" content=\"https:\/\/ondauno.com.ar\/index.php\/2020\/08\/16\/axel-kicillof-nosotros-no-vamos-a-encubrir-a-nadie\/\" \/>\n<meta property=\"og:site_name\" content=\"103.9 fm\" \/>\n<meta property=\"article:publisher\" content=\"https:\/\/www.facebook.com\/ondauno103.9\" \/>\n<meta property=\"article:published_time\" content=\"2020-08-16T21:38:55+00:00\" \/>\n<meta property=\"article:modified_time\" content=\"2020-08-16T21:40:30+00:00\" \/>\n<meta name=\"author\" content=\"fernando garcia\" \/>\n<meta name=\"twitter:card\" content=\"summary_large_image\" \/>\n<meta name=\"twitter:label1\" content=\"Escrito por\" \/>\n\t<meta name=\"twitter:data1\" content=\"fernando garcia\" \/>\n\t<meta name=\"twitter:label2\" content=\"Tiempo de lectura\" \/>\n\t<meta name=\"twitter:data2\" content=\"1 minuto\" \/>\n<script type=\"application\/ld+json\" class=\"yoast-schema-graph\">{\"@context\":\"https:\/\/schema.org\",\"@graph\":[{\"@type\":\"WebPage\",\"@id\":\"https:\/\/ondauno.com.ar\/index.php\/2020\/08\/16\/axel-kicillof-nosotros-no-vamos-a-encubrir-a-nadie\/\",\"url\":\"https:\/\/ondauno.com.ar\/index.php\/2020\/08\/16\/axel-kicillof-nosotros-no-vamos-a-encubrir-a-nadie\/\",\"name\":\"Axel Kicillof: \\\"Nosotros no vamos a encubrir a nadie\\\" - 103.9 fm\",\"isPartOf\":{\"@id\":\"https:\/\/ondauno.com.ar\/#website\"},\"datePublished\":\"2020-08-16T21:38:55+00:00\",\"dateModified\":\"2020-08-16T21:40:30+00:00\",\"author\":{\"@id\":\"https:\/\/ondauno.com.ar\/#\/schema\/person\/201d1b68e6c75e0fd396fe5f8af5d139\"},\"breadcrumb\":{\"@id\":\"https:\/\/ondauno.com.ar\/index.php\/2020\/08\/16\/axel-kicillof-nosotros-no-vamos-a-encubrir-a-nadie\/#breadcrumb\"},\"inLanguage\":\"es-AR\",\"potentialAction\":[{\"@type\":\"ReadAction\",\"target\":[\"https:\/\/ondauno.com.ar\/index.php\/2020\/08\/16\/axel-kicillof-nosotros-no-vamos-a-encubrir-a-nadie\/\"]}]},{\"@type\":\"BreadcrumbList\",\"@id\":\"https:\/\/ondauno.com.ar\/index.php\/2020\/08\/16\/axel-kicillof-nosotros-no-vamos-a-encubrir-a-nadie\/#breadcrumb\",\"itemListElement\":[{\"@type\":\"ListItem\",\"position\":1,\"name\":\"Inicio\",\"item\":\"https:\/\/ondauno.com.ar\/\"},{\"@type\":\"ListItem\",\"position\":2,\"name\":\"Axel Kicillof: &#8220;Nosotros no vamos a encubrir a nadie&#8221;\"}]},{\"@type\":\"WebSite\",\"@id\":\"https:\/\/ondauno.com.ar\/#website\",\"url\":\"https:\/\/ondauno.com.ar\/\",\"name\":\"103.9 fm\",\"description\":\"LA PRIMERA RADIO MULTIMEDIA DE TRES ARROYOS\",\"potentialAction\":[{\"@type\":\"SearchAction\",\"target\":{\"@type\":\"EntryPoint\",\"urlTemplate\":\"https:\/\/ondauno.com.ar\/?s={search_term_string}\"},\"query-input\":\"required name=search_term_string\"}],\"inLanguage\":\"es-AR\"},{\"@type\":\"Person\",\"@id\":\"https:\/\/ondauno.com.ar\/#\/schema\/person\/201d1b68e6c75e0fd396fe5f8af5d139\",\"name\":\"fernando garcia\",\"image\":{\"@type\":\"ImageObject\",\"inLanguage\":\"es-AR\",\"@id\":\"https:\/\/ondauno.com.ar\/#\/schema\/person\/image\/\",\"url\":\"https:\/\/secure.gravatar.com\/avatar\/5f7254642ad81272e79a2e69653cfdfc?s=96&d=mm&r=g\",\"contentUrl\":\"https:\/\/secure.gravatar.com\/avatar\/5f7254642ad81272e79a2e69653cfdfc?s=96&d=mm&r=g\",\"caption\":\"fernando garcia\"},\"url\":\"https:\/\/ondauno.com.ar\/index.php\/author\/ondaunoeditor\/\"}]}<\/script>\n<!-- \/ Yoast SEO plugin. -->","yoast_head_json":{"title":"Axel Kicillof: \"Nosotros no vamos a encubrir a nadie\" - 103.9 fm","robots":{"index":"index","follow":"follow","max-snippet":"max-snippet:-1","max-image-preview":"max-image-preview:large","max-video-preview":"max-video-preview:-1"},"canonical":"https:\/\/ondauno.com.ar\/index.php\/2020\/08\/16\/axel-kicillof-nosotros-no-vamos-a-encubrir-a-nadie\/","og_locale":"es_ES","og_type":"article","og_title":"Axel Kicillof: \"Nosotros no vamos a encubrir a nadie\" - 103.9 fm","og_description":"Fuente CNN Radio Sobre el caso de Facundo Astudillo Castro:-Desde el primer minuto, muy preocupados por el caso. La \u00faltima novedad es que el Ministerio de Seguridad de la Naci\u00f3n est\u00e1 enviando un grupo de antropolog\u00eda forense para estudiar el cuerpo que se encontr\u00f3. La familia pidi\u00f3 que se apartara la justicia bonaerense y se [&hellip;]","og_url":"https:\/\/ondauno.com.ar\/index.php\/2020\/08\/16\/axel-kicillof-nosotros-no-vamos-a-encubrir-a-nadie\/","og_site_name":"103.9 fm","article_publisher":"https:\/\/www.facebook.com\/ondauno103.9","article_published_time":"2020-08-16T21:38:55+00:00","article_modified_time":"2020-08-16T21:40:30+00:00","author":"fernando garcia","twitter_card":"summary_large_image","twitter_misc":{"Escrito por":"fernando garcia","Tiempo de lectura":"1 minuto"},"schema":{"@context":"https:\/\/schema.org","@graph":[{"@type":"WebPage","@id":"https:\/\/ondauno.com.ar\/index.php\/2020\/08\/16\/axel-kicillof-nosotros-no-vamos-a-encubrir-a-nadie\/","url":"https:\/\/ondauno.com.ar\/index.php\/2020\/08\/16\/axel-kicillof-nosotros-no-vamos-a-encubrir-a-nadie\/","name":"Axel Kicillof: \"Nosotros no vamos a encubrir a nadie\" - 103.9 fm","isPartOf":{"@id":"https:\/\/ondauno.com.ar\/#website"},"datePublished":"2020-08-16T21:38:55+00:00","dateModified":"2020-08-16T21:40:30+00:00","author":{"@id":"https:\/\/ondauno.com.ar\/#\/schema\/person\/201d1b68e6c75e0fd396fe5f8af5d139"},"breadcrumb":{"@id":"https:\/\/ondauno.com.ar\/index.php\/2020\/08\/16\/axel-kicillof-nosotros-no-vamos-a-encubrir-a-nadie\/#breadcrumb"},"inLanguage":"es-AR","potentialAction":[{"@type":"ReadAction","target":["https:\/\/ondauno.com.ar\/index.php\/2020\/08\/16\/axel-kicillof-nosotros-no-vamos-a-encubrir-a-nadie\/"]}]},{"@type":"BreadcrumbList","@id":"https:\/\/ondauno.com.ar\/index.php\/2020\/08\/16\/axel-kicillof-nosotros-no-vamos-a-encubrir-a-nadie\/#breadcrumb","itemListElement":[{"@type":"ListItem","position":1,"name":"Inicio","item":"https:\/\/ondauno.com.ar\/"},{"@type":"ListItem","position":2,"name":"Axel Kicillof: &#8220;Nosotros no vamos a encubrir a nadie&#8221;"}]},{"@type":"WebSite","@id":"https:\/\/ondauno.com.ar\/#website","url":"https:\/\/ondauno.com.ar\/","name":"103.9 fm","description":"LA PRIMERA RADIO MULTIMEDIA DE TRES ARROYOS","potentialAction":[{"@type":"SearchAction","target":{"@type":"EntryPoint","urlTemplate":"https:\/\/ondauno.com.ar\/?s={search_term_string}"},"query-input":"required name=search_term_string"}],"inLanguage":"es-AR"},{"@type":"Person","@id":"https:\/\/ondauno.com.ar\/#\/schema\/person\/201d1b68e6c75e0fd396fe5f8af5d139","name":"fernando garcia","image":{"@type":"ImageObject","inLanguage":"es-AR","@id":"https:\/\/ondauno.com.ar\/#\/schema\/person\/image\/","url":"https:\/\/secure.gravatar.com\/avatar\/5f7254642ad81272e79a2e69653cfdfc?s=96&d=mm&r=g","contentUrl":"https:\/\/secure.gravatar.com\/avatar\/5f7254642ad81272e79a2e69653cfdfc?s=96&d=mm&r=g","caption":"fernando garcia"},"url":"https:\/\/ondauno.com.ar\/index.php\/author\/ondaunoeditor\/"}]}},"jetpack_publicize_connections":[],"jetpack_featured_media_url":"","jetpack_sharing_enabled":true,"_links":{"self":[{"href":"https:\/\/ondauno.com.ar\/index.php\/wp-json\/wp\/v2\/posts\/14495","targetHints":{"allow":["GET"]}}],"collection":[{"href":"https:\/\/ondauno.com.ar\/index.php\/wp-json\/wp\/v2\/posts"}],"about":[{"href":"https:\/\/ondauno.com.ar\/index.php\/wp-json\/wp\/v2\/types\/post"}],"author":[{"embeddable":true,"href":"https:\/\/ondauno.com.ar\/index.php\/wp-json\/wp\/v2\/users\/2"}],"replies":[{"embeddable":true,"href":"https:\/\/ondauno.com.ar\/index.php\/wp-json\/wp\/v2\/comments?post=14495"}],"version-history":[{"count":0,"href":"https:\/\/ondauno.com.ar\/index.php\/wp-json\/wp\/v2\/posts\/14495\/revisions"}],"wp:attachment":[{"href":"https:\/\/ondauno.com.ar\/index.php\/wp-json\/wp\/v2\/media?parent=14495"}],"wp:term":[{"taxonomy":"category","embeddable":true,"href":"https:\/\/ondauno.com.ar\/index.php\/wp-json\/wp\/v2\/categories?post=14495"},{"taxonomy":"post_tag","embeddable":true,"href":"https:\/\/ondauno.com.ar\/index.php\/wp-json\/wp\/v2\/tags?post=14495"}],"curies":[{"name":"wp","href":"https:\/\/api.w.org\/{rel}","templated":true}]}}