{"id":14491,"date":"2020-08-16T18:38:58","date_gmt":"2020-08-16T21:38:58","guid":{"rendered":"http:\/\/ondauno.com.ar\/?p=14491"},"modified":"2020-08-16T18:39:02","modified_gmt":"2020-08-16T21:39:02","slug":"robo-en-el-torreon-despues-de-un-turno-se-robaron-el-frigobar","status":"publish","type":"post","link":"https:\/\/ondauno.com.ar\/index.php\/2020\/08\/16\/robo-en-el-torreon-despues-de-un-turno-se-robaron-el-frigobar\/","title":{"rendered":"Robo en &#8220;El Torre\u00f3n&#8221;: despu\u00e9s de un turno se robaron el frigobar"},"content":{"rendered":"<div class=\"ondau-before-content_3\" style=\"margin-top: -30px;\" id=\"ondau-3478565255\"><a href=\"https:\/\/www.lps.com.ar\/\" aria-label=\"la-perse2\"><img loading=\"lazy\" decoding=\"async\" src=\"https:\/\/ondauno.com.ar\/wp-content\/uploads\/2021\/10\/la-perse2.jpg\" alt=\"\"  srcset=\"https:\/\/ondauno.com.ar\/wp-content\/uploads\/2021\/10\/la-perse2.jpg 1353w, https:\/\/ondauno.com.ar\/wp-content\/uploads\/2021\/10\/la-perse2-300x43.jpg 300w, https:\/\/ondauno.com.ar\/wp-content\/uploads\/2021\/10\/la-perse2-1024x148.jpg 1024w, https:\/\/ondauno.com.ar\/wp-content\/uploads\/2021\/10\/la-perse2-768x111.jpg 768w, https:\/\/ondauno.com.ar\/wp-content\/uploads\/2021\/10\/la-perse2-696x100.jpg 696w, https:\/\/ondauno.com.ar\/wp-content\/uploads\/2021\/10\/la-perse2-1068x154.jpg 1068w\" sizes=\"(max-width: 1353px) 100vw, 1353px\" class=\"no-lazyload\" width=\"1353\" height=\"195\"  style=\"display: inline-block;\" \/><\/a><\/div>\n<p>En el d\u00eda de la fecha el personal Estaci\u00f3n de Polic\u00eda Comunal Tres Arroyos 1ra, toma conocimiento ra\u00edz denuncia radicada en esta Dependencia por gerente de local comercial \u201cEl Torre\u00f3n\u201d destinado al rubro hoteler\u00eda, que luego de utilizar una de las habitaciones, cuatro personas sustraen heladera frigo-bar, con la mercader\u00eda y bebidas que pose\u00eda en su interior, como as\u00ed tambi\u00e9n toallas y toallones, da\u00f1ando en su huida del lugar barrera de contenci\u00f3n ubicada a la salida del predio. Intervenci\u00f3n UFIJ N\u00b0 17 a cargo Dr. Bianconi. FDO. Jefe de Estaci\u00f3n Subcomisario Nelson Ra\u00fal Aguirre.<\/p>\n","protected":false},"excerpt":{"rendered":"<p>En el d\u00eda de la fecha el personal Estaci\u00f3n de Polic\u00eda Comunal Tres Arroyos 1ra, toma conocimiento ra\u00edz denuncia radicada en esta Dependencia por gerente de local comercial \u201cEl Torre\u00f3n\u201d destinado al rubro hoteler\u00eda, que luego de utilizar una de las habitaciones, cuatro personas sustraen heladera frigo-bar, con la mercader\u00eda y bebidas que pose\u00eda en [&hellip;]<\/p>\n","protected":false},"author":2,"featured_media":14492,"comment_status":"open","ping_status":"open","sticky":false,"template":"","format":"standard","meta":{"tdm_status":"","tdm_grid_status":"","_jetpack_memberships_contains_paid_content":false,"footnotes":"","jetpack_publicize_message":"","jetpack_publicize_feature_enabled":true,"jetpack_social_post_already_shared":false,"jetpack_social_options":{"image_generator_settings":{"template":"highway","default_image_id":0,"font":"","enabled":false},"version":2}},"categories":[29],"tags":[],"class_list":{"0":"post-14491","1":"post","2":"type-post","3":"status-publish","4":"format-standard","5":"has-post-thumbnail","7":"category-policiales"},"yoast_head":"<!-- This site is optimized with the Yoast SEO plugin v22.7 - https:\/\/yoast.com\/wordpress\/plugins\/seo\/ -->\n<title>Robo en &quot;El Torre\u00f3n&quot;: despu\u00e9s de un turno se robaron el frigobar - 103.9 fm<\/title>\n<meta name=\"robots\" content=\"index, follow, max-snippet:-1, max-image-preview:large, max-video-preview:-1\" \/>\n<link rel=\"canonical\" href=\"https:\/\/ondauno.com.ar\/index.php\/2020\/08\/16\/robo-en-el-torreon-despues-de-un-turno-se-robaron-el-frigobar\/\" \/>\n<meta property=\"og:locale\" content=\"es_ES\" \/>\n<meta property=\"og:type\" content=\"article\" \/>\n<meta property=\"og:title\" content=\"Robo en &quot;El Torre\u00f3n&quot;: despu\u00e9s de un turno se robaron el frigobar - 103.9 fm\" \/>\n<meta property=\"og:description\" content=\"En el d\u00eda de la fecha el personal Estaci\u00f3n de Polic\u00eda Comunal Tres Arroyos 1ra, toma conocimiento ra\u00edz denuncia radicada en esta Dependencia por gerente de local comercial \u201cEl Torre\u00f3n\u201d destinado al rubro hoteler\u00eda, que luego de utilizar una de las habitaciones, cuatro personas sustraen heladera frigo-bar, con la mercader\u00eda y bebidas que pose\u00eda en [&hellip;]\" \/>\n<meta property=\"og:url\" content=\"https:\/\/ondauno.com.ar\/index.php\/2020\/08\/16\/robo-en-el-torreon-despues-de-un-turno-se-robaron-el-frigobar\/\" \/>\n<meta property=\"og:site_name\" content=\"103.9 fm\" \/>\n<meta property=\"article:publisher\" content=\"https:\/\/www.facebook.com\/ondauno103.9\" \/>\n<meta property=\"article:published_time\" content=\"2020-08-16T21:38:58+00:00\" \/>\n<meta property=\"article:modified_time\" content=\"2020-08-16T21:39:02+00:00\" \/>\n<meta property=\"og:image\" content=\"https:\/\/ondauno.com.ar\/wp-content\/uploads\/2020\/08\/robo-en-el-torreon.jpg\" \/>\n\t<meta property=\"og:image:width\" content=\"480\" \/>\n\t<meta property=\"og:image:height\" content=\"216\" \/>\n\t<meta property=\"og:image:type\" content=\"image\/jpeg\" \/>\n<meta name=\"author\" content=\"fernando garcia\" \/>\n<meta name=\"twitter:card\" content=\"summary_large_image\" \/>\n<meta name=\"twitter:label1\" content=\"Escrito por\" \/>\n\t<meta name=\"twitter:data1\" content=\"fernando garcia\" \/>\n\t<meta name=\"twitter:label2\" content=\"Tiempo de lectura\" \/>\n\t<meta name=\"twitter:data2\" content=\"1 minuto\" \/>\n<script type=\"application\/ld+json\" class=\"yoast-schema-graph\">{\"@context\":\"https:\/\/schema.org\",\"@graph\":[{\"@type\":\"WebPage\",\"@id\":\"https:\/\/ondauno.com.ar\/index.php\/2020\/08\/16\/robo-en-el-torreon-despues-de-un-turno-se-robaron-el-frigobar\/\",\"url\":\"https:\/\/ondauno.com.ar\/index.php\/2020\/08\/16\/robo-en-el-torreon-despues-de-un-turno-se-robaron-el-frigobar\/\",\"name\":\"Robo en \\\"El Torre\u00f3n\\\": despu\u00e9s de un turno se robaron el frigobar - 103.9 fm\",\"isPartOf\":{\"@id\":\"https:\/\/ondauno.com.ar\/#website\"},\"primaryImageOfPage\":{\"@id\":\"https:\/\/ondauno.com.ar\/index.php\/2020\/08\/16\/robo-en-el-torreon-despues-de-un-turno-se-robaron-el-frigobar\/#primaryimage\"},\"image\":{\"@id\":\"https:\/\/ondauno.com.ar\/index.php\/2020\/08\/16\/robo-en-el-torreon-despues-de-un-turno-se-robaron-el-frigobar\/#primaryimage\"},\"thumbnailUrl\":\"https:\/\/ondauno.com.ar\/wp-content\/uploads\/2020\/08\/robo-en-el-torreon.jpg\",\"datePublished\":\"2020-08-16T21:38:58+00:00\",\"dateModified\":\"2020-08-16T21:39:02+00:00\",\"author\":{\"@id\":\"https:\/\/ondauno.com.ar\/#\/schema\/person\/201d1b68e6c75e0fd396fe5f8af5d139\"},\"breadcrumb\":{\"@id\":\"https:\/\/ondauno.com.ar\/index.php\/2020\/08\/16\/robo-en-el-torreon-despues-de-un-turno-se-robaron-el-frigobar\/#breadcrumb\"},\"inLanguage\":\"es-AR\",\"potentialAction\":[{\"@type\":\"ReadAction\",\"target\":[\"https:\/\/ondauno.com.ar\/index.php\/2020\/08\/16\/robo-en-el-torreon-despues-de-un-turno-se-robaron-el-frigobar\/\"]}]},{\"@type\":\"ImageObject\",\"inLanguage\":\"es-AR\",\"@id\":\"https:\/\/ondauno.com.ar\/index.php\/2020\/08\/16\/robo-en-el-torreon-despues-de-un-turno-se-robaron-el-frigobar\/#primaryimage\",\"url\":\"https:\/\/ondauno.com.ar\/wp-content\/uploads\/2020\/08\/robo-en-el-torreon.jpg\",\"contentUrl\":\"https:\/\/ondauno.com.ar\/wp-content\/uploads\/2020\/08\/robo-en-el-torreon.jpg\",\"width\":480,\"height\":216},{\"@type\":\"BreadcrumbList\",\"@id\":\"https:\/\/ondauno.com.ar\/index.php\/2020\/08\/16\/robo-en-el-torreon-despues-de-un-turno-se-robaron-el-frigobar\/#breadcrumb\",\"itemListElement\":[{\"@type\":\"ListItem\",\"position\":1,\"name\":\"Inicio\",\"item\":\"https:\/\/ondauno.com.ar\/\"},{\"@type\":\"ListItem\",\"position\":2,\"name\":\"Robo en &#8220;El Torre\u00f3n&#8221;: despu\u00e9s de un turno se robaron el frigobar\"}]},{\"@type\":\"WebSite\",\"@id\":\"https:\/\/ondauno.com.ar\/#website\",\"url\":\"https:\/\/ondauno.com.ar\/\",\"name\":\"103.9 fm\",\"description\":\"LA PRIMERA RADIO MULTIMEDIA DE TRES ARROYOS\",\"potentialAction\":[{\"@type\":\"SearchAction\",\"target\":{\"@type\":\"EntryPoint\",\"urlTemplate\":\"https:\/\/ondauno.com.ar\/?s={search_term_string}\"},\"query-input\":\"required name=search_term_string\"}],\"inLanguage\":\"es-AR\"},{\"@type\":\"Person\",\"@id\":\"https:\/\/ondauno.com.ar\/#\/schema\/person\/201d1b68e6c75e0fd396fe5f8af5d139\",\"name\":\"fernando garcia\",\"image\":{\"@type\":\"ImageObject\",\"inLanguage\":\"es-AR\",\"@id\":\"https:\/\/ondauno.com.ar\/#\/schema\/person\/image\/\",\"url\":\"https:\/\/secure.gravatar.com\/avatar\/5f7254642ad81272e79a2e69653cfdfc?s=96&d=mm&r=g\",\"contentUrl\":\"https:\/\/secure.gravatar.com\/avatar\/5f7254642ad81272e79a2e69653cfdfc?s=96&d=mm&r=g\",\"caption\":\"fernando garcia\"},\"url\":\"https:\/\/ondauno.com.ar\/index.php\/author\/ondaunoeditor\/\"}]}<\/script>\n<!-- \/ Yoast SEO plugin. -->","yoast_head_json":{"title":"Robo en \"El Torre\u00f3n\": despu\u00e9s de un turno se robaron el frigobar - 103.9 fm","robots":{"index":"index","follow":"follow","max-snippet":"max-snippet:-1","max-image-preview":"max-image-preview:large","max-video-preview":"max-video-preview:-1"},"canonical":"https:\/\/ondauno.com.ar\/index.php\/2020\/08\/16\/robo-en-el-torreon-despues-de-un-turno-se-robaron-el-frigobar\/","og_locale":"es_ES","og_type":"article","og_title":"Robo en \"El Torre\u00f3n\": despu\u00e9s de un turno se robaron el frigobar - 103.9 fm","og_description":"En el d\u00eda de la fecha el personal Estaci\u00f3n de Polic\u00eda Comunal Tres Arroyos 1ra, toma conocimiento ra\u00edz denuncia radicada en esta Dependencia por gerente de local comercial \u201cEl Torre\u00f3n\u201d destinado al rubro hoteler\u00eda, que luego de utilizar una de las habitaciones, cuatro personas sustraen heladera frigo-bar, con la mercader\u00eda y bebidas que pose\u00eda en [&hellip;]","og_url":"https:\/\/ondauno.com.ar\/index.php\/2020\/08\/16\/robo-en-el-torreon-despues-de-un-turno-se-robaron-el-frigobar\/","og_site_name":"103.9 fm","article_publisher":"https:\/\/www.facebook.com\/ondauno103.9","article_published_time":"2020-08-16T21:38:58+00:00","article_modified_time":"2020-08-16T21:39:02+00:00","og_image":[{"width":480,"height":216,"url":"https:\/\/ondauno.com.ar\/wp-content\/uploads\/2020\/08\/robo-en-el-torreon.jpg","type":"image\/jpeg"}],"author":"fernando garcia","twitter_card":"summary_large_image","twitter_misc":{"Escrito por":"fernando garcia","Tiempo de lectura":"1 minuto"},"schema":{"@context":"https:\/\/schema.org","@graph":[{"@type":"WebPage","@id":"https:\/\/ondauno.com.ar\/index.php\/2020\/08\/16\/robo-en-el-torreon-despues-de-un-turno-se-robaron-el-frigobar\/","url":"https:\/\/ondauno.com.ar\/index.php\/2020\/08\/16\/robo-en-el-torreon-despues-de-un-turno-se-robaron-el-frigobar\/","name":"Robo en \"El Torre\u00f3n\": despu\u00e9s de un turno se robaron el frigobar - 103.9 fm","isPartOf":{"@id":"https:\/\/ondauno.com.ar\/#website"},"primaryImageOfPage":{"@id":"https:\/\/ondauno.com.ar\/index.php\/2020\/08\/16\/robo-en-el-torreon-despues-de-un-turno-se-robaron-el-frigobar\/#primaryimage"},"image":{"@id":"https:\/\/ondauno.com.ar\/index.php\/2020\/08\/16\/robo-en-el-torreon-despues-de-un-turno-se-robaron-el-frigobar\/#primaryimage"},"thumbnailUrl":"https:\/\/ondauno.com.ar\/wp-content\/uploads\/2020\/08\/robo-en-el-torreon.jpg","datePublished":"2020-08-16T21:38:58+00:00","dateModified":"2020-08-16T21:39:02+00:00","author":{"@id":"https:\/\/ondauno.com.ar\/#\/schema\/person\/201d1b68e6c75e0fd396fe5f8af5d139"},"breadcrumb":{"@id":"https:\/\/ondauno.com.ar\/index.php\/2020\/08\/16\/robo-en-el-torreon-despues-de-un-turno-se-robaron-el-frigobar\/#breadcrumb"},"inLanguage":"es-AR","potentialAction":[{"@type":"ReadAction","target":["https:\/\/ondauno.com.ar\/index.php\/2020\/08\/16\/robo-en-el-torreon-despues-de-un-turno-se-robaron-el-frigobar\/"]}]},{"@type":"ImageObject","inLanguage":"es-AR","@id":"https:\/\/ondauno.com.ar\/index.php\/2020\/08\/16\/robo-en-el-torreon-despues-de-un-turno-se-robaron-el-frigobar\/#primaryimage","url":"https:\/\/ondauno.com.ar\/wp-content\/uploads\/2020\/08\/robo-en-el-torreon.jpg","contentUrl":"https:\/\/ondauno.com.ar\/wp-content\/uploads\/2020\/08\/robo-en-el-torreon.jpg","width":480,"height":216},{"@type":"BreadcrumbList","@id":"https:\/\/ondauno.com.ar\/index.php\/2020\/08\/16\/robo-en-el-torreon-despues-de-un-turno-se-robaron-el-frigobar\/#breadcrumb","itemListElement":[{"@type":"ListItem","position":1,"name":"Inicio","item":"https:\/\/ondauno.com.ar\/"},{"@type":"ListItem","position":2,"name":"Robo en &#8220;El Torre\u00f3n&#8221;: despu\u00e9s de un turno se robaron el frigobar"}]},{"@type":"WebSite","@id":"https:\/\/ondauno.com.ar\/#website","url":"https:\/\/ondauno.com.ar\/","name":"103.9 fm","description":"LA PRIMERA RADIO MULTIMEDIA DE TRES ARROYOS","potentialAction":[{"@type":"SearchAction","target":{"@type":"EntryPoint","urlTemplate":"https:\/\/ondauno.com.ar\/?s={search_term_string}"},"query-input":"required name=search_term_string"}],"inLanguage":"es-AR"},{"@type":"Person","@id":"https:\/\/ondauno.com.ar\/#\/schema\/person\/201d1b68e6c75e0fd396fe5f8af5d139","name":"fernando garcia","image":{"@type":"ImageObject","inLanguage":"es-AR","@id":"https:\/\/ondauno.com.ar\/#\/schema\/person\/image\/","url":"https:\/\/secure.gravatar.com\/avatar\/5f7254642ad81272e79a2e69653cfdfc?s=96&d=mm&r=g","contentUrl":"https:\/\/secure.gravatar.com\/avatar\/5f7254642ad81272e79a2e69653cfdfc?s=96&d=mm&r=g","caption":"fernando garcia"},"url":"https:\/\/ondauno.com.ar\/index.php\/author\/ondaunoeditor\/"}]}},"jetpack_publicize_connections":[],"jetpack_featured_media_url":"https:\/\/ondauno.com.ar\/wp-content\/uploads\/2020\/08\/robo-en-el-torreon.jpg","jetpack_sharing_enabled":true,"_links":{"self":[{"href":"https:\/\/ondauno.com.ar\/index.php\/wp-json\/wp\/v2\/posts\/14491","targetHints":{"allow":["GET"]}}],"collection":[{"href":"https:\/\/ondauno.com.ar\/index.php\/wp-json\/wp\/v2\/posts"}],"about":[{"href":"https:\/\/ondauno.com.ar\/index.php\/wp-json\/wp\/v2\/types\/post"}],"author":[{"embeddable":true,"href":"https:\/\/ondauno.com.ar\/index.php\/wp-json\/wp\/v2\/users\/2"}],"replies":[{"embeddable":true,"href":"https:\/\/ondauno.com.ar\/index.php\/wp-json\/wp\/v2\/comments?post=14491"}],"version-history":[{"count":0,"href":"https:\/\/ondauno.com.ar\/index.php\/wp-json\/wp\/v2\/posts\/14491\/revisions"}],"wp:featuredmedia":[{"embeddable":true,"href":"https:\/\/ondauno.com.ar\/index.php\/wp-json\/wp\/v2\/media\/14492"}],"wp:attachment":[{"href":"https:\/\/ondauno.com.ar\/index.php\/wp-json\/wp\/v2\/media?parent=14491"}],"wp:term":[{"taxonomy":"category","embeddable":true,"href":"https:\/\/ondauno.com.ar\/index.php\/wp-json\/wp\/v2\/categories?post=14491"},{"taxonomy":"post_tag","embeddable":true,"href":"https:\/\/ondauno.com.ar\/index.php\/wp-json\/wp\/v2\/tags?post=14491"}],"curies":[{"name":"wp","href":"https:\/\/api.w.org\/{rel}","templated":true}]}}