{"id":14442,"date":"2020-08-15T16:05:56","date_gmt":"2020-08-15T19:05:56","guid":{"rendered":"http:\/\/ondauno.com.ar\/?p=14442"},"modified":"2020-08-15T20:20:59","modified_gmt":"2020-08-15T23:20:59","slug":"la-reforma-judicial-es-inoportuna-y-no-aporta-a-recuperar-la-confianza","status":"publish","type":"post","link":"https:\/\/ondauno.com.ar\/index.php\/2020\/08\/15\/la-reforma-judicial-es-inoportuna-y-no-aporta-a-recuperar-la-confianza\/","title":{"rendered":"La reforma judicial es inoportuna  y no aporta a recuperar la confianza"},"content":{"rendered":"<div class=\"ondau-before-content_3\" style=\"margin-top: -30px;\" id=\"ondau-397122794\"><a href=\"https:\/\/www.lps.com.ar\/\" aria-label=\"la-perse2\"><img loading=\"lazy\" decoding=\"async\" src=\"https:\/\/ondauno.com.ar\/wp-content\/uploads\/2021\/10\/la-perse2.jpg\" alt=\"\"  srcset=\"https:\/\/ondauno.com.ar\/wp-content\/uploads\/2021\/10\/la-perse2.jpg 1353w, https:\/\/ondauno.com.ar\/wp-content\/uploads\/2021\/10\/la-perse2-300x43.jpg 300w, https:\/\/ondauno.com.ar\/wp-content\/uploads\/2021\/10\/la-perse2-1024x148.jpg 1024w, https:\/\/ondauno.com.ar\/wp-content\/uploads\/2021\/10\/la-perse2-768x111.jpg 768w, https:\/\/ondauno.com.ar\/wp-content\/uploads\/2021\/10\/la-perse2-696x100.jpg 696w, https:\/\/ondauno.com.ar\/wp-content\/uploads\/2021\/10\/la-perse2-1068x154.jpg 1068w\" sizes=\"(max-width: 1353px) 100vw, 1353px\" class=\"no-lazyload\" width=\"1353\" height=\"195\"  style=\"display: inline-block;\" \/><\/a><\/div>\n<p>La Confederaci\u00f3n de Asociaciones Rurales de Buenos Aires y La Pampa \u2013CARBAP-, ante la propuesta de reforma judicial que impulsa el Poder Ejecutivo Nacional, expresa su oposici\u00f3n a la misma, por el inoportuno momento de tratamiento &nbsp;en virtud de la relevancia de dicha reforma para el futuro funcionamiento de la rep\u00fablica y por el indebido aporte a la confianza que necesita en este momento nuestro pa\u00eds para poder recibir inversiones<br><br>Alarma a la Confederaci\u00f3n la falta de previsi\u00f3n y de racionalidad que muestra la pol\u00edtica, la decadencia moral e intelectual de muchos de sus int\u00e9rpretes que, transmitida al cuerpo social augura solo mayor decadencia, y la falta evidente de factores de equilibrio para pensar en una salida digna, en donde se torna imprescindible reivindicar principios y valores que est\u00e1n sin duda alguna en peligro de extinci\u00f3n.<br><br>La sucesi\u00f3n de diversos gobiernos, de distintos colores pol\u00edticos, que &nbsp;han administrado el Estado con total impericia, lo han convertido en un remedo caricaturesco de lo que debe ser.<br><br>Desviado de su sentido por manipulaciones, saqueado por corrupciones, tergiversado por ambiciones e intereses ileg\u00edtimos, ya no es el representante nato del inter\u00e9s general de la sociedad, sino un ente paralelo a ella, separado por una profunda grieta de la realidad de los ciudadanos.<br><br>El ego\u00edsmo corporativo de la pol\u00edtica, lejos de ser el respaldo del bienestar y el desarrollo, se ha convertido en el peor de sus escollos. Basta con constatar que no es verdad que la Naci\u00f3n Argentina haya quebrado econ\u00f3micamente varias veces: siempre, a\u00fan en las peores crisis, ha sido capaz de producir m\u00e1s bienes y servicios de los necesarios para la subsistencia de toda ella; los productores damos fe y somos prueba de ello. El que quebr\u00f3 financieramente fue el Estado, por sucesivas administraciones disparatadas, derramando &nbsp;sobre la ciudadan\u00eda sus fracasos.<br><br>La incertidumbre sobre el futuro institucional, que demuestran las permanentes violaciones al sistema republicano provocadas por decisiones, gestos y opiniones desde los m\u00e1s altos rangos gubernamentales es preocupante.<br><br>Desde CARBAP entendemos que no es verdad que nuestra Constituci\u00f3n Nacional est\u00e9 obsoleta para regir las nuevas necesidades aparecidas desde su creaci\u00f3n. Solo una opini\u00f3n intencionada puede sostener tal falacia. Por el contrario, est\u00e1 viva en su esp\u00edritu, principios y valores que la inspiraron en su origen, y su texto un\u00edvoco est\u00e1 plenamente &nbsp;vigente, pese a los enormes esfuerzos de algunos en degradarlo y desestabilizarlo con falsas interpretaciones, pecado en el cual ha colaborado la decadencia de la calidad de la Administraci\u00f3n de Justicia.<br><br>Damos fe desde nuestras comunidades rurales, que en ella encontramos el respaldo para el desarrollo de nuestras vidas y actividades, pese al cada vez m\u00e1s frecuente desamparo de nuestros derechos ante el poder p\u00fablico, que no solo desatiende su obligaci\u00f3n de garantizarlos, sino que los atropella cada vez que le conviene a sus intereses o ambiciones,<br><br>Ante tal panorama es que CARBAP DECLARA su f\u00e9rrea decisi\u00f3n de defenderla, en beneficio de todos; su voluntad de exigir con firmeza una profunda recomposici\u00f3n de las conductas p\u00fablicas que nos asegure un Poder Ejecutivo respetuoso de la divisi\u00f3n republicana de poderes; un Poder Legislativo &nbsp;compuesto por ciudadanos que ganen, cada uno, su representaci\u00f3n, sin depender del partido ni mucho menos de un jefe pol\u00edtico que lo instale en una banca, y que tenga como l\u00edmites el mandato de sus electores y su propia conciencia; un Poder Judicial con jueces de carrera con ascenso por m\u00e9rito, independientes, objetivos y probos.<br><br>Como ciudadanos y productores agropecuarios aspiramos pues nada m\u00e1s y nada menos, que a recomponer nuestras actuales instituciones, restablecer el estado de derecho destruido por el reiterado ejercicio espurio de las funciones p\u00fablicas, revirtiendo la persistente tendencia a imponer en vez de proponer, de presentar hechos consumados en vez de consultar y dialogar, de vivir haciendo excepciones prebendarias, de declarar emergencias ante crisis que se provocan en y desde el propio Estado, y usarlas para la arbitrariedad y las tendencias totalitarias.<br><br>CARBAP entiende que, hoy m\u00e1s que nunca, es necesario dar se\u00f1ales que generen confianza para las inversiones de corto y largo plazo, en donde decisiones como la del avance sobre la propiedad privada \u2013decisi\u00f3n de expropiaci\u00f3n de Vicentin- o de generar mayor inseguridad jur\u00eddica \u2013reforma judicial- no aportan en ese sentido.<br><strong><br><\/strong>Cabe se\u00f1alar que&nbsp;en relaci\u00f3n al pr\u00f3ximo 17 de Agosto no se invita desde CARBAP, ni desde la Sociedad Rural&nbsp; a concurrir en forma institucional a manifestaciones dejando en libertad de acci\u00f3n a quien quiera concurrir.<br><br><br>HORACIO MAZZOLA<\/p>\n","protected":false},"excerpt":{"rendered":"<p>La Confederaci\u00f3n de Asociaciones Rurales de Buenos Aires y La Pampa \u2013CARBAP-, ante la propuesta de reforma judicial que impulsa el Poder Ejecutivo Nacional, expresa su oposici\u00f3n a la misma, por el inoportuno momento de tratamiento &nbsp;en virtud de la relevancia de dicha reforma para el futuro funcionamiento de la rep\u00fablica y por el indebido [&hellip;]<\/p>\n","protected":false},"author":2,"featured_media":14468,"comment_status":"open","ping_status":"open","sticky":false,"template":"","format":"standard","meta":{"tdm_status":"","tdm_grid_status":"","_jetpack_memberships_contains_paid_content":false,"footnotes":"","jetpack_publicize_message":"","jetpack_publicize_feature_enabled":true,"jetpack_social_post_already_shared":false,"jetpack_social_options":{"image_generator_settings":{"template":"highway","default_image_id":0,"font":"","enabled":false},"version":2}},"categories":[3],"tags":[],"class_list":{"0":"post-14442","1":"post","2":"type-post","3":"status-publish","4":"format-standard","5":"has-post-thumbnail","7":"category-nacionales"},"yoast_head":"<!-- This site is optimized with the Yoast SEO plugin v22.7 - https:\/\/yoast.com\/wordpress\/plugins\/seo\/ -->\n<title>La reforma judicial es inoportuna y no aporta a recuperar la confianza - 103.9 fm<\/title>\n<meta name=\"robots\" content=\"index, follow, max-snippet:-1, max-image-preview:large, max-video-preview:-1\" \/>\n<link rel=\"canonical\" href=\"https:\/\/ondauno.com.ar\/index.php\/2020\/08\/15\/la-reforma-judicial-es-inoportuna-y-no-aporta-a-recuperar-la-confianza\/\" \/>\n<meta property=\"og:locale\" content=\"es_ES\" \/>\n<meta property=\"og:type\" content=\"article\" \/>\n<meta property=\"og:title\" content=\"La reforma judicial es inoportuna y no aporta a recuperar la confianza - 103.9 fm\" \/>\n<meta property=\"og:description\" content=\"La Confederaci\u00f3n de Asociaciones Rurales de Buenos Aires y La Pampa \u2013CARBAP-, ante la propuesta de reforma judicial que impulsa el Poder Ejecutivo Nacional, expresa su oposici\u00f3n a la misma, por el inoportuno momento de tratamiento &nbsp;en virtud de la relevancia de dicha reforma para el futuro funcionamiento de la rep\u00fablica y por el indebido [&hellip;]\" \/>\n<meta property=\"og:url\" content=\"https:\/\/ondauno.com.ar\/index.php\/2020\/08\/15\/la-reforma-judicial-es-inoportuna-y-no-aporta-a-recuperar-la-confianza\/\" \/>\n<meta property=\"og:site_name\" content=\"103.9 fm\" \/>\n<meta property=\"article:publisher\" content=\"https:\/\/www.facebook.com\/ondauno103.9\" \/>\n<meta property=\"article:published_time\" content=\"2020-08-15T19:05:56+00:00\" \/>\n<meta property=\"article:modified_time\" content=\"2020-08-15T23:20:59+00:00\" \/>\n<meta property=\"og:image\" content=\"https:\/\/ondauno.com.ar\/wp-content\/uploads\/2020\/08\/descarga-1.jpg\" \/>\n\t<meta property=\"og:image:width\" content=\"225\" \/>\n\t<meta property=\"og:image:height\" content=\"225\" \/>\n\t<meta property=\"og:image:type\" content=\"image\/jpeg\" \/>\n<meta name=\"author\" content=\"fernando garcia\" \/>\n<meta name=\"twitter:card\" content=\"summary_large_image\" \/>\n<meta name=\"twitter:label1\" content=\"Escrito por\" \/>\n\t<meta name=\"twitter:data1\" content=\"fernando garcia\" \/>\n\t<meta name=\"twitter:label2\" content=\"Tiempo de lectura\" \/>\n\t<meta name=\"twitter:data2\" content=\"4 minutos\" \/>\n<script type=\"application\/ld+json\" class=\"yoast-schema-graph\">{\"@context\":\"https:\/\/schema.org\",\"@graph\":[{\"@type\":\"WebPage\",\"@id\":\"https:\/\/ondauno.com.ar\/index.php\/2020\/08\/15\/la-reforma-judicial-es-inoportuna-y-no-aporta-a-recuperar-la-confianza\/\",\"url\":\"https:\/\/ondauno.com.ar\/index.php\/2020\/08\/15\/la-reforma-judicial-es-inoportuna-y-no-aporta-a-recuperar-la-confianza\/\",\"name\":\"La reforma judicial es inoportuna y no aporta a recuperar la confianza - 103.9 fm\",\"isPartOf\":{\"@id\":\"https:\/\/ondauno.com.ar\/#website\"},\"primaryImageOfPage\":{\"@id\":\"https:\/\/ondauno.com.ar\/index.php\/2020\/08\/15\/la-reforma-judicial-es-inoportuna-y-no-aporta-a-recuperar-la-confianza\/#primaryimage\"},\"image\":{\"@id\":\"https:\/\/ondauno.com.ar\/index.php\/2020\/08\/15\/la-reforma-judicial-es-inoportuna-y-no-aporta-a-recuperar-la-confianza\/#primaryimage\"},\"thumbnailUrl\":\"https:\/\/ondauno.com.ar\/wp-content\/uploads\/2020\/08\/descarga-1.jpg\",\"datePublished\":\"2020-08-15T19:05:56+00:00\",\"dateModified\":\"2020-08-15T23:20:59+00:00\",\"author\":{\"@id\":\"https:\/\/ondauno.com.ar\/#\/schema\/person\/201d1b68e6c75e0fd396fe5f8af5d139\"},\"breadcrumb\":{\"@id\":\"https:\/\/ondauno.com.ar\/index.php\/2020\/08\/15\/la-reforma-judicial-es-inoportuna-y-no-aporta-a-recuperar-la-confianza\/#breadcrumb\"},\"inLanguage\":\"es-AR\",\"potentialAction\":[{\"@type\":\"ReadAction\",\"target\":[\"https:\/\/ondauno.com.ar\/index.php\/2020\/08\/15\/la-reforma-judicial-es-inoportuna-y-no-aporta-a-recuperar-la-confianza\/\"]}]},{\"@type\":\"ImageObject\",\"inLanguage\":\"es-AR\",\"@id\":\"https:\/\/ondauno.com.ar\/index.php\/2020\/08\/15\/la-reforma-judicial-es-inoportuna-y-no-aporta-a-recuperar-la-confianza\/#primaryimage\",\"url\":\"https:\/\/ondauno.com.ar\/wp-content\/uploads\/2020\/08\/descarga-1.jpg\",\"contentUrl\":\"https:\/\/ondauno.com.ar\/wp-content\/uploads\/2020\/08\/descarga-1.jpg\",\"width\":225,\"height\":225},{\"@type\":\"BreadcrumbList\",\"@id\":\"https:\/\/ondauno.com.ar\/index.php\/2020\/08\/15\/la-reforma-judicial-es-inoportuna-y-no-aporta-a-recuperar-la-confianza\/#breadcrumb\",\"itemListElement\":[{\"@type\":\"ListItem\",\"position\":1,\"name\":\"Inicio\",\"item\":\"https:\/\/ondauno.com.ar\/\"},{\"@type\":\"ListItem\",\"position\":2,\"name\":\"La reforma judicial es inoportuna y no aporta a recuperar la confianza\"}]},{\"@type\":\"WebSite\",\"@id\":\"https:\/\/ondauno.com.ar\/#website\",\"url\":\"https:\/\/ondauno.com.ar\/\",\"name\":\"103.9 fm\",\"description\":\"LA PRIMERA RADIO MULTIMEDIA DE TRES ARROYOS\",\"potentialAction\":[{\"@type\":\"SearchAction\",\"target\":{\"@type\":\"EntryPoint\",\"urlTemplate\":\"https:\/\/ondauno.com.ar\/?s={search_term_string}\"},\"query-input\":\"required name=search_term_string\"}],\"inLanguage\":\"es-AR\"},{\"@type\":\"Person\",\"@id\":\"https:\/\/ondauno.com.ar\/#\/schema\/person\/201d1b68e6c75e0fd396fe5f8af5d139\",\"name\":\"fernando garcia\",\"image\":{\"@type\":\"ImageObject\",\"inLanguage\":\"es-AR\",\"@id\":\"https:\/\/ondauno.com.ar\/#\/schema\/person\/image\/\",\"url\":\"https:\/\/secure.gravatar.com\/avatar\/5f7254642ad81272e79a2e69653cfdfc?s=96&d=mm&r=g\",\"contentUrl\":\"https:\/\/secure.gravatar.com\/avatar\/5f7254642ad81272e79a2e69653cfdfc?s=96&d=mm&r=g\",\"caption\":\"fernando garcia\"},\"url\":\"https:\/\/ondauno.com.ar\/index.php\/author\/ondaunoeditor\/\"}]}<\/script>\n<!-- \/ Yoast SEO plugin. -->","yoast_head_json":{"title":"La reforma judicial es inoportuna y no aporta a recuperar la confianza - 103.9 fm","robots":{"index":"index","follow":"follow","max-snippet":"max-snippet:-1","max-image-preview":"max-image-preview:large","max-video-preview":"max-video-preview:-1"},"canonical":"https:\/\/ondauno.com.ar\/index.php\/2020\/08\/15\/la-reforma-judicial-es-inoportuna-y-no-aporta-a-recuperar-la-confianza\/","og_locale":"es_ES","og_type":"article","og_title":"La reforma judicial es inoportuna y no aporta a recuperar la confianza - 103.9 fm","og_description":"La Confederaci\u00f3n de Asociaciones Rurales de Buenos Aires y La Pampa \u2013CARBAP-, ante la propuesta de reforma judicial que impulsa el Poder Ejecutivo Nacional, expresa su oposici\u00f3n a la misma, por el inoportuno momento de tratamiento &nbsp;en virtud de la relevancia de dicha reforma para el futuro funcionamiento de la rep\u00fablica y por el indebido [&hellip;]","og_url":"https:\/\/ondauno.com.ar\/index.php\/2020\/08\/15\/la-reforma-judicial-es-inoportuna-y-no-aporta-a-recuperar-la-confianza\/","og_site_name":"103.9 fm","article_publisher":"https:\/\/www.facebook.com\/ondauno103.9","article_published_time":"2020-08-15T19:05:56+00:00","article_modified_time":"2020-08-15T23:20:59+00:00","og_image":[{"width":225,"height":225,"url":"https:\/\/ondauno.com.ar\/wp-content\/uploads\/2020\/08\/descarga-1.jpg","type":"image\/jpeg"}],"author":"fernando garcia","twitter_card":"summary_large_image","twitter_misc":{"Escrito por":"fernando garcia","Tiempo de lectura":"4 minutos"},"schema":{"@context":"https:\/\/schema.org","@graph":[{"@type":"WebPage","@id":"https:\/\/ondauno.com.ar\/index.php\/2020\/08\/15\/la-reforma-judicial-es-inoportuna-y-no-aporta-a-recuperar-la-confianza\/","url":"https:\/\/ondauno.com.ar\/index.php\/2020\/08\/15\/la-reforma-judicial-es-inoportuna-y-no-aporta-a-recuperar-la-confianza\/","name":"La reforma judicial es inoportuna y no aporta a recuperar la confianza - 103.9 fm","isPartOf":{"@id":"https:\/\/ondauno.com.ar\/#website"},"primaryImageOfPage":{"@id":"https:\/\/ondauno.com.ar\/index.php\/2020\/08\/15\/la-reforma-judicial-es-inoportuna-y-no-aporta-a-recuperar-la-confianza\/#primaryimage"},"image":{"@id":"https:\/\/ondauno.com.ar\/index.php\/2020\/08\/15\/la-reforma-judicial-es-inoportuna-y-no-aporta-a-recuperar-la-confianza\/#primaryimage"},"thumbnailUrl":"https:\/\/ondauno.com.ar\/wp-content\/uploads\/2020\/08\/descarga-1.jpg","datePublished":"2020-08-15T19:05:56+00:00","dateModified":"2020-08-15T23:20:59+00:00","author":{"@id":"https:\/\/ondauno.com.ar\/#\/schema\/person\/201d1b68e6c75e0fd396fe5f8af5d139"},"breadcrumb":{"@id":"https:\/\/ondauno.com.ar\/index.php\/2020\/08\/15\/la-reforma-judicial-es-inoportuna-y-no-aporta-a-recuperar-la-confianza\/#breadcrumb"},"inLanguage":"es-AR","potentialAction":[{"@type":"ReadAction","target":["https:\/\/ondauno.com.ar\/index.php\/2020\/08\/15\/la-reforma-judicial-es-inoportuna-y-no-aporta-a-recuperar-la-confianza\/"]}]},{"@type":"ImageObject","inLanguage":"es-AR","@id":"https:\/\/ondauno.com.ar\/index.php\/2020\/08\/15\/la-reforma-judicial-es-inoportuna-y-no-aporta-a-recuperar-la-confianza\/#primaryimage","url":"https:\/\/ondauno.com.ar\/wp-content\/uploads\/2020\/08\/descarga-1.jpg","contentUrl":"https:\/\/ondauno.com.ar\/wp-content\/uploads\/2020\/08\/descarga-1.jpg","width":225,"height":225},{"@type":"BreadcrumbList","@id":"https:\/\/ondauno.com.ar\/index.php\/2020\/08\/15\/la-reforma-judicial-es-inoportuna-y-no-aporta-a-recuperar-la-confianza\/#breadcrumb","itemListElement":[{"@type":"ListItem","position":1,"name":"Inicio","item":"https:\/\/ondauno.com.ar\/"},{"@type":"ListItem","position":2,"name":"La reforma judicial es inoportuna y no aporta a recuperar la confianza"}]},{"@type":"WebSite","@id":"https:\/\/ondauno.com.ar\/#website","url":"https:\/\/ondauno.com.ar\/","name":"103.9 fm","description":"LA PRIMERA RADIO MULTIMEDIA DE TRES ARROYOS","potentialAction":[{"@type":"SearchAction","target":{"@type":"EntryPoint","urlTemplate":"https:\/\/ondauno.com.ar\/?s={search_term_string}"},"query-input":"required name=search_term_string"}],"inLanguage":"es-AR"},{"@type":"Person","@id":"https:\/\/ondauno.com.ar\/#\/schema\/person\/201d1b68e6c75e0fd396fe5f8af5d139","name":"fernando garcia","image":{"@type":"ImageObject","inLanguage":"es-AR","@id":"https:\/\/ondauno.com.ar\/#\/schema\/person\/image\/","url":"https:\/\/secure.gravatar.com\/avatar\/5f7254642ad81272e79a2e69653cfdfc?s=96&d=mm&r=g","contentUrl":"https:\/\/secure.gravatar.com\/avatar\/5f7254642ad81272e79a2e69653cfdfc?s=96&d=mm&r=g","caption":"fernando garcia"},"url":"https:\/\/ondauno.com.ar\/index.php\/author\/ondaunoeditor\/"}]}},"jetpack_publicize_connections":[],"jetpack_featured_media_url":"https:\/\/ondauno.com.ar\/wp-content\/uploads\/2020\/08\/descarga-1.jpg","jetpack_sharing_enabled":true,"_links":{"self":[{"href":"https:\/\/ondauno.com.ar\/index.php\/wp-json\/wp\/v2\/posts\/14442","targetHints":{"allow":["GET"]}}],"collection":[{"href":"https:\/\/ondauno.com.ar\/index.php\/wp-json\/wp\/v2\/posts"}],"about":[{"href":"https:\/\/ondauno.com.ar\/index.php\/wp-json\/wp\/v2\/types\/post"}],"author":[{"embeddable":true,"href":"https:\/\/ondauno.com.ar\/index.php\/wp-json\/wp\/v2\/users\/2"}],"replies":[{"embeddable":true,"href":"https:\/\/ondauno.com.ar\/index.php\/wp-json\/wp\/v2\/comments?post=14442"}],"version-history":[{"count":0,"href":"https:\/\/ondauno.com.ar\/index.php\/wp-json\/wp\/v2\/posts\/14442\/revisions"}],"wp:featuredmedia":[{"embeddable":true,"href":"https:\/\/ondauno.com.ar\/index.php\/wp-json\/wp\/v2\/media\/14468"}],"wp:attachment":[{"href":"https:\/\/ondauno.com.ar\/index.php\/wp-json\/wp\/v2\/media?parent=14442"}],"wp:term":[{"taxonomy":"category","embeddable":true,"href":"https:\/\/ondauno.com.ar\/index.php\/wp-json\/wp\/v2\/categories?post=14442"},{"taxonomy":"post_tag","embeddable":true,"href":"https:\/\/ondauno.com.ar\/index.php\/wp-json\/wp\/v2\/tags?post=14442"}],"curies":[{"name":"wp","href":"https:\/\/api.w.org\/{rel}","templated":true}]}}