{"id":14438,"date":"2020-08-15T14:42:22","date_gmt":"2020-08-15T17:42:22","guid":{"rendered":"http:\/\/ondauno.com.ar\/?p=14438"},"modified":"2020-08-15T14:42:26","modified_gmt":"2020-08-15T17:42:26","slug":"incendio-en-una-chimenea","status":"publish","type":"post","link":"https:\/\/ondauno.com.ar\/index.php\/2020\/08\/15\/incendio-en-una-chimenea\/","title":{"rendered":"Incendio en una chimenea"},"content":{"rendered":"<div class=\"ondau-before-content_3\" style=\"margin-top: -30px;\" id=\"ondau-1758619477\"><a href=\"https:\/\/www.lps.com.ar\/\" aria-label=\"la-perse2\"><img loading=\"lazy\" decoding=\"async\" src=\"https:\/\/ondauno.com.ar\/wp-content\/uploads\/2021\/10\/la-perse2.jpg\" alt=\"\"  srcset=\"https:\/\/ondauno.com.ar\/wp-content\/uploads\/2021\/10\/la-perse2.jpg 1353w, https:\/\/ondauno.com.ar\/wp-content\/uploads\/2021\/10\/la-perse2-300x43.jpg 300w, https:\/\/ondauno.com.ar\/wp-content\/uploads\/2021\/10\/la-perse2-1024x148.jpg 1024w, https:\/\/ondauno.com.ar\/wp-content\/uploads\/2021\/10\/la-perse2-768x111.jpg 768w, https:\/\/ondauno.com.ar\/wp-content\/uploads\/2021\/10\/la-perse2-696x100.jpg 696w, https:\/\/ondauno.com.ar\/wp-content\/uploads\/2021\/10\/la-perse2-1068x154.jpg 1068w\" sizes=\"(max-width: 1353px) 100vw, 1353px\" class=\"no-lazyload\" width=\"1353\" height=\"195\"  style=\"display: inline-block;\" \/><\/a><\/div>\n<p>Hoy a las 13 hs aproximadamente, en un domicilio ubicado en calle\nRocha 675 propiedad de Jorge Rampoldi, se produjo un principio de incendio en\nla chimenea del mismo. <\/p>\n\n\n\n<p>Concurri\u00f3 al lugar una dotaci\u00f3n de bomberos a cargo de\nAlejandro Conde, con el r\u00e1pido accionar de los servidores p\u00fablicos, no llego a\nmayores y no hubo que lamentar perdidas.<\/p>\n\n\n\n<p>Tambi\u00e9n concurri\u00f3 al lugar una patrulla de la polic\u00eda comunal\ny un m\u00f3vil de la empresa Securitas por la activaci\u00f3n del sensor de humo<\/p>\n\n\n\n<ul class=\"wp-block-gallery columns-2 is-cropped wp-block-gallery-1 is-layout-flex wp-block-gallery-is-layout-flex\"><li class=\"blocks-gallery-item\"><figure><img decoding=\"async\" data-src=\"http:\/\/ondauno.com.ar\/wp-content\/uploads\/2020\/08\/WhatsApp-Image-2020-08-15-at-14.26.57-1024x768.jpeg\" alt=\"\" data-id=\"14439\" data-link=\"http:\/\/ondauno.com.ar\/whatsapp-image-2020-08-15-at-14-26-57\/\" class=\"wp-image-14439 lazyload\" src=\"data:image\/gif;base64,R0lGODlhAQABAAAAACH5BAEKAAEALAAAAAABAAEAAAICTAEAOw==\" style=\"--smush-placeholder-width: 1024px; --smush-placeholder-aspect-ratio: 1024\/768;\" \/><noscript><img decoding=\"async\" src=\"http:\/\/ondauno.com.ar\/wp-content\/uploads\/2020\/08\/WhatsApp-Image-2020-08-15-at-14.26.57-1024x768.jpeg\" alt=\"\" data-id=\"14439\" data-link=\"http:\/\/ondauno.com.ar\/whatsapp-image-2020-08-15-at-14-26-57\/\" class=\"wp-image-14439\"\/><\/noscript><\/figure><\/li><li class=\"blocks-gallery-item\"><figure><img decoding=\"async\" data-src=\"http:\/\/ondauno.com.ar\/wp-content\/uploads\/2020\/08\/WhatsApp-Image-2020-08-15-at-14.26.57-1-1024x768.jpeg\" alt=\"\" data-id=\"14437\" data-link=\"http:\/\/ondauno.com.ar\/whatsapp-image-2020-08-15-at-14-26-57-1\/\" class=\"wp-image-14437 lazyload\" src=\"data:image\/gif;base64,R0lGODlhAQABAAAAACH5BAEKAAEALAAAAAABAAEAAAICTAEAOw==\" style=\"--smush-placeholder-width: 1024px; --smush-placeholder-aspect-ratio: 1024\/768;\" \/><noscript><img decoding=\"async\" src=\"http:\/\/ondauno.com.ar\/wp-content\/uploads\/2020\/08\/WhatsApp-Image-2020-08-15-at-14.26.57-1-1024x768.jpeg\" alt=\"\" data-id=\"14437\" data-link=\"http:\/\/ondauno.com.ar\/whatsapp-image-2020-08-15-at-14-26-57-1\/\" class=\"wp-image-14437\"\/><\/noscript><\/figure><\/li><\/ul>\n","protected":false},"excerpt":{"rendered":"<p>Hoy a las 13 hs aproximadamente, en un domicilio ubicado en calle Rocha 675 propiedad de Jorge Rampoldi, se produjo un principio de incendio en la chimenea del mismo. Concurri\u00f3 al lugar una dotaci\u00f3n de bomberos a cargo de Alejandro Conde, con el r\u00e1pido accionar de los servidores p\u00fablicos, no llego a mayores y no [&hellip;]<\/p>\n","protected":false},"author":2,"featured_media":14440,"comment_status":"open","ping_status":"open","sticky":false,"template":"","format":"standard","meta":{"tdm_status":"","tdm_grid_status":"","_jetpack_memberships_contains_paid_content":false,"footnotes":"","jetpack_publicize_message":"","jetpack_publicize_feature_enabled":true,"jetpack_social_post_already_shared":false,"jetpack_social_options":{"image_generator_settings":{"template":"highway","default_image_id":0,"font":"","enabled":false},"version":2}},"categories":[29],"tags":[],"class_list":{"0":"post-14438","1":"post","2":"type-post","3":"status-publish","4":"format-standard","5":"has-post-thumbnail","7":"category-policiales"},"yoast_head":"<!-- This site is optimized with the Yoast SEO plugin v22.7 - https:\/\/yoast.com\/wordpress\/plugins\/seo\/ -->\n<title>Incendio en una chimenea - 103.9 fm<\/title>\n<meta name=\"robots\" content=\"index, follow, max-snippet:-1, max-image-preview:large, max-video-preview:-1\" \/>\n<link rel=\"canonical\" href=\"https:\/\/ondauno.com.ar\/index.php\/2020\/08\/15\/incendio-en-una-chimenea\/\" \/>\n<meta property=\"og:locale\" content=\"es_ES\" \/>\n<meta property=\"og:type\" content=\"article\" \/>\n<meta property=\"og:title\" content=\"Incendio en una chimenea - 103.9 fm\" \/>\n<meta property=\"og:description\" content=\"Hoy a las 13 hs aproximadamente, en un domicilio ubicado en calle Rocha 675 propiedad de Jorge Rampoldi, se produjo un principio de incendio en la chimenea del mismo. Concurri\u00f3 al lugar una dotaci\u00f3n de bomberos a cargo de Alejandro Conde, con el r\u00e1pido accionar de los servidores p\u00fablicos, no llego a mayores y no [&hellip;]\" \/>\n<meta property=\"og:url\" content=\"https:\/\/ondauno.com.ar\/index.php\/2020\/08\/15\/incendio-en-una-chimenea\/\" \/>\n<meta property=\"og:site_name\" content=\"103.9 fm\" \/>\n<meta property=\"article:publisher\" content=\"https:\/\/www.facebook.com\/ondauno103.9\" \/>\n<meta property=\"article:published_time\" content=\"2020-08-15T17:42:22+00:00\" \/>\n<meta property=\"article:modified_time\" content=\"2020-08-15T17:42:26+00:00\" \/>\n<meta property=\"og:image\" content=\"https:\/\/ondauno.com.ar\/wp-content\/uploads\/2020\/08\/WhatsApp-Image-2020-08-15-at-14.26.57-2.jpeg\" \/>\n\t<meta property=\"og:image:width\" content=\"1040\" \/>\n\t<meta property=\"og:image:height\" content=\"780\" \/>\n\t<meta property=\"og:image:type\" content=\"image\/jpeg\" \/>\n<meta name=\"author\" content=\"fernando garcia\" \/>\n<meta name=\"twitter:card\" content=\"summary_large_image\" \/>\n<meta name=\"twitter:label1\" content=\"Escrito por\" \/>\n\t<meta name=\"twitter:data1\" content=\"fernando garcia\" \/>\n<script type=\"application\/ld+json\" class=\"yoast-schema-graph\">{\"@context\":\"https:\/\/schema.org\",\"@graph\":[{\"@type\":\"WebPage\",\"@id\":\"https:\/\/ondauno.com.ar\/index.php\/2020\/08\/15\/incendio-en-una-chimenea\/\",\"url\":\"https:\/\/ondauno.com.ar\/index.php\/2020\/08\/15\/incendio-en-una-chimenea\/\",\"name\":\"Incendio en una chimenea - 103.9 fm\",\"isPartOf\":{\"@id\":\"https:\/\/ondauno.com.ar\/#website\"},\"primaryImageOfPage\":{\"@id\":\"https:\/\/ondauno.com.ar\/index.php\/2020\/08\/15\/incendio-en-una-chimenea\/#primaryimage\"},\"image\":{\"@id\":\"https:\/\/ondauno.com.ar\/index.php\/2020\/08\/15\/incendio-en-una-chimenea\/#primaryimage\"},\"thumbnailUrl\":\"https:\/\/ondauno.com.ar\/wp-content\/uploads\/2020\/08\/WhatsApp-Image-2020-08-15-at-14.26.57-2.jpeg\",\"datePublished\":\"2020-08-15T17:42:22+00:00\",\"dateModified\":\"2020-08-15T17:42:26+00:00\",\"author\":{\"@id\":\"https:\/\/ondauno.com.ar\/#\/schema\/person\/201d1b68e6c75e0fd396fe5f8af5d139\"},\"breadcrumb\":{\"@id\":\"https:\/\/ondauno.com.ar\/index.php\/2020\/08\/15\/incendio-en-una-chimenea\/#breadcrumb\"},\"inLanguage\":\"es-AR\",\"potentialAction\":[{\"@type\":\"ReadAction\",\"target\":[\"https:\/\/ondauno.com.ar\/index.php\/2020\/08\/15\/incendio-en-una-chimenea\/\"]}]},{\"@type\":\"ImageObject\",\"inLanguage\":\"es-AR\",\"@id\":\"https:\/\/ondauno.com.ar\/index.php\/2020\/08\/15\/incendio-en-una-chimenea\/#primaryimage\",\"url\":\"https:\/\/ondauno.com.ar\/wp-content\/uploads\/2020\/08\/WhatsApp-Image-2020-08-15-at-14.26.57-2.jpeg\",\"contentUrl\":\"https:\/\/ondauno.com.ar\/wp-content\/uploads\/2020\/08\/WhatsApp-Image-2020-08-15-at-14.26.57-2.jpeg\",\"width\":1040,\"height\":780},{\"@type\":\"BreadcrumbList\",\"@id\":\"https:\/\/ondauno.com.ar\/index.php\/2020\/08\/15\/incendio-en-una-chimenea\/#breadcrumb\",\"itemListElement\":[{\"@type\":\"ListItem\",\"position\":1,\"name\":\"Inicio\",\"item\":\"https:\/\/ondauno.com.ar\/\"},{\"@type\":\"ListItem\",\"position\":2,\"name\":\"Incendio en una chimenea\"}]},{\"@type\":\"WebSite\",\"@id\":\"https:\/\/ondauno.com.ar\/#website\",\"url\":\"https:\/\/ondauno.com.ar\/\",\"name\":\"103.9 fm\",\"description\":\"LA PRIMERA RADIO MULTIMEDIA DE TRES ARROYOS\",\"potentialAction\":[{\"@type\":\"SearchAction\",\"target\":{\"@type\":\"EntryPoint\",\"urlTemplate\":\"https:\/\/ondauno.com.ar\/?s={search_term_string}\"},\"query-input\":\"required name=search_term_string\"}],\"inLanguage\":\"es-AR\"},{\"@type\":\"Person\",\"@id\":\"https:\/\/ondauno.com.ar\/#\/schema\/person\/201d1b68e6c75e0fd396fe5f8af5d139\",\"name\":\"fernando garcia\",\"image\":{\"@type\":\"ImageObject\",\"inLanguage\":\"es-AR\",\"@id\":\"https:\/\/ondauno.com.ar\/#\/schema\/person\/image\/\",\"url\":\"https:\/\/secure.gravatar.com\/avatar\/5f7254642ad81272e79a2e69653cfdfc?s=96&d=mm&r=g\",\"contentUrl\":\"https:\/\/secure.gravatar.com\/avatar\/5f7254642ad81272e79a2e69653cfdfc?s=96&d=mm&r=g\",\"caption\":\"fernando garcia\"},\"url\":\"https:\/\/ondauno.com.ar\/index.php\/author\/ondaunoeditor\/\"}]}<\/script>\n<!-- \/ Yoast SEO plugin. -->","yoast_head_json":{"title":"Incendio en una chimenea - 103.9 fm","robots":{"index":"index","follow":"follow","max-snippet":"max-snippet:-1","max-image-preview":"max-image-preview:large","max-video-preview":"max-video-preview:-1"},"canonical":"https:\/\/ondauno.com.ar\/index.php\/2020\/08\/15\/incendio-en-una-chimenea\/","og_locale":"es_ES","og_type":"article","og_title":"Incendio en una chimenea - 103.9 fm","og_description":"Hoy a las 13 hs aproximadamente, en un domicilio ubicado en calle Rocha 675 propiedad de Jorge Rampoldi, se produjo un principio de incendio en la chimenea del mismo. Concurri\u00f3 al lugar una dotaci\u00f3n de bomberos a cargo de Alejandro Conde, con el r\u00e1pido accionar de los servidores p\u00fablicos, no llego a mayores y no [&hellip;]","og_url":"https:\/\/ondauno.com.ar\/index.php\/2020\/08\/15\/incendio-en-una-chimenea\/","og_site_name":"103.9 fm","article_publisher":"https:\/\/www.facebook.com\/ondauno103.9","article_published_time":"2020-08-15T17:42:22+00:00","article_modified_time":"2020-08-15T17:42:26+00:00","og_image":[{"width":1040,"height":780,"url":"https:\/\/ondauno.com.ar\/wp-content\/uploads\/2020\/08\/WhatsApp-Image-2020-08-15-at-14.26.57-2.jpeg","type":"image\/jpeg"}],"author":"fernando garcia","twitter_card":"summary_large_image","twitter_misc":{"Escrito por":"fernando garcia"},"schema":{"@context":"https:\/\/schema.org","@graph":[{"@type":"WebPage","@id":"https:\/\/ondauno.com.ar\/index.php\/2020\/08\/15\/incendio-en-una-chimenea\/","url":"https:\/\/ondauno.com.ar\/index.php\/2020\/08\/15\/incendio-en-una-chimenea\/","name":"Incendio en una chimenea - 103.9 fm","isPartOf":{"@id":"https:\/\/ondauno.com.ar\/#website"},"primaryImageOfPage":{"@id":"https:\/\/ondauno.com.ar\/index.php\/2020\/08\/15\/incendio-en-una-chimenea\/#primaryimage"},"image":{"@id":"https:\/\/ondauno.com.ar\/index.php\/2020\/08\/15\/incendio-en-una-chimenea\/#primaryimage"},"thumbnailUrl":"https:\/\/ondauno.com.ar\/wp-content\/uploads\/2020\/08\/WhatsApp-Image-2020-08-15-at-14.26.57-2.jpeg","datePublished":"2020-08-15T17:42:22+00:00","dateModified":"2020-08-15T17:42:26+00:00","author":{"@id":"https:\/\/ondauno.com.ar\/#\/schema\/person\/201d1b68e6c75e0fd396fe5f8af5d139"},"breadcrumb":{"@id":"https:\/\/ondauno.com.ar\/index.php\/2020\/08\/15\/incendio-en-una-chimenea\/#breadcrumb"},"inLanguage":"es-AR","potentialAction":[{"@type":"ReadAction","target":["https:\/\/ondauno.com.ar\/index.php\/2020\/08\/15\/incendio-en-una-chimenea\/"]}]},{"@type":"ImageObject","inLanguage":"es-AR","@id":"https:\/\/ondauno.com.ar\/index.php\/2020\/08\/15\/incendio-en-una-chimenea\/#primaryimage","url":"https:\/\/ondauno.com.ar\/wp-content\/uploads\/2020\/08\/WhatsApp-Image-2020-08-15-at-14.26.57-2.jpeg","contentUrl":"https:\/\/ondauno.com.ar\/wp-content\/uploads\/2020\/08\/WhatsApp-Image-2020-08-15-at-14.26.57-2.jpeg","width":1040,"height":780},{"@type":"BreadcrumbList","@id":"https:\/\/ondauno.com.ar\/index.php\/2020\/08\/15\/incendio-en-una-chimenea\/#breadcrumb","itemListElement":[{"@type":"ListItem","position":1,"name":"Inicio","item":"https:\/\/ondauno.com.ar\/"},{"@type":"ListItem","position":2,"name":"Incendio en una chimenea"}]},{"@type":"WebSite","@id":"https:\/\/ondauno.com.ar\/#website","url":"https:\/\/ondauno.com.ar\/","name":"103.9 fm","description":"LA PRIMERA RADIO MULTIMEDIA DE TRES ARROYOS","potentialAction":[{"@type":"SearchAction","target":{"@type":"EntryPoint","urlTemplate":"https:\/\/ondauno.com.ar\/?s={search_term_string}"},"query-input":"required name=search_term_string"}],"inLanguage":"es-AR"},{"@type":"Person","@id":"https:\/\/ondauno.com.ar\/#\/schema\/person\/201d1b68e6c75e0fd396fe5f8af5d139","name":"fernando garcia","image":{"@type":"ImageObject","inLanguage":"es-AR","@id":"https:\/\/ondauno.com.ar\/#\/schema\/person\/image\/","url":"https:\/\/secure.gravatar.com\/avatar\/5f7254642ad81272e79a2e69653cfdfc?s=96&d=mm&r=g","contentUrl":"https:\/\/secure.gravatar.com\/avatar\/5f7254642ad81272e79a2e69653cfdfc?s=96&d=mm&r=g","caption":"fernando garcia"},"url":"https:\/\/ondauno.com.ar\/index.php\/author\/ondaunoeditor\/"}]}},"jetpack_publicize_connections":[],"jetpack_featured_media_url":"https:\/\/ondauno.com.ar\/wp-content\/uploads\/2020\/08\/WhatsApp-Image-2020-08-15-at-14.26.57-2.jpeg","jetpack_sharing_enabled":true,"_links":{"self":[{"href":"https:\/\/ondauno.com.ar\/index.php\/wp-json\/wp\/v2\/posts\/14438","targetHints":{"allow":["GET"]}}],"collection":[{"href":"https:\/\/ondauno.com.ar\/index.php\/wp-json\/wp\/v2\/posts"}],"about":[{"href":"https:\/\/ondauno.com.ar\/index.php\/wp-json\/wp\/v2\/types\/post"}],"author":[{"embeddable":true,"href":"https:\/\/ondauno.com.ar\/index.php\/wp-json\/wp\/v2\/users\/2"}],"replies":[{"embeddable":true,"href":"https:\/\/ondauno.com.ar\/index.php\/wp-json\/wp\/v2\/comments?post=14438"}],"version-history":[{"count":0,"href":"https:\/\/ondauno.com.ar\/index.php\/wp-json\/wp\/v2\/posts\/14438\/revisions"}],"wp:featuredmedia":[{"embeddable":true,"href":"https:\/\/ondauno.com.ar\/index.php\/wp-json\/wp\/v2\/media\/14440"}],"wp:attachment":[{"href":"https:\/\/ondauno.com.ar\/index.php\/wp-json\/wp\/v2\/media?parent=14438"}],"wp:term":[{"taxonomy":"category","embeddable":true,"href":"https:\/\/ondauno.com.ar\/index.php\/wp-json\/wp\/v2\/categories?post=14438"},{"taxonomy":"post_tag","embeddable":true,"href":"https:\/\/ondauno.com.ar\/index.php\/wp-json\/wp\/v2\/tags?post=14438"}],"curies":[{"name":"wp","href":"https:\/\/api.w.org\/{rel}","templated":true}]}}