{"id":14305,"date":"2020-08-13T23:22:19","date_gmt":"2020-08-14T02:22:19","guid":{"rendered":"http:\/\/ondauno.com.ar\/?p=14305"},"modified":"2020-08-13T23:47:27","modified_gmt":"2020-08-14T02:47:27","slug":"incendio-en-claromeco-importantes-danos-en-el-techo-de-una-casa","status":"publish","type":"post","link":"https:\/\/ondauno.com.ar\/index.php\/2020\/08\/13\/incendio-en-claromeco-importantes-danos-en-el-techo-de-una-casa\/","title":{"rendered":"Incendio en Claromec\u00f3: importantes da\u00f1os en el techo de una casa"},"content":{"rendered":"<div class=\"ondau-before-content_3\" style=\"margin-top: -30px;\" id=\"ondau-961951751\"><a href=\"https:\/\/www.lps.com.ar\/\" aria-label=\"la-perse2\"><img loading=\"lazy\" decoding=\"async\" src=\"https:\/\/ondauno.com.ar\/wp-content\/uploads\/2021\/10\/la-perse2.jpg\" alt=\"\"  srcset=\"https:\/\/ondauno.com.ar\/wp-content\/uploads\/2021\/10\/la-perse2.jpg 1353w, https:\/\/ondauno.com.ar\/wp-content\/uploads\/2021\/10\/la-perse2-300x43.jpg 300w, https:\/\/ondauno.com.ar\/wp-content\/uploads\/2021\/10\/la-perse2-1024x148.jpg 1024w, https:\/\/ondauno.com.ar\/wp-content\/uploads\/2021\/10\/la-perse2-768x111.jpg 768w, https:\/\/ondauno.com.ar\/wp-content\/uploads\/2021\/10\/la-perse2-696x100.jpg 696w, https:\/\/ondauno.com.ar\/wp-content\/uploads\/2021\/10\/la-perse2-1068x154.jpg 1068w\" sizes=\"(max-width: 1353px) 100vw, 1353px\" class=\"no-lazyload\" width=\"1353\" height=\"195\"  style=\"display: inline-block;\" \/><\/a><\/div>\n<p>El echo ocurri\u00f3 alrededor de las 22:30 en una vivienda\nubicada en calle 37 entre 32 y 34, seg\u00fan fuentes consultadas el fuego se produjo\nen el entretecho de la vivienda por causas de una salamandra cuya chimenea\nestaba muy cerca de la madera. <\/p>\n\n\n\n<p>Al momento del arribo de los bomberos ya estaba tomada esa\nparte del inmueble, pero con un r\u00e1pido accionar se pudo controlar r\u00e1pidamente,\nse hizo una ventilaci\u00f3n y enfriamiento del lugar.<\/p>\n\n\n\n<p>Acudieron al lugar dos dotaciones a cargo de Mauricio Fuentes <\/p>\n\n\n\n<p>Al lugar tambi\u00e9n fue comisionada una ambulancia, para atender en los primeros auxilios a un oficial de polic\u00eda que intentando colaborar con la situaci\u00f3n antes de la llegada de bomberos, se vio asfixiado y tuvo una descompensaci\u00f3n leve, el oficial fue trasladado al Hospitalito para recibir atenci\u00f3n<\/p>\n\n\n\n<p>Foto: Brian Souto<\/p>\n","protected":false},"excerpt":{"rendered":"<p>El echo ocurri\u00f3 alrededor de las 22:30 en una vivienda ubicada en calle 37 entre 32 y 34, seg\u00fan fuentes consultadas el fuego se produjo en el entretecho de la vivienda por causas de una salamandra cuya chimenea estaba muy cerca de la madera. Al momento del arribo de los bomberos ya estaba tomada esa [&hellip;]<\/p>\n","protected":false},"author":2,"featured_media":14307,"comment_status":"open","ping_status":"open","sticky":false,"template":"","format":"standard","meta":{"tdm_status":"","tdm_grid_status":"","_jetpack_memberships_contains_paid_content":false,"footnotes":"","jetpack_publicize_message":"","jetpack_publicize_feature_enabled":true,"jetpack_social_post_already_shared":false,"jetpack_social_options":{"image_generator_settings":{"template":"highway","default_image_id":0,"font":"","enabled":false},"version":2}},"categories":[29],"tags":[],"class_list":{"0":"post-14305","1":"post","2":"type-post","3":"status-publish","4":"format-standard","5":"has-post-thumbnail","7":"category-policiales"},"yoast_head":"<!-- This site is optimized with the Yoast SEO plugin v22.7 - https:\/\/yoast.com\/wordpress\/plugins\/seo\/ -->\n<title>Incendio en Claromec\u00f3: importantes da\u00f1os en el techo de una casa - 103.9 fm<\/title>\n<meta name=\"robots\" content=\"index, follow, max-snippet:-1, max-image-preview:large, max-video-preview:-1\" \/>\n<link rel=\"canonical\" href=\"https:\/\/ondauno.com.ar\/index.php\/2020\/08\/13\/incendio-en-claromeco-importantes-danos-en-el-techo-de-una-casa\/\" \/>\n<meta property=\"og:locale\" content=\"es_ES\" \/>\n<meta property=\"og:type\" content=\"article\" \/>\n<meta property=\"og:title\" content=\"Incendio en Claromec\u00f3: importantes da\u00f1os en el techo de una casa - 103.9 fm\" \/>\n<meta property=\"og:description\" content=\"El echo ocurri\u00f3 alrededor de las 22:30 en una vivienda ubicada en calle 37 entre 32 y 34, seg\u00fan fuentes consultadas el fuego se produjo en el entretecho de la vivienda por causas de una salamandra cuya chimenea estaba muy cerca de la madera. Al momento del arribo de los bomberos ya estaba tomada esa [&hellip;]\" \/>\n<meta property=\"og:url\" content=\"https:\/\/ondauno.com.ar\/index.php\/2020\/08\/13\/incendio-en-claromeco-importantes-danos-en-el-techo-de-una-casa\/\" \/>\n<meta property=\"og:site_name\" content=\"103.9 fm\" \/>\n<meta property=\"article:publisher\" content=\"https:\/\/www.facebook.com\/ondauno103.9\" \/>\n<meta property=\"article:published_time\" content=\"2020-08-14T02:22:19+00:00\" \/>\n<meta property=\"article:modified_time\" content=\"2020-08-14T02:47:27+00:00\" \/>\n<meta property=\"og:image\" content=\"https:\/\/ondauno.com.ar\/wp-content\/uploads\/2020\/08\/WhatsApp-Image-2020-08-13-at-22.35.12.jpeg\" \/>\n\t<meta property=\"og:image:width\" content=\"999\" \/>\n\t<meta property=\"og:image:height\" content=\"461\" \/>\n\t<meta property=\"og:image:type\" content=\"image\/jpeg\" \/>\n<meta name=\"author\" content=\"fernando garcia\" \/>\n<meta name=\"twitter:card\" content=\"summary_large_image\" \/>\n<meta name=\"twitter:label1\" content=\"Escrito por\" \/>\n\t<meta name=\"twitter:data1\" content=\"fernando garcia\" \/>\n\t<meta name=\"twitter:label2\" content=\"Tiempo de lectura\" \/>\n\t<meta name=\"twitter:data2\" content=\"1 minuto\" \/>\n<script type=\"application\/ld+json\" class=\"yoast-schema-graph\">{\"@context\":\"https:\/\/schema.org\",\"@graph\":[{\"@type\":\"WebPage\",\"@id\":\"https:\/\/ondauno.com.ar\/index.php\/2020\/08\/13\/incendio-en-claromeco-importantes-danos-en-el-techo-de-una-casa\/\",\"url\":\"https:\/\/ondauno.com.ar\/index.php\/2020\/08\/13\/incendio-en-claromeco-importantes-danos-en-el-techo-de-una-casa\/\",\"name\":\"Incendio en Claromec\u00f3: importantes da\u00f1os en el techo de una casa - 103.9 fm\",\"isPartOf\":{\"@id\":\"https:\/\/ondauno.com.ar\/#website\"},\"primaryImageOfPage\":{\"@id\":\"https:\/\/ondauno.com.ar\/index.php\/2020\/08\/13\/incendio-en-claromeco-importantes-danos-en-el-techo-de-una-casa\/#primaryimage\"},\"image\":{\"@id\":\"https:\/\/ondauno.com.ar\/index.php\/2020\/08\/13\/incendio-en-claromeco-importantes-danos-en-el-techo-de-una-casa\/#primaryimage\"},\"thumbnailUrl\":\"https:\/\/ondauno.com.ar\/wp-content\/uploads\/2020\/08\/WhatsApp-Image-2020-08-13-at-22.35.12.jpeg\",\"datePublished\":\"2020-08-14T02:22:19+00:00\",\"dateModified\":\"2020-08-14T02:47:27+00:00\",\"author\":{\"@id\":\"https:\/\/ondauno.com.ar\/#\/schema\/person\/201d1b68e6c75e0fd396fe5f8af5d139\"},\"breadcrumb\":{\"@id\":\"https:\/\/ondauno.com.ar\/index.php\/2020\/08\/13\/incendio-en-claromeco-importantes-danos-en-el-techo-de-una-casa\/#breadcrumb\"},\"inLanguage\":\"es-AR\",\"potentialAction\":[{\"@type\":\"ReadAction\",\"target\":[\"https:\/\/ondauno.com.ar\/index.php\/2020\/08\/13\/incendio-en-claromeco-importantes-danos-en-el-techo-de-una-casa\/\"]}]},{\"@type\":\"ImageObject\",\"inLanguage\":\"es-AR\",\"@id\":\"https:\/\/ondauno.com.ar\/index.php\/2020\/08\/13\/incendio-en-claromeco-importantes-danos-en-el-techo-de-una-casa\/#primaryimage\",\"url\":\"https:\/\/ondauno.com.ar\/wp-content\/uploads\/2020\/08\/WhatsApp-Image-2020-08-13-at-22.35.12.jpeg\",\"contentUrl\":\"https:\/\/ondauno.com.ar\/wp-content\/uploads\/2020\/08\/WhatsApp-Image-2020-08-13-at-22.35.12.jpeg\",\"width\":999,\"height\":461},{\"@type\":\"BreadcrumbList\",\"@id\":\"https:\/\/ondauno.com.ar\/index.php\/2020\/08\/13\/incendio-en-claromeco-importantes-danos-en-el-techo-de-una-casa\/#breadcrumb\",\"itemListElement\":[{\"@type\":\"ListItem\",\"position\":1,\"name\":\"Inicio\",\"item\":\"https:\/\/ondauno.com.ar\/\"},{\"@type\":\"ListItem\",\"position\":2,\"name\":\"Incendio en Claromec\u00f3: importantes da\u00f1os en el techo de una casa\"}]},{\"@type\":\"WebSite\",\"@id\":\"https:\/\/ondauno.com.ar\/#website\",\"url\":\"https:\/\/ondauno.com.ar\/\",\"name\":\"103.9 fm\",\"description\":\"LA PRIMERA RADIO MULTIMEDIA DE TRES ARROYOS\",\"potentialAction\":[{\"@type\":\"SearchAction\",\"target\":{\"@type\":\"EntryPoint\",\"urlTemplate\":\"https:\/\/ondauno.com.ar\/?s={search_term_string}\"},\"query-input\":\"required name=search_term_string\"}],\"inLanguage\":\"es-AR\"},{\"@type\":\"Person\",\"@id\":\"https:\/\/ondauno.com.ar\/#\/schema\/person\/201d1b68e6c75e0fd396fe5f8af5d139\",\"name\":\"fernando garcia\",\"image\":{\"@type\":\"ImageObject\",\"inLanguage\":\"es-AR\",\"@id\":\"https:\/\/ondauno.com.ar\/#\/schema\/person\/image\/\",\"url\":\"https:\/\/secure.gravatar.com\/avatar\/5f7254642ad81272e79a2e69653cfdfc?s=96&d=mm&r=g\",\"contentUrl\":\"https:\/\/secure.gravatar.com\/avatar\/5f7254642ad81272e79a2e69653cfdfc?s=96&d=mm&r=g\",\"caption\":\"fernando garcia\"},\"url\":\"https:\/\/ondauno.com.ar\/index.php\/author\/ondaunoeditor\/\"}]}<\/script>\n<!-- \/ Yoast SEO plugin. -->","yoast_head_json":{"title":"Incendio en Claromec\u00f3: importantes da\u00f1os en el techo de una casa - 103.9 fm","robots":{"index":"index","follow":"follow","max-snippet":"max-snippet:-1","max-image-preview":"max-image-preview:large","max-video-preview":"max-video-preview:-1"},"canonical":"https:\/\/ondauno.com.ar\/index.php\/2020\/08\/13\/incendio-en-claromeco-importantes-danos-en-el-techo-de-una-casa\/","og_locale":"es_ES","og_type":"article","og_title":"Incendio en Claromec\u00f3: importantes da\u00f1os en el techo de una casa - 103.9 fm","og_description":"El echo ocurri\u00f3 alrededor de las 22:30 en una vivienda ubicada en calle 37 entre 32 y 34, seg\u00fan fuentes consultadas el fuego se produjo en el entretecho de la vivienda por causas de una salamandra cuya chimenea estaba muy cerca de la madera. Al momento del arribo de los bomberos ya estaba tomada esa [&hellip;]","og_url":"https:\/\/ondauno.com.ar\/index.php\/2020\/08\/13\/incendio-en-claromeco-importantes-danos-en-el-techo-de-una-casa\/","og_site_name":"103.9 fm","article_publisher":"https:\/\/www.facebook.com\/ondauno103.9","article_published_time":"2020-08-14T02:22:19+00:00","article_modified_time":"2020-08-14T02:47:27+00:00","og_image":[{"width":999,"height":461,"url":"https:\/\/ondauno.com.ar\/wp-content\/uploads\/2020\/08\/WhatsApp-Image-2020-08-13-at-22.35.12.jpeg","type":"image\/jpeg"}],"author":"fernando garcia","twitter_card":"summary_large_image","twitter_misc":{"Escrito por":"fernando garcia","Tiempo de lectura":"1 minuto"},"schema":{"@context":"https:\/\/schema.org","@graph":[{"@type":"WebPage","@id":"https:\/\/ondauno.com.ar\/index.php\/2020\/08\/13\/incendio-en-claromeco-importantes-danos-en-el-techo-de-una-casa\/","url":"https:\/\/ondauno.com.ar\/index.php\/2020\/08\/13\/incendio-en-claromeco-importantes-danos-en-el-techo-de-una-casa\/","name":"Incendio en Claromec\u00f3: importantes da\u00f1os en el techo de una casa - 103.9 fm","isPartOf":{"@id":"https:\/\/ondauno.com.ar\/#website"},"primaryImageOfPage":{"@id":"https:\/\/ondauno.com.ar\/index.php\/2020\/08\/13\/incendio-en-claromeco-importantes-danos-en-el-techo-de-una-casa\/#primaryimage"},"image":{"@id":"https:\/\/ondauno.com.ar\/index.php\/2020\/08\/13\/incendio-en-claromeco-importantes-danos-en-el-techo-de-una-casa\/#primaryimage"},"thumbnailUrl":"https:\/\/ondauno.com.ar\/wp-content\/uploads\/2020\/08\/WhatsApp-Image-2020-08-13-at-22.35.12.jpeg","datePublished":"2020-08-14T02:22:19+00:00","dateModified":"2020-08-14T02:47:27+00:00","author":{"@id":"https:\/\/ondauno.com.ar\/#\/schema\/person\/201d1b68e6c75e0fd396fe5f8af5d139"},"breadcrumb":{"@id":"https:\/\/ondauno.com.ar\/index.php\/2020\/08\/13\/incendio-en-claromeco-importantes-danos-en-el-techo-de-una-casa\/#breadcrumb"},"inLanguage":"es-AR","potentialAction":[{"@type":"ReadAction","target":["https:\/\/ondauno.com.ar\/index.php\/2020\/08\/13\/incendio-en-claromeco-importantes-danos-en-el-techo-de-una-casa\/"]}]},{"@type":"ImageObject","inLanguage":"es-AR","@id":"https:\/\/ondauno.com.ar\/index.php\/2020\/08\/13\/incendio-en-claromeco-importantes-danos-en-el-techo-de-una-casa\/#primaryimage","url":"https:\/\/ondauno.com.ar\/wp-content\/uploads\/2020\/08\/WhatsApp-Image-2020-08-13-at-22.35.12.jpeg","contentUrl":"https:\/\/ondauno.com.ar\/wp-content\/uploads\/2020\/08\/WhatsApp-Image-2020-08-13-at-22.35.12.jpeg","width":999,"height":461},{"@type":"BreadcrumbList","@id":"https:\/\/ondauno.com.ar\/index.php\/2020\/08\/13\/incendio-en-claromeco-importantes-danos-en-el-techo-de-una-casa\/#breadcrumb","itemListElement":[{"@type":"ListItem","position":1,"name":"Inicio","item":"https:\/\/ondauno.com.ar\/"},{"@type":"ListItem","position":2,"name":"Incendio en Claromec\u00f3: importantes da\u00f1os en el techo de una casa"}]},{"@type":"WebSite","@id":"https:\/\/ondauno.com.ar\/#website","url":"https:\/\/ondauno.com.ar\/","name":"103.9 fm","description":"LA PRIMERA RADIO MULTIMEDIA DE TRES ARROYOS","potentialAction":[{"@type":"SearchAction","target":{"@type":"EntryPoint","urlTemplate":"https:\/\/ondauno.com.ar\/?s={search_term_string}"},"query-input":"required name=search_term_string"}],"inLanguage":"es-AR"},{"@type":"Person","@id":"https:\/\/ondauno.com.ar\/#\/schema\/person\/201d1b68e6c75e0fd396fe5f8af5d139","name":"fernando garcia","image":{"@type":"ImageObject","inLanguage":"es-AR","@id":"https:\/\/ondauno.com.ar\/#\/schema\/person\/image\/","url":"https:\/\/secure.gravatar.com\/avatar\/5f7254642ad81272e79a2e69653cfdfc?s=96&d=mm&r=g","contentUrl":"https:\/\/secure.gravatar.com\/avatar\/5f7254642ad81272e79a2e69653cfdfc?s=96&d=mm&r=g","caption":"fernando garcia"},"url":"https:\/\/ondauno.com.ar\/index.php\/author\/ondaunoeditor\/"}]}},"jetpack_publicize_connections":[],"jetpack_featured_media_url":"https:\/\/ondauno.com.ar\/wp-content\/uploads\/2020\/08\/WhatsApp-Image-2020-08-13-at-22.35.12.jpeg","jetpack_sharing_enabled":true,"_links":{"self":[{"href":"https:\/\/ondauno.com.ar\/index.php\/wp-json\/wp\/v2\/posts\/14305","targetHints":{"allow":["GET"]}}],"collection":[{"href":"https:\/\/ondauno.com.ar\/index.php\/wp-json\/wp\/v2\/posts"}],"about":[{"href":"https:\/\/ondauno.com.ar\/index.php\/wp-json\/wp\/v2\/types\/post"}],"author":[{"embeddable":true,"href":"https:\/\/ondauno.com.ar\/index.php\/wp-json\/wp\/v2\/users\/2"}],"replies":[{"embeddable":true,"href":"https:\/\/ondauno.com.ar\/index.php\/wp-json\/wp\/v2\/comments?post=14305"}],"version-history":[{"count":0,"href":"https:\/\/ondauno.com.ar\/index.php\/wp-json\/wp\/v2\/posts\/14305\/revisions"}],"wp:featuredmedia":[{"embeddable":true,"href":"https:\/\/ondauno.com.ar\/index.php\/wp-json\/wp\/v2\/media\/14307"}],"wp:attachment":[{"href":"https:\/\/ondauno.com.ar\/index.php\/wp-json\/wp\/v2\/media?parent=14305"}],"wp:term":[{"taxonomy":"category","embeddable":true,"href":"https:\/\/ondauno.com.ar\/index.php\/wp-json\/wp\/v2\/categories?post=14305"},{"taxonomy":"post_tag","embeddable":true,"href":"https:\/\/ondauno.com.ar\/index.php\/wp-json\/wp\/v2\/tags?post=14305"}],"curies":[{"name":"wp","href":"https:\/\/api.w.org\/{rel}","templated":true}]}}