{"id":14302,"date":"2020-08-13T19:39:24","date_gmt":"2020-08-13T22:39:24","guid":{"rendered":"http:\/\/ondauno.com.ar\/?p=14302"},"modified":"2020-08-13T19:39:28","modified_gmt":"2020-08-13T22:39:28","slug":"trabajo-social-desde-cgt-regional-tres-arroyos","status":"publish","type":"post","link":"https:\/\/ondauno.com.ar\/index.php\/2020\/08\/13\/trabajo-social-desde-cgt-regional-tres-arroyos\/","title":{"rendered":"Trabajo social desde CGT Regional Tres Arroyos"},"content":{"rendered":"<div class=\"ondau-before-content_3\" style=\"margin-top: -30px;\" id=\"ondau-3847665008\"><a href=\"https:\/\/www.lps.com.ar\/\" aria-label=\"la-perse2\"><img loading=\"lazy\" decoding=\"async\" src=\"https:\/\/ondauno.com.ar\/wp-content\/uploads\/2021\/10\/la-perse2.jpg\" alt=\"\"  srcset=\"https:\/\/ondauno.com.ar\/wp-content\/uploads\/2021\/10\/la-perse2.jpg 1353w, https:\/\/ondauno.com.ar\/wp-content\/uploads\/2021\/10\/la-perse2-300x43.jpg 300w, https:\/\/ondauno.com.ar\/wp-content\/uploads\/2021\/10\/la-perse2-1024x148.jpg 1024w, https:\/\/ondauno.com.ar\/wp-content\/uploads\/2021\/10\/la-perse2-768x111.jpg 768w, https:\/\/ondauno.com.ar\/wp-content\/uploads\/2021\/10\/la-perse2-696x100.jpg 696w, https:\/\/ondauno.com.ar\/wp-content\/uploads\/2021\/10\/la-perse2-1068x154.jpg 1068w\" sizes=\"(max-width: 1353px) 100vw, 1353px\" class=\"no-lazyload\" width=\"1353\" height=\"195\"  style=\"display: inline-block;\" \/><\/a><\/div>\n<p> La CGT Tres Arroyos conform\u00f3 su grupo de Trabajo Social y se encuentra recolectando donaciones para el D\u00eda del Ni\u00f1o.<\/p>\n\n\n\n<p><br>La CGT Regional Tres Arroyos, ha conformado a trav\u00e9s de su secretaria de Prensa y Derechos Humanos y la Secretaria de la Econom\u00eda Popular, con la colaboraci\u00f3n de otros integrantes del concejo directivo, un grupo de trabajo social con el objetivo de colaborar activamente en esta coyuntura dif\u00edcil en nuestro medio.Actualmente se encuentra realizando una colecta de golosinas y juguetes para ser entregados a un comedor barrial, con motivo del D\u00eda del Ni\u00f1o, a celebrarse el pr\u00f3ximo domingo 16 de agosto.<\/p>\n\n\n\n<p>A trav\u00e9s de donaciones de los trabajadores, Sindicatos y vecinos, se viene trabajando con la mirada puesta en aquellos compa\u00f1eros trabajadores que hoy est\u00e1n desocupados y sin ning\u00fan ingreso, como consecuencia de la pandemia u otras circunstancias.En tal sentido se han realizado ya entrega de alimentos a 20 familias de trabajadores, y la pr\u00f3xima semana se concretar\u00e1 la tercera entrega, mientras que este domingo el aporte ser\u00e1 para un comedor del Barrio de los Ranchos de la Virgen de Luj\u00e1n.\u00a0Desde este grupo de trabajo se viene realizando una tarea constante la que cuenta con la colaboraci\u00f3n de diferentes sectores.<\/p>\n\n\n\n<p><br>En cuanto a la colecta de golosinas y juguetes para el D\u00eda del Ni\u00f1o, aquellos interesados en colaborar pueden comunicarse con el grupo de Trabajo Social de la CGT Regional Tres Arroyos, a trav\u00e9s del e mail <span \n                data-original-string=\"DZhGK7sTEfrcQV+FjdKgD1S4nkTojB\/LXV0UfmYx9aw=\"\n                class=\"apbct-email-encoder\"\n                title=\"This contact has been encoded by Anti-Spam by CleanTalk. Click to decode. To finish the decoding make sure that JavaScript is enabled in your browser.\">cg***********@gm***.com<\/span>.-\u00a0 <\/p>\n","protected":false},"excerpt":{"rendered":"<p>La CGT Tres Arroyos conform\u00f3 su grupo de Trabajo Social y se encuentra recolectando donaciones para el D\u00eda del Ni\u00f1o. La CGT Regional Tres Arroyos, ha conformado a trav\u00e9s de su secretaria de Prensa y Derechos Humanos y la Secretaria de la Econom\u00eda Popular, con la colaboraci\u00f3n de otros integrantes del concejo directivo, un grupo [&hellip;]<\/p>\n","protected":false},"author":2,"featured_media":14303,"comment_status":"open","ping_status":"open","sticky":false,"template":"","format":"standard","meta":{"tdm_status":"","tdm_grid_status":"","_jetpack_memberships_contains_paid_content":false,"footnotes":"","jetpack_publicize_message":"","jetpack_publicize_feature_enabled":true,"jetpack_social_post_already_shared":false,"jetpack_social_options":{"image_generator_settings":{"template":"highway","default_image_id":0,"font":"","enabled":false},"version":2}},"categories":[2],"tags":[],"class_list":{"0":"post-14302","1":"post","2":"type-post","3":"status-publish","4":"format-standard","5":"has-post-thumbnail","7":"category-locales"},"yoast_head":"<!-- This site is optimized with the Yoast SEO plugin v22.7 - https:\/\/yoast.com\/wordpress\/plugins\/seo\/ -->\n<title>Trabajo social desde CGT Regional Tres Arroyos - 103.9 fm<\/title>\n<meta name=\"robots\" content=\"index, follow, max-snippet:-1, max-image-preview:large, max-video-preview:-1\" \/>\n<link rel=\"canonical\" href=\"https:\/\/ondauno.com.ar\/index.php\/2020\/08\/13\/trabajo-social-desde-cgt-regional-tres-arroyos\/\" \/>\n<meta property=\"og:locale\" content=\"es_ES\" \/>\n<meta property=\"og:type\" content=\"article\" \/>\n<meta property=\"og:title\" content=\"Trabajo social desde CGT Regional Tres Arroyos - 103.9 fm\" \/>\n<meta property=\"og:description\" content=\"La CGT Tres Arroyos conform\u00f3 su grupo de Trabajo Social y se encuentra recolectando donaciones para el D\u00eda del Ni\u00f1o. La CGT Regional Tres Arroyos, ha conformado a trav\u00e9s de su secretaria de Prensa y Derechos Humanos y la Secretaria de la Econom\u00eda Popular, con la colaboraci\u00f3n de otros integrantes del concejo directivo, un grupo [&hellip;]\" \/>\n<meta property=\"og:url\" content=\"https:\/\/ondauno.com.ar\/index.php\/2020\/08\/13\/trabajo-social-desde-cgt-regional-tres-arroyos\/\" \/>\n<meta property=\"og:site_name\" content=\"103.9 fm\" \/>\n<meta property=\"article:publisher\" content=\"https:\/\/www.facebook.com\/ondauno103.9\" \/>\n<meta property=\"article:published_time\" content=\"2020-08-13T22:39:24+00:00\" \/>\n<meta property=\"article:modified_time\" content=\"2020-08-13T22:39:28+00:00\" \/>\n<meta property=\"og:image\" content=\"https:\/\/ondauno.com.ar\/wp-content\/uploads\/2020\/08\/1596556670846blob-1.png\" \/>\n\t<meta property=\"og:image:width\" content=\"500\" \/>\n\t<meta property=\"og:image:height\" content=\"500\" \/>\n\t<meta property=\"og:image:type\" content=\"image\/png\" \/>\n<meta name=\"author\" content=\"fernando garcia\" \/>\n<meta name=\"twitter:card\" content=\"summary_large_image\" \/>\n<meta name=\"twitter:label1\" content=\"Escrito por\" \/>\n\t<meta name=\"twitter:data1\" content=\"fernando garcia\" \/>\n\t<meta name=\"twitter:label2\" content=\"Tiempo de lectura\" \/>\n\t<meta name=\"twitter:data2\" content=\"1 minuto\" \/>\n<script type=\"application\/ld+json\" class=\"yoast-schema-graph\">{\"@context\":\"https:\/\/schema.org\",\"@graph\":[{\"@type\":\"WebPage\",\"@id\":\"https:\/\/ondauno.com.ar\/index.php\/2020\/08\/13\/trabajo-social-desde-cgt-regional-tres-arroyos\/\",\"url\":\"https:\/\/ondauno.com.ar\/index.php\/2020\/08\/13\/trabajo-social-desde-cgt-regional-tres-arroyos\/\",\"name\":\"Trabajo social desde CGT Regional Tres Arroyos - 103.9 fm\",\"isPartOf\":{\"@id\":\"https:\/\/ondauno.com.ar\/#website\"},\"primaryImageOfPage\":{\"@id\":\"https:\/\/ondauno.com.ar\/index.php\/2020\/08\/13\/trabajo-social-desde-cgt-regional-tres-arroyos\/#primaryimage\"},\"image\":{\"@id\":\"https:\/\/ondauno.com.ar\/index.php\/2020\/08\/13\/trabajo-social-desde-cgt-regional-tres-arroyos\/#primaryimage\"},\"thumbnailUrl\":\"https:\/\/ondauno.com.ar\/wp-content\/uploads\/2020\/08\/1596556670846blob-1.png\",\"datePublished\":\"2020-08-13T22:39:24+00:00\",\"dateModified\":\"2020-08-13T22:39:28+00:00\",\"author\":{\"@id\":\"https:\/\/ondauno.com.ar\/#\/schema\/person\/201d1b68e6c75e0fd396fe5f8af5d139\"},\"breadcrumb\":{\"@id\":\"https:\/\/ondauno.com.ar\/index.php\/2020\/08\/13\/trabajo-social-desde-cgt-regional-tres-arroyos\/#breadcrumb\"},\"inLanguage\":\"es-AR\",\"potentialAction\":[{\"@type\":\"ReadAction\",\"target\":[\"https:\/\/ondauno.com.ar\/index.php\/2020\/08\/13\/trabajo-social-desde-cgt-regional-tres-arroyos\/\"]}]},{\"@type\":\"ImageObject\",\"inLanguage\":\"es-AR\",\"@id\":\"https:\/\/ondauno.com.ar\/index.php\/2020\/08\/13\/trabajo-social-desde-cgt-regional-tres-arroyos\/#primaryimage\",\"url\":\"https:\/\/ondauno.com.ar\/wp-content\/uploads\/2020\/08\/1596556670846blob-1.png\",\"contentUrl\":\"https:\/\/ondauno.com.ar\/wp-content\/uploads\/2020\/08\/1596556670846blob-1.png\",\"width\":500,\"height\":500},{\"@type\":\"BreadcrumbList\",\"@id\":\"https:\/\/ondauno.com.ar\/index.php\/2020\/08\/13\/trabajo-social-desde-cgt-regional-tres-arroyos\/#breadcrumb\",\"itemListElement\":[{\"@type\":\"ListItem\",\"position\":1,\"name\":\"Inicio\",\"item\":\"https:\/\/ondauno.com.ar\/\"},{\"@type\":\"ListItem\",\"position\":2,\"name\":\"Trabajo social desde CGT Regional Tres Arroyos\"}]},{\"@type\":\"WebSite\",\"@id\":\"https:\/\/ondauno.com.ar\/#website\",\"url\":\"https:\/\/ondauno.com.ar\/\",\"name\":\"103.9 fm\",\"description\":\"LA PRIMERA RADIO MULTIMEDIA DE TRES ARROYOS\",\"potentialAction\":[{\"@type\":\"SearchAction\",\"target\":{\"@type\":\"EntryPoint\",\"urlTemplate\":\"https:\/\/ondauno.com.ar\/?s={search_term_string}\"},\"query-input\":\"required name=search_term_string\"}],\"inLanguage\":\"es-AR\"},{\"@type\":\"Person\",\"@id\":\"https:\/\/ondauno.com.ar\/#\/schema\/person\/201d1b68e6c75e0fd396fe5f8af5d139\",\"name\":\"fernando garcia\",\"image\":{\"@type\":\"ImageObject\",\"inLanguage\":\"es-AR\",\"@id\":\"https:\/\/ondauno.com.ar\/#\/schema\/person\/image\/\",\"url\":\"https:\/\/secure.gravatar.com\/avatar\/5f7254642ad81272e79a2e69653cfdfc?s=96&d=mm&r=g\",\"contentUrl\":\"https:\/\/secure.gravatar.com\/avatar\/5f7254642ad81272e79a2e69653cfdfc?s=96&d=mm&r=g\",\"caption\":\"fernando garcia\"},\"url\":\"https:\/\/ondauno.com.ar\/index.php\/author\/ondaunoeditor\/\"}]}<\/script>\n<!-- \/ Yoast SEO plugin. -->","yoast_head_json":{"title":"Trabajo social desde CGT Regional Tres Arroyos - 103.9 fm","robots":{"index":"index","follow":"follow","max-snippet":"max-snippet:-1","max-image-preview":"max-image-preview:large","max-video-preview":"max-video-preview:-1"},"canonical":"https:\/\/ondauno.com.ar\/index.php\/2020\/08\/13\/trabajo-social-desde-cgt-regional-tres-arroyos\/","og_locale":"es_ES","og_type":"article","og_title":"Trabajo social desde CGT Regional Tres Arroyos - 103.9 fm","og_description":"La CGT Tres Arroyos conform\u00f3 su grupo de Trabajo Social y se encuentra recolectando donaciones para el D\u00eda del Ni\u00f1o. La CGT Regional Tres Arroyos, ha conformado a trav\u00e9s de su secretaria de Prensa y Derechos Humanos y la Secretaria de la Econom\u00eda Popular, con la colaboraci\u00f3n de otros integrantes del concejo directivo, un grupo [&hellip;]","og_url":"https:\/\/ondauno.com.ar\/index.php\/2020\/08\/13\/trabajo-social-desde-cgt-regional-tres-arroyos\/","og_site_name":"103.9 fm","article_publisher":"https:\/\/www.facebook.com\/ondauno103.9","article_published_time":"2020-08-13T22:39:24+00:00","article_modified_time":"2020-08-13T22:39:28+00:00","og_image":[{"width":500,"height":500,"url":"https:\/\/ondauno.com.ar\/wp-content\/uploads\/2020\/08\/1596556670846blob-1.png","type":"image\/png"}],"author":"fernando garcia","twitter_card":"summary_large_image","twitter_misc":{"Escrito por":"fernando garcia","Tiempo de lectura":"1 minuto"},"schema":{"@context":"https:\/\/schema.org","@graph":[{"@type":"WebPage","@id":"https:\/\/ondauno.com.ar\/index.php\/2020\/08\/13\/trabajo-social-desde-cgt-regional-tres-arroyos\/","url":"https:\/\/ondauno.com.ar\/index.php\/2020\/08\/13\/trabajo-social-desde-cgt-regional-tres-arroyos\/","name":"Trabajo social desde CGT Regional Tres Arroyos - 103.9 fm","isPartOf":{"@id":"https:\/\/ondauno.com.ar\/#website"},"primaryImageOfPage":{"@id":"https:\/\/ondauno.com.ar\/index.php\/2020\/08\/13\/trabajo-social-desde-cgt-regional-tres-arroyos\/#primaryimage"},"image":{"@id":"https:\/\/ondauno.com.ar\/index.php\/2020\/08\/13\/trabajo-social-desde-cgt-regional-tres-arroyos\/#primaryimage"},"thumbnailUrl":"https:\/\/ondauno.com.ar\/wp-content\/uploads\/2020\/08\/1596556670846blob-1.png","datePublished":"2020-08-13T22:39:24+00:00","dateModified":"2020-08-13T22:39:28+00:00","author":{"@id":"https:\/\/ondauno.com.ar\/#\/schema\/person\/201d1b68e6c75e0fd396fe5f8af5d139"},"breadcrumb":{"@id":"https:\/\/ondauno.com.ar\/index.php\/2020\/08\/13\/trabajo-social-desde-cgt-regional-tres-arroyos\/#breadcrumb"},"inLanguage":"es-AR","potentialAction":[{"@type":"ReadAction","target":["https:\/\/ondauno.com.ar\/index.php\/2020\/08\/13\/trabajo-social-desde-cgt-regional-tres-arroyos\/"]}]},{"@type":"ImageObject","inLanguage":"es-AR","@id":"https:\/\/ondauno.com.ar\/index.php\/2020\/08\/13\/trabajo-social-desde-cgt-regional-tres-arroyos\/#primaryimage","url":"https:\/\/ondauno.com.ar\/wp-content\/uploads\/2020\/08\/1596556670846blob-1.png","contentUrl":"https:\/\/ondauno.com.ar\/wp-content\/uploads\/2020\/08\/1596556670846blob-1.png","width":500,"height":500},{"@type":"BreadcrumbList","@id":"https:\/\/ondauno.com.ar\/index.php\/2020\/08\/13\/trabajo-social-desde-cgt-regional-tres-arroyos\/#breadcrumb","itemListElement":[{"@type":"ListItem","position":1,"name":"Inicio","item":"https:\/\/ondauno.com.ar\/"},{"@type":"ListItem","position":2,"name":"Trabajo social desde CGT Regional Tres Arroyos"}]},{"@type":"WebSite","@id":"https:\/\/ondauno.com.ar\/#website","url":"https:\/\/ondauno.com.ar\/","name":"103.9 fm","description":"LA PRIMERA RADIO MULTIMEDIA DE TRES ARROYOS","potentialAction":[{"@type":"SearchAction","target":{"@type":"EntryPoint","urlTemplate":"https:\/\/ondauno.com.ar\/?s={search_term_string}"},"query-input":"required name=search_term_string"}],"inLanguage":"es-AR"},{"@type":"Person","@id":"https:\/\/ondauno.com.ar\/#\/schema\/person\/201d1b68e6c75e0fd396fe5f8af5d139","name":"fernando garcia","image":{"@type":"ImageObject","inLanguage":"es-AR","@id":"https:\/\/ondauno.com.ar\/#\/schema\/person\/image\/","url":"https:\/\/secure.gravatar.com\/avatar\/5f7254642ad81272e79a2e69653cfdfc?s=96&d=mm&r=g","contentUrl":"https:\/\/secure.gravatar.com\/avatar\/5f7254642ad81272e79a2e69653cfdfc?s=96&d=mm&r=g","caption":"fernando garcia"},"url":"https:\/\/ondauno.com.ar\/index.php\/author\/ondaunoeditor\/"}]}},"jetpack_publicize_connections":[],"jetpack_featured_media_url":"https:\/\/ondauno.com.ar\/wp-content\/uploads\/2020\/08\/1596556670846blob-1.png","jetpack_sharing_enabled":true,"_links":{"self":[{"href":"https:\/\/ondauno.com.ar\/index.php\/wp-json\/wp\/v2\/posts\/14302","targetHints":{"allow":["GET"]}}],"collection":[{"href":"https:\/\/ondauno.com.ar\/index.php\/wp-json\/wp\/v2\/posts"}],"about":[{"href":"https:\/\/ondauno.com.ar\/index.php\/wp-json\/wp\/v2\/types\/post"}],"author":[{"embeddable":true,"href":"https:\/\/ondauno.com.ar\/index.php\/wp-json\/wp\/v2\/users\/2"}],"replies":[{"embeddable":true,"href":"https:\/\/ondauno.com.ar\/index.php\/wp-json\/wp\/v2\/comments?post=14302"}],"version-history":[{"count":0,"href":"https:\/\/ondauno.com.ar\/index.php\/wp-json\/wp\/v2\/posts\/14302\/revisions"}],"wp:featuredmedia":[{"embeddable":true,"href":"https:\/\/ondauno.com.ar\/index.php\/wp-json\/wp\/v2\/media\/14303"}],"wp:attachment":[{"href":"https:\/\/ondauno.com.ar\/index.php\/wp-json\/wp\/v2\/media?parent=14302"}],"wp:term":[{"taxonomy":"category","embeddable":true,"href":"https:\/\/ondauno.com.ar\/index.php\/wp-json\/wp\/v2\/categories?post=14302"},{"taxonomy":"post_tag","embeddable":true,"href":"https:\/\/ondauno.com.ar\/index.php\/wp-json\/wp\/v2\/tags?post=14302"}],"curies":[{"name":"wp","href":"https:\/\/api.w.org\/{rel}","templated":true}]}}