{"id":14271,"date":"2020-08-13T12:25:13","date_gmt":"2020-08-13T15:25:13","guid":{"rendered":"http:\/\/ondauno.com.ar\/?p=14271"},"modified":"2020-08-13T12:25:17","modified_gmt":"2020-08-13T15:25:17","slug":"un-camionero-de-mar-del-plata-llego-al-hospital-con-un-cuadro-grave-de-intoxicacion","status":"publish","type":"post","link":"https:\/\/ondauno.com.ar\/index.php\/2020\/08\/13\/un-camionero-de-mar-del-plata-llego-al-hospital-con-un-cuadro-grave-de-intoxicacion\/","title":{"rendered":"Un camionero de Mar del Plata lleg\u00f3 al hospital con un cuadro grave de intoxicaci\u00f3n"},"content":{"rendered":"<div class=\"ondau-before-content_3\" style=\"margin-top: -30px;\" id=\"ondau-1111509083\"><a href=\"https:\/\/www.lps.com.ar\/\" aria-label=\"la-perse2\"><img loading=\"lazy\" decoding=\"async\" src=\"https:\/\/ondauno.com.ar\/wp-content\/uploads\/2021\/10\/la-perse2.jpg\" alt=\"\"  srcset=\"https:\/\/ondauno.com.ar\/wp-content\/uploads\/2021\/10\/la-perse2.jpg 1353w, https:\/\/ondauno.com.ar\/wp-content\/uploads\/2021\/10\/la-perse2-300x43.jpg 300w, https:\/\/ondauno.com.ar\/wp-content\/uploads\/2021\/10\/la-perse2-1024x148.jpg 1024w, https:\/\/ondauno.com.ar\/wp-content\/uploads\/2021\/10\/la-perse2-768x111.jpg 768w, https:\/\/ondauno.com.ar\/wp-content\/uploads\/2021\/10\/la-perse2-696x100.jpg 696w, https:\/\/ondauno.com.ar\/wp-content\/uploads\/2021\/10\/la-perse2-1068x154.jpg 1068w\" sizes=\"(max-width: 1353px) 100vw, 1353px\" class=\"no-lazyload\" width=\"1353\" height=\"195\"  style=\"display: inline-block;\" \/><\/a><\/div>\n<p>Esta ma\u00f1ana se activ\u00f3 el c\u00f3digo rojo en el Centro de Salud local por el ingreso de un camionero de 28 a\u00f1os oriundo de Mar Del Plata quien al momento de su traslado presentaba un cuadro de intoxicaci\u00f3n, excitaci\u00f3n psicomotriz y graves dificultades para hablar.<\/p>\n\n\n\n<p>Autoridades m\u00e9dicas del Hospital manifestaron que el paciente se encuentra en estudio y se realizar\u00e1n todas las diligencias correspondientes.<\/p>\n\n\n\n<p><\/p>\n","protected":false},"excerpt":{"rendered":"<p>Esta ma\u00f1ana se activ\u00f3 el c\u00f3digo rojo en el Centro de Salud local por el ingreso de un camionero de 28 a\u00f1os oriundo de Mar Del Plata quien al momento de su traslado presentaba un cuadro de intoxicaci\u00f3n, excitaci\u00f3n psicomotriz y graves dificultades para hablar. Autoridades m\u00e9dicas del Hospital manifestaron que el paciente se encuentra [&hellip;]<\/p>\n","protected":false},"author":2,"featured_media":12504,"comment_status":"open","ping_status":"open","sticky":false,"template":"","format":"standard","meta":{"tdm_status":"","tdm_grid_status":"","_jetpack_memberships_contains_paid_content":false,"footnotes":"","jetpack_publicize_message":"","jetpack_publicize_feature_enabled":true,"jetpack_social_post_already_shared":false,"jetpack_social_options":{"image_generator_settings":{"template":"highway","default_image_id":0,"font":"","enabled":false},"version":2}},"categories":[29],"tags":[],"class_list":{"0":"post-14271","1":"post","2":"type-post","3":"status-publish","4":"format-standard","5":"has-post-thumbnail","7":"category-policiales"},"yoast_head":"<!-- This site is optimized with the Yoast SEO plugin v22.7 - https:\/\/yoast.com\/wordpress\/plugins\/seo\/ -->\n<title>Un camionero de Mar del Plata lleg\u00f3 al hospital con un cuadro grave de intoxicaci\u00f3n - 103.9 fm<\/title>\n<meta name=\"robots\" content=\"index, follow, max-snippet:-1, max-image-preview:large, max-video-preview:-1\" \/>\n<link rel=\"canonical\" href=\"https:\/\/ondauno.com.ar\/index.php\/2020\/08\/13\/un-camionero-de-mar-del-plata-llego-al-hospital-con-un-cuadro-grave-de-intoxicacion\/\" \/>\n<meta property=\"og:locale\" content=\"es_ES\" \/>\n<meta property=\"og:type\" content=\"article\" \/>\n<meta property=\"og:title\" content=\"Un camionero de Mar del Plata lleg\u00f3 al hospital con un cuadro grave de intoxicaci\u00f3n - 103.9 fm\" \/>\n<meta property=\"og:description\" content=\"Esta ma\u00f1ana se activ\u00f3 el c\u00f3digo rojo en el Centro de Salud local por el ingreso de un camionero de 28 a\u00f1os oriundo de Mar Del Plata quien al momento de su traslado presentaba un cuadro de intoxicaci\u00f3n, excitaci\u00f3n psicomotriz y graves dificultades para hablar. Autoridades m\u00e9dicas del Hospital manifestaron que el paciente se encuentra [&hellip;]\" \/>\n<meta property=\"og:url\" content=\"https:\/\/ondauno.com.ar\/index.php\/2020\/08\/13\/un-camionero-de-mar-del-plata-llego-al-hospital-con-un-cuadro-grave-de-intoxicacion\/\" \/>\n<meta property=\"og:site_name\" content=\"103.9 fm\" \/>\n<meta property=\"article:publisher\" content=\"https:\/\/www.facebook.com\/ondauno103.9\" \/>\n<meta property=\"article:published_time\" content=\"2020-08-13T15:25:13+00:00\" \/>\n<meta property=\"article:modified_time\" content=\"2020-08-13T15:25:17+00:00\" \/>\n<meta property=\"og:image\" content=\"https:\/\/ondauno.com.ar\/wp-content\/uploads\/2020\/07\/hospital-pirovano.jpg\" \/>\n\t<meta property=\"og:image:width\" content=\"282\" \/>\n\t<meta property=\"og:image:height\" content=\"179\" \/>\n\t<meta property=\"og:image:type\" content=\"image\/jpeg\" \/>\n<meta name=\"author\" content=\"fernando garcia\" \/>\n<meta name=\"twitter:card\" content=\"summary_large_image\" \/>\n<meta name=\"twitter:label1\" content=\"Escrito por\" \/>\n\t<meta name=\"twitter:data1\" content=\"fernando garcia\" \/>\n<script type=\"application\/ld+json\" class=\"yoast-schema-graph\">{\"@context\":\"https:\/\/schema.org\",\"@graph\":[{\"@type\":\"WebPage\",\"@id\":\"https:\/\/ondauno.com.ar\/index.php\/2020\/08\/13\/un-camionero-de-mar-del-plata-llego-al-hospital-con-un-cuadro-grave-de-intoxicacion\/\",\"url\":\"https:\/\/ondauno.com.ar\/index.php\/2020\/08\/13\/un-camionero-de-mar-del-plata-llego-al-hospital-con-un-cuadro-grave-de-intoxicacion\/\",\"name\":\"Un camionero de Mar del Plata lleg\u00f3 al hospital con un cuadro grave de intoxicaci\u00f3n - 103.9 fm\",\"isPartOf\":{\"@id\":\"https:\/\/ondauno.com.ar\/#website\"},\"primaryImageOfPage\":{\"@id\":\"https:\/\/ondauno.com.ar\/index.php\/2020\/08\/13\/un-camionero-de-mar-del-plata-llego-al-hospital-con-un-cuadro-grave-de-intoxicacion\/#primaryimage\"},\"image\":{\"@id\":\"https:\/\/ondauno.com.ar\/index.php\/2020\/08\/13\/un-camionero-de-mar-del-plata-llego-al-hospital-con-un-cuadro-grave-de-intoxicacion\/#primaryimage\"},\"thumbnailUrl\":\"https:\/\/ondauno.com.ar\/wp-content\/uploads\/2020\/07\/hospital-pirovano.jpg\",\"datePublished\":\"2020-08-13T15:25:13+00:00\",\"dateModified\":\"2020-08-13T15:25:17+00:00\",\"author\":{\"@id\":\"https:\/\/ondauno.com.ar\/#\/schema\/person\/201d1b68e6c75e0fd396fe5f8af5d139\"},\"breadcrumb\":{\"@id\":\"https:\/\/ondauno.com.ar\/index.php\/2020\/08\/13\/un-camionero-de-mar-del-plata-llego-al-hospital-con-un-cuadro-grave-de-intoxicacion\/#breadcrumb\"},\"inLanguage\":\"es-AR\",\"potentialAction\":[{\"@type\":\"ReadAction\",\"target\":[\"https:\/\/ondauno.com.ar\/index.php\/2020\/08\/13\/un-camionero-de-mar-del-plata-llego-al-hospital-con-un-cuadro-grave-de-intoxicacion\/\"]}]},{\"@type\":\"ImageObject\",\"inLanguage\":\"es-AR\",\"@id\":\"https:\/\/ondauno.com.ar\/index.php\/2020\/08\/13\/un-camionero-de-mar-del-plata-llego-al-hospital-con-un-cuadro-grave-de-intoxicacion\/#primaryimage\",\"url\":\"https:\/\/ondauno.com.ar\/wp-content\/uploads\/2020\/07\/hospital-pirovano.jpg\",\"contentUrl\":\"https:\/\/ondauno.com.ar\/wp-content\/uploads\/2020\/07\/hospital-pirovano.jpg\",\"width\":282,\"height\":179},{\"@type\":\"BreadcrumbList\",\"@id\":\"https:\/\/ondauno.com.ar\/index.php\/2020\/08\/13\/un-camionero-de-mar-del-plata-llego-al-hospital-con-un-cuadro-grave-de-intoxicacion\/#breadcrumb\",\"itemListElement\":[{\"@type\":\"ListItem\",\"position\":1,\"name\":\"Inicio\",\"item\":\"https:\/\/ondauno.com.ar\/\"},{\"@type\":\"ListItem\",\"position\":2,\"name\":\"Un camionero de Mar del Plata lleg\u00f3 al hospital con un cuadro grave de intoxicaci\u00f3n\"}]},{\"@type\":\"WebSite\",\"@id\":\"https:\/\/ondauno.com.ar\/#website\",\"url\":\"https:\/\/ondauno.com.ar\/\",\"name\":\"103.9 fm\",\"description\":\"LA PRIMERA RADIO MULTIMEDIA DE TRES ARROYOS\",\"potentialAction\":[{\"@type\":\"SearchAction\",\"target\":{\"@type\":\"EntryPoint\",\"urlTemplate\":\"https:\/\/ondauno.com.ar\/?s={search_term_string}\"},\"query-input\":\"required name=search_term_string\"}],\"inLanguage\":\"es-AR\"},{\"@type\":\"Person\",\"@id\":\"https:\/\/ondauno.com.ar\/#\/schema\/person\/201d1b68e6c75e0fd396fe5f8af5d139\",\"name\":\"fernando garcia\",\"image\":{\"@type\":\"ImageObject\",\"inLanguage\":\"es-AR\",\"@id\":\"https:\/\/ondauno.com.ar\/#\/schema\/person\/image\/\",\"url\":\"https:\/\/secure.gravatar.com\/avatar\/5f7254642ad81272e79a2e69653cfdfc?s=96&d=mm&r=g\",\"contentUrl\":\"https:\/\/secure.gravatar.com\/avatar\/5f7254642ad81272e79a2e69653cfdfc?s=96&d=mm&r=g\",\"caption\":\"fernando garcia\"},\"url\":\"https:\/\/ondauno.com.ar\/index.php\/author\/ondaunoeditor\/\"}]}<\/script>\n<!-- \/ Yoast SEO plugin. -->","yoast_head_json":{"title":"Un camionero de Mar del Plata lleg\u00f3 al hospital con un cuadro grave de intoxicaci\u00f3n - 103.9 fm","robots":{"index":"index","follow":"follow","max-snippet":"max-snippet:-1","max-image-preview":"max-image-preview:large","max-video-preview":"max-video-preview:-1"},"canonical":"https:\/\/ondauno.com.ar\/index.php\/2020\/08\/13\/un-camionero-de-mar-del-plata-llego-al-hospital-con-un-cuadro-grave-de-intoxicacion\/","og_locale":"es_ES","og_type":"article","og_title":"Un camionero de Mar del Plata lleg\u00f3 al hospital con un cuadro grave de intoxicaci\u00f3n - 103.9 fm","og_description":"Esta ma\u00f1ana se activ\u00f3 el c\u00f3digo rojo en el Centro de Salud local por el ingreso de un camionero de 28 a\u00f1os oriundo de Mar Del Plata quien al momento de su traslado presentaba un cuadro de intoxicaci\u00f3n, excitaci\u00f3n psicomotriz y graves dificultades para hablar. Autoridades m\u00e9dicas del Hospital manifestaron que el paciente se encuentra [&hellip;]","og_url":"https:\/\/ondauno.com.ar\/index.php\/2020\/08\/13\/un-camionero-de-mar-del-plata-llego-al-hospital-con-un-cuadro-grave-de-intoxicacion\/","og_site_name":"103.9 fm","article_publisher":"https:\/\/www.facebook.com\/ondauno103.9","article_published_time":"2020-08-13T15:25:13+00:00","article_modified_time":"2020-08-13T15:25:17+00:00","og_image":[{"width":282,"height":179,"url":"https:\/\/ondauno.com.ar\/wp-content\/uploads\/2020\/07\/hospital-pirovano.jpg","type":"image\/jpeg"}],"author":"fernando garcia","twitter_card":"summary_large_image","twitter_misc":{"Escrito por":"fernando garcia"},"schema":{"@context":"https:\/\/schema.org","@graph":[{"@type":"WebPage","@id":"https:\/\/ondauno.com.ar\/index.php\/2020\/08\/13\/un-camionero-de-mar-del-plata-llego-al-hospital-con-un-cuadro-grave-de-intoxicacion\/","url":"https:\/\/ondauno.com.ar\/index.php\/2020\/08\/13\/un-camionero-de-mar-del-plata-llego-al-hospital-con-un-cuadro-grave-de-intoxicacion\/","name":"Un camionero de Mar del Plata lleg\u00f3 al hospital con un cuadro grave de intoxicaci\u00f3n - 103.9 fm","isPartOf":{"@id":"https:\/\/ondauno.com.ar\/#website"},"primaryImageOfPage":{"@id":"https:\/\/ondauno.com.ar\/index.php\/2020\/08\/13\/un-camionero-de-mar-del-plata-llego-al-hospital-con-un-cuadro-grave-de-intoxicacion\/#primaryimage"},"image":{"@id":"https:\/\/ondauno.com.ar\/index.php\/2020\/08\/13\/un-camionero-de-mar-del-plata-llego-al-hospital-con-un-cuadro-grave-de-intoxicacion\/#primaryimage"},"thumbnailUrl":"https:\/\/ondauno.com.ar\/wp-content\/uploads\/2020\/07\/hospital-pirovano.jpg","datePublished":"2020-08-13T15:25:13+00:00","dateModified":"2020-08-13T15:25:17+00:00","author":{"@id":"https:\/\/ondauno.com.ar\/#\/schema\/person\/201d1b68e6c75e0fd396fe5f8af5d139"},"breadcrumb":{"@id":"https:\/\/ondauno.com.ar\/index.php\/2020\/08\/13\/un-camionero-de-mar-del-plata-llego-al-hospital-con-un-cuadro-grave-de-intoxicacion\/#breadcrumb"},"inLanguage":"es-AR","potentialAction":[{"@type":"ReadAction","target":["https:\/\/ondauno.com.ar\/index.php\/2020\/08\/13\/un-camionero-de-mar-del-plata-llego-al-hospital-con-un-cuadro-grave-de-intoxicacion\/"]}]},{"@type":"ImageObject","inLanguage":"es-AR","@id":"https:\/\/ondauno.com.ar\/index.php\/2020\/08\/13\/un-camionero-de-mar-del-plata-llego-al-hospital-con-un-cuadro-grave-de-intoxicacion\/#primaryimage","url":"https:\/\/ondauno.com.ar\/wp-content\/uploads\/2020\/07\/hospital-pirovano.jpg","contentUrl":"https:\/\/ondauno.com.ar\/wp-content\/uploads\/2020\/07\/hospital-pirovano.jpg","width":282,"height":179},{"@type":"BreadcrumbList","@id":"https:\/\/ondauno.com.ar\/index.php\/2020\/08\/13\/un-camionero-de-mar-del-plata-llego-al-hospital-con-un-cuadro-grave-de-intoxicacion\/#breadcrumb","itemListElement":[{"@type":"ListItem","position":1,"name":"Inicio","item":"https:\/\/ondauno.com.ar\/"},{"@type":"ListItem","position":2,"name":"Un camionero de Mar del Plata lleg\u00f3 al hospital con un cuadro grave de intoxicaci\u00f3n"}]},{"@type":"WebSite","@id":"https:\/\/ondauno.com.ar\/#website","url":"https:\/\/ondauno.com.ar\/","name":"103.9 fm","description":"LA PRIMERA RADIO MULTIMEDIA DE TRES ARROYOS","potentialAction":[{"@type":"SearchAction","target":{"@type":"EntryPoint","urlTemplate":"https:\/\/ondauno.com.ar\/?s={search_term_string}"},"query-input":"required name=search_term_string"}],"inLanguage":"es-AR"},{"@type":"Person","@id":"https:\/\/ondauno.com.ar\/#\/schema\/person\/201d1b68e6c75e0fd396fe5f8af5d139","name":"fernando garcia","image":{"@type":"ImageObject","inLanguage":"es-AR","@id":"https:\/\/ondauno.com.ar\/#\/schema\/person\/image\/","url":"https:\/\/secure.gravatar.com\/avatar\/5f7254642ad81272e79a2e69653cfdfc?s=96&d=mm&r=g","contentUrl":"https:\/\/secure.gravatar.com\/avatar\/5f7254642ad81272e79a2e69653cfdfc?s=96&d=mm&r=g","caption":"fernando garcia"},"url":"https:\/\/ondauno.com.ar\/index.php\/author\/ondaunoeditor\/"}]}},"jetpack_publicize_connections":[],"jetpack_featured_media_url":"https:\/\/ondauno.com.ar\/wp-content\/uploads\/2020\/07\/hospital-pirovano.jpg","jetpack_sharing_enabled":true,"_links":{"self":[{"href":"https:\/\/ondauno.com.ar\/index.php\/wp-json\/wp\/v2\/posts\/14271","targetHints":{"allow":["GET"]}}],"collection":[{"href":"https:\/\/ondauno.com.ar\/index.php\/wp-json\/wp\/v2\/posts"}],"about":[{"href":"https:\/\/ondauno.com.ar\/index.php\/wp-json\/wp\/v2\/types\/post"}],"author":[{"embeddable":true,"href":"https:\/\/ondauno.com.ar\/index.php\/wp-json\/wp\/v2\/users\/2"}],"replies":[{"embeddable":true,"href":"https:\/\/ondauno.com.ar\/index.php\/wp-json\/wp\/v2\/comments?post=14271"}],"version-history":[{"count":0,"href":"https:\/\/ondauno.com.ar\/index.php\/wp-json\/wp\/v2\/posts\/14271\/revisions"}],"wp:featuredmedia":[{"embeddable":true,"href":"https:\/\/ondauno.com.ar\/index.php\/wp-json\/wp\/v2\/media\/12504"}],"wp:attachment":[{"href":"https:\/\/ondauno.com.ar\/index.php\/wp-json\/wp\/v2\/media?parent=14271"}],"wp:term":[{"taxonomy":"category","embeddable":true,"href":"https:\/\/ondauno.com.ar\/index.php\/wp-json\/wp\/v2\/categories?post=14271"},{"taxonomy":"post_tag","embeddable":true,"href":"https:\/\/ondauno.com.ar\/index.php\/wp-json\/wp\/v2\/tags?post=14271"}],"curies":[{"name":"wp","href":"https:\/\/api.w.org\/{rel}","templated":true}]}}