{"id":14268,"date":"2020-08-13T12:10:25","date_gmt":"2020-08-13T15:10:25","guid":{"rendered":"http:\/\/ondauno.com.ar\/?p=14268"},"modified":"2020-08-13T12:10:30","modified_gmt":"2020-08-13T15:10:30","slug":"adrian-paglini-habla-de-carlitos-bala-que-hoy-cumple-95-anos","status":"publish","type":"post","link":"https:\/\/ondauno.com.ar\/index.php\/2020\/08\/13\/adrian-paglini-habla-de-carlitos-bala-que-hoy-cumple-95-anos\/","title":{"rendered":"Adri\u00e1n Paglini habla de Carlitos Bal\u00e1 que hoy cumple 95 a\u00f1os"},"content":{"rendered":"<div class=\"ondau-before-content_3\" style=\"margin-top: -30px;\" id=\"ondau-4180994283\"><a href=\"https:\/\/www.lps.com.ar\/\" aria-label=\"la-perse2\"><img loading=\"lazy\" decoding=\"async\" src=\"https:\/\/ondauno.com.ar\/wp-content\/uploads\/2021\/10\/la-perse2.jpg\" alt=\"\"  srcset=\"https:\/\/ondauno.com.ar\/wp-content\/uploads\/2021\/10\/la-perse2.jpg 1353w, https:\/\/ondauno.com.ar\/wp-content\/uploads\/2021\/10\/la-perse2-300x43.jpg 300w, https:\/\/ondauno.com.ar\/wp-content\/uploads\/2021\/10\/la-perse2-1024x148.jpg 1024w, https:\/\/ondauno.com.ar\/wp-content\/uploads\/2021\/10\/la-perse2-768x111.jpg 768w, https:\/\/ondauno.com.ar\/wp-content\/uploads\/2021\/10\/la-perse2-696x100.jpg 696w, https:\/\/ondauno.com.ar\/wp-content\/uploads\/2021\/10\/la-perse2-1068x154.jpg 1068w\" sizes=\"(max-width: 1353px) 100vw, 1353px\" class=\"no-lazyload\" width=\"1353\" height=\"195\"  style=\"display: inline-block;\" \/><\/a><\/div>\n<p>Adri\u00e1n Paglini, tresarroyense editor de Universo retro habl\u00f3 en Cosas que Pasan de Carlitos Bal\u00e1 el d\u00eda de su cumplea\u00f1os.<\/p>\n\n\n\n<p>Adri\u00e1n record\u00f3 a trav\u00e9s de an\u00e9cdotas imperdibles su relaci\u00f3n con el actor c\u00f3mico due\u00f1o de frases como \u00bfQu\u00e9 gusto tiene la sal?, &#8220;Angueto quedate quieto&#8221;, &#8220;EA, EA A PE PE&#8221;.<\/p>\n\n\n\n<p>&#8220;Para nosotros es el cumplea\u00f1os del m\u00e1s grande del mundo, cumple 95 a\u00f1os Carlitos que me llam\u00f3 para mi cumple, yo har\u00e9 lo mismo sin molestarlo porque hoy es un d\u00eda que lo llama mil millones de personas. Soy uno de los afortunados que tuvo contacto con \u00e9l y seguimos ligados junto a Rub\u00e9n Carrera-el fan\u00e1tico N\u00b01 de Bal\u00e1- con quien editamos el libro oficial de su vida&#8221;.<\/p>\n\n\n\n<p>Adri\u00e1n mencion\u00f3 que desde el 2016 trabajaron en el libro sobre la vida de Bal\u00e1 donde el mismo actor puso el pr\u00f3logo e hizo las correcciones del libro. &#8220;Me qued\u00e9 con ese documento que le llevaba impreso y \u00e9l hac\u00eda las acotaciones, fue muy lindo llev\u00e1rselo y que sea \u00e9l la primera persona que viera el libro antes de salir a la venta. Un d\u00eda s elo llevamos a su edificio de Recoleta al piso 10. Fue un viaje largu\u00edsimo llegar hasta su casa, ansiosos y nerviosos y no sab\u00edamos qu\u00e9 decir hasta que nos abri\u00f3 la puerta, nos hizo chistes y volvimos a ser ni\u00f1os para \u00e9l&#8221;.<\/p>\n\n\n\n<figure class=\"wp-block-embed-facebook wp-block-embed is-type-video is-provider-facebook\"><div class=\"wp-block-embed__wrapper\">\n<div class=\"fb-video\" data-allowfullscreen=\"true\" data-href=\"https:\/\/www.facebook.com\/ondauno103.9\/videos\/592539998294008\" style=\"background-color: #fff; display: inline-block;\"><\/div>\n<\/div><\/figure>\n","protected":false},"excerpt":{"rendered":"<p>Adri\u00e1n Paglini, tresarroyense editor de Universo retro habl\u00f3 en Cosas que Pasan de Carlitos Bal\u00e1 el d\u00eda de su cumplea\u00f1os. Adri\u00e1n record\u00f3 a trav\u00e9s de an\u00e9cdotas imperdibles su relaci\u00f3n con el actor c\u00f3mico due\u00f1o de frases como \u00bfQu\u00e9 gusto tiene la sal?, &#8220;Angueto quedate quieto&#8221;, &#8220;EA, EA A PE PE&#8221;. &#8220;Para nosotros es el cumplea\u00f1os [&hellip;]<\/p>\n","protected":false},"author":2,"featured_media":14269,"comment_status":"open","ping_status":"open","sticky":false,"template":"","format":"standard","meta":{"tdm_status":"","tdm_grid_status":"","_jetpack_memberships_contains_paid_content":false,"footnotes":"","jetpack_publicize_message":"","jetpack_publicize_feature_enabled":true,"jetpack_social_post_already_shared":false,"jetpack_social_options":{"image_generator_settings":{"template":"highway","default_image_id":0,"font":"","enabled":false},"version":2}},"categories":[28],"tags":[],"class_list":{"0":"post-14268","1":"post","2":"type-post","3":"status-publish","4":"format-standard","5":"has-post-thumbnail","7":"category-interes-general"},"yoast_head":"<!-- This site is optimized with the Yoast SEO plugin v22.7 - https:\/\/yoast.com\/wordpress\/plugins\/seo\/ -->\n<title>Adri\u00e1n Paglini habla de Carlitos Bal\u00e1 que hoy cumple 95 a\u00f1os - 103.9 fm<\/title>\n<meta name=\"robots\" content=\"index, follow, max-snippet:-1, max-image-preview:large, max-video-preview:-1\" \/>\n<link rel=\"canonical\" href=\"https:\/\/ondauno.com.ar\/index.php\/2020\/08\/13\/adrian-paglini-habla-de-carlitos-bala-que-hoy-cumple-95-anos\/\" \/>\n<meta property=\"og:locale\" content=\"es_ES\" \/>\n<meta property=\"og:type\" content=\"article\" \/>\n<meta property=\"og:title\" content=\"Adri\u00e1n Paglini habla de Carlitos Bal\u00e1 que hoy cumple 95 a\u00f1os - 103.9 fm\" \/>\n<meta property=\"og:description\" content=\"Adri\u00e1n Paglini, tresarroyense editor de Universo retro habl\u00f3 en Cosas que Pasan de Carlitos Bal\u00e1 el d\u00eda de su cumplea\u00f1os. Adri\u00e1n record\u00f3 a trav\u00e9s de an\u00e9cdotas imperdibles su relaci\u00f3n con el actor c\u00f3mico due\u00f1o de frases como \u00bfQu\u00e9 gusto tiene la sal?, &#8220;Angueto quedate quieto&#8221;, &#8220;EA, EA A PE PE&#8221;. &#8220;Para nosotros es el cumplea\u00f1os [&hellip;]\" \/>\n<meta property=\"og:url\" content=\"https:\/\/ondauno.com.ar\/index.php\/2020\/08\/13\/adrian-paglini-habla-de-carlitos-bala-que-hoy-cumple-95-anos\/\" \/>\n<meta property=\"og:site_name\" content=\"103.9 fm\" \/>\n<meta property=\"article:publisher\" content=\"https:\/\/www.facebook.com\/ondauno103.9\" \/>\n<meta property=\"article:published_time\" content=\"2020-08-13T15:10:25+00:00\" \/>\n<meta property=\"article:modified_time\" content=\"2020-08-13T15:10:30+00:00\" \/>\n<meta property=\"og:image\" content=\"https:\/\/ondauno.com.ar\/wp-content\/uploads\/2020\/08\/universo-retro-carlitos-bala.jpg\" \/>\n\t<meta property=\"og:image:width\" content=\"796\" \/>\n\t<meta property=\"og:image:height\" content=\"540\" \/>\n\t<meta property=\"og:image:type\" content=\"image\/jpeg\" \/>\n<meta name=\"author\" content=\"fernando garcia\" \/>\n<meta name=\"twitter:card\" content=\"summary_large_image\" \/>\n<meta name=\"twitter:label1\" content=\"Escrito por\" \/>\n\t<meta name=\"twitter:data1\" content=\"fernando garcia\" \/>\n\t<meta name=\"twitter:label2\" content=\"Tiempo de lectura\" \/>\n\t<meta name=\"twitter:data2\" content=\"1 minuto\" \/>\n<script type=\"application\/ld+json\" class=\"yoast-schema-graph\">{\"@context\":\"https:\/\/schema.org\",\"@graph\":[{\"@type\":\"WebPage\",\"@id\":\"https:\/\/ondauno.com.ar\/index.php\/2020\/08\/13\/adrian-paglini-habla-de-carlitos-bala-que-hoy-cumple-95-anos\/\",\"url\":\"https:\/\/ondauno.com.ar\/index.php\/2020\/08\/13\/adrian-paglini-habla-de-carlitos-bala-que-hoy-cumple-95-anos\/\",\"name\":\"Adri\u00e1n Paglini habla de Carlitos Bal\u00e1 que hoy cumple 95 a\u00f1os - 103.9 fm\",\"isPartOf\":{\"@id\":\"https:\/\/ondauno.com.ar\/#website\"},\"primaryImageOfPage\":{\"@id\":\"https:\/\/ondauno.com.ar\/index.php\/2020\/08\/13\/adrian-paglini-habla-de-carlitos-bala-que-hoy-cumple-95-anos\/#primaryimage\"},\"image\":{\"@id\":\"https:\/\/ondauno.com.ar\/index.php\/2020\/08\/13\/adrian-paglini-habla-de-carlitos-bala-que-hoy-cumple-95-anos\/#primaryimage\"},\"thumbnailUrl\":\"https:\/\/ondauno.com.ar\/wp-content\/uploads\/2020\/08\/universo-retro-carlitos-bala.jpg\",\"datePublished\":\"2020-08-13T15:10:25+00:00\",\"dateModified\":\"2020-08-13T15:10:30+00:00\",\"author\":{\"@id\":\"https:\/\/ondauno.com.ar\/#\/schema\/person\/201d1b68e6c75e0fd396fe5f8af5d139\"},\"breadcrumb\":{\"@id\":\"https:\/\/ondauno.com.ar\/index.php\/2020\/08\/13\/adrian-paglini-habla-de-carlitos-bala-que-hoy-cumple-95-anos\/#breadcrumb\"},\"inLanguage\":\"es-AR\",\"potentialAction\":[{\"@type\":\"ReadAction\",\"target\":[\"https:\/\/ondauno.com.ar\/index.php\/2020\/08\/13\/adrian-paglini-habla-de-carlitos-bala-que-hoy-cumple-95-anos\/\"]}]},{\"@type\":\"ImageObject\",\"inLanguage\":\"es-AR\",\"@id\":\"https:\/\/ondauno.com.ar\/index.php\/2020\/08\/13\/adrian-paglini-habla-de-carlitos-bala-que-hoy-cumple-95-anos\/#primaryimage\",\"url\":\"https:\/\/ondauno.com.ar\/wp-content\/uploads\/2020\/08\/universo-retro-carlitos-bala.jpg\",\"contentUrl\":\"https:\/\/ondauno.com.ar\/wp-content\/uploads\/2020\/08\/universo-retro-carlitos-bala.jpg\",\"width\":796,\"height\":540},{\"@type\":\"BreadcrumbList\",\"@id\":\"https:\/\/ondauno.com.ar\/index.php\/2020\/08\/13\/adrian-paglini-habla-de-carlitos-bala-que-hoy-cumple-95-anos\/#breadcrumb\",\"itemListElement\":[{\"@type\":\"ListItem\",\"position\":1,\"name\":\"Inicio\",\"item\":\"https:\/\/ondauno.com.ar\/\"},{\"@type\":\"ListItem\",\"position\":2,\"name\":\"Adri\u00e1n Paglini habla de Carlitos Bal\u00e1 que hoy cumple 95 a\u00f1os\"}]},{\"@type\":\"WebSite\",\"@id\":\"https:\/\/ondauno.com.ar\/#website\",\"url\":\"https:\/\/ondauno.com.ar\/\",\"name\":\"103.9 fm\",\"description\":\"LA PRIMERA RADIO MULTIMEDIA DE TRES ARROYOS\",\"potentialAction\":[{\"@type\":\"SearchAction\",\"target\":{\"@type\":\"EntryPoint\",\"urlTemplate\":\"https:\/\/ondauno.com.ar\/?s={search_term_string}\"},\"query-input\":\"required name=search_term_string\"}],\"inLanguage\":\"es-AR\"},{\"@type\":\"Person\",\"@id\":\"https:\/\/ondauno.com.ar\/#\/schema\/person\/201d1b68e6c75e0fd396fe5f8af5d139\",\"name\":\"fernando garcia\",\"image\":{\"@type\":\"ImageObject\",\"inLanguage\":\"es-AR\",\"@id\":\"https:\/\/ondauno.com.ar\/#\/schema\/person\/image\/\",\"url\":\"https:\/\/secure.gravatar.com\/avatar\/5f7254642ad81272e79a2e69653cfdfc?s=96&d=mm&r=g\",\"contentUrl\":\"https:\/\/secure.gravatar.com\/avatar\/5f7254642ad81272e79a2e69653cfdfc?s=96&d=mm&r=g\",\"caption\":\"fernando garcia\"},\"url\":\"https:\/\/ondauno.com.ar\/index.php\/author\/ondaunoeditor\/\"}]}<\/script>\n<!-- \/ Yoast SEO plugin. -->","yoast_head_json":{"title":"Adri\u00e1n Paglini habla de Carlitos Bal\u00e1 que hoy cumple 95 a\u00f1os - 103.9 fm","robots":{"index":"index","follow":"follow","max-snippet":"max-snippet:-1","max-image-preview":"max-image-preview:large","max-video-preview":"max-video-preview:-1"},"canonical":"https:\/\/ondauno.com.ar\/index.php\/2020\/08\/13\/adrian-paglini-habla-de-carlitos-bala-que-hoy-cumple-95-anos\/","og_locale":"es_ES","og_type":"article","og_title":"Adri\u00e1n Paglini habla de Carlitos Bal\u00e1 que hoy cumple 95 a\u00f1os - 103.9 fm","og_description":"Adri\u00e1n Paglini, tresarroyense editor de Universo retro habl\u00f3 en Cosas que Pasan de Carlitos Bal\u00e1 el d\u00eda de su cumplea\u00f1os. Adri\u00e1n record\u00f3 a trav\u00e9s de an\u00e9cdotas imperdibles su relaci\u00f3n con el actor c\u00f3mico due\u00f1o de frases como \u00bfQu\u00e9 gusto tiene la sal?, &#8220;Angueto quedate quieto&#8221;, &#8220;EA, EA A PE PE&#8221;. &#8220;Para nosotros es el cumplea\u00f1os [&hellip;]","og_url":"https:\/\/ondauno.com.ar\/index.php\/2020\/08\/13\/adrian-paglini-habla-de-carlitos-bala-que-hoy-cumple-95-anos\/","og_site_name":"103.9 fm","article_publisher":"https:\/\/www.facebook.com\/ondauno103.9","article_published_time":"2020-08-13T15:10:25+00:00","article_modified_time":"2020-08-13T15:10:30+00:00","og_image":[{"width":796,"height":540,"url":"https:\/\/ondauno.com.ar\/wp-content\/uploads\/2020\/08\/universo-retro-carlitos-bala.jpg","type":"image\/jpeg"}],"author":"fernando garcia","twitter_card":"summary_large_image","twitter_misc":{"Escrito por":"fernando garcia","Tiempo de lectura":"1 minuto"},"schema":{"@context":"https:\/\/schema.org","@graph":[{"@type":"WebPage","@id":"https:\/\/ondauno.com.ar\/index.php\/2020\/08\/13\/adrian-paglini-habla-de-carlitos-bala-que-hoy-cumple-95-anos\/","url":"https:\/\/ondauno.com.ar\/index.php\/2020\/08\/13\/adrian-paglini-habla-de-carlitos-bala-que-hoy-cumple-95-anos\/","name":"Adri\u00e1n Paglini habla de Carlitos Bal\u00e1 que hoy cumple 95 a\u00f1os - 103.9 fm","isPartOf":{"@id":"https:\/\/ondauno.com.ar\/#website"},"primaryImageOfPage":{"@id":"https:\/\/ondauno.com.ar\/index.php\/2020\/08\/13\/adrian-paglini-habla-de-carlitos-bala-que-hoy-cumple-95-anos\/#primaryimage"},"image":{"@id":"https:\/\/ondauno.com.ar\/index.php\/2020\/08\/13\/adrian-paglini-habla-de-carlitos-bala-que-hoy-cumple-95-anos\/#primaryimage"},"thumbnailUrl":"https:\/\/ondauno.com.ar\/wp-content\/uploads\/2020\/08\/universo-retro-carlitos-bala.jpg","datePublished":"2020-08-13T15:10:25+00:00","dateModified":"2020-08-13T15:10:30+00:00","author":{"@id":"https:\/\/ondauno.com.ar\/#\/schema\/person\/201d1b68e6c75e0fd396fe5f8af5d139"},"breadcrumb":{"@id":"https:\/\/ondauno.com.ar\/index.php\/2020\/08\/13\/adrian-paglini-habla-de-carlitos-bala-que-hoy-cumple-95-anos\/#breadcrumb"},"inLanguage":"es-AR","potentialAction":[{"@type":"ReadAction","target":["https:\/\/ondauno.com.ar\/index.php\/2020\/08\/13\/adrian-paglini-habla-de-carlitos-bala-que-hoy-cumple-95-anos\/"]}]},{"@type":"ImageObject","inLanguage":"es-AR","@id":"https:\/\/ondauno.com.ar\/index.php\/2020\/08\/13\/adrian-paglini-habla-de-carlitos-bala-que-hoy-cumple-95-anos\/#primaryimage","url":"https:\/\/ondauno.com.ar\/wp-content\/uploads\/2020\/08\/universo-retro-carlitos-bala.jpg","contentUrl":"https:\/\/ondauno.com.ar\/wp-content\/uploads\/2020\/08\/universo-retro-carlitos-bala.jpg","width":796,"height":540},{"@type":"BreadcrumbList","@id":"https:\/\/ondauno.com.ar\/index.php\/2020\/08\/13\/adrian-paglini-habla-de-carlitos-bala-que-hoy-cumple-95-anos\/#breadcrumb","itemListElement":[{"@type":"ListItem","position":1,"name":"Inicio","item":"https:\/\/ondauno.com.ar\/"},{"@type":"ListItem","position":2,"name":"Adri\u00e1n Paglini habla de Carlitos Bal\u00e1 que hoy cumple 95 a\u00f1os"}]},{"@type":"WebSite","@id":"https:\/\/ondauno.com.ar\/#website","url":"https:\/\/ondauno.com.ar\/","name":"103.9 fm","description":"LA PRIMERA RADIO MULTIMEDIA DE TRES ARROYOS","potentialAction":[{"@type":"SearchAction","target":{"@type":"EntryPoint","urlTemplate":"https:\/\/ondauno.com.ar\/?s={search_term_string}"},"query-input":"required name=search_term_string"}],"inLanguage":"es-AR"},{"@type":"Person","@id":"https:\/\/ondauno.com.ar\/#\/schema\/person\/201d1b68e6c75e0fd396fe5f8af5d139","name":"fernando garcia","image":{"@type":"ImageObject","inLanguage":"es-AR","@id":"https:\/\/ondauno.com.ar\/#\/schema\/person\/image\/","url":"https:\/\/secure.gravatar.com\/avatar\/5f7254642ad81272e79a2e69653cfdfc?s=96&d=mm&r=g","contentUrl":"https:\/\/secure.gravatar.com\/avatar\/5f7254642ad81272e79a2e69653cfdfc?s=96&d=mm&r=g","caption":"fernando garcia"},"url":"https:\/\/ondauno.com.ar\/index.php\/author\/ondaunoeditor\/"}]}},"jetpack_publicize_connections":[],"jetpack_featured_media_url":"https:\/\/ondauno.com.ar\/wp-content\/uploads\/2020\/08\/universo-retro-carlitos-bala.jpg","jetpack_sharing_enabled":true,"_links":{"self":[{"href":"https:\/\/ondauno.com.ar\/index.php\/wp-json\/wp\/v2\/posts\/14268","targetHints":{"allow":["GET"]}}],"collection":[{"href":"https:\/\/ondauno.com.ar\/index.php\/wp-json\/wp\/v2\/posts"}],"about":[{"href":"https:\/\/ondauno.com.ar\/index.php\/wp-json\/wp\/v2\/types\/post"}],"author":[{"embeddable":true,"href":"https:\/\/ondauno.com.ar\/index.php\/wp-json\/wp\/v2\/users\/2"}],"replies":[{"embeddable":true,"href":"https:\/\/ondauno.com.ar\/index.php\/wp-json\/wp\/v2\/comments?post=14268"}],"version-history":[{"count":0,"href":"https:\/\/ondauno.com.ar\/index.php\/wp-json\/wp\/v2\/posts\/14268\/revisions"}],"wp:featuredmedia":[{"embeddable":true,"href":"https:\/\/ondauno.com.ar\/index.php\/wp-json\/wp\/v2\/media\/14269"}],"wp:attachment":[{"href":"https:\/\/ondauno.com.ar\/index.php\/wp-json\/wp\/v2\/media?parent=14268"}],"wp:term":[{"taxonomy":"category","embeddable":true,"href":"https:\/\/ondauno.com.ar\/index.php\/wp-json\/wp\/v2\/categories?post=14268"},{"taxonomy":"post_tag","embeddable":true,"href":"https:\/\/ondauno.com.ar\/index.php\/wp-json\/wp\/v2\/tags?post=14268"}],"curies":[{"name":"wp","href":"https:\/\/api.w.org\/{rel}","templated":true}]}}