{"id":14231,"date":"2020-08-13T10:19:36","date_gmt":"2020-08-13T13:19:36","guid":{"rendered":"http:\/\/ondauno.com.ar\/?p=14231"},"modified":"2020-08-13T10:19:40","modified_gmt":"2020-08-13T13:19:40","slug":"agenda-de-presidencia-y-ministerios-de-hoy-jueves-13-de-agosto","status":"publish","type":"post","link":"https:\/\/ondauno.com.ar\/index.php\/2020\/08\/13\/agenda-de-presidencia-y-ministerios-de-hoy-jueves-13-de-agosto\/","title":{"rendered":"Agenda de Presidencia y Ministerios de hoy jueves 13 de agosto"},"content":{"rendered":"<div class=\"ondau-before-content_3\" style=\"margin-top: -30px;\" id=\"ondau-2883531688\"><a href=\"https:\/\/www.lps.com.ar\/\" aria-label=\"la-perse2\"><img loading=\"lazy\" decoding=\"async\" src=\"https:\/\/ondauno.com.ar\/wp-content\/uploads\/2021\/10\/la-perse2.jpg\" alt=\"\"  srcset=\"https:\/\/ondauno.com.ar\/wp-content\/uploads\/2021\/10\/la-perse2.jpg 1353w, https:\/\/ondauno.com.ar\/wp-content\/uploads\/2021\/10\/la-perse2-300x43.jpg 300w, https:\/\/ondauno.com.ar\/wp-content\/uploads\/2021\/10\/la-perse2-1024x148.jpg 1024w, https:\/\/ondauno.com.ar\/wp-content\/uploads\/2021\/10\/la-perse2-768x111.jpg 768w, https:\/\/ondauno.com.ar\/wp-content\/uploads\/2021\/10\/la-perse2-696x100.jpg 696w, https:\/\/ondauno.com.ar\/wp-content\/uploads\/2021\/10\/la-perse2-1068x154.jpg 1068w\" sizes=\"(max-width: 1353px) 100vw, 1353px\" class=\"no-lazyload\" width=\"1353\" height=\"195\"  style=\"display: inline-block;\" \/><\/a><\/div>\n<p><\/p>\n\n\n\n<p><strong>Presidencia<\/strong><strong>:<\/strong><\/p>\n\n\n\n<p><strong>10.00:&nbsp;<\/strong>El presidente Alberto Fern\u00e1ndez participa, junto a la directora Ejecutiva de la Anses, Fernanda Raverta, del encuentro federal de ese organismo, con 857 responsables de oficinas de Unidades de Atenci\u00f3n Integral (UDAI) de todo el pa\u00eds para hacer un balance de las pol\u00edticas p\u00fablicas de asistencia en el marco de la pandemia.<\/p>\n\n\n\n<p><strong>11.30:&nbsp;<\/strong>El presidente se re\u00fane en la residencia de Olivos con el comit\u00e9 de expertos compuesto por asesores m\u00e9dicos y cient\u00edficos, para analizar los pasos a seguir en el marco de la pandemia de coronavirus COVID-19.<\/p>\n\n\n\n<p><strong>Jefatura de Gabinete<\/strong><strong>:<\/strong><\/p>\n\n\n\n<p><strong>10.00:<\/strong>&nbsp;Reuni\u00f3n en Casa Rosada del Gabinete de Promoci\u00f3n Federal, integrado por el jefe y la vicejefa de Gabinete, Santiago Cafiero y Cecilia Todesca Bocco, y los ministros del Interior, Wado de Pedro; Transporte, Mario Meoni; Educaci\u00f3n, Nicol\u00e1s Trotta; Cultura, Trist\u00e1n Bauer; Turismo y Deportes, Mat\u00edas Lammens y de Obras P\u00fablicas, Gabriel Katopodis.<\/p>\n\n\n\n<p><strong>Agricultura, Ganader\u00eda y Pesca<\/strong><strong>:<\/strong><\/p>\n\n\n\n<p><strong>14.00:<\/strong>&nbsp;El ministro Luis Basterra expone en el Seminario: \u201cSeguridad y soberan\u00eda alimentaria en \u00e9pocas de pandemia. Desaf\u00edos y oportunidades en Argentina\u201d.<\/p>\n\n\n\n<p><strong>Ambiente y Desarrollo Sostenible:<\/strong><\/p>\n\n\n\n<p><strong>11.00:&nbsp;<\/strong>El ministro Juan Cabandi\u00e9 anuncia en Gaboto, provincia de Santa Fe, junto al gobernador Omar Perotti, la creaci\u00f3n de los primeros faros de conservaci\u00f3n en el delta del Paran\u00e1 y el traslado de 40 guardaparques y brigadistas que patrullar\u00e1n la zona, a ra\u00edz de incendios forestales producidos en las islas.<\/p>\n\n\n\n<p><strong>AySA<\/strong><strong>:<\/strong><\/p>\n\n\n\n<p><strong>11.30:<\/strong>&nbsp;La presidenta de la empresa, Malena Galmarini, visita y recorre una obra en Ingeniero Budge, partido de Lomas de Zamora, con el intendente Mart\u00edn Insaurralde.<\/p>\n\n\n\n<p><strong>Banco Naci\u00f3n<\/strong><strong>:<\/strong><\/p>\n\n\n\n<p><strong>17.00:&nbsp;<\/strong>El presidente de la entidad, Eduardo Hecker, firma en Casa Rosada un convenio de cooperaci\u00f3n entre el banco y la CAF&nbsp; para desarrollar programas de educaci\u00f3n e inclusi\u00f3n financiera.<\/p>\n\n\n\n<p><strong>Ciencia, Tecnolog\u00eda e Innovaci\u00f3n<\/strong><strong>:<\/strong><\/p>\n\n\n\n<p><strong>16.00:<\/strong>&nbsp;Reuni\u00f3n del ministro Roberto Salvarezza con el presidente del INTI, R\u00faben Geneyro.<\/p>\n\n\n\n<p><strong>Cultura<\/strong><strong>:<\/strong><\/p>\n\n\n\n<p><strong>14.00:<\/strong>&nbsp;El ministro Trist\u00e1n Bauer anuncia Cr\u00e9ditos Tasa 0 para el sector de las Industrias Culturales junto al titular del Banco Naci\u00f3n, Eduardo Hecker, en Casa Rosada.<\/p>\n\n\n\n<p><strong>16.00:&nbsp;<\/strong>Entrega de Bolsones de alimentos a sindicatos en la UMET.<\/p>\n\n\n\n<p><strong>Desarrollo Productivo<\/strong><strong>:<\/strong><\/p>\n\n\n\n<p><strong>Secretar\u00eda de Industria:<\/strong><\/p>\n\n\n\n<p><strong>16.00:<\/strong>&nbsp;Ronda de reuniones de presentaci\u00f3n y asesoramiento sobre el Programa Nacional de Desarrollo de Proveedores: sector Uni\u00f3n Industrial Rosario.<\/p>\n\n\n\n<p><strong>Desarrollo Territorial y H\u00e1bitat<\/strong><strong>:<\/strong><\/p>\n\n\n\n<p><strong>11.00:&nbsp;<\/strong>La ministra Mar\u00eda Eugenia Bielsa firma el convenio de adhesi\u00f3n de San Juan al Programa Federal Argentina Construye Solidaria con el gobernador Sergio U\u00f1ac.<\/p>\n\n\n\n<p><strong>Educaci\u00f3n<\/strong><strong>:<\/strong><\/p>\n\n\n\n<p><strong>13.00:&nbsp;<\/strong>El ministro Nicol\u00e1s Trotta participa de la apertura de la Conferencia Internacional: \u201cDesaf\u00edos para la investigaci\u00f3n educativa a partir de la pandemia\u201d, organizada por el Ministerio, CLACSO y el IEAL.<\/p>\n\n\n\n<p><strong>Mujeres, G\u00e9neros y Diversidad<\/strong><strong>:<\/strong><\/p>\n\n\n\n<p><strong>11.00:<\/strong>&nbsp;Presentaci\u00f3n de la campa\u00f1a nacional \u201cCuidar en igualdad\u201d, con la presencia de la ministra Elizabeth G\u00f3mez Alcorta, ministras y ministros y autoridades de organismos que integran la Mesa Interministerial de Cuidados, senadoras y diputadas nacionales, universidades, organizaciones de la sociedad civil.<\/p>\n\n\n\n<p><strong>Obras P\u00fablicas<\/strong><strong>:<\/strong><\/p>\n\n\n\n<p><strong>15.00:&nbsp;<\/strong>Reuni\u00f3n del ministro Gabriel Katopodis con la Comisi\u00f3n de Obras P\u00fablicas de la C\u00e1mara de Diputados.<\/p>\n\n\n\n<p><strong>Relaciones Exteriores, Comercio Internacional y Culto<\/strong><strong>:<\/strong><\/p>\n\n\n\n<p><strong>9.00:<\/strong>&nbsp;Participaci\u00f3n del canciller Felipe Sol\u00e1 por videoconferencia del acto de apertura de los comit\u00e9s de integraci\u00f3n con Paraguay.<\/p>\n\n\n\n<p><strong>Seguridad<\/strong><strong>:<\/strong><\/p>\n\n\n\n<p><strong>11.00:&nbsp;<\/strong>Conferencia de la ministra Sabina Frederic en el aeropuerto de Corrientes por incautaci\u00f3n de droga realizada por la Gendarmer\u00eda.<\/p>\n\n\n\n<p><strong>17.00:<\/strong>&nbsp;Reuni\u00f3n de la ministra con las diputadas Mara Brawer y Carolina Gaillard.<\/p>\n\n\n\n<p><strong>Transporte<\/strong><strong>:<\/strong><\/p>\n\n\n\n<p><strong>14.00:<\/strong>&nbsp;Recorrida del ministro Mario Meoni por las instalaciones de Intercargo en Ezeiza.<\/p>\n\n\n\n<p><strong>Turismo y Deportes<\/strong><strong>:<\/strong><\/p>\n\n\n\n<p><strong>14.00:&nbsp;<\/strong>Videoconferencia del ministro Mat\u00edas Lammens con clubes de barrio por la Ley de Asociaciones Civiles y Mutuales en la provincia de Buenos Aires junto a Facundo Tignanelli, autor del proyecto.<br><\/p>\n","protected":false},"excerpt":{"rendered":"<p>Presidencia: 10.00:&nbsp;El presidente Alberto Fern\u00e1ndez participa, junto a la directora Ejecutiva de la Anses, Fernanda Raverta, del encuentro federal de ese organismo, con 857 responsables de oficinas de Unidades de Atenci\u00f3n Integral (UDAI) de todo el pa\u00eds para hacer un balance de las pol\u00edticas p\u00fablicas de asistencia en el marco de la pandemia. 11.30:&nbsp;El presidente [&hellip;]<\/p>\n","protected":false},"author":2,"featured_media":9833,"comment_status":"open","ping_status":"open","sticky":false,"template":"","format":"standard","meta":{"tdm_status":"","tdm_grid_status":"","_jetpack_memberships_contains_paid_content":false,"footnotes":"","jetpack_publicize_message":"","jetpack_publicize_feature_enabled":true,"jetpack_social_post_already_shared":false,"jetpack_social_options":{"image_generator_settings":{"template":"highway","default_image_id":0,"font":"","enabled":false},"version":2}},"categories":[3],"tags":[],"class_list":{"0":"post-14231","1":"post","2":"type-post","3":"status-publish","4":"format-standard","5":"has-post-thumbnail","7":"category-nacionales"},"yoast_head":"<!-- This site is optimized with the Yoast SEO plugin v22.7 - https:\/\/yoast.com\/wordpress\/plugins\/seo\/ -->\n<title>Agenda de Presidencia y Ministerios de hoy jueves 13 de agosto - 103.9 fm<\/title>\n<meta name=\"robots\" content=\"index, follow, max-snippet:-1, max-image-preview:large, max-video-preview:-1\" \/>\n<link rel=\"canonical\" href=\"https:\/\/ondauno.com.ar\/index.php\/2020\/08\/13\/agenda-de-presidencia-y-ministerios-de-hoy-jueves-13-de-agosto\/\" \/>\n<meta property=\"og:locale\" content=\"es_ES\" \/>\n<meta property=\"og:type\" content=\"article\" \/>\n<meta property=\"og:title\" content=\"Agenda de Presidencia y Ministerios de hoy jueves 13 de agosto - 103.9 fm\" \/>\n<meta property=\"og:description\" content=\"Presidencia: 10.00:&nbsp;El presidente Alberto Fern\u00e1ndez participa, junto a la directora Ejecutiva de la Anses, Fernanda Raverta, del encuentro federal de ese organismo, con 857 responsables de oficinas de Unidades de Atenci\u00f3n Integral (UDAI) de todo el pa\u00eds para hacer un balance de las pol\u00edticas p\u00fablicas de asistencia en el marco de la pandemia. 11.30:&nbsp;El presidente [&hellip;]\" \/>\n<meta property=\"og:url\" content=\"https:\/\/ondauno.com.ar\/index.php\/2020\/08\/13\/agenda-de-presidencia-y-ministerios-de-hoy-jueves-13-de-agosto\/\" \/>\n<meta property=\"og:site_name\" content=\"103.9 fm\" \/>\n<meta property=\"article:publisher\" content=\"https:\/\/www.facebook.com\/ondauno103.9\" \/>\n<meta property=\"article:published_time\" content=\"2020-08-13T13:19:36+00:00\" \/>\n<meta property=\"article:modified_time\" content=\"2020-08-13T13:19:40+00:00\" \/>\n<meta property=\"og:image\" content=\"https:\/\/ondauno.com.ar\/wp-content\/uploads\/2020\/05\/alberto-fernandez.jpg\" \/>\n\t<meta property=\"og:image:width\" content=\"1536\" \/>\n\t<meta property=\"og:image:height\" content=\"1024\" \/>\n\t<meta property=\"og:image:type\" content=\"image\/jpeg\" \/>\n<meta name=\"author\" content=\"fernando garcia\" \/>\n<meta name=\"twitter:card\" content=\"summary_large_image\" \/>\n<meta name=\"twitter:label1\" content=\"Escrito por\" \/>\n\t<meta name=\"twitter:data1\" content=\"fernando garcia\" \/>\n\t<meta name=\"twitter:label2\" content=\"Tiempo de lectura\" \/>\n\t<meta name=\"twitter:data2\" content=\"3 minutos\" \/>\n<script type=\"application\/ld+json\" class=\"yoast-schema-graph\">{\"@context\":\"https:\/\/schema.org\",\"@graph\":[{\"@type\":\"WebPage\",\"@id\":\"https:\/\/ondauno.com.ar\/index.php\/2020\/08\/13\/agenda-de-presidencia-y-ministerios-de-hoy-jueves-13-de-agosto\/\",\"url\":\"https:\/\/ondauno.com.ar\/index.php\/2020\/08\/13\/agenda-de-presidencia-y-ministerios-de-hoy-jueves-13-de-agosto\/\",\"name\":\"Agenda de Presidencia y Ministerios de hoy jueves 13 de agosto - 103.9 fm\",\"isPartOf\":{\"@id\":\"https:\/\/ondauno.com.ar\/#website\"},\"primaryImageOfPage\":{\"@id\":\"https:\/\/ondauno.com.ar\/index.php\/2020\/08\/13\/agenda-de-presidencia-y-ministerios-de-hoy-jueves-13-de-agosto\/#primaryimage\"},\"image\":{\"@id\":\"https:\/\/ondauno.com.ar\/index.php\/2020\/08\/13\/agenda-de-presidencia-y-ministerios-de-hoy-jueves-13-de-agosto\/#primaryimage\"},\"thumbnailUrl\":\"https:\/\/ondauno.com.ar\/wp-content\/uploads\/2020\/05\/alberto-fernandez.jpg\",\"datePublished\":\"2020-08-13T13:19:36+00:00\",\"dateModified\":\"2020-08-13T13:19:40+00:00\",\"author\":{\"@id\":\"https:\/\/ondauno.com.ar\/#\/schema\/person\/201d1b68e6c75e0fd396fe5f8af5d139\"},\"breadcrumb\":{\"@id\":\"https:\/\/ondauno.com.ar\/index.php\/2020\/08\/13\/agenda-de-presidencia-y-ministerios-de-hoy-jueves-13-de-agosto\/#breadcrumb\"},\"inLanguage\":\"es-AR\",\"potentialAction\":[{\"@type\":\"ReadAction\",\"target\":[\"https:\/\/ondauno.com.ar\/index.php\/2020\/08\/13\/agenda-de-presidencia-y-ministerios-de-hoy-jueves-13-de-agosto\/\"]}]},{\"@type\":\"ImageObject\",\"inLanguage\":\"es-AR\",\"@id\":\"https:\/\/ondauno.com.ar\/index.php\/2020\/08\/13\/agenda-de-presidencia-y-ministerios-de-hoy-jueves-13-de-agosto\/#primaryimage\",\"url\":\"https:\/\/ondauno.com.ar\/wp-content\/uploads\/2020\/05\/alberto-fernandez.jpg\",\"contentUrl\":\"https:\/\/ondauno.com.ar\/wp-content\/uploads\/2020\/05\/alberto-fernandez.jpg\",\"width\":1536,\"height\":1024},{\"@type\":\"BreadcrumbList\",\"@id\":\"https:\/\/ondauno.com.ar\/index.php\/2020\/08\/13\/agenda-de-presidencia-y-ministerios-de-hoy-jueves-13-de-agosto\/#breadcrumb\",\"itemListElement\":[{\"@type\":\"ListItem\",\"position\":1,\"name\":\"Inicio\",\"item\":\"https:\/\/ondauno.com.ar\/\"},{\"@type\":\"ListItem\",\"position\":2,\"name\":\"Agenda de Presidencia y Ministerios de hoy jueves 13 de agosto\"}]},{\"@type\":\"WebSite\",\"@id\":\"https:\/\/ondauno.com.ar\/#website\",\"url\":\"https:\/\/ondauno.com.ar\/\",\"name\":\"103.9 fm\",\"description\":\"LA PRIMERA RADIO MULTIMEDIA DE TRES ARROYOS\",\"potentialAction\":[{\"@type\":\"SearchAction\",\"target\":{\"@type\":\"EntryPoint\",\"urlTemplate\":\"https:\/\/ondauno.com.ar\/?s={search_term_string}\"},\"query-input\":\"required name=search_term_string\"}],\"inLanguage\":\"es-AR\"},{\"@type\":\"Person\",\"@id\":\"https:\/\/ondauno.com.ar\/#\/schema\/person\/201d1b68e6c75e0fd396fe5f8af5d139\",\"name\":\"fernando garcia\",\"image\":{\"@type\":\"ImageObject\",\"inLanguage\":\"es-AR\",\"@id\":\"https:\/\/ondauno.com.ar\/#\/schema\/person\/image\/\",\"url\":\"https:\/\/secure.gravatar.com\/avatar\/5f7254642ad81272e79a2e69653cfdfc?s=96&d=mm&r=g\",\"contentUrl\":\"https:\/\/secure.gravatar.com\/avatar\/5f7254642ad81272e79a2e69653cfdfc?s=96&d=mm&r=g\",\"caption\":\"fernando garcia\"},\"url\":\"https:\/\/ondauno.com.ar\/index.php\/author\/ondaunoeditor\/\"}]}<\/script>\n<!-- \/ Yoast SEO plugin. -->","yoast_head_json":{"title":"Agenda de Presidencia y Ministerios de hoy jueves 13 de agosto - 103.9 fm","robots":{"index":"index","follow":"follow","max-snippet":"max-snippet:-1","max-image-preview":"max-image-preview:large","max-video-preview":"max-video-preview:-1"},"canonical":"https:\/\/ondauno.com.ar\/index.php\/2020\/08\/13\/agenda-de-presidencia-y-ministerios-de-hoy-jueves-13-de-agosto\/","og_locale":"es_ES","og_type":"article","og_title":"Agenda de Presidencia y Ministerios de hoy jueves 13 de agosto - 103.9 fm","og_description":"Presidencia: 10.00:&nbsp;El presidente Alberto Fern\u00e1ndez participa, junto a la directora Ejecutiva de la Anses, Fernanda Raverta, del encuentro federal de ese organismo, con 857 responsables de oficinas de Unidades de Atenci\u00f3n Integral (UDAI) de todo el pa\u00eds para hacer un balance de las pol\u00edticas p\u00fablicas de asistencia en el marco de la pandemia. 11.30:&nbsp;El presidente [&hellip;]","og_url":"https:\/\/ondauno.com.ar\/index.php\/2020\/08\/13\/agenda-de-presidencia-y-ministerios-de-hoy-jueves-13-de-agosto\/","og_site_name":"103.9 fm","article_publisher":"https:\/\/www.facebook.com\/ondauno103.9","article_published_time":"2020-08-13T13:19:36+00:00","article_modified_time":"2020-08-13T13:19:40+00:00","og_image":[{"width":1536,"height":1024,"url":"https:\/\/ondauno.com.ar\/wp-content\/uploads\/2020\/05\/alberto-fernandez.jpg","type":"image\/jpeg"}],"author":"fernando garcia","twitter_card":"summary_large_image","twitter_misc":{"Escrito por":"fernando garcia","Tiempo de lectura":"3 minutos"},"schema":{"@context":"https:\/\/schema.org","@graph":[{"@type":"WebPage","@id":"https:\/\/ondauno.com.ar\/index.php\/2020\/08\/13\/agenda-de-presidencia-y-ministerios-de-hoy-jueves-13-de-agosto\/","url":"https:\/\/ondauno.com.ar\/index.php\/2020\/08\/13\/agenda-de-presidencia-y-ministerios-de-hoy-jueves-13-de-agosto\/","name":"Agenda de Presidencia y Ministerios de hoy jueves 13 de agosto - 103.9 fm","isPartOf":{"@id":"https:\/\/ondauno.com.ar\/#website"},"primaryImageOfPage":{"@id":"https:\/\/ondauno.com.ar\/index.php\/2020\/08\/13\/agenda-de-presidencia-y-ministerios-de-hoy-jueves-13-de-agosto\/#primaryimage"},"image":{"@id":"https:\/\/ondauno.com.ar\/index.php\/2020\/08\/13\/agenda-de-presidencia-y-ministerios-de-hoy-jueves-13-de-agosto\/#primaryimage"},"thumbnailUrl":"https:\/\/ondauno.com.ar\/wp-content\/uploads\/2020\/05\/alberto-fernandez.jpg","datePublished":"2020-08-13T13:19:36+00:00","dateModified":"2020-08-13T13:19:40+00:00","author":{"@id":"https:\/\/ondauno.com.ar\/#\/schema\/person\/201d1b68e6c75e0fd396fe5f8af5d139"},"breadcrumb":{"@id":"https:\/\/ondauno.com.ar\/index.php\/2020\/08\/13\/agenda-de-presidencia-y-ministerios-de-hoy-jueves-13-de-agosto\/#breadcrumb"},"inLanguage":"es-AR","potentialAction":[{"@type":"ReadAction","target":["https:\/\/ondauno.com.ar\/index.php\/2020\/08\/13\/agenda-de-presidencia-y-ministerios-de-hoy-jueves-13-de-agosto\/"]}]},{"@type":"ImageObject","inLanguage":"es-AR","@id":"https:\/\/ondauno.com.ar\/index.php\/2020\/08\/13\/agenda-de-presidencia-y-ministerios-de-hoy-jueves-13-de-agosto\/#primaryimage","url":"https:\/\/ondauno.com.ar\/wp-content\/uploads\/2020\/05\/alberto-fernandez.jpg","contentUrl":"https:\/\/ondauno.com.ar\/wp-content\/uploads\/2020\/05\/alberto-fernandez.jpg","width":1536,"height":1024},{"@type":"BreadcrumbList","@id":"https:\/\/ondauno.com.ar\/index.php\/2020\/08\/13\/agenda-de-presidencia-y-ministerios-de-hoy-jueves-13-de-agosto\/#breadcrumb","itemListElement":[{"@type":"ListItem","position":1,"name":"Inicio","item":"https:\/\/ondauno.com.ar\/"},{"@type":"ListItem","position":2,"name":"Agenda de Presidencia y Ministerios de hoy jueves 13 de agosto"}]},{"@type":"WebSite","@id":"https:\/\/ondauno.com.ar\/#website","url":"https:\/\/ondauno.com.ar\/","name":"103.9 fm","description":"LA PRIMERA RADIO MULTIMEDIA DE TRES ARROYOS","potentialAction":[{"@type":"SearchAction","target":{"@type":"EntryPoint","urlTemplate":"https:\/\/ondauno.com.ar\/?s={search_term_string}"},"query-input":"required name=search_term_string"}],"inLanguage":"es-AR"},{"@type":"Person","@id":"https:\/\/ondauno.com.ar\/#\/schema\/person\/201d1b68e6c75e0fd396fe5f8af5d139","name":"fernando garcia","image":{"@type":"ImageObject","inLanguage":"es-AR","@id":"https:\/\/ondauno.com.ar\/#\/schema\/person\/image\/","url":"https:\/\/secure.gravatar.com\/avatar\/5f7254642ad81272e79a2e69653cfdfc?s=96&d=mm&r=g","contentUrl":"https:\/\/secure.gravatar.com\/avatar\/5f7254642ad81272e79a2e69653cfdfc?s=96&d=mm&r=g","caption":"fernando garcia"},"url":"https:\/\/ondauno.com.ar\/index.php\/author\/ondaunoeditor\/"}]}},"jetpack_publicize_connections":[],"jetpack_featured_media_url":"https:\/\/ondauno.com.ar\/wp-content\/uploads\/2020\/05\/alberto-fernandez.jpg","jetpack_sharing_enabled":true,"_links":{"self":[{"href":"https:\/\/ondauno.com.ar\/index.php\/wp-json\/wp\/v2\/posts\/14231","targetHints":{"allow":["GET"]}}],"collection":[{"href":"https:\/\/ondauno.com.ar\/index.php\/wp-json\/wp\/v2\/posts"}],"about":[{"href":"https:\/\/ondauno.com.ar\/index.php\/wp-json\/wp\/v2\/types\/post"}],"author":[{"embeddable":true,"href":"https:\/\/ondauno.com.ar\/index.php\/wp-json\/wp\/v2\/users\/2"}],"replies":[{"embeddable":true,"href":"https:\/\/ondauno.com.ar\/index.php\/wp-json\/wp\/v2\/comments?post=14231"}],"version-history":[{"count":0,"href":"https:\/\/ondauno.com.ar\/index.php\/wp-json\/wp\/v2\/posts\/14231\/revisions"}],"wp:featuredmedia":[{"embeddable":true,"href":"https:\/\/ondauno.com.ar\/index.php\/wp-json\/wp\/v2\/media\/9833"}],"wp:attachment":[{"href":"https:\/\/ondauno.com.ar\/index.php\/wp-json\/wp\/v2\/media?parent=14231"}],"wp:term":[{"taxonomy":"category","embeddable":true,"href":"https:\/\/ondauno.com.ar\/index.php\/wp-json\/wp\/v2\/categories?post=14231"},{"taxonomy":"post_tag","embeddable":true,"href":"https:\/\/ondauno.com.ar\/index.php\/wp-json\/wp\/v2\/tags?post=14231"}],"curies":[{"name":"wp","href":"https:\/\/api.w.org\/{rel}","templated":true}]}}