{"id":14226,"date":"2020-08-13T10:04:20","date_gmt":"2020-08-13T13:04:20","guid":{"rendered":"http:\/\/ondauno.com.ar\/?p=14226"},"modified":"2020-08-13T10:04:22","modified_gmt":"2020-08-13T13:04:22","slug":"educacion-bonaerense-presento-los-actos-publicos-digitales-para-cargos-docentes","status":"publish","type":"post","link":"https:\/\/ondauno.com.ar\/index.php\/2020\/08\/13\/educacion-bonaerense-presento-los-actos-publicos-digitales-para-cargos-docentes\/","title":{"rendered":"Educaci\u00f3n Bonaerense present\u00f3 los actos p\u00fablicos digitales para cargos docentes"},"content":{"rendered":"<div class=\"ondau-before-content_3\" style=\"margin-top: -30px;\" id=\"ondau-2977796329\"><a href=\"https:\/\/www.lps.com.ar\/\" aria-label=\"la-perse2\"><img loading=\"lazy\" decoding=\"async\" src=\"https:\/\/ondauno.com.ar\/wp-content\/uploads\/2021\/10\/la-perse2.jpg\" alt=\"\"  srcset=\"https:\/\/ondauno.com.ar\/wp-content\/uploads\/2021\/10\/la-perse2.jpg 1353w, https:\/\/ondauno.com.ar\/wp-content\/uploads\/2021\/10\/la-perse2-300x43.jpg 300w, https:\/\/ondauno.com.ar\/wp-content\/uploads\/2021\/10\/la-perse2-1024x148.jpg 1024w, https:\/\/ondauno.com.ar\/wp-content\/uploads\/2021\/10\/la-perse2-768x111.jpg 768w, https:\/\/ondauno.com.ar\/wp-content\/uploads\/2021\/10\/la-perse2-696x100.jpg 696w, https:\/\/ondauno.com.ar\/wp-content\/uploads\/2021\/10\/la-perse2-1068x154.jpg 1068w\" sizes=\"(max-width: 1353px) 100vw, 1353px\" class=\"no-lazyload\" width=\"1353\" height=\"195\"  style=\"display: inline-block;\" \/><\/a><\/div>\n<p>Por primera vez en la historia, las y los educadores tomar\u00e1n cargos de manera virtual. La Direcci\u00f3n General de Cultura y Educaci\u00f3n desarroll\u00f3 una aplicaci\u00f3n que funciona desde su portal educativo. <strong>Las postulaciones comienzan el 14 de agosto.<\/strong><\/p>\n\n\n\n<p><br>Los Actos P\u00fablicos Digitales para la cobertura de cargos de base comienzan el 14 de agosto. Este hecho in\u00e9dito en la historia del sistema educativo bonaerense termin\u00f3 de concretarse con una adecuaci\u00f3n normativa que habilita los procedimientos de realizaci\u00f3n de los actos p\u00fablicos en este nuevo formato.<br>Este importante avance comenz\u00f3 a gestarse desde el inicio de la pandemia, en paralelo con todas las acciones que desarroll\u00f3 la cartera educativa para la continuidad de las ense\u00f1anzas y los aprendizajes, para fortalecer el v\u00ednculo con las y los estudiantes y sus familias, para garantizar los derechos de las y los trabajadores y para sostener el funcionamiento de todas las instituciones educativas de la Provincia.<br>\u201cLos actos p\u00fablicos digitales para cargos de base son parte de las soluciones que hemos ido encontrando en el marco del di\u00e1logo y el intercambio permanente que sostenemos con los sindicatos docentes y los diferentes actores del sistema educativo. \u00a0Cada uno desde sus roles y responsabilidades institucionales pero todos comprometidos con la b\u00fasqueda de soluciones que fortalezcan la educaci\u00f3n y el cumplimiento de las instancias estatutarias que garantizan los derechos de las y los trabajadores\u201d, expres\u00f3 Agustina Vila.<\/p>\n\n\n\n<h2 class=\"wp-block-heading\"><br>Los Actos P\u00fablicos Digitales para la cobertura de cargos docentes se realizar\u00e1n a trav\u00e9s de la aplicaci\u00f3n Acto P\u00fablico, alojada en el portal ABC\u00a0<strong>(<a rel=\"noreferrer noopener\" href=\"http:\/\/www.abc.gob.ar\/\" target=\"_blank\">www.abc.gob.ar<\/a>)<\/strong>. <\/h2>\n\n\n\n<p>Las ofertas de cargos vacantes ser\u00e1n difundidas en el portal educativo de la Provincia desde el 14 hasta el 21 de agosto a las 10 horas, momento en el que podr\u00e1n realizarse las postulaciones.<\/p>\n\n\n\n<p><br>Seg\u00fan establece el procedimiento, publicado hoy por la cartera educativa, las y los aspirantes interesados en postularse a una oferta de cargo vacante deber\u00e1n ingresar con su usuario registrado en la plataforma educativa y completar la informaci\u00f3n que se les solicita en cada oferta publicada. Una vez realizada la postulaci\u00f3n, el sistema permite imprimir el comprobante o eliminar la postulaci\u00f3n hasta el momento del cierre de la oferta.<br>Tras el cierre, las Secretar\u00edas de Asuntos Docentes confeccionan el orden de m\u00e9rito de los postulantes, con la veedur\u00eda gremial que establece la normativa. Finalizado el Acto P\u00fablico, se publica el resultado en el portal educativo y se notifica por correo electr\u00f3nico al conjunto de las y los postulantes. Las y los seleccionados deber\u00e1n responder por correo electr\u00f3nico aceptando el cargo.<\/p>\n\n\n\n<p><br>Esta instancia tiene como antecedentes los <strong>Actos P\u00fablicos Digitales<\/strong> que comenzaron a realizarse semanas atr\u00e1s para la cobertura de cargos de inspecci\u00f3n y directivos.<br>Cabe recordar que ante la imposibilidad de realizar actos p\u00fablicos por la vigencia del Aislamiento Social Preventivo y Obligatorio, la DGCyE elabor\u00f3 el Programa de Incorporaci\u00f3n Especial de Docentes y Auxiliares Suplentes, por el que m\u00e1s de 18 mil agentes pudieron tomar el equivalente a 8 horas, en el caso de los docentes o 15 horas en el caso de los auxiliares, para asegurar un ingreso salarial y sumarse a las tareas en establecimientos educativos. Las y los agentes que est\u00e9n incluidos en este programa y tomen posesi\u00f3n de cargos a trav\u00e9s del Acto P\u00fablico Digital dejar\u00e1n de percibir autom\u00e1ticamente el ingreso correspondiente al PIEDAS a partir de ese d\u00eda.<\/p>\n\n\n\n<p><\/p>\n","protected":false},"excerpt":{"rendered":"<p>Por primera vez en la historia, las y los educadores tomar\u00e1n cargos de manera virtual. La Direcci\u00f3n General de Cultura y Educaci\u00f3n desarroll\u00f3 una aplicaci\u00f3n que funciona desde su portal educativo. Las postulaciones comienzan el 14 de agosto. Los Actos P\u00fablicos Digitales para la cobertura de cargos de base comienzan el 14 de agosto. Este [&hellip;]<\/p>\n","protected":false},"author":2,"featured_media":14227,"comment_status":"open","ping_status":"open","sticky":false,"template":"","format":"standard","meta":{"tdm_status":"","tdm_grid_status":"","_jetpack_memberships_contains_paid_content":false,"footnotes":"","jetpack_publicize_message":"","jetpack_publicize_feature_enabled":true,"jetpack_social_post_already_shared":false,"jetpack_social_options":{"image_generator_settings":{"template":"highway","default_image_id":0,"font":"","enabled":false},"version":2}},"categories":[30],"tags":[],"class_list":{"0":"post-14226","1":"post","2":"type-post","3":"status-publish","4":"format-standard","5":"has-post-thumbnail","7":"category-provinciales"},"yoast_head":"<!-- This site is optimized with the Yoast SEO plugin v22.7 - https:\/\/yoast.com\/wordpress\/plugins\/seo\/ -->\n<title>Educaci\u00f3n Bonaerense present\u00f3 los actos p\u00fablicos digitales para cargos docentes - 103.9 fm<\/title>\n<meta name=\"robots\" content=\"index, follow, max-snippet:-1, max-image-preview:large, max-video-preview:-1\" \/>\n<link rel=\"canonical\" href=\"https:\/\/ondauno.com.ar\/index.php\/2020\/08\/13\/educacion-bonaerense-presento-los-actos-publicos-digitales-para-cargos-docentes\/\" \/>\n<meta property=\"og:locale\" content=\"es_ES\" \/>\n<meta property=\"og:type\" content=\"article\" \/>\n<meta property=\"og:title\" content=\"Educaci\u00f3n Bonaerense present\u00f3 los actos p\u00fablicos digitales para cargos docentes - 103.9 fm\" \/>\n<meta property=\"og:description\" content=\"Por primera vez en la historia, las y los educadores tomar\u00e1n cargos de manera virtual. La Direcci\u00f3n General de Cultura y Educaci\u00f3n desarroll\u00f3 una aplicaci\u00f3n que funciona desde su portal educativo. Las postulaciones comienzan el 14 de agosto. Los Actos P\u00fablicos Digitales para la cobertura de cargos de base comienzan el 14 de agosto. Este [&hellip;]\" \/>\n<meta property=\"og:url\" content=\"https:\/\/ondauno.com.ar\/index.php\/2020\/08\/13\/educacion-bonaerense-presento-los-actos-publicos-digitales-para-cargos-docentes\/\" \/>\n<meta property=\"og:site_name\" content=\"103.9 fm\" \/>\n<meta property=\"article:publisher\" content=\"https:\/\/www.facebook.com\/ondauno103.9\" \/>\n<meta property=\"article:published_time\" content=\"2020-08-13T13:04:20+00:00\" \/>\n<meta property=\"article:modified_time\" content=\"2020-08-13T13:04:22+00:00\" \/>\n<meta property=\"og:image\" content=\"https:\/\/ondauno.com.ar\/wp-content\/uploads\/2020\/08\/braccia-actos-publicos.jpg\" \/>\n\t<meta property=\"og:image:width\" content=\"300\" \/>\n\t<meta property=\"og:image:height\" content=\"168\" \/>\n\t<meta property=\"og:image:type\" content=\"image\/jpeg\" \/>\n<meta name=\"author\" content=\"fernando garcia\" \/>\n<meta name=\"twitter:card\" content=\"summary_large_image\" \/>\n<meta name=\"twitter:label1\" content=\"Escrito por\" \/>\n\t<meta name=\"twitter:data1\" content=\"fernando garcia\" \/>\n\t<meta name=\"twitter:label2\" content=\"Tiempo de lectura\" \/>\n\t<meta name=\"twitter:data2\" content=\"3 minutos\" \/>\n<script type=\"application\/ld+json\" class=\"yoast-schema-graph\">{\"@context\":\"https:\/\/schema.org\",\"@graph\":[{\"@type\":\"WebPage\",\"@id\":\"https:\/\/ondauno.com.ar\/index.php\/2020\/08\/13\/educacion-bonaerense-presento-los-actos-publicos-digitales-para-cargos-docentes\/\",\"url\":\"https:\/\/ondauno.com.ar\/index.php\/2020\/08\/13\/educacion-bonaerense-presento-los-actos-publicos-digitales-para-cargos-docentes\/\",\"name\":\"Educaci\u00f3n Bonaerense present\u00f3 los actos p\u00fablicos digitales para cargos docentes - 103.9 fm\",\"isPartOf\":{\"@id\":\"https:\/\/ondauno.com.ar\/#website\"},\"primaryImageOfPage\":{\"@id\":\"https:\/\/ondauno.com.ar\/index.php\/2020\/08\/13\/educacion-bonaerense-presento-los-actos-publicos-digitales-para-cargos-docentes\/#primaryimage\"},\"image\":{\"@id\":\"https:\/\/ondauno.com.ar\/index.php\/2020\/08\/13\/educacion-bonaerense-presento-los-actos-publicos-digitales-para-cargos-docentes\/#primaryimage\"},\"thumbnailUrl\":\"https:\/\/ondauno.com.ar\/wp-content\/uploads\/2020\/08\/braccia-actos-publicos.jpg\",\"datePublished\":\"2020-08-13T13:04:20+00:00\",\"dateModified\":\"2020-08-13T13:04:22+00:00\",\"author\":{\"@id\":\"https:\/\/ondauno.com.ar\/#\/schema\/person\/201d1b68e6c75e0fd396fe5f8af5d139\"},\"breadcrumb\":{\"@id\":\"https:\/\/ondauno.com.ar\/index.php\/2020\/08\/13\/educacion-bonaerense-presento-los-actos-publicos-digitales-para-cargos-docentes\/#breadcrumb\"},\"inLanguage\":\"es-AR\",\"potentialAction\":[{\"@type\":\"ReadAction\",\"target\":[\"https:\/\/ondauno.com.ar\/index.php\/2020\/08\/13\/educacion-bonaerense-presento-los-actos-publicos-digitales-para-cargos-docentes\/\"]}]},{\"@type\":\"ImageObject\",\"inLanguage\":\"es-AR\",\"@id\":\"https:\/\/ondauno.com.ar\/index.php\/2020\/08\/13\/educacion-bonaerense-presento-los-actos-publicos-digitales-para-cargos-docentes\/#primaryimage\",\"url\":\"https:\/\/ondauno.com.ar\/wp-content\/uploads\/2020\/08\/braccia-actos-publicos.jpg\",\"contentUrl\":\"https:\/\/ondauno.com.ar\/wp-content\/uploads\/2020\/08\/braccia-actos-publicos.jpg\",\"width\":300,\"height\":168},{\"@type\":\"BreadcrumbList\",\"@id\":\"https:\/\/ondauno.com.ar\/index.php\/2020\/08\/13\/educacion-bonaerense-presento-los-actos-publicos-digitales-para-cargos-docentes\/#breadcrumb\",\"itemListElement\":[{\"@type\":\"ListItem\",\"position\":1,\"name\":\"Inicio\",\"item\":\"https:\/\/ondauno.com.ar\/\"},{\"@type\":\"ListItem\",\"position\":2,\"name\":\"Educaci\u00f3n Bonaerense present\u00f3 los actos p\u00fablicos digitales para cargos docentes\"}]},{\"@type\":\"WebSite\",\"@id\":\"https:\/\/ondauno.com.ar\/#website\",\"url\":\"https:\/\/ondauno.com.ar\/\",\"name\":\"103.9 fm\",\"description\":\"LA PRIMERA RADIO MULTIMEDIA DE TRES ARROYOS\",\"potentialAction\":[{\"@type\":\"SearchAction\",\"target\":{\"@type\":\"EntryPoint\",\"urlTemplate\":\"https:\/\/ondauno.com.ar\/?s={search_term_string}\"},\"query-input\":\"required name=search_term_string\"}],\"inLanguage\":\"es-AR\"},{\"@type\":\"Person\",\"@id\":\"https:\/\/ondauno.com.ar\/#\/schema\/person\/201d1b68e6c75e0fd396fe5f8af5d139\",\"name\":\"fernando garcia\",\"image\":{\"@type\":\"ImageObject\",\"inLanguage\":\"es-AR\",\"@id\":\"https:\/\/ondauno.com.ar\/#\/schema\/person\/image\/\",\"url\":\"https:\/\/secure.gravatar.com\/avatar\/5f7254642ad81272e79a2e69653cfdfc?s=96&d=mm&r=g\",\"contentUrl\":\"https:\/\/secure.gravatar.com\/avatar\/5f7254642ad81272e79a2e69653cfdfc?s=96&d=mm&r=g\",\"caption\":\"fernando garcia\"},\"url\":\"https:\/\/ondauno.com.ar\/index.php\/author\/ondaunoeditor\/\"}]}<\/script>\n<!-- \/ Yoast SEO plugin. -->","yoast_head_json":{"title":"Educaci\u00f3n Bonaerense present\u00f3 los actos p\u00fablicos digitales para cargos docentes - 103.9 fm","robots":{"index":"index","follow":"follow","max-snippet":"max-snippet:-1","max-image-preview":"max-image-preview:large","max-video-preview":"max-video-preview:-1"},"canonical":"https:\/\/ondauno.com.ar\/index.php\/2020\/08\/13\/educacion-bonaerense-presento-los-actos-publicos-digitales-para-cargos-docentes\/","og_locale":"es_ES","og_type":"article","og_title":"Educaci\u00f3n Bonaerense present\u00f3 los actos p\u00fablicos digitales para cargos docentes - 103.9 fm","og_description":"Por primera vez en la historia, las y los educadores tomar\u00e1n cargos de manera virtual. La Direcci\u00f3n General de Cultura y Educaci\u00f3n desarroll\u00f3 una aplicaci\u00f3n que funciona desde su portal educativo. Las postulaciones comienzan el 14 de agosto. Los Actos P\u00fablicos Digitales para la cobertura de cargos de base comienzan el 14 de agosto. Este [&hellip;]","og_url":"https:\/\/ondauno.com.ar\/index.php\/2020\/08\/13\/educacion-bonaerense-presento-los-actos-publicos-digitales-para-cargos-docentes\/","og_site_name":"103.9 fm","article_publisher":"https:\/\/www.facebook.com\/ondauno103.9","article_published_time":"2020-08-13T13:04:20+00:00","article_modified_time":"2020-08-13T13:04:22+00:00","og_image":[{"width":300,"height":168,"url":"https:\/\/ondauno.com.ar\/wp-content\/uploads\/2020\/08\/braccia-actos-publicos.jpg","type":"image\/jpeg"}],"author":"fernando garcia","twitter_card":"summary_large_image","twitter_misc":{"Escrito por":"fernando garcia","Tiempo de lectura":"3 minutos"},"schema":{"@context":"https:\/\/schema.org","@graph":[{"@type":"WebPage","@id":"https:\/\/ondauno.com.ar\/index.php\/2020\/08\/13\/educacion-bonaerense-presento-los-actos-publicos-digitales-para-cargos-docentes\/","url":"https:\/\/ondauno.com.ar\/index.php\/2020\/08\/13\/educacion-bonaerense-presento-los-actos-publicos-digitales-para-cargos-docentes\/","name":"Educaci\u00f3n Bonaerense present\u00f3 los actos p\u00fablicos digitales para cargos docentes - 103.9 fm","isPartOf":{"@id":"https:\/\/ondauno.com.ar\/#website"},"primaryImageOfPage":{"@id":"https:\/\/ondauno.com.ar\/index.php\/2020\/08\/13\/educacion-bonaerense-presento-los-actos-publicos-digitales-para-cargos-docentes\/#primaryimage"},"image":{"@id":"https:\/\/ondauno.com.ar\/index.php\/2020\/08\/13\/educacion-bonaerense-presento-los-actos-publicos-digitales-para-cargos-docentes\/#primaryimage"},"thumbnailUrl":"https:\/\/ondauno.com.ar\/wp-content\/uploads\/2020\/08\/braccia-actos-publicos.jpg","datePublished":"2020-08-13T13:04:20+00:00","dateModified":"2020-08-13T13:04:22+00:00","author":{"@id":"https:\/\/ondauno.com.ar\/#\/schema\/person\/201d1b68e6c75e0fd396fe5f8af5d139"},"breadcrumb":{"@id":"https:\/\/ondauno.com.ar\/index.php\/2020\/08\/13\/educacion-bonaerense-presento-los-actos-publicos-digitales-para-cargos-docentes\/#breadcrumb"},"inLanguage":"es-AR","potentialAction":[{"@type":"ReadAction","target":["https:\/\/ondauno.com.ar\/index.php\/2020\/08\/13\/educacion-bonaerense-presento-los-actos-publicos-digitales-para-cargos-docentes\/"]}]},{"@type":"ImageObject","inLanguage":"es-AR","@id":"https:\/\/ondauno.com.ar\/index.php\/2020\/08\/13\/educacion-bonaerense-presento-los-actos-publicos-digitales-para-cargos-docentes\/#primaryimage","url":"https:\/\/ondauno.com.ar\/wp-content\/uploads\/2020\/08\/braccia-actos-publicos.jpg","contentUrl":"https:\/\/ondauno.com.ar\/wp-content\/uploads\/2020\/08\/braccia-actos-publicos.jpg","width":300,"height":168},{"@type":"BreadcrumbList","@id":"https:\/\/ondauno.com.ar\/index.php\/2020\/08\/13\/educacion-bonaerense-presento-los-actos-publicos-digitales-para-cargos-docentes\/#breadcrumb","itemListElement":[{"@type":"ListItem","position":1,"name":"Inicio","item":"https:\/\/ondauno.com.ar\/"},{"@type":"ListItem","position":2,"name":"Educaci\u00f3n Bonaerense present\u00f3 los actos p\u00fablicos digitales para cargos docentes"}]},{"@type":"WebSite","@id":"https:\/\/ondauno.com.ar\/#website","url":"https:\/\/ondauno.com.ar\/","name":"103.9 fm","description":"LA PRIMERA RADIO MULTIMEDIA DE TRES ARROYOS","potentialAction":[{"@type":"SearchAction","target":{"@type":"EntryPoint","urlTemplate":"https:\/\/ondauno.com.ar\/?s={search_term_string}"},"query-input":"required name=search_term_string"}],"inLanguage":"es-AR"},{"@type":"Person","@id":"https:\/\/ondauno.com.ar\/#\/schema\/person\/201d1b68e6c75e0fd396fe5f8af5d139","name":"fernando garcia","image":{"@type":"ImageObject","inLanguage":"es-AR","@id":"https:\/\/ondauno.com.ar\/#\/schema\/person\/image\/","url":"https:\/\/secure.gravatar.com\/avatar\/5f7254642ad81272e79a2e69653cfdfc?s=96&d=mm&r=g","contentUrl":"https:\/\/secure.gravatar.com\/avatar\/5f7254642ad81272e79a2e69653cfdfc?s=96&d=mm&r=g","caption":"fernando garcia"},"url":"https:\/\/ondauno.com.ar\/index.php\/author\/ondaunoeditor\/"}]}},"jetpack_publicize_connections":[],"jetpack_featured_media_url":"https:\/\/ondauno.com.ar\/wp-content\/uploads\/2020\/08\/braccia-actos-publicos.jpg","jetpack_sharing_enabled":true,"_links":{"self":[{"href":"https:\/\/ondauno.com.ar\/index.php\/wp-json\/wp\/v2\/posts\/14226","targetHints":{"allow":["GET"]}}],"collection":[{"href":"https:\/\/ondauno.com.ar\/index.php\/wp-json\/wp\/v2\/posts"}],"about":[{"href":"https:\/\/ondauno.com.ar\/index.php\/wp-json\/wp\/v2\/types\/post"}],"author":[{"embeddable":true,"href":"https:\/\/ondauno.com.ar\/index.php\/wp-json\/wp\/v2\/users\/2"}],"replies":[{"embeddable":true,"href":"https:\/\/ondauno.com.ar\/index.php\/wp-json\/wp\/v2\/comments?post=14226"}],"version-history":[{"count":0,"href":"https:\/\/ondauno.com.ar\/index.php\/wp-json\/wp\/v2\/posts\/14226\/revisions"}],"wp:featuredmedia":[{"embeddable":true,"href":"https:\/\/ondauno.com.ar\/index.php\/wp-json\/wp\/v2\/media\/14227"}],"wp:attachment":[{"href":"https:\/\/ondauno.com.ar\/index.php\/wp-json\/wp\/v2\/media?parent=14226"}],"wp:term":[{"taxonomy":"category","embeddable":true,"href":"https:\/\/ondauno.com.ar\/index.php\/wp-json\/wp\/v2\/categories?post=14226"},{"taxonomy":"post_tag","embeddable":true,"href":"https:\/\/ondauno.com.ar\/index.php\/wp-json\/wp\/v2\/tags?post=14226"}],"curies":[{"name":"wp","href":"https:\/\/api.w.org\/{rel}","templated":true}]}}