{"id":14218,"date":"2020-08-13T09:51:14","date_gmt":"2020-08-13T12:51:14","guid":{"rendered":"http:\/\/ondauno.com.ar\/?p=14218"},"modified":"2020-08-13T09:51:18","modified_gmt":"2020-08-13T12:51:18","slug":"nacion-y-provincia-firmaron-el-acuerdo-para-reactivar-la-transformacion-en-autovia-de-dos-rutas-del-corredor-atlantico-bonaerense","status":"publish","type":"post","link":"https:\/\/ondauno.com.ar\/index.php\/2020\/08\/13\/nacion-y-provincia-firmaron-el-acuerdo-para-reactivar-la-transformacion-en-autovia-de-dos-rutas-del-corredor-atlantico-bonaerense\/","title":{"rendered":"Naci\u00f3n y Provincia firmaron el acuerdo para reactivar la transformaci\u00f3n en autov\u00eda de dos rutas del Corredor Atl\u00e1ntico bonaerense"},"content":{"rendered":"<div class=\"ondau-before-content_3\" style=\"margin-top: -30px;\" id=\"ondau-4249836358\"><a href=\"https:\/\/www.lps.com.ar\/\" aria-label=\"la-perse2\"><img loading=\"lazy\" decoding=\"async\" src=\"https:\/\/ondauno.com.ar\/wp-content\/uploads\/2021\/10\/la-perse2.jpg\" alt=\"\"  srcset=\"https:\/\/ondauno.com.ar\/wp-content\/uploads\/2021\/10\/la-perse2.jpg 1353w, https:\/\/ondauno.com.ar\/wp-content\/uploads\/2021\/10\/la-perse2-300x43.jpg 300w, https:\/\/ondauno.com.ar\/wp-content\/uploads\/2021\/10\/la-perse2-1024x148.jpg 1024w, https:\/\/ondauno.com.ar\/wp-content\/uploads\/2021\/10\/la-perse2-768x111.jpg 768w, https:\/\/ondauno.com.ar\/wp-content\/uploads\/2021\/10\/la-perse2-696x100.jpg 696w, https:\/\/ondauno.com.ar\/wp-content\/uploads\/2021\/10\/la-perse2-1068x154.jpg 1068w\" sizes=\"(max-width: 1353px) 100vw, 1353px\" class=\"no-lazyload\" width=\"1353\" height=\"195\"  style=\"display: inline-block;\" \/><\/a><\/div>\n<p><\/p>\n\n\n\n<figure class=\"wp-block-image\"><img loading=\"lazy\" decoding=\"async\" width=\"725\" height=\"1024\" data-src=\"http:\/\/ondauno.com.ar\/wp-content\/uploads\/2020\/08\/Naci\u00f3n-y-Provincia-firmaron-el-acuerdo-para-reactivar-la-transformaci\u00f3n-en-autov\u00eda-de-dos-rutas-del-Corredor-Atl\u00e1ntico-bonaerense-1_page-0001-725x1024.jpg\" alt=\"\" class=\"wp-image-14219 lazyload\" data-srcset=\"https:\/\/ondauno.com.ar\/wp-content\/uploads\/2020\/08\/Naci\u00f3n-y-Provincia-firmaron-el-acuerdo-para-reactivar-la-transformaci\u00f3n-en-autov\u00eda-de-dos-rutas-del-Corredor-Atl\u00e1ntico-bonaerense-1_page-0001-725x1024.jpg 725w, https:\/\/ondauno.com.ar\/wp-content\/uploads\/2020\/08\/Naci\u00f3n-y-Provincia-firmaron-el-acuerdo-para-reactivar-la-transformaci\u00f3n-en-autov\u00eda-de-dos-rutas-del-Corredor-Atl\u00e1ntico-bonaerense-1_page-0001-212x300.jpg 212w, https:\/\/ondauno.com.ar\/wp-content\/uploads\/2020\/08\/Naci\u00f3n-y-Provincia-firmaron-el-acuerdo-para-reactivar-la-transformaci\u00f3n-en-autov\u00eda-de-dos-rutas-del-Corredor-Atl\u00e1ntico-bonaerense-1_page-0001-768x1085.jpg 768w, https:\/\/ondauno.com.ar\/wp-content\/uploads\/2020\/08\/Naci\u00f3n-y-Provincia-firmaron-el-acuerdo-para-reactivar-la-transformaci\u00f3n-en-autov\u00eda-de-dos-rutas-del-Corredor-Atl\u00e1ntico-bonaerense-1_page-0001-696x984.jpg 696w, https:\/\/ondauno.com.ar\/wp-content\/uploads\/2020\/08\/Naci\u00f3n-y-Provincia-firmaron-el-acuerdo-para-reactivar-la-transformaci\u00f3n-en-autov\u00eda-de-dos-rutas-del-Corredor-Atl\u00e1ntico-bonaerense-1_page-0001-1068x1509.jpg 1068w, https:\/\/ondauno.com.ar\/wp-content\/uploads\/2020\/08\/Naci\u00f3n-y-Provincia-firmaron-el-acuerdo-para-reactivar-la-transformaci\u00f3n-en-autov\u00eda-de-dos-rutas-del-Corredor-Atl\u00e1ntico-bonaerense-1_page-0001-297x420.jpg 297w, https:\/\/ondauno.com.ar\/wp-content\/uploads\/2020\/08\/Naci\u00f3n-y-Provincia-firmaron-el-acuerdo-para-reactivar-la-transformaci\u00f3n-en-autov\u00eda-de-dos-rutas-del-Corredor-Atl\u00e1ntico-bonaerense-1_page-0001.jpg 1241w\" data-sizes=\"auto, (max-width: 725px) 100vw, 725px\" src=\"data:image\/gif;base64,R0lGODlhAQABAAAAACH5BAEKAAEALAAAAAABAAEAAAICTAEAOw==\" style=\"--smush-placeholder-width: 725px; --smush-placeholder-aspect-ratio: 725\/1024;\" \/><noscript><img loading=\"lazy\" decoding=\"async\" width=\"725\" height=\"1024\" src=\"http:\/\/ondauno.com.ar\/wp-content\/uploads\/2020\/08\/Naci\u00f3n-y-Provincia-firmaron-el-acuerdo-para-reactivar-la-transformaci\u00f3n-en-autov\u00eda-de-dos-rutas-del-Corredor-Atl\u00e1ntico-bonaerense-1_page-0001-725x1024.jpg\" alt=\"\" class=\"wp-image-14219\" srcset=\"https:\/\/ondauno.com.ar\/wp-content\/uploads\/2020\/08\/Naci\u00f3n-y-Provincia-firmaron-el-acuerdo-para-reactivar-la-transformaci\u00f3n-en-autov\u00eda-de-dos-rutas-del-Corredor-Atl\u00e1ntico-bonaerense-1_page-0001-725x1024.jpg 725w, https:\/\/ondauno.com.ar\/wp-content\/uploads\/2020\/08\/Naci\u00f3n-y-Provincia-firmaron-el-acuerdo-para-reactivar-la-transformaci\u00f3n-en-autov\u00eda-de-dos-rutas-del-Corredor-Atl\u00e1ntico-bonaerense-1_page-0001-212x300.jpg 212w, https:\/\/ondauno.com.ar\/wp-content\/uploads\/2020\/08\/Naci\u00f3n-y-Provincia-firmaron-el-acuerdo-para-reactivar-la-transformaci\u00f3n-en-autov\u00eda-de-dos-rutas-del-Corredor-Atl\u00e1ntico-bonaerense-1_page-0001-768x1085.jpg 768w, https:\/\/ondauno.com.ar\/wp-content\/uploads\/2020\/08\/Naci\u00f3n-y-Provincia-firmaron-el-acuerdo-para-reactivar-la-transformaci\u00f3n-en-autov\u00eda-de-dos-rutas-del-Corredor-Atl\u00e1ntico-bonaerense-1_page-0001-696x984.jpg 696w, https:\/\/ondauno.com.ar\/wp-content\/uploads\/2020\/08\/Naci\u00f3n-y-Provincia-firmaron-el-acuerdo-para-reactivar-la-transformaci\u00f3n-en-autov\u00eda-de-dos-rutas-del-Corredor-Atl\u00e1ntico-bonaerense-1_page-0001-1068x1509.jpg 1068w, https:\/\/ondauno.com.ar\/wp-content\/uploads\/2020\/08\/Naci\u00f3n-y-Provincia-firmaron-el-acuerdo-para-reactivar-la-transformaci\u00f3n-en-autov\u00eda-de-dos-rutas-del-Corredor-Atl\u00e1ntico-bonaerense-1_page-0001-297x420.jpg 297w, https:\/\/ondauno.com.ar\/wp-content\/uploads\/2020\/08\/Naci\u00f3n-y-Provincia-firmaron-el-acuerdo-para-reactivar-la-transformaci\u00f3n-en-autov\u00eda-de-dos-rutas-del-Corredor-Atl\u00e1ntico-bonaerense-1_page-0001.jpg 1241w\" sizes=\"auto, (max-width: 725px) 100vw, 725px\" \/><\/noscript><\/figure>\n\n\n\n<p><em>Se trata de una obra fundamental para el desarrollo tur\u00edstico y econ\u00f3mico de las localidades costeras. Adem\u00e1s, funcionarios de ambas administraciones evaluaron el avance de los principales proyectos de infraestructura vial en Buenos Aires.<\/em><\/p>\n\n\n\n<figure class=\"wp-block-image\"><img loading=\"lazy\" decoding=\"async\" width=\"725\" height=\"1024\" data-src=\"http:\/\/ondauno.com.ar\/wp-content\/uploads\/2020\/08\/Naci\u00f3n-y-Provincia-firmaron-el-acuerdo-para-reactivar-la-transformaci\u00f3n-en-autov\u00eda-de-dos-rutas-del-Corredor-Atl\u00e1ntico-bonaerense-1_page-0002-725x1024.jpg\" alt=\"\" class=\"wp-image-14220 lazyload\" data-srcset=\"https:\/\/ondauno.com.ar\/wp-content\/uploads\/2020\/08\/Naci\u00f3n-y-Provincia-firmaron-el-acuerdo-para-reactivar-la-transformaci\u00f3n-en-autov\u00eda-de-dos-rutas-del-Corredor-Atl\u00e1ntico-bonaerense-1_page-0002-725x1024.jpg 725w, https:\/\/ondauno.com.ar\/wp-content\/uploads\/2020\/08\/Naci\u00f3n-y-Provincia-firmaron-el-acuerdo-para-reactivar-la-transformaci\u00f3n-en-autov\u00eda-de-dos-rutas-del-Corredor-Atl\u00e1ntico-bonaerense-1_page-0002-212x300.jpg 212w, https:\/\/ondauno.com.ar\/wp-content\/uploads\/2020\/08\/Naci\u00f3n-y-Provincia-firmaron-el-acuerdo-para-reactivar-la-transformaci\u00f3n-en-autov\u00eda-de-dos-rutas-del-Corredor-Atl\u00e1ntico-bonaerense-1_page-0002-768x1085.jpg 768w, https:\/\/ondauno.com.ar\/wp-content\/uploads\/2020\/08\/Naci\u00f3n-y-Provincia-firmaron-el-acuerdo-para-reactivar-la-transformaci\u00f3n-en-autov\u00eda-de-dos-rutas-del-Corredor-Atl\u00e1ntico-bonaerense-1_page-0002-696x984.jpg 696w, https:\/\/ondauno.com.ar\/wp-content\/uploads\/2020\/08\/Naci\u00f3n-y-Provincia-firmaron-el-acuerdo-para-reactivar-la-transformaci\u00f3n-en-autov\u00eda-de-dos-rutas-del-Corredor-Atl\u00e1ntico-bonaerense-1_page-0002-1068x1509.jpg 1068w, https:\/\/ondauno.com.ar\/wp-content\/uploads\/2020\/08\/Naci\u00f3n-y-Provincia-firmaron-el-acuerdo-para-reactivar-la-transformaci\u00f3n-en-autov\u00eda-de-dos-rutas-del-Corredor-Atl\u00e1ntico-bonaerense-1_page-0002-297x420.jpg 297w, https:\/\/ondauno.com.ar\/wp-content\/uploads\/2020\/08\/Naci\u00f3n-y-Provincia-firmaron-el-acuerdo-para-reactivar-la-transformaci\u00f3n-en-autov\u00eda-de-dos-rutas-del-Corredor-Atl\u00e1ntico-bonaerense-1_page-0002.jpg 1241w\" data-sizes=\"auto, (max-width: 725px) 100vw, 725px\" src=\"data:image\/gif;base64,R0lGODlhAQABAAAAACH5BAEKAAEALAAAAAABAAEAAAICTAEAOw==\" style=\"--smush-placeholder-width: 725px; --smush-placeholder-aspect-ratio: 725\/1024;\" \/><noscript><img loading=\"lazy\" decoding=\"async\" width=\"725\" height=\"1024\" src=\"http:\/\/ondauno.com.ar\/wp-content\/uploads\/2020\/08\/Naci\u00f3n-y-Provincia-firmaron-el-acuerdo-para-reactivar-la-transformaci\u00f3n-en-autov\u00eda-de-dos-rutas-del-Corredor-Atl\u00e1ntico-bonaerense-1_page-0002-725x1024.jpg\" alt=\"\" class=\"wp-image-14220\" srcset=\"https:\/\/ondauno.com.ar\/wp-content\/uploads\/2020\/08\/Naci\u00f3n-y-Provincia-firmaron-el-acuerdo-para-reactivar-la-transformaci\u00f3n-en-autov\u00eda-de-dos-rutas-del-Corredor-Atl\u00e1ntico-bonaerense-1_page-0002-725x1024.jpg 725w, https:\/\/ondauno.com.ar\/wp-content\/uploads\/2020\/08\/Naci\u00f3n-y-Provincia-firmaron-el-acuerdo-para-reactivar-la-transformaci\u00f3n-en-autov\u00eda-de-dos-rutas-del-Corredor-Atl\u00e1ntico-bonaerense-1_page-0002-212x300.jpg 212w, https:\/\/ondauno.com.ar\/wp-content\/uploads\/2020\/08\/Naci\u00f3n-y-Provincia-firmaron-el-acuerdo-para-reactivar-la-transformaci\u00f3n-en-autov\u00eda-de-dos-rutas-del-Corredor-Atl\u00e1ntico-bonaerense-1_page-0002-768x1085.jpg 768w, https:\/\/ondauno.com.ar\/wp-content\/uploads\/2020\/08\/Naci\u00f3n-y-Provincia-firmaron-el-acuerdo-para-reactivar-la-transformaci\u00f3n-en-autov\u00eda-de-dos-rutas-del-Corredor-Atl\u00e1ntico-bonaerense-1_page-0002-696x984.jpg 696w, https:\/\/ondauno.com.ar\/wp-content\/uploads\/2020\/08\/Naci\u00f3n-y-Provincia-firmaron-el-acuerdo-para-reactivar-la-transformaci\u00f3n-en-autov\u00eda-de-dos-rutas-del-Corredor-Atl\u00e1ntico-bonaerense-1_page-0002-1068x1509.jpg 1068w, https:\/\/ondauno.com.ar\/wp-content\/uploads\/2020\/08\/Naci\u00f3n-y-Provincia-firmaron-el-acuerdo-para-reactivar-la-transformaci\u00f3n-en-autov\u00eda-de-dos-rutas-del-Corredor-Atl\u00e1ntico-bonaerense-1_page-0002-297x420.jpg 297w, https:\/\/ondauno.com.ar\/wp-content\/uploads\/2020\/08\/Naci\u00f3n-y-Provincia-firmaron-el-acuerdo-para-reactivar-la-transformaci\u00f3n-en-autov\u00eda-de-dos-rutas-del-Corredor-Atl\u00e1ntico-bonaerense-1_page-0002.jpg 1241w\" sizes=\"auto, (max-width: 725px) 100vw, 725px\" \/><\/noscript><\/figure>\n\n\n\n<p>El administrador general de Vialidad Nacional, Gustavo Arrieta, y el ministro de Infraestructura de la provincia de Buenos Aires, Agust\u00edn Simone, mantuvieron este mi\u00e9rcoles una reuni\u00f3n de gesti\u00f3n para evaluar el avance de la agenda de obras viales con eje en el fortalecimiento de la producci\u00f3n, la conectividad y la seguridad en territorio bonaerense.<\/p>\n\n\n\n<figure class=\"wp-block-image\"><img loading=\"lazy\" decoding=\"async\" width=\"1024\" height=\"576\" data-src=\"http:\/\/ondauno.com.ar\/wp-content\/uploads\/2020\/08\/Naci\u00f3n-y-Provincia-firmaron-el-acuerdo-para-reactivar-la-transformaci\u00f3n-en-autov\u00eda-de-dos-rutas-del-Corredor-Atl\u00e1ntico-bonaerense-IV-1024x576.jpeg\" alt=\"\" class=\"wp-image-14221 lazyload\" data-srcset=\"https:\/\/ondauno.com.ar\/wp-content\/uploads\/2020\/08\/Naci\u00f3n-y-Provincia-firmaron-el-acuerdo-para-reactivar-la-transformaci\u00f3n-en-autov\u00eda-de-dos-rutas-del-Corredor-Atl\u00e1ntico-bonaerense-IV-1024x576.jpeg 1024w, https:\/\/ondauno.com.ar\/wp-content\/uploads\/2020\/08\/Naci\u00f3n-y-Provincia-firmaron-el-acuerdo-para-reactivar-la-transformaci\u00f3n-en-autov\u00eda-de-dos-rutas-del-Corredor-Atl\u00e1ntico-bonaerense-IV-300x169.jpeg 300w, https:\/\/ondauno.com.ar\/wp-content\/uploads\/2020\/08\/Naci\u00f3n-y-Provincia-firmaron-el-acuerdo-para-reactivar-la-transformaci\u00f3n-en-autov\u00eda-de-dos-rutas-del-Corredor-Atl\u00e1ntico-bonaerense-IV-768x432.jpeg 768w, https:\/\/ondauno.com.ar\/wp-content\/uploads\/2020\/08\/Naci\u00f3n-y-Provincia-firmaron-el-acuerdo-para-reactivar-la-transformaci\u00f3n-en-autov\u00eda-de-dos-rutas-del-Corredor-Atl\u00e1ntico-bonaerense-IV-696x392.jpeg 696w, https:\/\/ondauno.com.ar\/wp-content\/uploads\/2020\/08\/Naci\u00f3n-y-Provincia-firmaron-el-acuerdo-para-reactivar-la-transformaci\u00f3n-en-autov\u00eda-de-dos-rutas-del-Corredor-Atl\u00e1ntico-bonaerense-IV-1068x601.jpeg 1068w, https:\/\/ondauno.com.ar\/wp-content\/uploads\/2020\/08\/Naci\u00f3n-y-Provincia-firmaron-el-acuerdo-para-reactivar-la-transformaci\u00f3n-en-autov\u00eda-de-dos-rutas-del-Corredor-Atl\u00e1ntico-bonaerense-IV-747x420.jpeg 747w, https:\/\/ondauno.com.ar\/wp-content\/uploads\/2020\/08\/Naci\u00f3n-y-Provincia-firmaron-el-acuerdo-para-reactivar-la-transformaci\u00f3n-en-autov\u00eda-de-dos-rutas-del-Corredor-Atl\u00e1ntico-bonaerense-IV.jpeg 1280w\" data-sizes=\"auto, (max-width: 1024px) 100vw, 1024px\" src=\"data:image\/gif;base64,R0lGODlhAQABAAAAACH5BAEKAAEALAAAAAABAAEAAAICTAEAOw==\" style=\"--smush-placeholder-width: 1024px; --smush-placeholder-aspect-ratio: 1024\/576;\" \/><noscript><img loading=\"lazy\" decoding=\"async\" width=\"1024\" height=\"576\" src=\"http:\/\/ondauno.com.ar\/wp-content\/uploads\/2020\/08\/Naci\u00f3n-y-Provincia-firmaron-el-acuerdo-para-reactivar-la-transformaci\u00f3n-en-autov\u00eda-de-dos-rutas-del-Corredor-Atl\u00e1ntico-bonaerense-IV-1024x576.jpeg\" alt=\"\" class=\"wp-image-14221\" srcset=\"https:\/\/ondauno.com.ar\/wp-content\/uploads\/2020\/08\/Naci\u00f3n-y-Provincia-firmaron-el-acuerdo-para-reactivar-la-transformaci\u00f3n-en-autov\u00eda-de-dos-rutas-del-Corredor-Atl\u00e1ntico-bonaerense-IV-1024x576.jpeg 1024w, https:\/\/ondauno.com.ar\/wp-content\/uploads\/2020\/08\/Naci\u00f3n-y-Provincia-firmaron-el-acuerdo-para-reactivar-la-transformaci\u00f3n-en-autov\u00eda-de-dos-rutas-del-Corredor-Atl\u00e1ntico-bonaerense-IV-300x169.jpeg 300w, https:\/\/ondauno.com.ar\/wp-content\/uploads\/2020\/08\/Naci\u00f3n-y-Provincia-firmaron-el-acuerdo-para-reactivar-la-transformaci\u00f3n-en-autov\u00eda-de-dos-rutas-del-Corredor-Atl\u00e1ntico-bonaerense-IV-768x432.jpeg 768w, https:\/\/ondauno.com.ar\/wp-content\/uploads\/2020\/08\/Naci\u00f3n-y-Provincia-firmaron-el-acuerdo-para-reactivar-la-transformaci\u00f3n-en-autov\u00eda-de-dos-rutas-del-Corredor-Atl\u00e1ntico-bonaerense-IV-696x392.jpeg 696w, https:\/\/ondauno.com.ar\/wp-content\/uploads\/2020\/08\/Naci\u00f3n-y-Provincia-firmaron-el-acuerdo-para-reactivar-la-transformaci\u00f3n-en-autov\u00eda-de-dos-rutas-del-Corredor-Atl\u00e1ntico-bonaerense-IV-1068x601.jpeg 1068w, https:\/\/ondauno.com.ar\/wp-content\/uploads\/2020\/08\/Naci\u00f3n-y-Provincia-firmaron-el-acuerdo-para-reactivar-la-transformaci\u00f3n-en-autov\u00eda-de-dos-rutas-del-Corredor-Atl\u00e1ntico-bonaerense-IV-747x420.jpeg 747w, https:\/\/ondauno.com.ar\/wp-content\/uploads\/2020\/08\/Naci\u00f3n-y-Provincia-firmaron-el-acuerdo-para-reactivar-la-transformaci\u00f3n-en-autov\u00eda-de-dos-rutas-del-Corredor-Atl\u00e1ntico-bonaerense-IV.jpeg 1280w\" sizes=\"auto, (max-width: 1024px) 100vw, 1024px\" \/><\/noscript><\/figure>\n\n\n\n<p>En el marco del encuentro, los funcionarios dialogaron acerca de la reactivaci\u00f3n de la totalidad de la obra de la Autopista Presidente Per\u00f3n (tercer anillo de circunvalaci\u00f3n del AMBA), el avance de la licitaci\u00f3n de la autov\u00eda de la ruta provincial 6 (cuarto anillo de circunvalaci\u00f3n del AMBA) y la posibilidad de encarar las obras pendientes en las rutas provinciales 41 y 51, entre otros proyectos.<\/p>\n\n\n\n<figure class=\"wp-block-image\"><img loading=\"lazy\" decoding=\"async\" width=\"1024\" height=\"576\" data-src=\"http:\/\/ondauno.com.ar\/wp-content\/uploads\/2020\/08\/Naci\u00f3n-y-Provincia-firmaron-el-acuerdo-para-reactivar-la-transformaci\u00f3n-en-autov\u00eda-de-dos-rutas-del-Corredor-Atl\u00e1ntico-bonaerense-III-1024x576.jpeg\" alt=\"\" class=\"wp-image-14222 lazyload\" data-srcset=\"https:\/\/ondauno.com.ar\/wp-content\/uploads\/2020\/08\/Naci\u00f3n-y-Provincia-firmaron-el-acuerdo-para-reactivar-la-transformaci\u00f3n-en-autov\u00eda-de-dos-rutas-del-Corredor-Atl\u00e1ntico-bonaerense-III-1024x576.jpeg 1024w, https:\/\/ondauno.com.ar\/wp-content\/uploads\/2020\/08\/Naci\u00f3n-y-Provincia-firmaron-el-acuerdo-para-reactivar-la-transformaci\u00f3n-en-autov\u00eda-de-dos-rutas-del-Corredor-Atl\u00e1ntico-bonaerense-III-300x169.jpeg 300w, https:\/\/ondauno.com.ar\/wp-content\/uploads\/2020\/08\/Naci\u00f3n-y-Provincia-firmaron-el-acuerdo-para-reactivar-la-transformaci\u00f3n-en-autov\u00eda-de-dos-rutas-del-Corredor-Atl\u00e1ntico-bonaerense-III-768x432.jpeg 768w, https:\/\/ondauno.com.ar\/wp-content\/uploads\/2020\/08\/Naci\u00f3n-y-Provincia-firmaron-el-acuerdo-para-reactivar-la-transformaci\u00f3n-en-autov\u00eda-de-dos-rutas-del-Corredor-Atl\u00e1ntico-bonaerense-III-696x392.jpeg 696w, https:\/\/ondauno.com.ar\/wp-content\/uploads\/2020\/08\/Naci\u00f3n-y-Provincia-firmaron-el-acuerdo-para-reactivar-la-transformaci\u00f3n-en-autov\u00eda-de-dos-rutas-del-Corredor-Atl\u00e1ntico-bonaerense-III-1068x601.jpeg 1068w, https:\/\/ondauno.com.ar\/wp-content\/uploads\/2020\/08\/Naci\u00f3n-y-Provincia-firmaron-el-acuerdo-para-reactivar-la-transformaci\u00f3n-en-autov\u00eda-de-dos-rutas-del-Corredor-Atl\u00e1ntico-bonaerense-III-747x420.jpeg 747w, https:\/\/ondauno.com.ar\/wp-content\/uploads\/2020\/08\/Naci\u00f3n-y-Provincia-firmaron-el-acuerdo-para-reactivar-la-transformaci\u00f3n-en-autov\u00eda-de-dos-rutas-del-Corredor-Atl\u00e1ntico-bonaerense-III.jpeg 1280w\" data-sizes=\"auto, (max-width: 1024px) 100vw, 1024px\" src=\"data:image\/gif;base64,R0lGODlhAQABAAAAACH5BAEKAAEALAAAAAABAAEAAAICTAEAOw==\" style=\"--smush-placeholder-width: 1024px; --smush-placeholder-aspect-ratio: 1024\/576;\" \/><noscript><img loading=\"lazy\" decoding=\"async\" width=\"1024\" height=\"576\" src=\"http:\/\/ondauno.com.ar\/wp-content\/uploads\/2020\/08\/Naci\u00f3n-y-Provincia-firmaron-el-acuerdo-para-reactivar-la-transformaci\u00f3n-en-autov\u00eda-de-dos-rutas-del-Corredor-Atl\u00e1ntico-bonaerense-III-1024x576.jpeg\" alt=\"\" class=\"wp-image-14222\" srcset=\"https:\/\/ondauno.com.ar\/wp-content\/uploads\/2020\/08\/Naci\u00f3n-y-Provincia-firmaron-el-acuerdo-para-reactivar-la-transformaci\u00f3n-en-autov\u00eda-de-dos-rutas-del-Corredor-Atl\u00e1ntico-bonaerense-III-1024x576.jpeg 1024w, https:\/\/ondauno.com.ar\/wp-content\/uploads\/2020\/08\/Naci\u00f3n-y-Provincia-firmaron-el-acuerdo-para-reactivar-la-transformaci\u00f3n-en-autov\u00eda-de-dos-rutas-del-Corredor-Atl\u00e1ntico-bonaerense-III-300x169.jpeg 300w, https:\/\/ondauno.com.ar\/wp-content\/uploads\/2020\/08\/Naci\u00f3n-y-Provincia-firmaron-el-acuerdo-para-reactivar-la-transformaci\u00f3n-en-autov\u00eda-de-dos-rutas-del-Corredor-Atl\u00e1ntico-bonaerense-III-768x432.jpeg 768w, https:\/\/ondauno.com.ar\/wp-content\/uploads\/2020\/08\/Naci\u00f3n-y-Provincia-firmaron-el-acuerdo-para-reactivar-la-transformaci\u00f3n-en-autov\u00eda-de-dos-rutas-del-Corredor-Atl\u00e1ntico-bonaerense-III-696x392.jpeg 696w, https:\/\/ondauno.com.ar\/wp-content\/uploads\/2020\/08\/Naci\u00f3n-y-Provincia-firmaron-el-acuerdo-para-reactivar-la-transformaci\u00f3n-en-autov\u00eda-de-dos-rutas-del-Corredor-Atl\u00e1ntico-bonaerense-III-1068x601.jpeg 1068w, https:\/\/ondauno.com.ar\/wp-content\/uploads\/2020\/08\/Naci\u00f3n-y-Provincia-firmaron-el-acuerdo-para-reactivar-la-transformaci\u00f3n-en-autov\u00eda-de-dos-rutas-del-Corredor-Atl\u00e1ntico-bonaerense-III-747x420.jpeg 747w, https:\/\/ondauno.com.ar\/wp-content\/uploads\/2020\/08\/Naci\u00f3n-y-Provincia-firmaron-el-acuerdo-para-reactivar-la-transformaci\u00f3n-en-autov\u00eda-de-dos-rutas-del-Corredor-Atl\u00e1ntico-bonaerense-III.jpeg 1280w\" sizes=\"auto, (max-width: 1024px) 100vw, 1024px\" \/><\/noscript><\/figure>\n\n\n\n<p>Asimismo, los representantes de Naci\u00f3n y Provincia suscribieron el acuerdo para la reactivaci\u00f3n de la transformaci\u00f3n en autov\u00eda de las rutas provinciales 11 y 56, correspondientes al Corredor Atl\u00e1ntico. El mismo abarca en total unos 157 km y ser\u00e1 financiado por el Ministerio de Obras P\u00fablicas, a trav\u00e9s de Vialidad Nacional, por un monto superior a los $4.700 millones.<\/p>\n\n\n\n<p>El proyecto, que se encuentra paralizado desde septiembre de 2019, contempla 95 km de la ruta provincial 11, entre General Conesa y San Clemente del Tuy\u00fa, y 62 km de la ruta provincial 56, desde General Conesa hasta General Madariaga. La construcci\u00f3n de la autov\u00eda reiniciar\u00e1 en noviembre de este a\u00f1o y tendr\u00e1 un plazo de ejecuci\u00f3n de entre 6 a 10 meses.<\/p>\n\n\n\n<figure class=\"wp-block-image\"><img loading=\"lazy\" decoding=\"async\" width=\"1024\" height=\"575\" data-src=\"http:\/\/ondauno.com.ar\/wp-content\/uploads\/2020\/08\/Naci\u00f3n-y-Provincia-firmaron-el-acuerdo-para-reactivar-la-transformaci\u00f3n-en-autov\u00eda-de-dos-rutas-del-Corredor-Atl\u00e1ntico-bonaerense-II-1024x575.jpeg\" alt=\"\" class=\"wp-image-14223 lazyload\" data-srcset=\"https:\/\/ondauno.com.ar\/wp-content\/uploads\/2020\/08\/Naci\u00f3n-y-Provincia-firmaron-el-acuerdo-para-reactivar-la-transformaci\u00f3n-en-autov\u00eda-de-dos-rutas-del-Corredor-Atl\u00e1ntico-bonaerense-II-1024x575.jpeg 1024w, https:\/\/ondauno.com.ar\/wp-content\/uploads\/2020\/08\/Naci\u00f3n-y-Provincia-firmaron-el-acuerdo-para-reactivar-la-transformaci\u00f3n-en-autov\u00eda-de-dos-rutas-del-Corredor-Atl\u00e1ntico-bonaerense-II-300x169.jpeg 300w, https:\/\/ondauno.com.ar\/wp-content\/uploads\/2020\/08\/Naci\u00f3n-y-Provincia-firmaron-el-acuerdo-para-reactivar-la-transformaci\u00f3n-en-autov\u00eda-de-dos-rutas-del-Corredor-Atl\u00e1ntico-bonaerense-II-768x431.jpeg 768w, https:\/\/ondauno.com.ar\/wp-content\/uploads\/2020\/08\/Naci\u00f3n-y-Provincia-firmaron-el-acuerdo-para-reactivar-la-transformaci\u00f3n-en-autov\u00eda-de-dos-rutas-del-Corredor-Atl\u00e1ntico-bonaerense-II-696x391.jpeg 696w, https:\/\/ondauno.com.ar\/wp-content\/uploads\/2020\/08\/Naci\u00f3n-y-Provincia-firmaron-el-acuerdo-para-reactivar-la-transformaci\u00f3n-en-autov\u00eda-de-dos-rutas-del-Corredor-Atl\u00e1ntico-bonaerense-II-1068x600.jpeg 1068w, https:\/\/ondauno.com.ar\/wp-content\/uploads\/2020\/08\/Naci\u00f3n-y-Provincia-firmaron-el-acuerdo-para-reactivar-la-transformaci\u00f3n-en-autov\u00eda-de-dos-rutas-del-Corredor-Atl\u00e1ntico-bonaerense-II-748x420.jpeg 748w, https:\/\/ondauno.com.ar\/wp-content\/uploads\/2020\/08\/Naci\u00f3n-y-Provincia-firmaron-el-acuerdo-para-reactivar-la-transformaci\u00f3n-en-autov\u00eda-de-dos-rutas-del-Corredor-Atl\u00e1ntico-bonaerense-II.jpeg 1280w\" data-sizes=\"auto, (max-width: 1024px) 100vw, 1024px\" src=\"data:image\/gif;base64,R0lGODlhAQABAAAAACH5BAEKAAEALAAAAAABAAEAAAICTAEAOw==\" style=\"--smush-placeholder-width: 1024px; --smush-placeholder-aspect-ratio: 1024\/575;\" \/><noscript><img loading=\"lazy\" decoding=\"async\" width=\"1024\" height=\"575\" src=\"http:\/\/ondauno.com.ar\/wp-content\/uploads\/2020\/08\/Naci\u00f3n-y-Provincia-firmaron-el-acuerdo-para-reactivar-la-transformaci\u00f3n-en-autov\u00eda-de-dos-rutas-del-Corredor-Atl\u00e1ntico-bonaerense-II-1024x575.jpeg\" alt=\"\" class=\"wp-image-14223\" srcset=\"https:\/\/ondauno.com.ar\/wp-content\/uploads\/2020\/08\/Naci\u00f3n-y-Provincia-firmaron-el-acuerdo-para-reactivar-la-transformaci\u00f3n-en-autov\u00eda-de-dos-rutas-del-Corredor-Atl\u00e1ntico-bonaerense-II-1024x575.jpeg 1024w, https:\/\/ondauno.com.ar\/wp-content\/uploads\/2020\/08\/Naci\u00f3n-y-Provincia-firmaron-el-acuerdo-para-reactivar-la-transformaci\u00f3n-en-autov\u00eda-de-dos-rutas-del-Corredor-Atl\u00e1ntico-bonaerense-II-300x169.jpeg 300w, https:\/\/ondauno.com.ar\/wp-content\/uploads\/2020\/08\/Naci\u00f3n-y-Provincia-firmaron-el-acuerdo-para-reactivar-la-transformaci\u00f3n-en-autov\u00eda-de-dos-rutas-del-Corredor-Atl\u00e1ntico-bonaerense-II-768x431.jpeg 768w, https:\/\/ondauno.com.ar\/wp-content\/uploads\/2020\/08\/Naci\u00f3n-y-Provincia-firmaron-el-acuerdo-para-reactivar-la-transformaci\u00f3n-en-autov\u00eda-de-dos-rutas-del-Corredor-Atl\u00e1ntico-bonaerense-II-696x391.jpeg 696w, https:\/\/ondauno.com.ar\/wp-content\/uploads\/2020\/08\/Naci\u00f3n-y-Provincia-firmaron-el-acuerdo-para-reactivar-la-transformaci\u00f3n-en-autov\u00eda-de-dos-rutas-del-Corredor-Atl\u00e1ntico-bonaerense-II-1068x600.jpeg 1068w, https:\/\/ondauno.com.ar\/wp-content\/uploads\/2020\/08\/Naci\u00f3n-y-Provincia-firmaron-el-acuerdo-para-reactivar-la-transformaci\u00f3n-en-autov\u00eda-de-dos-rutas-del-Corredor-Atl\u00e1ntico-bonaerense-II-748x420.jpeg 748w, https:\/\/ondauno.com.ar\/wp-content\/uploads\/2020\/08\/Naci\u00f3n-y-Provincia-firmaron-el-acuerdo-para-reactivar-la-transformaci\u00f3n-en-autov\u00eda-de-dos-rutas-del-Corredor-Atl\u00e1ntico-bonaerense-II.jpeg 1280w\" sizes=\"auto, (max-width: 1024px) 100vw, 1024px\" \/><\/noscript><\/figure>\n\n\n\n<p>\u201cHay una agenda que tiene que ver con la vida de los bonaerenses para el d\u00eda despu\u00e9s de la pandemia y queremos estar en carrera, empujando la obra p\u00fablica, que es una de las formas m\u00e1s efectivas que conocemos para multiplicar el trabajo y el consumo\u201d, manifest\u00f3&nbsp;<strong>Gustavo Arrieta<\/strong>, titular de Vialidad Nacional.<\/p>\n\n\n\n<p>Del encuentro tambi\u00e9n participaron el subadministrador de Vialidad Nacional, Alejandro Urdapilleta, el gerente general del organismo, Federico Stiz, el secretario de Obras P\u00fablicas de la provincia de Buenos Aires, Ernesto Selzer y el administrador general de la Direcci\u00f3n de Vialidad Provincial, Ra\u00fal Constantino.<\/p>\n\n\n\n<p>La transformaci\u00f3n en autov\u00eda de las rutas 11 y 56 mejorar\u00e1 significativamente las condiciones de circulaci\u00f3n y seguridad vial de los miles de turistas que todos los a\u00f1os visitan las localidades costeras de la provincia de Buenos Aires, que en temporada alta llega a alcanzar hasta los 50.000 veh\u00edculos por d\u00eda.<\/p>\n","protected":false},"excerpt":{"rendered":"<p>Se trata de una obra fundamental para el desarrollo tur\u00edstico y econ\u00f3mico de las localidades costeras. Adem\u00e1s, funcionarios de ambas administraciones evaluaron el avance de los principales proyectos de infraestructura vial en Buenos Aires. El administrador general de Vialidad Nacional, Gustavo Arrieta, y el ministro de Infraestructura de la provincia de Buenos Aires, Agust\u00edn Simone, [&hellip;]<\/p>\n","protected":false},"author":2,"featured_media":14224,"comment_status":"open","ping_status":"open","sticky":false,"template":"","format":"standard","meta":{"tdm_status":"","tdm_grid_status":"","_jetpack_memberships_contains_paid_content":false,"footnotes":"","jetpack_publicize_message":"","jetpack_publicize_feature_enabled":true,"jetpack_social_post_already_shared":false,"jetpack_social_options":{"image_generator_settings":{"template":"highway","default_image_id":0,"font":"","enabled":false},"version":2}},"categories":[1],"tags":[],"class_list":{"0":"post-14218","1":"post","2":"type-post","3":"status-publish","4":"format-standard","5":"has-post-thumbnail","7":"category-sin-categoria"},"yoast_head":"<!-- This site is optimized with the Yoast SEO plugin v22.7 - https:\/\/yoast.com\/wordpress\/plugins\/seo\/ -->\n<title>Naci\u00f3n y Provincia firmaron el acuerdo para reactivar la transformaci\u00f3n en autov\u00eda de dos rutas del Corredor Atl\u00e1ntico bonaerense - 103.9 fm<\/title>\n<meta name=\"robots\" content=\"index, follow, max-snippet:-1, max-image-preview:large, max-video-preview:-1\" \/>\n<link rel=\"canonical\" href=\"https:\/\/ondauno.com.ar\/index.php\/2020\/08\/13\/nacion-y-provincia-firmaron-el-acuerdo-para-reactivar-la-transformacion-en-autovia-de-dos-rutas-del-corredor-atlantico-bonaerense\/\" \/>\n<meta property=\"og:locale\" content=\"es_ES\" \/>\n<meta property=\"og:type\" content=\"article\" \/>\n<meta property=\"og:title\" content=\"Naci\u00f3n y Provincia firmaron el acuerdo para reactivar la transformaci\u00f3n en autov\u00eda de dos rutas del Corredor Atl\u00e1ntico bonaerense - 103.9 fm\" \/>\n<meta property=\"og:description\" content=\"Se trata de una obra fundamental para el desarrollo tur\u00edstico y econ\u00f3mico de las localidades costeras. Adem\u00e1s, funcionarios de ambas administraciones evaluaron el avance de los principales proyectos de infraestructura vial en Buenos Aires. El administrador general de Vialidad Nacional, Gustavo Arrieta, y el ministro de Infraestructura de la provincia de Buenos Aires, Agust\u00edn Simone, [&hellip;]\" \/>\n<meta property=\"og:url\" content=\"https:\/\/ondauno.com.ar\/index.php\/2020\/08\/13\/nacion-y-provincia-firmaron-el-acuerdo-para-reactivar-la-transformacion-en-autovia-de-dos-rutas-del-corredor-atlantico-bonaerense\/\" \/>\n<meta property=\"og:site_name\" content=\"103.9 fm\" \/>\n<meta property=\"article:publisher\" content=\"https:\/\/www.facebook.com\/ondauno103.9\" \/>\n<meta property=\"article:published_time\" content=\"2020-08-13T12:51:14+00:00\" \/>\n<meta property=\"article:modified_time\" content=\"2020-08-13T12:51:18+00:00\" \/>\n<meta property=\"og:image\" content=\"https:\/\/ondauno.com.ar\/wp-content\/uploads\/2020\/08\/Naci\u00f3n-y-Provincia-firmaron-el-acuerdo-para-reactivar-la-transformaci\u00f3n-en-autov\u00eda-de-dos-rutas-del-Corredor-Atl\u00e1ntico-bonaerense-I.jpeg\" \/>\n\t<meta property=\"og:image:width\" content=\"1280\" \/>\n\t<meta property=\"og:image:height\" content=\"719\" \/>\n\t<meta property=\"og:image:type\" content=\"image\/jpeg\" \/>\n<meta name=\"author\" content=\"fernando garcia\" \/>\n<meta name=\"twitter:card\" content=\"summary_large_image\" \/>\n<meta name=\"twitter:label1\" content=\"Escrito por\" \/>\n\t<meta name=\"twitter:data1\" content=\"fernando garcia\" \/>\n\t<meta name=\"twitter:label2\" content=\"Tiempo de lectura\" \/>\n\t<meta name=\"twitter:data2\" content=\"2 minutos\" \/>\n<script type=\"application\/ld+json\" class=\"yoast-schema-graph\">{\"@context\":\"https:\/\/schema.org\",\"@graph\":[{\"@type\":\"WebPage\",\"@id\":\"https:\/\/ondauno.com.ar\/index.php\/2020\/08\/13\/nacion-y-provincia-firmaron-el-acuerdo-para-reactivar-la-transformacion-en-autovia-de-dos-rutas-del-corredor-atlantico-bonaerense\/\",\"url\":\"https:\/\/ondauno.com.ar\/index.php\/2020\/08\/13\/nacion-y-provincia-firmaron-el-acuerdo-para-reactivar-la-transformacion-en-autovia-de-dos-rutas-del-corredor-atlantico-bonaerense\/\",\"name\":\"Naci\u00f3n y Provincia firmaron el acuerdo para reactivar la transformaci\u00f3n en autov\u00eda de dos rutas del Corredor Atl\u00e1ntico bonaerense - 103.9 fm\",\"isPartOf\":{\"@id\":\"https:\/\/ondauno.com.ar\/#website\"},\"primaryImageOfPage\":{\"@id\":\"https:\/\/ondauno.com.ar\/index.php\/2020\/08\/13\/nacion-y-provincia-firmaron-el-acuerdo-para-reactivar-la-transformacion-en-autovia-de-dos-rutas-del-corredor-atlantico-bonaerense\/#primaryimage\"},\"image\":{\"@id\":\"https:\/\/ondauno.com.ar\/index.php\/2020\/08\/13\/nacion-y-provincia-firmaron-el-acuerdo-para-reactivar-la-transformacion-en-autovia-de-dos-rutas-del-corredor-atlantico-bonaerense\/#primaryimage\"},\"thumbnailUrl\":\"https:\/\/ondauno.com.ar\/wp-content\/uploads\/2020\/08\/Naci\u00f3n-y-Provincia-firmaron-el-acuerdo-para-reactivar-la-transformaci\u00f3n-en-autov\u00eda-de-dos-rutas-del-Corredor-Atl\u00e1ntico-bonaerense-I.jpeg\",\"datePublished\":\"2020-08-13T12:51:14+00:00\",\"dateModified\":\"2020-08-13T12:51:18+00:00\",\"author\":{\"@id\":\"https:\/\/ondauno.com.ar\/#\/schema\/person\/201d1b68e6c75e0fd396fe5f8af5d139\"},\"breadcrumb\":{\"@id\":\"https:\/\/ondauno.com.ar\/index.php\/2020\/08\/13\/nacion-y-provincia-firmaron-el-acuerdo-para-reactivar-la-transformacion-en-autovia-de-dos-rutas-del-corredor-atlantico-bonaerense\/#breadcrumb\"},\"inLanguage\":\"es-AR\",\"potentialAction\":[{\"@type\":\"ReadAction\",\"target\":[\"https:\/\/ondauno.com.ar\/index.php\/2020\/08\/13\/nacion-y-provincia-firmaron-el-acuerdo-para-reactivar-la-transformacion-en-autovia-de-dos-rutas-del-corredor-atlantico-bonaerense\/\"]}]},{\"@type\":\"ImageObject\",\"inLanguage\":\"es-AR\",\"@id\":\"https:\/\/ondauno.com.ar\/index.php\/2020\/08\/13\/nacion-y-provincia-firmaron-el-acuerdo-para-reactivar-la-transformacion-en-autovia-de-dos-rutas-del-corredor-atlantico-bonaerense\/#primaryimage\",\"url\":\"https:\/\/ondauno.com.ar\/wp-content\/uploads\/2020\/08\/Naci\u00f3n-y-Provincia-firmaron-el-acuerdo-para-reactivar-la-transformaci\u00f3n-en-autov\u00eda-de-dos-rutas-del-Corredor-Atl\u00e1ntico-bonaerense-I.jpeg\",\"contentUrl\":\"https:\/\/ondauno.com.ar\/wp-content\/uploads\/2020\/08\/Naci\u00f3n-y-Provincia-firmaron-el-acuerdo-para-reactivar-la-transformaci\u00f3n-en-autov\u00eda-de-dos-rutas-del-Corredor-Atl\u00e1ntico-bonaerense-I.jpeg\",\"width\":1280,\"height\":719},{\"@type\":\"BreadcrumbList\",\"@id\":\"https:\/\/ondauno.com.ar\/index.php\/2020\/08\/13\/nacion-y-provincia-firmaron-el-acuerdo-para-reactivar-la-transformacion-en-autovia-de-dos-rutas-del-corredor-atlantico-bonaerense\/#breadcrumb\",\"itemListElement\":[{\"@type\":\"ListItem\",\"position\":1,\"name\":\"Inicio\",\"item\":\"https:\/\/ondauno.com.ar\/\"},{\"@type\":\"ListItem\",\"position\":2,\"name\":\"Naci\u00f3n y Provincia firmaron el acuerdo para reactivar la transformaci\u00f3n en autov\u00eda de dos rutas del Corredor Atl\u00e1ntico bonaerense\"}]},{\"@type\":\"WebSite\",\"@id\":\"https:\/\/ondauno.com.ar\/#website\",\"url\":\"https:\/\/ondauno.com.ar\/\",\"name\":\"103.9 fm\",\"description\":\"LA PRIMERA RADIO MULTIMEDIA DE TRES ARROYOS\",\"potentialAction\":[{\"@type\":\"SearchAction\",\"target\":{\"@type\":\"EntryPoint\",\"urlTemplate\":\"https:\/\/ondauno.com.ar\/?s={search_term_string}\"},\"query-input\":\"required name=search_term_string\"}],\"inLanguage\":\"es-AR\"},{\"@type\":\"Person\",\"@id\":\"https:\/\/ondauno.com.ar\/#\/schema\/person\/201d1b68e6c75e0fd396fe5f8af5d139\",\"name\":\"fernando garcia\",\"image\":{\"@type\":\"ImageObject\",\"inLanguage\":\"es-AR\",\"@id\":\"https:\/\/ondauno.com.ar\/#\/schema\/person\/image\/\",\"url\":\"https:\/\/secure.gravatar.com\/avatar\/5f7254642ad81272e79a2e69653cfdfc?s=96&d=mm&r=g\",\"contentUrl\":\"https:\/\/secure.gravatar.com\/avatar\/5f7254642ad81272e79a2e69653cfdfc?s=96&d=mm&r=g\",\"caption\":\"fernando garcia\"},\"url\":\"https:\/\/ondauno.com.ar\/index.php\/author\/ondaunoeditor\/\"}]}<\/script>\n<!-- \/ Yoast SEO plugin. -->","yoast_head_json":{"title":"Naci\u00f3n y Provincia firmaron el acuerdo para reactivar la transformaci\u00f3n en autov\u00eda de dos rutas del Corredor Atl\u00e1ntico bonaerense - 103.9 fm","robots":{"index":"index","follow":"follow","max-snippet":"max-snippet:-1","max-image-preview":"max-image-preview:large","max-video-preview":"max-video-preview:-1"},"canonical":"https:\/\/ondauno.com.ar\/index.php\/2020\/08\/13\/nacion-y-provincia-firmaron-el-acuerdo-para-reactivar-la-transformacion-en-autovia-de-dos-rutas-del-corredor-atlantico-bonaerense\/","og_locale":"es_ES","og_type":"article","og_title":"Naci\u00f3n y Provincia firmaron el acuerdo para reactivar la transformaci\u00f3n en autov\u00eda de dos rutas del Corredor Atl\u00e1ntico bonaerense - 103.9 fm","og_description":"Se trata de una obra fundamental para el desarrollo tur\u00edstico y econ\u00f3mico de las localidades costeras. Adem\u00e1s, funcionarios de ambas administraciones evaluaron el avance de los principales proyectos de infraestructura vial en Buenos Aires. El administrador general de Vialidad Nacional, Gustavo Arrieta, y el ministro de Infraestructura de la provincia de Buenos Aires, Agust\u00edn Simone, [&hellip;]","og_url":"https:\/\/ondauno.com.ar\/index.php\/2020\/08\/13\/nacion-y-provincia-firmaron-el-acuerdo-para-reactivar-la-transformacion-en-autovia-de-dos-rutas-del-corredor-atlantico-bonaerense\/","og_site_name":"103.9 fm","article_publisher":"https:\/\/www.facebook.com\/ondauno103.9","article_published_time":"2020-08-13T12:51:14+00:00","article_modified_time":"2020-08-13T12:51:18+00:00","og_image":[{"width":1280,"height":719,"url":"https:\/\/ondauno.com.ar\/wp-content\/uploads\/2020\/08\/Naci\u00f3n-y-Provincia-firmaron-el-acuerdo-para-reactivar-la-transformaci\u00f3n-en-autov\u00eda-de-dos-rutas-del-Corredor-Atl\u00e1ntico-bonaerense-I.jpeg","type":"image\/jpeg"}],"author":"fernando garcia","twitter_card":"summary_large_image","twitter_misc":{"Escrito por":"fernando garcia","Tiempo de lectura":"2 minutos"},"schema":{"@context":"https:\/\/schema.org","@graph":[{"@type":"WebPage","@id":"https:\/\/ondauno.com.ar\/index.php\/2020\/08\/13\/nacion-y-provincia-firmaron-el-acuerdo-para-reactivar-la-transformacion-en-autovia-de-dos-rutas-del-corredor-atlantico-bonaerense\/","url":"https:\/\/ondauno.com.ar\/index.php\/2020\/08\/13\/nacion-y-provincia-firmaron-el-acuerdo-para-reactivar-la-transformacion-en-autovia-de-dos-rutas-del-corredor-atlantico-bonaerense\/","name":"Naci\u00f3n y Provincia firmaron el acuerdo para reactivar la transformaci\u00f3n en autov\u00eda de dos rutas del Corredor Atl\u00e1ntico bonaerense - 103.9 fm","isPartOf":{"@id":"https:\/\/ondauno.com.ar\/#website"},"primaryImageOfPage":{"@id":"https:\/\/ondauno.com.ar\/index.php\/2020\/08\/13\/nacion-y-provincia-firmaron-el-acuerdo-para-reactivar-la-transformacion-en-autovia-de-dos-rutas-del-corredor-atlantico-bonaerense\/#primaryimage"},"image":{"@id":"https:\/\/ondauno.com.ar\/index.php\/2020\/08\/13\/nacion-y-provincia-firmaron-el-acuerdo-para-reactivar-la-transformacion-en-autovia-de-dos-rutas-del-corredor-atlantico-bonaerense\/#primaryimage"},"thumbnailUrl":"https:\/\/ondauno.com.ar\/wp-content\/uploads\/2020\/08\/Naci\u00f3n-y-Provincia-firmaron-el-acuerdo-para-reactivar-la-transformaci\u00f3n-en-autov\u00eda-de-dos-rutas-del-Corredor-Atl\u00e1ntico-bonaerense-I.jpeg","datePublished":"2020-08-13T12:51:14+00:00","dateModified":"2020-08-13T12:51:18+00:00","author":{"@id":"https:\/\/ondauno.com.ar\/#\/schema\/person\/201d1b68e6c75e0fd396fe5f8af5d139"},"breadcrumb":{"@id":"https:\/\/ondauno.com.ar\/index.php\/2020\/08\/13\/nacion-y-provincia-firmaron-el-acuerdo-para-reactivar-la-transformacion-en-autovia-de-dos-rutas-del-corredor-atlantico-bonaerense\/#breadcrumb"},"inLanguage":"es-AR","potentialAction":[{"@type":"ReadAction","target":["https:\/\/ondauno.com.ar\/index.php\/2020\/08\/13\/nacion-y-provincia-firmaron-el-acuerdo-para-reactivar-la-transformacion-en-autovia-de-dos-rutas-del-corredor-atlantico-bonaerense\/"]}]},{"@type":"ImageObject","inLanguage":"es-AR","@id":"https:\/\/ondauno.com.ar\/index.php\/2020\/08\/13\/nacion-y-provincia-firmaron-el-acuerdo-para-reactivar-la-transformacion-en-autovia-de-dos-rutas-del-corredor-atlantico-bonaerense\/#primaryimage","url":"https:\/\/ondauno.com.ar\/wp-content\/uploads\/2020\/08\/Naci\u00f3n-y-Provincia-firmaron-el-acuerdo-para-reactivar-la-transformaci\u00f3n-en-autov\u00eda-de-dos-rutas-del-Corredor-Atl\u00e1ntico-bonaerense-I.jpeg","contentUrl":"https:\/\/ondauno.com.ar\/wp-content\/uploads\/2020\/08\/Naci\u00f3n-y-Provincia-firmaron-el-acuerdo-para-reactivar-la-transformaci\u00f3n-en-autov\u00eda-de-dos-rutas-del-Corredor-Atl\u00e1ntico-bonaerense-I.jpeg","width":1280,"height":719},{"@type":"BreadcrumbList","@id":"https:\/\/ondauno.com.ar\/index.php\/2020\/08\/13\/nacion-y-provincia-firmaron-el-acuerdo-para-reactivar-la-transformacion-en-autovia-de-dos-rutas-del-corredor-atlantico-bonaerense\/#breadcrumb","itemListElement":[{"@type":"ListItem","position":1,"name":"Inicio","item":"https:\/\/ondauno.com.ar\/"},{"@type":"ListItem","position":2,"name":"Naci\u00f3n y Provincia firmaron el acuerdo para reactivar la transformaci\u00f3n en autov\u00eda de dos rutas del Corredor Atl\u00e1ntico bonaerense"}]},{"@type":"WebSite","@id":"https:\/\/ondauno.com.ar\/#website","url":"https:\/\/ondauno.com.ar\/","name":"103.9 fm","description":"LA PRIMERA RADIO MULTIMEDIA DE TRES ARROYOS","potentialAction":[{"@type":"SearchAction","target":{"@type":"EntryPoint","urlTemplate":"https:\/\/ondauno.com.ar\/?s={search_term_string}"},"query-input":"required name=search_term_string"}],"inLanguage":"es-AR"},{"@type":"Person","@id":"https:\/\/ondauno.com.ar\/#\/schema\/person\/201d1b68e6c75e0fd396fe5f8af5d139","name":"fernando garcia","image":{"@type":"ImageObject","inLanguage":"es-AR","@id":"https:\/\/ondauno.com.ar\/#\/schema\/person\/image\/","url":"https:\/\/secure.gravatar.com\/avatar\/5f7254642ad81272e79a2e69653cfdfc?s=96&d=mm&r=g","contentUrl":"https:\/\/secure.gravatar.com\/avatar\/5f7254642ad81272e79a2e69653cfdfc?s=96&d=mm&r=g","caption":"fernando garcia"},"url":"https:\/\/ondauno.com.ar\/index.php\/author\/ondaunoeditor\/"}]}},"jetpack_publicize_connections":[],"jetpack_featured_media_url":"https:\/\/ondauno.com.ar\/wp-content\/uploads\/2020\/08\/Naci\u00f3n-y-Provincia-firmaron-el-acuerdo-para-reactivar-la-transformaci\u00f3n-en-autov\u00eda-de-dos-rutas-del-Corredor-Atl\u00e1ntico-bonaerense-I.jpeg","jetpack_sharing_enabled":true,"_links":{"self":[{"href":"https:\/\/ondauno.com.ar\/index.php\/wp-json\/wp\/v2\/posts\/14218","targetHints":{"allow":["GET"]}}],"collection":[{"href":"https:\/\/ondauno.com.ar\/index.php\/wp-json\/wp\/v2\/posts"}],"about":[{"href":"https:\/\/ondauno.com.ar\/index.php\/wp-json\/wp\/v2\/types\/post"}],"author":[{"embeddable":true,"href":"https:\/\/ondauno.com.ar\/index.php\/wp-json\/wp\/v2\/users\/2"}],"replies":[{"embeddable":true,"href":"https:\/\/ondauno.com.ar\/index.php\/wp-json\/wp\/v2\/comments?post=14218"}],"version-history":[{"count":0,"href":"https:\/\/ondauno.com.ar\/index.php\/wp-json\/wp\/v2\/posts\/14218\/revisions"}],"wp:featuredmedia":[{"embeddable":true,"href":"https:\/\/ondauno.com.ar\/index.php\/wp-json\/wp\/v2\/media\/14224"}],"wp:attachment":[{"href":"https:\/\/ondauno.com.ar\/index.php\/wp-json\/wp\/v2\/media?parent=14218"}],"wp:term":[{"taxonomy":"category","embeddable":true,"href":"https:\/\/ondauno.com.ar\/index.php\/wp-json\/wp\/v2\/categories?post=14218"},{"taxonomy":"post_tag","embeddable":true,"href":"https:\/\/ondauno.com.ar\/index.php\/wp-json\/wp\/v2\/tags?post=14218"}],"curies":[{"name":"wp","href":"https:\/\/api.w.org\/{rel}","templated":true}]}}