{"id":14206,"date":"2020-08-13T09:23:31","date_gmt":"2020-08-13T12:23:31","guid":{"rendered":"http:\/\/ondauno.com.ar\/?p=14206"},"modified":"2020-08-13T09:23:33","modified_gmt":"2020-08-13T12:23:33","slug":"para-alumnos-de-6-grado-y-6-ano-san-juan-volvio-a-las-clases-presenciales-con-estrictos-protocolos","status":"publish","type":"post","link":"https:\/\/ondauno.com.ar\/index.php\/2020\/08\/13\/para-alumnos-de-6-grado-y-6-ano-san-juan-volvio-a-las-clases-presenciales-con-estrictos-protocolos\/","title":{"rendered":"PARA ALUMNOS DE 6\u00b0 GRADO Y 6\u00b0 A\u00d1O :  San Juan volvi\u00f3 a las clases presenciales con \u201cestrictos protocolos\u201d"},"content":{"rendered":"<div class=\"ondau-before-content_3\" style=\"margin-top: -30px;\" id=\"ondau-3273302477\"><a href=\"https:\/\/www.lps.com.ar\/\" aria-label=\"la-perse2\"><img loading=\"lazy\" decoding=\"async\" src=\"https:\/\/ondauno.com.ar\/wp-content\/uploads\/2021\/10\/la-perse2.jpg\" alt=\"\"  srcset=\"https:\/\/ondauno.com.ar\/wp-content\/uploads\/2021\/10\/la-perse2.jpg 1353w, https:\/\/ondauno.com.ar\/wp-content\/uploads\/2021\/10\/la-perse2-300x43.jpg 300w, https:\/\/ondauno.com.ar\/wp-content\/uploads\/2021\/10\/la-perse2-1024x148.jpg 1024w, https:\/\/ondauno.com.ar\/wp-content\/uploads\/2021\/10\/la-perse2-768x111.jpg 768w, https:\/\/ondauno.com.ar\/wp-content\/uploads\/2021\/10\/la-perse2-696x100.jpg 696w, https:\/\/ondauno.com.ar\/wp-content\/uploads\/2021\/10\/la-perse2-1068x154.jpg 1068w\" sizes=\"(max-width: 1353px) 100vw, 1353px\" class=\"no-lazyload\" width=\"1353\" height=\"195\"  style=\"display: inline-block;\" \/><\/a><\/div>\n<p><br> La Directora de Educaci\u00f3n Especial de esa provincia, Mar\u00eda Erima Garrido, detall\u00f3 que \u201cen los recreos no se juntan m\u00e1s de 10 chicos\u201d.<\/p>\n\n\n\n<p>La Directora de Educaci\u00f3n Especial de San Juan, Mar\u00eda Erima Garrido, brind\u00f3 detalles del regreso a las aulas en esa provincia donde actualmente tienen s\u00f3lo 22 casos de COVID-19. <br> En declaraciones a La Mecha por Radio Provincia destac\u00f3 que \u201cel lunes San Juan pudo retomar actividades en 14 departamentos alejados al n\u00facleo central. Deb\u00edamos organizar un plan jurisdiccional y lo logramos gracias al acompa\u00f1amiento de los gremios docentes, del gobernador U\u00f1ac y de toda la comunidad\u201d.<br> La docente explic\u00f3 que \u201cel Ministerio de Educaci\u00f3n hizo entrega a los chicos de un kit con una bolsita donde ten\u00edan alcohol en gel, tapaboca, jab\u00f3n de mano y toallita personal y a los docentes similares elementos y una m\u00e1scara\u201d.<br> En cuanto a la modalidad dentro del aula, Garrido se\u00f1al\u00f3 que \u201cel protocolo es muy estricto, tenemos aulas distribuidas por distanciamiento o por burbuja, en un v\u00e9rtice del aula nos permite tener 3 alumnos con distancia de metro y medio entre ellos y a 2 metros de la maestra. Tenemos recreos alternados. Nunca se juntan m\u00e1s de 12 o 15 alumnos en un recreo\u201d.<br> Garrido explic\u00f3 que el retorno a las aulas se dio para alumnos de sexto grado y  sexto a\u00f1o ya que \u201cse debe garantizar el ingreso al secundario y lo mismo en el caso de los de 6\u00b0 a\u00f1o que deben ir hacia la educaci\u00f3n superior\u201d.<br> Finalmente, destac\u00f3 que \u201cdespu\u00e9s de estas dos semanas con 250 escuelas y m\u00e1s de 10 mil alumnos de la Provincia retornando a clases, y teniendo en cuenta los movimientos que genera vamos a ir reincorporando los alumnos de primer grado y 1\u00b0 a\u00f1o en todos los departamentos<\/p>\n\n\n\n<figure class=\"wp-block-audio\"><audio controls src=\"http:\/\/ondauno.com.ar\/wp-content\/uploads\/2020\/08\/Garrido_1308.mp3\"><\/audio><\/figure>\n","protected":false},"excerpt":{"rendered":"<p>La Directora de Educaci\u00f3n Especial de esa provincia, Mar\u00eda Erima Garrido, detall\u00f3 que \u201cen los recreos no se juntan m\u00e1s de 10 chicos\u201d. La Directora de Educaci\u00f3n Especial de San Juan, Mar\u00eda Erima Garrido, brind\u00f3 detalles del regreso a las aulas en esa provincia donde actualmente tienen s\u00f3lo 22 casos de COVID-19. En declaraciones a [&hellip;]<\/p>\n","protected":false},"author":2,"featured_media":14208,"comment_status":"open","ping_status":"open","sticky":false,"template":"","format":"standard","meta":{"tdm_status":"","tdm_grid_status":"","_jetpack_memberships_contains_paid_content":false,"footnotes":"","jetpack_publicize_message":"","jetpack_publicize_feature_enabled":true,"jetpack_social_post_already_shared":false,"jetpack_social_options":{"image_generator_settings":{"template":"highway","default_image_id":0,"font":"","enabled":false},"version":2}},"categories":[3],"tags":[],"class_list":{"0":"post-14206","1":"post","2":"type-post","3":"status-publish","4":"format-standard","5":"has-post-thumbnail","7":"category-nacionales"},"yoast_head":"<!-- This site is optimized with the Yoast SEO plugin v22.7 - https:\/\/yoast.com\/wordpress\/plugins\/seo\/ -->\n<title>PARA ALUMNOS DE 6\u00b0 GRADO Y 6\u00b0 A\u00d1O : San Juan volvi\u00f3 a las clases presenciales con \u201cestrictos protocolos\u201d - 103.9 fm<\/title>\n<meta name=\"robots\" content=\"index, follow, max-snippet:-1, max-image-preview:large, max-video-preview:-1\" \/>\n<link rel=\"canonical\" href=\"https:\/\/ondauno.com.ar\/index.php\/2020\/08\/13\/para-alumnos-de-6-grado-y-6-ano-san-juan-volvio-a-las-clases-presenciales-con-estrictos-protocolos\/\" \/>\n<meta property=\"og:locale\" content=\"es_ES\" \/>\n<meta property=\"og:type\" content=\"article\" \/>\n<meta property=\"og:title\" content=\"PARA ALUMNOS DE 6\u00b0 GRADO Y 6\u00b0 A\u00d1O : San Juan volvi\u00f3 a las clases presenciales con \u201cestrictos protocolos\u201d - 103.9 fm\" \/>\n<meta property=\"og:description\" content=\"La Directora de Educaci\u00f3n Especial de esa provincia, Mar\u00eda Erima Garrido, detall\u00f3 que \u201cen los recreos no se juntan m\u00e1s de 10 chicos\u201d. La Directora de Educaci\u00f3n Especial de San Juan, Mar\u00eda Erima Garrido, brind\u00f3 detalles del regreso a las aulas en esa provincia donde actualmente tienen s\u00f3lo 22 casos de COVID-19. En declaraciones a [&hellip;]\" \/>\n<meta property=\"og:url\" content=\"https:\/\/ondauno.com.ar\/index.php\/2020\/08\/13\/para-alumnos-de-6-grado-y-6-ano-san-juan-volvio-a-las-clases-presenciales-con-estrictos-protocolos\/\" \/>\n<meta property=\"og:site_name\" content=\"103.9 fm\" \/>\n<meta property=\"article:publisher\" content=\"https:\/\/www.facebook.com\/ondauno103.9\" \/>\n<meta property=\"article:published_time\" content=\"2020-08-13T12:23:31+00:00\" \/>\n<meta property=\"article:modified_time\" content=\"2020-08-13T12:23:33+00:00\" \/>\n<meta property=\"og:image\" content=\"https:\/\/ondauno.com.ar\/wp-content\/uploads\/2020\/08\/hqdefault-3.jpg\" \/>\n\t<meta property=\"og:image:width\" content=\"480\" \/>\n\t<meta property=\"og:image:height\" content=\"360\" \/>\n\t<meta property=\"og:image:type\" content=\"image\/jpeg\" \/>\n<meta name=\"author\" content=\"fernando garcia\" \/>\n<meta name=\"twitter:card\" content=\"summary_large_image\" \/>\n<meta name=\"twitter:label1\" content=\"Escrito por\" \/>\n\t<meta name=\"twitter:data1\" content=\"fernando garcia\" \/>\n\t<meta name=\"twitter:label2\" content=\"Tiempo de lectura\" \/>\n\t<meta name=\"twitter:data2\" content=\"2 minutos\" \/>\n<script type=\"application\/ld+json\" class=\"yoast-schema-graph\">{\"@context\":\"https:\/\/schema.org\",\"@graph\":[{\"@type\":\"WebPage\",\"@id\":\"https:\/\/ondauno.com.ar\/index.php\/2020\/08\/13\/para-alumnos-de-6-grado-y-6-ano-san-juan-volvio-a-las-clases-presenciales-con-estrictos-protocolos\/\",\"url\":\"https:\/\/ondauno.com.ar\/index.php\/2020\/08\/13\/para-alumnos-de-6-grado-y-6-ano-san-juan-volvio-a-las-clases-presenciales-con-estrictos-protocolos\/\",\"name\":\"PARA ALUMNOS DE 6\u00b0 GRADO Y 6\u00b0 A\u00d1O : San Juan volvi\u00f3 a las clases presenciales con \u201cestrictos protocolos\u201d - 103.9 fm\",\"isPartOf\":{\"@id\":\"https:\/\/ondauno.com.ar\/#website\"},\"primaryImageOfPage\":{\"@id\":\"https:\/\/ondauno.com.ar\/index.php\/2020\/08\/13\/para-alumnos-de-6-grado-y-6-ano-san-juan-volvio-a-las-clases-presenciales-con-estrictos-protocolos\/#primaryimage\"},\"image\":{\"@id\":\"https:\/\/ondauno.com.ar\/index.php\/2020\/08\/13\/para-alumnos-de-6-grado-y-6-ano-san-juan-volvio-a-las-clases-presenciales-con-estrictos-protocolos\/#primaryimage\"},\"thumbnailUrl\":\"https:\/\/ondauno.com.ar\/wp-content\/uploads\/2020\/08\/hqdefault-3.jpg\",\"datePublished\":\"2020-08-13T12:23:31+00:00\",\"dateModified\":\"2020-08-13T12:23:33+00:00\",\"author\":{\"@id\":\"https:\/\/ondauno.com.ar\/#\/schema\/person\/201d1b68e6c75e0fd396fe5f8af5d139\"},\"breadcrumb\":{\"@id\":\"https:\/\/ondauno.com.ar\/index.php\/2020\/08\/13\/para-alumnos-de-6-grado-y-6-ano-san-juan-volvio-a-las-clases-presenciales-con-estrictos-protocolos\/#breadcrumb\"},\"inLanguage\":\"es-AR\",\"potentialAction\":[{\"@type\":\"ReadAction\",\"target\":[\"https:\/\/ondauno.com.ar\/index.php\/2020\/08\/13\/para-alumnos-de-6-grado-y-6-ano-san-juan-volvio-a-las-clases-presenciales-con-estrictos-protocolos\/\"]}]},{\"@type\":\"ImageObject\",\"inLanguage\":\"es-AR\",\"@id\":\"https:\/\/ondauno.com.ar\/index.php\/2020\/08\/13\/para-alumnos-de-6-grado-y-6-ano-san-juan-volvio-a-las-clases-presenciales-con-estrictos-protocolos\/#primaryimage\",\"url\":\"https:\/\/ondauno.com.ar\/wp-content\/uploads\/2020\/08\/hqdefault-3.jpg\",\"contentUrl\":\"https:\/\/ondauno.com.ar\/wp-content\/uploads\/2020\/08\/hqdefault-3.jpg\",\"width\":480,\"height\":360},{\"@type\":\"BreadcrumbList\",\"@id\":\"https:\/\/ondauno.com.ar\/index.php\/2020\/08\/13\/para-alumnos-de-6-grado-y-6-ano-san-juan-volvio-a-las-clases-presenciales-con-estrictos-protocolos\/#breadcrumb\",\"itemListElement\":[{\"@type\":\"ListItem\",\"position\":1,\"name\":\"Inicio\",\"item\":\"https:\/\/ondauno.com.ar\/\"},{\"@type\":\"ListItem\",\"position\":2,\"name\":\"PARA ALUMNOS DE 6\u00b0 GRADO Y 6\u00b0 A\u00d1O : San Juan volvi\u00f3 a las clases presenciales con \u201cestrictos protocolos\u201d\"}]},{\"@type\":\"WebSite\",\"@id\":\"https:\/\/ondauno.com.ar\/#website\",\"url\":\"https:\/\/ondauno.com.ar\/\",\"name\":\"103.9 fm\",\"description\":\"LA PRIMERA RADIO MULTIMEDIA DE TRES ARROYOS\",\"potentialAction\":[{\"@type\":\"SearchAction\",\"target\":{\"@type\":\"EntryPoint\",\"urlTemplate\":\"https:\/\/ondauno.com.ar\/?s={search_term_string}\"},\"query-input\":\"required name=search_term_string\"}],\"inLanguage\":\"es-AR\"},{\"@type\":\"Person\",\"@id\":\"https:\/\/ondauno.com.ar\/#\/schema\/person\/201d1b68e6c75e0fd396fe5f8af5d139\",\"name\":\"fernando garcia\",\"image\":{\"@type\":\"ImageObject\",\"inLanguage\":\"es-AR\",\"@id\":\"https:\/\/ondauno.com.ar\/#\/schema\/person\/image\/\",\"url\":\"https:\/\/secure.gravatar.com\/avatar\/5f7254642ad81272e79a2e69653cfdfc?s=96&d=mm&r=g\",\"contentUrl\":\"https:\/\/secure.gravatar.com\/avatar\/5f7254642ad81272e79a2e69653cfdfc?s=96&d=mm&r=g\",\"caption\":\"fernando garcia\"},\"url\":\"https:\/\/ondauno.com.ar\/index.php\/author\/ondaunoeditor\/\"}]}<\/script>\n<!-- \/ Yoast SEO plugin. -->","yoast_head_json":{"title":"PARA ALUMNOS DE 6\u00b0 GRADO Y 6\u00b0 A\u00d1O : San Juan volvi\u00f3 a las clases presenciales con \u201cestrictos protocolos\u201d - 103.9 fm","robots":{"index":"index","follow":"follow","max-snippet":"max-snippet:-1","max-image-preview":"max-image-preview:large","max-video-preview":"max-video-preview:-1"},"canonical":"https:\/\/ondauno.com.ar\/index.php\/2020\/08\/13\/para-alumnos-de-6-grado-y-6-ano-san-juan-volvio-a-las-clases-presenciales-con-estrictos-protocolos\/","og_locale":"es_ES","og_type":"article","og_title":"PARA ALUMNOS DE 6\u00b0 GRADO Y 6\u00b0 A\u00d1O : San Juan volvi\u00f3 a las clases presenciales con \u201cestrictos protocolos\u201d - 103.9 fm","og_description":"La Directora de Educaci\u00f3n Especial de esa provincia, Mar\u00eda Erima Garrido, detall\u00f3 que \u201cen los recreos no se juntan m\u00e1s de 10 chicos\u201d. La Directora de Educaci\u00f3n Especial de San Juan, Mar\u00eda Erima Garrido, brind\u00f3 detalles del regreso a las aulas en esa provincia donde actualmente tienen s\u00f3lo 22 casos de COVID-19. En declaraciones a [&hellip;]","og_url":"https:\/\/ondauno.com.ar\/index.php\/2020\/08\/13\/para-alumnos-de-6-grado-y-6-ano-san-juan-volvio-a-las-clases-presenciales-con-estrictos-protocolos\/","og_site_name":"103.9 fm","article_publisher":"https:\/\/www.facebook.com\/ondauno103.9","article_published_time":"2020-08-13T12:23:31+00:00","article_modified_time":"2020-08-13T12:23:33+00:00","og_image":[{"width":480,"height":360,"url":"https:\/\/ondauno.com.ar\/wp-content\/uploads\/2020\/08\/hqdefault-3.jpg","type":"image\/jpeg"}],"author":"fernando garcia","twitter_card":"summary_large_image","twitter_misc":{"Escrito por":"fernando garcia","Tiempo de lectura":"2 minutos"},"schema":{"@context":"https:\/\/schema.org","@graph":[{"@type":"WebPage","@id":"https:\/\/ondauno.com.ar\/index.php\/2020\/08\/13\/para-alumnos-de-6-grado-y-6-ano-san-juan-volvio-a-las-clases-presenciales-con-estrictos-protocolos\/","url":"https:\/\/ondauno.com.ar\/index.php\/2020\/08\/13\/para-alumnos-de-6-grado-y-6-ano-san-juan-volvio-a-las-clases-presenciales-con-estrictos-protocolos\/","name":"PARA ALUMNOS DE 6\u00b0 GRADO Y 6\u00b0 A\u00d1O : San Juan volvi\u00f3 a las clases presenciales con \u201cestrictos protocolos\u201d - 103.9 fm","isPartOf":{"@id":"https:\/\/ondauno.com.ar\/#website"},"primaryImageOfPage":{"@id":"https:\/\/ondauno.com.ar\/index.php\/2020\/08\/13\/para-alumnos-de-6-grado-y-6-ano-san-juan-volvio-a-las-clases-presenciales-con-estrictos-protocolos\/#primaryimage"},"image":{"@id":"https:\/\/ondauno.com.ar\/index.php\/2020\/08\/13\/para-alumnos-de-6-grado-y-6-ano-san-juan-volvio-a-las-clases-presenciales-con-estrictos-protocolos\/#primaryimage"},"thumbnailUrl":"https:\/\/ondauno.com.ar\/wp-content\/uploads\/2020\/08\/hqdefault-3.jpg","datePublished":"2020-08-13T12:23:31+00:00","dateModified":"2020-08-13T12:23:33+00:00","author":{"@id":"https:\/\/ondauno.com.ar\/#\/schema\/person\/201d1b68e6c75e0fd396fe5f8af5d139"},"breadcrumb":{"@id":"https:\/\/ondauno.com.ar\/index.php\/2020\/08\/13\/para-alumnos-de-6-grado-y-6-ano-san-juan-volvio-a-las-clases-presenciales-con-estrictos-protocolos\/#breadcrumb"},"inLanguage":"es-AR","potentialAction":[{"@type":"ReadAction","target":["https:\/\/ondauno.com.ar\/index.php\/2020\/08\/13\/para-alumnos-de-6-grado-y-6-ano-san-juan-volvio-a-las-clases-presenciales-con-estrictos-protocolos\/"]}]},{"@type":"ImageObject","inLanguage":"es-AR","@id":"https:\/\/ondauno.com.ar\/index.php\/2020\/08\/13\/para-alumnos-de-6-grado-y-6-ano-san-juan-volvio-a-las-clases-presenciales-con-estrictos-protocolos\/#primaryimage","url":"https:\/\/ondauno.com.ar\/wp-content\/uploads\/2020\/08\/hqdefault-3.jpg","contentUrl":"https:\/\/ondauno.com.ar\/wp-content\/uploads\/2020\/08\/hqdefault-3.jpg","width":480,"height":360},{"@type":"BreadcrumbList","@id":"https:\/\/ondauno.com.ar\/index.php\/2020\/08\/13\/para-alumnos-de-6-grado-y-6-ano-san-juan-volvio-a-las-clases-presenciales-con-estrictos-protocolos\/#breadcrumb","itemListElement":[{"@type":"ListItem","position":1,"name":"Inicio","item":"https:\/\/ondauno.com.ar\/"},{"@type":"ListItem","position":2,"name":"PARA ALUMNOS DE 6\u00b0 GRADO Y 6\u00b0 A\u00d1O : San Juan volvi\u00f3 a las clases presenciales con \u201cestrictos protocolos\u201d"}]},{"@type":"WebSite","@id":"https:\/\/ondauno.com.ar\/#website","url":"https:\/\/ondauno.com.ar\/","name":"103.9 fm","description":"LA PRIMERA RADIO MULTIMEDIA DE TRES ARROYOS","potentialAction":[{"@type":"SearchAction","target":{"@type":"EntryPoint","urlTemplate":"https:\/\/ondauno.com.ar\/?s={search_term_string}"},"query-input":"required name=search_term_string"}],"inLanguage":"es-AR"},{"@type":"Person","@id":"https:\/\/ondauno.com.ar\/#\/schema\/person\/201d1b68e6c75e0fd396fe5f8af5d139","name":"fernando garcia","image":{"@type":"ImageObject","inLanguage":"es-AR","@id":"https:\/\/ondauno.com.ar\/#\/schema\/person\/image\/","url":"https:\/\/secure.gravatar.com\/avatar\/5f7254642ad81272e79a2e69653cfdfc?s=96&d=mm&r=g","contentUrl":"https:\/\/secure.gravatar.com\/avatar\/5f7254642ad81272e79a2e69653cfdfc?s=96&d=mm&r=g","caption":"fernando garcia"},"url":"https:\/\/ondauno.com.ar\/index.php\/author\/ondaunoeditor\/"}]}},"jetpack_publicize_connections":[],"jetpack_featured_media_url":"https:\/\/ondauno.com.ar\/wp-content\/uploads\/2020\/08\/hqdefault-3.jpg","jetpack_sharing_enabled":true,"_links":{"self":[{"href":"https:\/\/ondauno.com.ar\/index.php\/wp-json\/wp\/v2\/posts\/14206","targetHints":{"allow":["GET"]}}],"collection":[{"href":"https:\/\/ondauno.com.ar\/index.php\/wp-json\/wp\/v2\/posts"}],"about":[{"href":"https:\/\/ondauno.com.ar\/index.php\/wp-json\/wp\/v2\/types\/post"}],"author":[{"embeddable":true,"href":"https:\/\/ondauno.com.ar\/index.php\/wp-json\/wp\/v2\/users\/2"}],"replies":[{"embeddable":true,"href":"https:\/\/ondauno.com.ar\/index.php\/wp-json\/wp\/v2\/comments?post=14206"}],"version-history":[{"count":0,"href":"https:\/\/ondauno.com.ar\/index.php\/wp-json\/wp\/v2\/posts\/14206\/revisions"}],"wp:featuredmedia":[{"embeddable":true,"href":"https:\/\/ondauno.com.ar\/index.php\/wp-json\/wp\/v2\/media\/14208"}],"wp:attachment":[{"href":"https:\/\/ondauno.com.ar\/index.php\/wp-json\/wp\/v2\/media?parent=14206"}],"wp:term":[{"taxonomy":"category","embeddable":true,"href":"https:\/\/ondauno.com.ar\/index.php\/wp-json\/wp\/v2\/categories?post=14206"},{"taxonomy":"post_tag","embeddable":true,"href":"https:\/\/ondauno.com.ar\/index.php\/wp-json\/wp\/v2\/tags?post=14206"}],"curies":[{"name":"wp","href":"https:\/\/api.w.org\/{rel}","templated":true}]}}