{"id":14195,"date":"2020-08-12T20:48:36","date_gmt":"2020-08-12T23:48:36","guid":{"rendered":"http:\/\/ondauno.com.ar\/?p=14195"},"modified":"2020-08-12T22:16:46","modified_gmt":"2020-08-13T01:16:46","slug":"14195","status":"publish","type":"post","link":"https:\/\/ondauno.com.ar\/index.php\/2020\/08\/12\/14195\/","title":{"rendered":"El presidente Alberto Fern\u00e1ndez anunci\u00f3 que Argentina producir\u00e1 la potencial vacuna COVID-19"},"content":{"rendered":"<div class=\"ondau-before-content_3\" style=\"margin-top: -30px;\" id=\"ondau-414364285\"><a href=\"https:\/\/www.lps.com.ar\/\" aria-label=\"la-perse2\"><img loading=\"lazy\" decoding=\"async\" src=\"https:\/\/ondauno.com.ar\/wp-content\/uploads\/2021\/10\/la-perse2.jpg\" alt=\"\"  srcset=\"https:\/\/ondauno.com.ar\/wp-content\/uploads\/2021\/10\/la-perse2.jpg 1353w, https:\/\/ondauno.com.ar\/wp-content\/uploads\/2021\/10\/la-perse2-300x43.jpg 300w, https:\/\/ondauno.com.ar\/wp-content\/uploads\/2021\/10\/la-perse2-1024x148.jpg 1024w, https:\/\/ondauno.com.ar\/wp-content\/uploads\/2021\/10\/la-perse2-768x111.jpg 768w, https:\/\/ondauno.com.ar\/wp-content\/uploads\/2021\/10\/la-perse2-696x100.jpg 696w, https:\/\/ondauno.com.ar\/wp-content\/uploads\/2021\/10\/la-perse2-1068x154.jpg 1068w\" sizes=\"(max-width: 1353px) 100vw, 1353px\" class=\"no-lazyload\" width=\"1353\" height=\"195\"  style=\"display: inline-block;\" \/><\/a><\/div>\n<h2 class=\"wp-block-heading\">El presidente Alberto Fern\u00e1ndez se comunic\u00f3 a las 20 horas con su par mexicano Andr\u00e9s Manuel L\u00f3pez Obrador, con quien comparti\u00f3 el entusiasmo de encarar de manera conjunta el desarrollo y fabricaci\u00f3n de la vacuna COVID-19 producida bajo la licencia de Oxford-AstraZeneca para proporcionar a los pa\u00edses latinoamericanos entre 150 y 250 millones de dosis.<\/h2>\n\n\n\n<p><strong>El presidente Alberto Fern\u00e1ndez anunci\u00f3 que Argentina producir\u00e1 la potencial vacuna COVID-19<\/strong><\/p>\n\n\n\n<p>El presidente Alberto Fern\u00e1ndez mantuvo un encuentro en la residencia de Olivos con representantes de la farmac\u00e9utica AstraZeneca y de la biotecnol\u00f3gica mAbxience del Grupo INSUD, quienes compartieron el reciente acuerdo firmado cuyo objetivo es la transferencia de tecnolog\u00eda para la producci\u00f3n inicial de 150 millones de dosis de la sustancia activa de la potencial vacuna COVID-19. <\/p>\n\n\n\n<p>\u201cLa producci\u00f3n latinoamericana va a estar a cargo de la Argentina y de M\u00e9xico y eso va a permitir acceso oportuno y eficiente para todos los pa\u00edses de la regi\u00f3n\u201d, destac\u00f3 el Presidente durante una conferencia de prensa posterior que brind\u00f3 junto al ministro de Salud, Gin\u00e9s Gonz\u00e1lez Garc\u00eda, y la secretaria de Acceso a la Salud, Carla Vizzotti,<\/p>\n\n\n\n<p>Fern\u00e1ndez consider\u00f3 que este acuerdo \u201cpone a la Argentina en una situaci\u00f3n de tranquilidad y de poder disponer de la vacuna cuando lo requiera y a un precio razonable\u201d.<\/p>\n\n\n\n<p>La intenci\u00f3n es abastecer a Argentina y a otros pa\u00edses de Latinoam\u00e9rica a partir del primer semestre de 2021, sujeto a los resultados de los estudios Fase III y aprobaciones regulatorias. Se eval\u00faa la posibilidad de producir millones de dosis adicionales a este acuerdo inicial.<\/p>\n\n\n\n<p>Del total de vacunas a producir, el gobierno nacional inform\u00f3 que unas 22.400.000 de dosis ser\u00e1n destinadas a personal de la salud y seguridad, adultos mayores y personas en grupos de riesgo.<\/p>\n\n\n\n<p>En el encuentro, se dieron a conocer detalles del acuerdo y el compromiso claro por parte de la multinacional de apoyar el acceso amplio y equitativo, y que no se obtendr\u00e1n ganancias mientras dure la pandemia. Como parte del mencionado acuerdo mAbxience fabricar\u00e1 la sustancia activa de la potencial vacuna en Argentina y el laboratorio mexicano Liomont completar\u00e1 el proceso de formulaci\u00f3n y acabado. <\/p>\n\n\n\n<p>Alberto Fern\u00e1ndez manifest\u00f3 estar \u201cmuy orgulloso que nuestro pa\u00eds haya sido elegido para la producci\u00f3n de la sustancia activa de la potencial vacuna Covid-19\u201d.<\/p>\n\n\n\n<p>El mandatario alert\u00f3 que: \u201cEsto es un gran alivio para el futuro, no es una soluci\u00f3n para el presente, en el presente seguimos teniendo los mismos problemas que estamos viendo y que lamentablemente lo que muestra es que el n\u00famero de contagios crece y el n\u00famero de fallecimientos crece y que eso a estas alturas de los acontecimientos depende esencialmente de la conducta ciudadana social porque todos vemos que la actividad se ha liberado en gran medida&#8221;.<\/p>\n\n\n\n<p>Gonz\u00e1lez Garc\u00eda expres\u00f3 que \u201cno es f\u00e1cil producir la materia prima de una vacuna de esta complejidad y que tengamos la capacidad de hacerlo nos llena de orgullo\u201d. Adem\u00e1s, precis\u00f3 que a la hora de inmunizar a la poblaci\u00f3n en nuestro pa\u00eds &#8220;los mayores, los trabajadores de salud y quienes tengan alguna patolog\u00eda previa tendr\u00e1n prioridad&#8221;.<\/p>\n\n\n\n<p>Por su parte, Agust\u00edn Lamas, Presidente de AstraZeneca para la Regi\u00f3n del Cono Sur coment\u00f3: \u201ceste acuerdo destaca el gran nivel de profesionales, la calidad de la ciencia y las capacidades de fabricaci\u00f3n que tiene nuestro pa\u00eds. Si los ensayos cl\u00ednicos resultasen resultados positivos, esta alianza estrat\u00e9gica proporcionar\u00e1 acceso temprano a la potencial vacuna COVID-19 para Argentina&#8221;.<\/p>\n\n\n\n<p>Durante su participaci\u00f3n de manera virtual Hugo Sigman, CEO de mAbxience biotech Argentina (Grupo INSUD) a\u00f1adi\u00f3: \u201cestamos honrados que AstraZeneca haya confiado en el grupo mAbxience para la transferencia tecnol\u00f3gica para la fabricaci\u00f3n de la sustancia activa de la vacuna\u201d en el marco de un \u201cdestacable trabajo colaborativo que hemos generado para enfrentar juntos esta pandemia&#8221;.<\/p>\n\n\n\n<p>En el encuentro estuvieron presentes el Jefe de Gabinete, Santiago Cafiero, el Ministro de Salud, Gines Gonz\u00e1lez Garc\u00eda y la Secretaria de Acceso a la Salud, Carla Vizzotti. Por parte de AstraZeneca participaron, el Gerente General para Cono Sur, Agust\u00edn Lamas, el Director de Acceso y Asuntos Corporativos en Argentina y Uruguay, Dr. Germ\u00e1n de la Llave, y la Directora M\u00e9dica para Cono Sur, Dra. Agustina Elizalde.<\/p>\n","protected":false},"excerpt":{"rendered":"<p>El presidente Alberto Fern\u00e1ndez se comunic\u00f3 a las 20 horas con su par mexicano Andr\u00e9s Manuel L\u00f3pez Obrador, con quien comparti\u00f3 el entusiasmo de encarar de manera conjunta el desarrollo y fabricaci\u00f3n de la vacuna COVID-19 producida bajo la licencia de Oxford-AstraZeneca para proporcionar a los pa\u00edses latinoamericanos entre 150 y 250 millones de dosis. [&hellip;]<\/p>\n","protected":false},"author":2,"featured_media":14196,"comment_status":"open","ping_status":"open","sticky":false,"template":"","format":"standard","meta":{"tdm_status":"","tdm_grid_status":"","_jetpack_memberships_contains_paid_content":false,"footnotes":"","jetpack_publicize_message":"","jetpack_publicize_feature_enabled":true,"jetpack_social_post_already_shared":false,"jetpack_social_options":{"image_generator_settings":{"template":"highway","default_image_id":0,"font":"","enabled":false},"version":2}},"categories":[1],"tags":[],"class_list":{"0":"post-14195","1":"post","2":"type-post","3":"status-publish","4":"format-standard","5":"has-post-thumbnail","7":"category-sin-categoria"},"yoast_head":"<!-- This site is optimized with the Yoast SEO plugin v22.7 - https:\/\/yoast.com\/wordpress\/plugins\/seo\/ -->\n<title>El presidente Alberto Fern\u00e1ndez anunci\u00f3 que Argentina producir\u00e1 la potencial vacuna COVID-19 - 103.9 fm<\/title>\n<meta name=\"robots\" content=\"index, follow, max-snippet:-1, max-image-preview:large, max-video-preview:-1\" \/>\n<link rel=\"canonical\" href=\"https:\/\/ondauno.com.ar\/index.php\/2020\/08\/12\/14195\/\" \/>\n<meta property=\"og:locale\" content=\"es_ES\" \/>\n<meta property=\"og:type\" content=\"article\" \/>\n<meta property=\"og:title\" content=\"El presidente Alberto Fern\u00e1ndez anunci\u00f3 que Argentina producir\u00e1 la potencial vacuna COVID-19 - 103.9 fm\" \/>\n<meta property=\"og:description\" content=\"El presidente Alberto Fern\u00e1ndez se comunic\u00f3 a las 20 horas con su par mexicano Andr\u00e9s Manuel L\u00f3pez Obrador, con quien comparti\u00f3 el entusiasmo de encarar de manera conjunta el desarrollo y fabricaci\u00f3n de la vacuna COVID-19 producida bajo la licencia de Oxford-AstraZeneca para proporcionar a los pa\u00edses latinoamericanos entre 150 y 250 millones de dosis. [&hellip;]\" \/>\n<meta property=\"og:url\" content=\"https:\/\/ondauno.com.ar\/index.php\/2020\/08\/12\/14195\/\" \/>\n<meta property=\"og:site_name\" content=\"103.9 fm\" \/>\n<meta property=\"article:publisher\" content=\"https:\/\/www.facebook.com\/ondauno103.9\" \/>\n<meta property=\"article:published_time\" content=\"2020-08-12T23:48:36+00:00\" \/>\n<meta property=\"article:modified_time\" content=\"2020-08-13T01:16:46+00:00\" \/>\n<meta property=\"og:image\" content=\"https:\/\/ondauno.com.ar\/wp-content\/uploads\/2020\/08\/WhatsApp-Image-2020-08-12-at-18.51.24.jpeg\" \/>\n\t<meta property=\"og:image:width\" content=\"1280\" \/>\n\t<meta property=\"og:image:height\" content=\"853\" \/>\n\t<meta property=\"og:image:type\" content=\"image\/jpeg\" \/>\n<meta name=\"author\" content=\"fernando garcia\" \/>\n<meta name=\"twitter:card\" content=\"summary_large_image\" \/>\n<meta name=\"twitter:label1\" content=\"Escrito por\" \/>\n\t<meta name=\"twitter:data1\" content=\"fernando garcia\" \/>\n\t<meta name=\"twitter:label2\" content=\"Tiempo de lectura\" \/>\n\t<meta name=\"twitter:data2\" content=\"4 minutos\" \/>\n<script type=\"application\/ld+json\" class=\"yoast-schema-graph\">{\"@context\":\"https:\/\/schema.org\",\"@graph\":[{\"@type\":\"WebPage\",\"@id\":\"https:\/\/ondauno.com.ar\/index.php\/2020\/08\/12\/14195\/\",\"url\":\"https:\/\/ondauno.com.ar\/index.php\/2020\/08\/12\/14195\/\",\"name\":\"El presidente Alberto Fern\u00e1ndez anunci\u00f3 que Argentina producir\u00e1 la potencial vacuna COVID-19 - 103.9 fm\",\"isPartOf\":{\"@id\":\"https:\/\/ondauno.com.ar\/#website\"},\"primaryImageOfPage\":{\"@id\":\"https:\/\/ondauno.com.ar\/index.php\/2020\/08\/12\/14195\/#primaryimage\"},\"image\":{\"@id\":\"https:\/\/ondauno.com.ar\/index.php\/2020\/08\/12\/14195\/#primaryimage\"},\"thumbnailUrl\":\"https:\/\/ondauno.com.ar\/wp-content\/uploads\/2020\/08\/WhatsApp-Image-2020-08-12-at-18.51.24.jpeg\",\"datePublished\":\"2020-08-12T23:48:36+00:00\",\"dateModified\":\"2020-08-13T01:16:46+00:00\",\"author\":{\"@id\":\"https:\/\/ondauno.com.ar\/#\/schema\/person\/201d1b68e6c75e0fd396fe5f8af5d139\"},\"breadcrumb\":{\"@id\":\"https:\/\/ondauno.com.ar\/index.php\/2020\/08\/12\/14195\/#breadcrumb\"},\"inLanguage\":\"es-AR\",\"potentialAction\":[{\"@type\":\"ReadAction\",\"target\":[\"https:\/\/ondauno.com.ar\/index.php\/2020\/08\/12\/14195\/\"]}]},{\"@type\":\"ImageObject\",\"inLanguage\":\"es-AR\",\"@id\":\"https:\/\/ondauno.com.ar\/index.php\/2020\/08\/12\/14195\/#primaryimage\",\"url\":\"https:\/\/ondauno.com.ar\/wp-content\/uploads\/2020\/08\/WhatsApp-Image-2020-08-12-at-18.51.24.jpeg\",\"contentUrl\":\"https:\/\/ondauno.com.ar\/wp-content\/uploads\/2020\/08\/WhatsApp-Image-2020-08-12-at-18.51.24.jpeg\",\"width\":1280,\"height\":853},{\"@type\":\"BreadcrumbList\",\"@id\":\"https:\/\/ondauno.com.ar\/index.php\/2020\/08\/12\/14195\/#breadcrumb\",\"itemListElement\":[{\"@type\":\"ListItem\",\"position\":1,\"name\":\"Inicio\",\"item\":\"https:\/\/ondauno.com.ar\/\"},{\"@type\":\"ListItem\",\"position\":2,\"name\":\"El presidente Alberto Fern\u00e1ndez anunci\u00f3 que Argentina producir\u00e1 la potencial vacuna COVID-19\"}]},{\"@type\":\"WebSite\",\"@id\":\"https:\/\/ondauno.com.ar\/#website\",\"url\":\"https:\/\/ondauno.com.ar\/\",\"name\":\"103.9 fm\",\"description\":\"LA PRIMERA RADIO MULTIMEDIA DE TRES ARROYOS\",\"potentialAction\":[{\"@type\":\"SearchAction\",\"target\":{\"@type\":\"EntryPoint\",\"urlTemplate\":\"https:\/\/ondauno.com.ar\/?s={search_term_string}\"},\"query-input\":\"required name=search_term_string\"}],\"inLanguage\":\"es-AR\"},{\"@type\":\"Person\",\"@id\":\"https:\/\/ondauno.com.ar\/#\/schema\/person\/201d1b68e6c75e0fd396fe5f8af5d139\",\"name\":\"fernando garcia\",\"image\":{\"@type\":\"ImageObject\",\"inLanguage\":\"es-AR\",\"@id\":\"https:\/\/ondauno.com.ar\/#\/schema\/person\/image\/\",\"url\":\"https:\/\/secure.gravatar.com\/avatar\/5f7254642ad81272e79a2e69653cfdfc?s=96&d=mm&r=g\",\"contentUrl\":\"https:\/\/secure.gravatar.com\/avatar\/5f7254642ad81272e79a2e69653cfdfc?s=96&d=mm&r=g\",\"caption\":\"fernando garcia\"},\"url\":\"https:\/\/ondauno.com.ar\/index.php\/author\/ondaunoeditor\/\"}]}<\/script>\n<!-- \/ Yoast SEO plugin. -->","yoast_head_json":{"title":"El presidente Alberto Fern\u00e1ndez anunci\u00f3 que Argentina producir\u00e1 la potencial vacuna COVID-19 - 103.9 fm","robots":{"index":"index","follow":"follow","max-snippet":"max-snippet:-1","max-image-preview":"max-image-preview:large","max-video-preview":"max-video-preview:-1"},"canonical":"https:\/\/ondauno.com.ar\/index.php\/2020\/08\/12\/14195\/","og_locale":"es_ES","og_type":"article","og_title":"El presidente Alberto Fern\u00e1ndez anunci\u00f3 que Argentina producir\u00e1 la potencial vacuna COVID-19 - 103.9 fm","og_description":"El presidente Alberto Fern\u00e1ndez se comunic\u00f3 a las 20 horas con su par mexicano Andr\u00e9s Manuel L\u00f3pez Obrador, con quien comparti\u00f3 el entusiasmo de encarar de manera conjunta el desarrollo y fabricaci\u00f3n de la vacuna COVID-19 producida bajo la licencia de Oxford-AstraZeneca para proporcionar a los pa\u00edses latinoamericanos entre 150 y 250 millones de dosis. [&hellip;]","og_url":"https:\/\/ondauno.com.ar\/index.php\/2020\/08\/12\/14195\/","og_site_name":"103.9 fm","article_publisher":"https:\/\/www.facebook.com\/ondauno103.9","article_published_time":"2020-08-12T23:48:36+00:00","article_modified_time":"2020-08-13T01:16:46+00:00","og_image":[{"width":1280,"height":853,"url":"https:\/\/ondauno.com.ar\/wp-content\/uploads\/2020\/08\/WhatsApp-Image-2020-08-12-at-18.51.24.jpeg","type":"image\/jpeg"}],"author":"fernando garcia","twitter_card":"summary_large_image","twitter_misc":{"Escrito por":"fernando garcia","Tiempo de lectura":"4 minutos"},"schema":{"@context":"https:\/\/schema.org","@graph":[{"@type":"WebPage","@id":"https:\/\/ondauno.com.ar\/index.php\/2020\/08\/12\/14195\/","url":"https:\/\/ondauno.com.ar\/index.php\/2020\/08\/12\/14195\/","name":"El presidente Alberto Fern\u00e1ndez anunci\u00f3 que Argentina producir\u00e1 la potencial vacuna COVID-19 - 103.9 fm","isPartOf":{"@id":"https:\/\/ondauno.com.ar\/#website"},"primaryImageOfPage":{"@id":"https:\/\/ondauno.com.ar\/index.php\/2020\/08\/12\/14195\/#primaryimage"},"image":{"@id":"https:\/\/ondauno.com.ar\/index.php\/2020\/08\/12\/14195\/#primaryimage"},"thumbnailUrl":"https:\/\/ondauno.com.ar\/wp-content\/uploads\/2020\/08\/WhatsApp-Image-2020-08-12-at-18.51.24.jpeg","datePublished":"2020-08-12T23:48:36+00:00","dateModified":"2020-08-13T01:16:46+00:00","author":{"@id":"https:\/\/ondauno.com.ar\/#\/schema\/person\/201d1b68e6c75e0fd396fe5f8af5d139"},"breadcrumb":{"@id":"https:\/\/ondauno.com.ar\/index.php\/2020\/08\/12\/14195\/#breadcrumb"},"inLanguage":"es-AR","potentialAction":[{"@type":"ReadAction","target":["https:\/\/ondauno.com.ar\/index.php\/2020\/08\/12\/14195\/"]}]},{"@type":"ImageObject","inLanguage":"es-AR","@id":"https:\/\/ondauno.com.ar\/index.php\/2020\/08\/12\/14195\/#primaryimage","url":"https:\/\/ondauno.com.ar\/wp-content\/uploads\/2020\/08\/WhatsApp-Image-2020-08-12-at-18.51.24.jpeg","contentUrl":"https:\/\/ondauno.com.ar\/wp-content\/uploads\/2020\/08\/WhatsApp-Image-2020-08-12-at-18.51.24.jpeg","width":1280,"height":853},{"@type":"BreadcrumbList","@id":"https:\/\/ondauno.com.ar\/index.php\/2020\/08\/12\/14195\/#breadcrumb","itemListElement":[{"@type":"ListItem","position":1,"name":"Inicio","item":"https:\/\/ondauno.com.ar\/"},{"@type":"ListItem","position":2,"name":"El presidente Alberto Fern\u00e1ndez anunci\u00f3 que Argentina producir\u00e1 la potencial vacuna COVID-19"}]},{"@type":"WebSite","@id":"https:\/\/ondauno.com.ar\/#website","url":"https:\/\/ondauno.com.ar\/","name":"103.9 fm","description":"LA PRIMERA RADIO MULTIMEDIA DE TRES ARROYOS","potentialAction":[{"@type":"SearchAction","target":{"@type":"EntryPoint","urlTemplate":"https:\/\/ondauno.com.ar\/?s={search_term_string}"},"query-input":"required name=search_term_string"}],"inLanguage":"es-AR"},{"@type":"Person","@id":"https:\/\/ondauno.com.ar\/#\/schema\/person\/201d1b68e6c75e0fd396fe5f8af5d139","name":"fernando garcia","image":{"@type":"ImageObject","inLanguage":"es-AR","@id":"https:\/\/ondauno.com.ar\/#\/schema\/person\/image\/","url":"https:\/\/secure.gravatar.com\/avatar\/5f7254642ad81272e79a2e69653cfdfc?s=96&d=mm&r=g","contentUrl":"https:\/\/secure.gravatar.com\/avatar\/5f7254642ad81272e79a2e69653cfdfc?s=96&d=mm&r=g","caption":"fernando garcia"},"url":"https:\/\/ondauno.com.ar\/index.php\/author\/ondaunoeditor\/"}]}},"jetpack_publicize_connections":[],"jetpack_featured_media_url":"https:\/\/ondauno.com.ar\/wp-content\/uploads\/2020\/08\/WhatsApp-Image-2020-08-12-at-18.51.24.jpeg","jetpack_sharing_enabled":true,"_links":{"self":[{"href":"https:\/\/ondauno.com.ar\/index.php\/wp-json\/wp\/v2\/posts\/14195","targetHints":{"allow":["GET"]}}],"collection":[{"href":"https:\/\/ondauno.com.ar\/index.php\/wp-json\/wp\/v2\/posts"}],"about":[{"href":"https:\/\/ondauno.com.ar\/index.php\/wp-json\/wp\/v2\/types\/post"}],"author":[{"embeddable":true,"href":"https:\/\/ondauno.com.ar\/index.php\/wp-json\/wp\/v2\/users\/2"}],"replies":[{"embeddable":true,"href":"https:\/\/ondauno.com.ar\/index.php\/wp-json\/wp\/v2\/comments?post=14195"}],"version-history":[{"count":0,"href":"https:\/\/ondauno.com.ar\/index.php\/wp-json\/wp\/v2\/posts\/14195\/revisions"}],"wp:featuredmedia":[{"embeddable":true,"href":"https:\/\/ondauno.com.ar\/index.php\/wp-json\/wp\/v2\/media\/14196"}],"wp:attachment":[{"href":"https:\/\/ondauno.com.ar\/index.php\/wp-json\/wp\/v2\/media?parent=14195"}],"wp:term":[{"taxonomy":"category","embeddable":true,"href":"https:\/\/ondauno.com.ar\/index.php\/wp-json\/wp\/v2\/categories?post=14195"},{"taxonomy":"post_tag","embeddable":true,"href":"https:\/\/ondauno.com.ar\/index.php\/wp-json\/wp\/v2\/tags?post=14195"}],"curies":[{"name":"wp","href":"https:\/\/api.w.org\/{rel}","templated":true}]}}