{"id":14179,"date":"2020-08-12T12:14:22","date_gmt":"2020-08-12T15:14:22","guid":{"rendered":"http:\/\/ondauno.com.ar\/?p=14179"},"modified":"2020-08-12T12:17:25","modified_gmt":"2020-08-12T15:17:25","slug":"14179","status":"publish","type":"post","link":"https:\/\/ondauno.com.ar\/index.php\/2020\/08\/12\/14179\/","title":{"rendered":"Cursos virtuales de Seguridad vial gratuitos"},"content":{"rendered":"<div class=\"ondau-before-content_3\" style=\"margin-top: -30px;\" id=\"ondau-770226738\"><a href=\"https:\/\/www.lps.com.ar\/\" aria-label=\"la-perse2\"><img loading=\"lazy\" decoding=\"async\" src=\"https:\/\/ondauno.com.ar\/wp-content\/uploads\/2021\/10\/la-perse2.jpg\" alt=\"\"  srcset=\"https:\/\/ondauno.com.ar\/wp-content\/uploads\/2021\/10\/la-perse2.jpg 1353w, https:\/\/ondauno.com.ar\/wp-content\/uploads\/2021\/10\/la-perse2-300x43.jpg 300w, https:\/\/ondauno.com.ar\/wp-content\/uploads\/2021\/10\/la-perse2-1024x148.jpg 1024w, https:\/\/ondauno.com.ar\/wp-content\/uploads\/2021\/10\/la-perse2-768x111.jpg 768w, https:\/\/ondauno.com.ar\/wp-content\/uploads\/2021\/10\/la-perse2-696x100.jpg 696w, https:\/\/ondauno.com.ar\/wp-content\/uploads\/2021\/10\/la-perse2-1068x154.jpg 1068w\" sizes=\"(max-width: 1353px) 100vw, 1353px\" class=\"no-lazyload\" width=\"1353\" height=\"195\"  style=\"display: inline-block;\" \/><\/a><\/div>\n<p>La licenciada en Seguridad Vial, Karen Rupell se refiri\u00f3 esta ma\u00f1ana en Cosas que Pasan a los cursos virtuales sobre temas relacionados a la educaci\u00f3n vial, trasporte de bicicletas y tr\u00e1nsito en general  -que comenzaron hace unos meses- que dependen del Centro de Formaci\u00f3n de Formaci\u00f3n de la Agencia Nacional de Seguridad Vial del Ministerio de Transporte, gratuitos y autosustentables.<\/p>\n\n\n\n<p>Son cursos de cinco m\u00f3dulos, abiertos al p\u00fablico en general y de f\u00e1cil acceso.<\/p>\n\n\n\n<p>Karen Rupell explic\u00f3 en Cosas que Pasan &#8220;los interesados pueden ingresar en cursos virtuales para la ciudadan\u00eda y ahonda sobre todos los temas en general, al curso b\u00e1sico de educaci\u00f3n vial para docentes y ayer sali\u00f3 uno de Formaci\u00f3n Docente que se lanz\u00f3 en forma conjunta con el Ministerio de Educaci\u00f3n; y, otro para los agentes de Tr\u00e1nsito que se implementar\u00e1 cuando pase la pandemia, el del uso responsable de la bicicleta o de la bicicleta como trasporte p\u00fablico en el marco de la Semana de la Movilidad Sustentable&#8221;<\/p>\n\n\n\n<figure class=\"wp-block-embed-facebook wp-block-embed is-type-video is-provider-facebook\"><div class=\"wp-block-embed__wrapper\">\n<div class=\"fb-video\" data-allowfullscreen=\"true\" data-href=\"https:\/\/www.facebook.com\/ondauno103.9\/videos\/716477858901288\" style=\"background-color: #fff; display: inline-block;\"><\/div>\n<\/div><\/figure>\n\n\n\n<p>Los cursos virtuales se enmarcan dentro de las acciones que lleva adelante el&nbsp;<strong>Centro de Formaci\u00f3n<\/strong>&nbsp;con el fin proveer espacios de formaci\u00f3n e intercambio mediante el uso de herramientas que faciliten los procesos de ense\u00f1anza-aprendizaje a distancia.<\/p>\n\n\n\n<p>Es nuestro objetivo poder hacer extensiva la formaci\u00f3n en seguridad y educaci\u00f3n vial a todos los rincones de nuestro pa\u00eds.<\/p>\n\n\n\n<h3 class=\"wp-block-heading\">Curso de formaci\u00f3n en el uso responsable de la bicicleta<\/h3>\n\n\n\n<p>La propuesta tiene el objetivo de promover el uso responsable de la bicicleta. Aportar conceptos y herramientas para desempe\u00f1arse en el espacio p\u00fablico con la responsabilidad y el cuidado que el rol exige, valorando el respeto hacia las otras personas en la convivencia vial.<br>Est\u00e1 destinada a todas aquellas personas que quieran complementar sus conocimientos sobre los diferentes modelos de bicicletas y c\u00f3mo conducirlas de forma correcta en la v\u00eda p\u00fablica.<\/p>\n\n\n\n<h5 class=\"wp-block-heading\">Contenidos:<\/h5>\n\n\n\n<ul class=\"wp-block-list\"><li><strong>M\u00f3dulo l<\/strong>: Convivencia en el espacio p\u00fablico.<\/li><li><strong>M\u00f3dulo Il<\/strong>: La bicicleta como medio de transporte.<\/li><li><strong>M\u00f3dulo IIl<\/strong>: La bicicleta en el tr\u00e1nsito.<\/li><li><strong>M\u00f3dulo lV<\/strong>: Conducci\u00f3n responsable de la bicicleta.<\/li><\/ul>\n","protected":false},"excerpt":{"rendered":"<p>La licenciada en Seguridad Vial, Karen Rupell se refiri\u00f3 esta ma\u00f1ana en Cosas que Pasan a los cursos virtuales sobre temas relacionados a la educaci\u00f3n vial, trasporte de bicicletas y tr\u00e1nsito en general -que comenzaron hace unos meses- que dependen del Centro de Formaci\u00f3n de Formaci\u00f3n de la Agencia Nacional de Seguridad Vial del Ministerio [&hellip;]<\/p>\n","protected":false},"author":2,"featured_media":14180,"comment_status":"open","ping_status":"open","sticky":false,"template":"","format":"standard","meta":{"tdm_status":"","tdm_grid_status":"","_jetpack_memberships_contains_paid_content":false,"footnotes":"","jetpack_publicize_message":"","jetpack_publicize_feature_enabled":true,"jetpack_social_post_already_shared":false,"jetpack_social_options":{"image_generator_settings":{"template":"highway","default_image_id":0,"font":"","enabled":false},"version":2}},"categories":[2],"tags":[],"class_list":{"0":"post-14179","1":"post","2":"type-post","3":"status-publish","4":"format-standard","5":"has-post-thumbnail","7":"category-locales"},"yoast_head":"<!-- This site is optimized with the Yoast SEO plugin v22.7 - https:\/\/yoast.com\/wordpress\/plugins\/seo\/ -->\n<title>Cursos virtuales de Seguridad vial gratuitos - 103.9 fm<\/title>\n<meta name=\"robots\" content=\"index, follow, max-snippet:-1, max-image-preview:large, max-video-preview:-1\" \/>\n<link rel=\"canonical\" href=\"https:\/\/ondauno.com.ar\/index.php\/2020\/08\/12\/14179\/\" \/>\n<meta property=\"og:locale\" content=\"es_ES\" \/>\n<meta property=\"og:type\" content=\"article\" \/>\n<meta property=\"og:title\" content=\"Cursos virtuales de Seguridad vial gratuitos - 103.9 fm\" \/>\n<meta property=\"og:description\" content=\"La licenciada en Seguridad Vial, Karen Rupell se refiri\u00f3 esta ma\u00f1ana en Cosas que Pasan a los cursos virtuales sobre temas relacionados a la educaci\u00f3n vial, trasporte de bicicletas y tr\u00e1nsito en general -que comenzaron hace unos meses- que dependen del Centro de Formaci\u00f3n de Formaci\u00f3n de la Agencia Nacional de Seguridad Vial del Ministerio [&hellip;]\" \/>\n<meta property=\"og:url\" content=\"https:\/\/ondauno.com.ar\/index.php\/2020\/08\/12\/14179\/\" \/>\n<meta property=\"og:site_name\" content=\"103.9 fm\" \/>\n<meta property=\"article:publisher\" content=\"https:\/\/www.facebook.com\/ondauno103.9\" \/>\n<meta property=\"article:published_time\" content=\"2020-08-12T15:14:22+00:00\" \/>\n<meta property=\"article:modified_time\" content=\"2020-08-12T15:17:25+00:00\" \/>\n<meta property=\"og:image\" content=\"https:\/\/ondauno.com.ar\/wp-content\/uploads\/2020\/08\/karen-ruppell.jpg\" \/>\n\t<meta property=\"og:image:width\" content=\"225\" \/>\n\t<meta property=\"og:image:height\" content=\"225\" \/>\n\t<meta property=\"og:image:type\" content=\"image\/jpeg\" \/>\n<meta name=\"author\" content=\"fernando garcia\" \/>\n<meta name=\"twitter:card\" content=\"summary_large_image\" \/>\n<meta name=\"twitter:label1\" content=\"Escrito por\" \/>\n\t<meta name=\"twitter:data1\" content=\"fernando garcia\" \/>\n\t<meta name=\"twitter:label2\" content=\"Tiempo de lectura\" \/>\n\t<meta name=\"twitter:data2\" content=\"2 minutos\" \/>\n<script type=\"application\/ld+json\" class=\"yoast-schema-graph\">{\"@context\":\"https:\/\/schema.org\",\"@graph\":[{\"@type\":\"WebPage\",\"@id\":\"https:\/\/ondauno.com.ar\/index.php\/2020\/08\/12\/14179\/\",\"url\":\"https:\/\/ondauno.com.ar\/index.php\/2020\/08\/12\/14179\/\",\"name\":\"Cursos virtuales de Seguridad vial gratuitos - 103.9 fm\",\"isPartOf\":{\"@id\":\"https:\/\/ondauno.com.ar\/#website\"},\"primaryImageOfPage\":{\"@id\":\"https:\/\/ondauno.com.ar\/index.php\/2020\/08\/12\/14179\/#primaryimage\"},\"image\":{\"@id\":\"https:\/\/ondauno.com.ar\/index.php\/2020\/08\/12\/14179\/#primaryimage\"},\"thumbnailUrl\":\"https:\/\/ondauno.com.ar\/wp-content\/uploads\/2020\/08\/karen-ruppell.jpg\",\"datePublished\":\"2020-08-12T15:14:22+00:00\",\"dateModified\":\"2020-08-12T15:17:25+00:00\",\"author\":{\"@id\":\"https:\/\/ondauno.com.ar\/#\/schema\/person\/201d1b68e6c75e0fd396fe5f8af5d139\"},\"breadcrumb\":{\"@id\":\"https:\/\/ondauno.com.ar\/index.php\/2020\/08\/12\/14179\/#breadcrumb\"},\"inLanguage\":\"es-AR\",\"potentialAction\":[{\"@type\":\"ReadAction\",\"target\":[\"https:\/\/ondauno.com.ar\/index.php\/2020\/08\/12\/14179\/\"]}]},{\"@type\":\"ImageObject\",\"inLanguage\":\"es-AR\",\"@id\":\"https:\/\/ondauno.com.ar\/index.php\/2020\/08\/12\/14179\/#primaryimage\",\"url\":\"https:\/\/ondauno.com.ar\/wp-content\/uploads\/2020\/08\/karen-ruppell.jpg\",\"contentUrl\":\"https:\/\/ondauno.com.ar\/wp-content\/uploads\/2020\/08\/karen-ruppell.jpg\",\"width\":225,\"height\":225},{\"@type\":\"BreadcrumbList\",\"@id\":\"https:\/\/ondauno.com.ar\/index.php\/2020\/08\/12\/14179\/#breadcrumb\",\"itemListElement\":[{\"@type\":\"ListItem\",\"position\":1,\"name\":\"Inicio\",\"item\":\"https:\/\/ondauno.com.ar\/\"},{\"@type\":\"ListItem\",\"position\":2,\"name\":\"Cursos virtuales de Seguridad vial gratuitos\"}]},{\"@type\":\"WebSite\",\"@id\":\"https:\/\/ondauno.com.ar\/#website\",\"url\":\"https:\/\/ondauno.com.ar\/\",\"name\":\"103.9 fm\",\"description\":\"LA PRIMERA RADIO MULTIMEDIA DE TRES ARROYOS\",\"potentialAction\":[{\"@type\":\"SearchAction\",\"target\":{\"@type\":\"EntryPoint\",\"urlTemplate\":\"https:\/\/ondauno.com.ar\/?s={search_term_string}\"},\"query-input\":\"required name=search_term_string\"}],\"inLanguage\":\"es-AR\"},{\"@type\":\"Person\",\"@id\":\"https:\/\/ondauno.com.ar\/#\/schema\/person\/201d1b68e6c75e0fd396fe5f8af5d139\",\"name\":\"fernando garcia\",\"image\":{\"@type\":\"ImageObject\",\"inLanguage\":\"es-AR\",\"@id\":\"https:\/\/ondauno.com.ar\/#\/schema\/person\/image\/\",\"url\":\"https:\/\/secure.gravatar.com\/avatar\/5f7254642ad81272e79a2e69653cfdfc?s=96&d=mm&r=g\",\"contentUrl\":\"https:\/\/secure.gravatar.com\/avatar\/5f7254642ad81272e79a2e69653cfdfc?s=96&d=mm&r=g\",\"caption\":\"fernando garcia\"},\"url\":\"https:\/\/ondauno.com.ar\/index.php\/author\/ondaunoeditor\/\"}]}<\/script>\n<!-- \/ Yoast SEO plugin. -->","yoast_head_json":{"title":"Cursos virtuales de Seguridad vial gratuitos - 103.9 fm","robots":{"index":"index","follow":"follow","max-snippet":"max-snippet:-1","max-image-preview":"max-image-preview:large","max-video-preview":"max-video-preview:-1"},"canonical":"https:\/\/ondauno.com.ar\/index.php\/2020\/08\/12\/14179\/","og_locale":"es_ES","og_type":"article","og_title":"Cursos virtuales de Seguridad vial gratuitos - 103.9 fm","og_description":"La licenciada en Seguridad Vial, Karen Rupell se refiri\u00f3 esta ma\u00f1ana en Cosas que Pasan a los cursos virtuales sobre temas relacionados a la educaci\u00f3n vial, trasporte de bicicletas y tr\u00e1nsito en general -que comenzaron hace unos meses- que dependen del Centro de Formaci\u00f3n de Formaci\u00f3n de la Agencia Nacional de Seguridad Vial del Ministerio [&hellip;]","og_url":"https:\/\/ondauno.com.ar\/index.php\/2020\/08\/12\/14179\/","og_site_name":"103.9 fm","article_publisher":"https:\/\/www.facebook.com\/ondauno103.9","article_published_time":"2020-08-12T15:14:22+00:00","article_modified_time":"2020-08-12T15:17:25+00:00","og_image":[{"width":225,"height":225,"url":"https:\/\/ondauno.com.ar\/wp-content\/uploads\/2020\/08\/karen-ruppell.jpg","type":"image\/jpeg"}],"author":"fernando garcia","twitter_card":"summary_large_image","twitter_misc":{"Escrito por":"fernando garcia","Tiempo de lectura":"2 minutos"},"schema":{"@context":"https:\/\/schema.org","@graph":[{"@type":"WebPage","@id":"https:\/\/ondauno.com.ar\/index.php\/2020\/08\/12\/14179\/","url":"https:\/\/ondauno.com.ar\/index.php\/2020\/08\/12\/14179\/","name":"Cursos virtuales de Seguridad vial gratuitos - 103.9 fm","isPartOf":{"@id":"https:\/\/ondauno.com.ar\/#website"},"primaryImageOfPage":{"@id":"https:\/\/ondauno.com.ar\/index.php\/2020\/08\/12\/14179\/#primaryimage"},"image":{"@id":"https:\/\/ondauno.com.ar\/index.php\/2020\/08\/12\/14179\/#primaryimage"},"thumbnailUrl":"https:\/\/ondauno.com.ar\/wp-content\/uploads\/2020\/08\/karen-ruppell.jpg","datePublished":"2020-08-12T15:14:22+00:00","dateModified":"2020-08-12T15:17:25+00:00","author":{"@id":"https:\/\/ondauno.com.ar\/#\/schema\/person\/201d1b68e6c75e0fd396fe5f8af5d139"},"breadcrumb":{"@id":"https:\/\/ondauno.com.ar\/index.php\/2020\/08\/12\/14179\/#breadcrumb"},"inLanguage":"es-AR","potentialAction":[{"@type":"ReadAction","target":["https:\/\/ondauno.com.ar\/index.php\/2020\/08\/12\/14179\/"]}]},{"@type":"ImageObject","inLanguage":"es-AR","@id":"https:\/\/ondauno.com.ar\/index.php\/2020\/08\/12\/14179\/#primaryimage","url":"https:\/\/ondauno.com.ar\/wp-content\/uploads\/2020\/08\/karen-ruppell.jpg","contentUrl":"https:\/\/ondauno.com.ar\/wp-content\/uploads\/2020\/08\/karen-ruppell.jpg","width":225,"height":225},{"@type":"BreadcrumbList","@id":"https:\/\/ondauno.com.ar\/index.php\/2020\/08\/12\/14179\/#breadcrumb","itemListElement":[{"@type":"ListItem","position":1,"name":"Inicio","item":"https:\/\/ondauno.com.ar\/"},{"@type":"ListItem","position":2,"name":"Cursos virtuales de Seguridad vial gratuitos"}]},{"@type":"WebSite","@id":"https:\/\/ondauno.com.ar\/#website","url":"https:\/\/ondauno.com.ar\/","name":"103.9 fm","description":"LA PRIMERA RADIO MULTIMEDIA DE TRES ARROYOS","potentialAction":[{"@type":"SearchAction","target":{"@type":"EntryPoint","urlTemplate":"https:\/\/ondauno.com.ar\/?s={search_term_string}"},"query-input":"required name=search_term_string"}],"inLanguage":"es-AR"},{"@type":"Person","@id":"https:\/\/ondauno.com.ar\/#\/schema\/person\/201d1b68e6c75e0fd396fe5f8af5d139","name":"fernando garcia","image":{"@type":"ImageObject","inLanguage":"es-AR","@id":"https:\/\/ondauno.com.ar\/#\/schema\/person\/image\/","url":"https:\/\/secure.gravatar.com\/avatar\/5f7254642ad81272e79a2e69653cfdfc?s=96&d=mm&r=g","contentUrl":"https:\/\/secure.gravatar.com\/avatar\/5f7254642ad81272e79a2e69653cfdfc?s=96&d=mm&r=g","caption":"fernando garcia"},"url":"https:\/\/ondauno.com.ar\/index.php\/author\/ondaunoeditor\/"}]}},"jetpack_publicize_connections":[],"jetpack_featured_media_url":"https:\/\/ondauno.com.ar\/wp-content\/uploads\/2020\/08\/karen-ruppell.jpg","jetpack_sharing_enabled":true,"_links":{"self":[{"href":"https:\/\/ondauno.com.ar\/index.php\/wp-json\/wp\/v2\/posts\/14179","targetHints":{"allow":["GET"]}}],"collection":[{"href":"https:\/\/ondauno.com.ar\/index.php\/wp-json\/wp\/v2\/posts"}],"about":[{"href":"https:\/\/ondauno.com.ar\/index.php\/wp-json\/wp\/v2\/types\/post"}],"author":[{"embeddable":true,"href":"https:\/\/ondauno.com.ar\/index.php\/wp-json\/wp\/v2\/users\/2"}],"replies":[{"embeddable":true,"href":"https:\/\/ondauno.com.ar\/index.php\/wp-json\/wp\/v2\/comments?post=14179"}],"version-history":[{"count":0,"href":"https:\/\/ondauno.com.ar\/index.php\/wp-json\/wp\/v2\/posts\/14179\/revisions"}],"wp:featuredmedia":[{"embeddable":true,"href":"https:\/\/ondauno.com.ar\/index.php\/wp-json\/wp\/v2\/media\/14180"}],"wp:attachment":[{"href":"https:\/\/ondauno.com.ar\/index.php\/wp-json\/wp\/v2\/media?parent=14179"}],"wp:term":[{"taxonomy":"category","embeddable":true,"href":"https:\/\/ondauno.com.ar\/index.php\/wp-json\/wp\/v2\/categories?post=14179"},{"taxonomy":"post_tag","embeddable":true,"href":"https:\/\/ondauno.com.ar\/index.php\/wp-json\/wp\/v2\/tags?post=14179"}],"curies":[{"name":"wp","href":"https:\/\/api.w.org\/{rel}","templated":true}]}}