{"id":14114,"date":"2020-08-11T10:52:05","date_gmt":"2020-08-11T13:52:05","guid":{"rendered":"http:\/\/ondauno.com.ar\/?p=14114"},"modified":"2020-08-11T10:52:10","modified_gmt":"2020-08-11T13:52:10","slug":"etiquetado-frontal-un-proyecto-en-la-agenda-de-la-salud-publica","status":"publish","type":"post","link":"https:\/\/ondauno.com.ar\/index.php\/2020\/08\/11\/etiquetado-frontal-un-proyecto-en-la-agenda-de-la-salud-publica\/","title":{"rendered":"Etiquetado Frontal: un proyecto en la agenda de la salud p\u00fablica"},"content":{"rendered":"<div class=\"ondau-before-content_3\" style=\"margin-top: -30px;\" id=\"ondau-3369038718\"><a href=\"https:\/\/www.lps.com.ar\/\" aria-label=\"la-perse2\"><img loading=\"lazy\" decoding=\"async\" src=\"https:\/\/ondauno.com.ar\/wp-content\/uploads\/2021\/10\/la-perse2.jpg\" alt=\"\"  srcset=\"https:\/\/ondauno.com.ar\/wp-content\/uploads\/2021\/10\/la-perse2.jpg 1353w, https:\/\/ondauno.com.ar\/wp-content\/uploads\/2021\/10\/la-perse2-300x43.jpg 300w, https:\/\/ondauno.com.ar\/wp-content\/uploads\/2021\/10\/la-perse2-1024x148.jpg 1024w, https:\/\/ondauno.com.ar\/wp-content\/uploads\/2021\/10\/la-perse2-768x111.jpg 768w, https:\/\/ondauno.com.ar\/wp-content\/uploads\/2021\/10\/la-perse2-696x100.jpg 696w, https:\/\/ondauno.com.ar\/wp-content\/uploads\/2021\/10\/la-perse2-1068x154.jpg 1068w\" sizes=\"(max-width: 1353px) 100vw, 1353px\" class=\"no-lazyload\" width=\"1353\" height=\"195\"  style=\"display: inline-block;\" \/><\/a><\/div>\n<p>La diputada nacional de Juntos por el Cambio Gisela Scaglia habl\u00f3 en Cosas que Pasan del proyecto que present\u00f3 sobre &#8220;Etiquetado Frontal&#8221; en los alimentos.<\/p>\n\n\n\n<p>Explic\u00f3 los detalles de la propuesta y mencion\u00f3 que el ministro de Salud de la Naci\u00f3n, doctor Gin\u00e9s Garc\u00eda Gonz\u00e1lez propicia el tratamiento del tema para que sea parte de la agenda de la Salud P\u00fablica.<\/p>\n\n\n\n<p> La Diputada Nacional present\u00f3 en la C\u00e1mara de Diputados de la Naci\u00f3n, un \u00a0<a rel=\"noreferrer noopener\" href=\"https:\/\/www.diputados.gov.ar\/proyectos\/proyectoTP.jsp?exp=4995-D-2019\" target=\"_blank\">Proyecto de Ley<\/a>\u00a0sobre el Etiquetado Frontal Informativo para el consumo responsable de los alimentos, con el objetivo de impulsar h\u00e1bitos saludables en la poblaci\u00f3n y\u00a0fomentar buenas pr\u00e1cticas de fabricantes, productores, distribuidores e importadores \u00a0de alimentos.<\/p>\n\n\n\n<p> \u201c<strong>Esta ley genera un compromiso de avanzar para mejorar la alimentaci\u00f3n e impulsar h\u00e1bitos saludables en los argentinos. Tenemos altos \u00edndices de obesidad infantil y eso nos preocupa, por eso tenemos que buscar desincentivar el consumo de alimentos con alto contenido de az\u00facares, grasas y sodio. Queremos que los consumidores sepan qu\u00e9 est\u00e1n comiendo y tengan informaci\u00f3n adecuada a la hora de comprar<\/strong>\u201d, destac\u00f3 Scaglia sobre el proyecto de ley. <\/p>\n\n\n\n<p>La diputada brind\u00f3 ejemplos acerca de la publicidad enga\u00f1osa respecto al contenido nutricional y componentes de diferentes alimentos, especialmente, aquellos destinados a los ni\u00f1os.<\/p>\n\n\n\n<p>Mencion\u00f3 la importancia de reducir el porcentaje de grasas, az\u00facar y sodio en los diferentes alimentos ultraprocesados para que se pueda lograr un cambio de h\u00e1bito hacia una alimentaci\u00f3n m\u00e1s saludable.<\/p>\n\n\n\n<p>Propone incorporar sellos negros en el frente de cada paquete que muestre en las g\u00f3ndolas de modo visible la composici\u00f3n alimentaria de cada alimento.<\/p>\n\n\n\n<p> Busca adem\u00e1s regular la publicidad para restringir el uso de herramientas de marketing relacionadas a sorteos, concursos, regalos o promociones de \u00e9stos productos. Tampoco se podr\u00e1n usar para su publicidad o comercializaci\u00f3n, juguetes o merchandising que lo acompa\u00f1EN.<\/p>\n\n\n\n<p><\/p>\n\n\n\n<figure class=\"wp-block-embed-facebook wp-block-embed is-type-video is-provider-facebook\"><div class=\"wp-block-embed__wrapper\">\n<div class=\"fb-video\" data-allowfullscreen=\"true\" data-href=\"https:\/\/www.facebook.com\/ondauno103.9\/videos\/325381638601110\" style=\"background-color: #fff; display: inline-block;\"><\/div>\n<\/div><\/figure>\n","protected":false},"excerpt":{"rendered":"<p>La diputada nacional de Juntos por el Cambio Gisela Scaglia habl\u00f3 en Cosas que Pasan del proyecto que present\u00f3 sobre &#8220;Etiquetado Frontal&#8221; en los alimentos. Explic\u00f3 los detalles de la propuesta y mencion\u00f3 que el ministro de Salud de la Naci\u00f3n, doctor Gin\u00e9s Garc\u00eda Gonz\u00e1lez propicia el tratamiento del tema para que sea parte de [&hellip;]<\/p>\n","protected":false},"author":2,"featured_media":14115,"comment_status":"open","ping_status":"open","sticky":false,"template":"","format":"standard","meta":{"tdm_status":"","tdm_grid_status":"","_jetpack_memberships_contains_paid_content":false,"footnotes":"","jetpack_publicize_message":"","jetpack_publicize_feature_enabled":true,"jetpack_social_post_already_shared":false,"jetpack_social_options":{"image_generator_settings":{"template":"highway","default_image_id":0,"font":"","enabled":false},"version":2}},"categories":[3],"tags":[],"class_list":{"0":"post-14114","1":"post","2":"type-post","3":"status-publish","4":"format-standard","5":"has-post-thumbnail","7":"category-nacionales"},"yoast_head":"<!-- This site is optimized with the Yoast SEO plugin v22.7 - https:\/\/yoast.com\/wordpress\/plugins\/seo\/ -->\n<title>Etiquetado Frontal: un proyecto en la agenda de la salud p\u00fablica - 103.9 fm<\/title>\n<meta name=\"robots\" content=\"index, follow, max-snippet:-1, max-image-preview:large, max-video-preview:-1\" \/>\n<link rel=\"canonical\" href=\"https:\/\/ondauno.com.ar\/index.php\/2020\/08\/11\/etiquetado-frontal-un-proyecto-en-la-agenda-de-la-salud-publica\/\" \/>\n<meta property=\"og:locale\" content=\"es_ES\" \/>\n<meta property=\"og:type\" content=\"article\" \/>\n<meta property=\"og:title\" content=\"Etiquetado Frontal: un proyecto en la agenda de la salud p\u00fablica - 103.9 fm\" \/>\n<meta property=\"og:description\" content=\"La diputada nacional de Juntos por el Cambio Gisela Scaglia habl\u00f3 en Cosas que Pasan del proyecto que present\u00f3 sobre &#8220;Etiquetado Frontal&#8221; en los alimentos. Explic\u00f3 los detalles de la propuesta y mencion\u00f3 que el ministro de Salud de la Naci\u00f3n, doctor Gin\u00e9s Garc\u00eda Gonz\u00e1lez propicia el tratamiento del tema para que sea parte de [&hellip;]\" \/>\n<meta property=\"og:url\" content=\"https:\/\/ondauno.com.ar\/index.php\/2020\/08\/11\/etiquetado-frontal-un-proyecto-en-la-agenda-de-la-salud-publica\/\" \/>\n<meta property=\"og:site_name\" content=\"103.9 fm\" \/>\n<meta property=\"article:publisher\" content=\"https:\/\/www.facebook.com\/ondauno103.9\" \/>\n<meta property=\"article:published_time\" content=\"2020-08-11T13:52:05+00:00\" \/>\n<meta property=\"article:modified_time\" content=\"2020-08-11T13:52:10+00:00\" \/>\n<meta property=\"og:image\" content=\"https:\/\/ondauno.com.ar\/wp-content\/uploads\/2020\/08\/Gisela-Scaglia-recinto.jpg\" \/>\n\t<meta property=\"og:image:width\" content=\"812\" \/>\n\t<meta property=\"og:image:height\" content=\"521\" \/>\n\t<meta property=\"og:image:type\" content=\"image\/jpeg\" \/>\n<meta name=\"author\" content=\"fernando garcia\" \/>\n<meta name=\"twitter:card\" content=\"summary_large_image\" \/>\n<meta name=\"twitter:label1\" content=\"Escrito por\" \/>\n\t<meta name=\"twitter:data1\" content=\"fernando garcia\" \/>\n\t<meta name=\"twitter:label2\" content=\"Tiempo de lectura\" \/>\n\t<meta name=\"twitter:data2\" content=\"2 minutos\" \/>\n<script type=\"application\/ld+json\" class=\"yoast-schema-graph\">{\"@context\":\"https:\/\/schema.org\",\"@graph\":[{\"@type\":\"WebPage\",\"@id\":\"https:\/\/ondauno.com.ar\/index.php\/2020\/08\/11\/etiquetado-frontal-un-proyecto-en-la-agenda-de-la-salud-publica\/\",\"url\":\"https:\/\/ondauno.com.ar\/index.php\/2020\/08\/11\/etiquetado-frontal-un-proyecto-en-la-agenda-de-la-salud-publica\/\",\"name\":\"Etiquetado Frontal: un proyecto en la agenda de la salud p\u00fablica - 103.9 fm\",\"isPartOf\":{\"@id\":\"https:\/\/ondauno.com.ar\/#website\"},\"primaryImageOfPage\":{\"@id\":\"https:\/\/ondauno.com.ar\/index.php\/2020\/08\/11\/etiquetado-frontal-un-proyecto-en-la-agenda-de-la-salud-publica\/#primaryimage\"},\"image\":{\"@id\":\"https:\/\/ondauno.com.ar\/index.php\/2020\/08\/11\/etiquetado-frontal-un-proyecto-en-la-agenda-de-la-salud-publica\/#primaryimage\"},\"thumbnailUrl\":\"https:\/\/ondauno.com.ar\/wp-content\/uploads\/2020\/08\/Gisela-Scaglia-recinto.jpg\",\"datePublished\":\"2020-08-11T13:52:05+00:00\",\"dateModified\":\"2020-08-11T13:52:10+00:00\",\"author\":{\"@id\":\"https:\/\/ondauno.com.ar\/#\/schema\/person\/201d1b68e6c75e0fd396fe5f8af5d139\"},\"breadcrumb\":{\"@id\":\"https:\/\/ondauno.com.ar\/index.php\/2020\/08\/11\/etiquetado-frontal-un-proyecto-en-la-agenda-de-la-salud-publica\/#breadcrumb\"},\"inLanguage\":\"es-AR\",\"potentialAction\":[{\"@type\":\"ReadAction\",\"target\":[\"https:\/\/ondauno.com.ar\/index.php\/2020\/08\/11\/etiquetado-frontal-un-proyecto-en-la-agenda-de-la-salud-publica\/\"]}]},{\"@type\":\"ImageObject\",\"inLanguage\":\"es-AR\",\"@id\":\"https:\/\/ondauno.com.ar\/index.php\/2020\/08\/11\/etiquetado-frontal-un-proyecto-en-la-agenda-de-la-salud-publica\/#primaryimage\",\"url\":\"https:\/\/ondauno.com.ar\/wp-content\/uploads\/2020\/08\/Gisela-Scaglia-recinto.jpg\",\"contentUrl\":\"https:\/\/ondauno.com.ar\/wp-content\/uploads\/2020\/08\/Gisela-Scaglia-recinto.jpg\",\"width\":812,\"height\":521},{\"@type\":\"BreadcrumbList\",\"@id\":\"https:\/\/ondauno.com.ar\/index.php\/2020\/08\/11\/etiquetado-frontal-un-proyecto-en-la-agenda-de-la-salud-publica\/#breadcrumb\",\"itemListElement\":[{\"@type\":\"ListItem\",\"position\":1,\"name\":\"Inicio\",\"item\":\"https:\/\/ondauno.com.ar\/\"},{\"@type\":\"ListItem\",\"position\":2,\"name\":\"Etiquetado Frontal: un proyecto en la agenda de la salud p\u00fablica\"}]},{\"@type\":\"WebSite\",\"@id\":\"https:\/\/ondauno.com.ar\/#website\",\"url\":\"https:\/\/ondauno.com.ar\/\",\"name\":\"103.9 fm\",\"description\":\"LA PRIMERA RADIO MULTIMEDIA DE TRES ARROYOS\",\"potentialAction\":[{\"@type\":\"SearchAction\",\"target\":{\"@type\":\"EntryPoint\",\"urlTemplate\":\"https:\/\/ondauno.com.ar\/?s={search_term_string}\"},\"query-input\":\"required name=search_term_string\"}],\"inLanguage\":\"es-AR\"},{\"@type\":\"Person\",\"@id\":\"https:\/\/ondauno.com.ar\/#\/schema\/person\/201d1b68e6c75e0fd396fe5f8af5d139\",\"name\":\"fernando garcia\",\"image\":{\"@type\":\"ImageObject\",\"inLanguage\":\"es-AR\",\"@id\":\"https:\/\/ondauno.com.ar\/#\/schema\/person\/image\/\",\"url\":\"https:\/\/secure.gravatar.com\/avatar\/5f7254642ad81272e79a2e69653cfdfc?s=96&d=mm&r=g\",\"contentUrl\":\"https:\/\/secure.gravatar.com\/avatar\/5f7254642ad81272e79a2e69653cfdfc?s=96&d=mm&r=g\",\"caption\":\"fernando garcia\"},\"url\":\"https:\/\/ondauno.com.ar\/index.php\/author\/ondaunoeditor\/\"}]}<\/script>\n<!-- \/ Yoast SEO plugin. -->","yoast_head_json":{"title":"Etiquetado Frontal: un proyecto en la agenda de la salud p\u00fablica - 103.9 fm","robots":{"index":"index","follow":"follow","max-snippet":"max-snippet:-1","max-image-preview":"max-image-preview:large","max-video-preview":"max-video-preview:-1"},"canonical":"https:\/\/ondauno.com.ar\/index.php\/2020\/08\/11\/etiquetado-frontal-un-proyecto-en-la-agenda-de-la-salud-publica\/","og_locale":"es_ES","og_type":"article","og_title":"Etiquetado Frontal: un proyecto en la agenda de la salud p\u00fablica - 103.9 fm","og_description":"La diputada nacional de Juntos por el Cambio Gisela Scaglia habl\u00f3 en Cosas que Pasan del proyecto que present\u00f3 sobre &#8220;Etiquetado Frontal&#8221; en los alimentos. Explic\u00f3 los detalles de la propuesta y mencion\u00f3 que el ministro de Salud de la Naci\u00f3n, doctor Gin\u00e9s Garc\u00eda Gonz\u00e1lez propicia el tratamiento del tema para que sea parte de [&hellip;]","og_url":"https:\/\/ondauno.com.ar\/index.php\/2020\/08\/11\/etiquetado-frontal-un-proyecto-en-la-agenda-de-la-salud-publica\/","og_site_name":"103.9 fm","article_publisher":"https:\/\/www.facebook.com\/ondauno103.9","article_published_time":"2020-08-11T13:52:05+00:00","article_modified_time":"2020-08-11T13:52:10+00:00","og_image":[{"width":812,"height":521,"url":"https:\/\/ondauno.com.ar\/wp-content\/uploads\/2020\/08\/Gisela-Scaglia-recinto.jpg","type":"image\/jpeg"}],"author":"fernando garcia","twitter_card":"summary_large_image","twitter_misc":{"Escrito por":"fernando garcia","Tiempo de lectura":"2 minutos"},"schema":{"@context":"https:\/\/schema.org","@graph":[{"@type":"WebPage","@id":"https:\/\/ondauno.com.ar\/index.php\/2020\/08\/11\/etiquetado-frontal-un-proyecto-en-la-agenda-de-la-salud-publica\/","url":"https:\/\/ondauno.com.ar\/index.php\/2020\/08\/11\/etiquetado-frontal-un-proyecto-en-la-agenda-de-la-salud-publica\/","name":"Etiquetado Frontal: un proyecto en la agenda de la salud p\u00fablica - 103.9 fm","isPartOf":{"@id":"https:\/\/ondauno.com.ar\/#website"},"primaryImageOfPage":{"@id":"https:\/\/ondauno.com.ar\/index.php\/2020\/08\/11\/etiquetado-frontal-un-proyecto-en-la-agenda-de-la-salud-publica\/#primaryimage"},"image":{"@id":"https:\/\/ondauno.com.ar\/index.php\/2020\/08\/11\/etiquetado-frontal-un-proyecto-en-la-agenda-de-la-salud-publica\/#primaryimage"},"thumbnailUrl":"https:\/\/ondauno.com.ar\/wp-content\/uploads\/2020\/08\/Gisela-Scaglia-recinto.jpg","datePublished":"2020-08-11T13:52:05+00:00","dateModified":"2020-08-11T13:52:10+00:00","author":{"@id":"https:\/\/ondauno.com.ar\/#\/schema\/person\/201d1b68e6c75e0fd396fe5f8af5d139"},"breadcrumb":{"@id":"https:\/\/ondauno.com.ar\/index.php\/2020\/08\/11\/etiquetado-frontal-un-proyecto-en-la-agenda-de-la-salud-publica\/#breadcrumb"},"inLanguage":"es-AR","potentialAction":[{"@type":"ReadAction","target":["https:\/\/ondauno.com.ar\/index.php\/2020\/08\/11\/etiquetado-frontal-un-proyecto-en-la-agenda-de-la-salud-publica\/"]}]},{"@type":"ImageObject","inLanguage":"es-AR","@id":"https:\/\/ondauno.com.ar\/index.php\/2020\/08\/11\/etiquetado-frontal-un-proyecto-en-la-agenda-de-la-salud-publica\/#primaryimage","url":"https:\/\/ondauno.com.ar\/wp-content\/uploads\/2020\/08\/Gisela-Scaglia-recinto.jpg","contentUrl":"https:\/\/ondauno.com.ar\/wp-content\/uploads\/2020\/08\/Gisela-Scaglia-recinto.jpg","width":812,"height":521},{"@type":"BreadcrumbList","@id":"https:\/\/ondauno.com.ar\/index.php\/2020\/08\/11\/etiquetado-frontal-un-proyecto-en-la-agenda-de-la-salud-publica\/#breadcrumb","itemListElement":[{"@type":"ListItem","position":1,"name":"Inicio","item":"https:\/\/ondauno.com.ar\/"},{"@type":"ListItem","position":2,"name":"Etiquetado Frontal: un proyecto en la agenda de la salud p\u00fablica"}]},{"@type":"WebSite","@id":"https:\/\/ondauno.com.ar\/#website","url":"https:\/\/ondauno.com.ar\/","name":"103.9 fm","description":"LA PRIMERA RADIO MULTIMEDIA DE TRES ARROYOS","potentialAction":[{"@type":"SearchAction","target":{"@type":"EntryPoint","urlTemplate":"https:\/\/ondauno.com.ar\/?s={search_term_string}"},"query-input":"required name=search_term_string"}],"inLanguage":"es-AR"},{"@type":"Person","@id":"https:\/\/ondauno.com.ar\/#\/schema\/person\/201d1b68e6c75e0fd396fe5f8af5d139","name":"fernando garcia","image":{"@type":"ImageObject","inLanguage":"es-AR","@id":"https:\/\/ondauno.com.ar\/#\/schema\/person\/image\/","url":"https:\/\/secure.gravatar.com\/avatar\/5f7254642ad81272e79a2e69653cfdfc?s=96&d=mm&r=g","contentUrl":"https:\/\/secure.gravatar.com\/avatar\/5f7254642ad81272e79a2e69653cfdfc?s=96&d=mm&r=g","caption":"fernando garcia"},"url":"https:\/\/ondauno.com.ar\/index.php\/author\/ondaunoeditor\/"}]}},"jetpack_publicize_connections":[],"jetpack_featured_media_url":"https:\/\/ondauno.com.ar\/wp-content\/uploads\/2020\/08\/Gisela-Scaglia-recinto.jpg","jetpack_sharing_enabled":true,"_links":{"self":[{"href":"https:\/\/ondauno.com.ar\/index.php\/wp-json\/wp\/v2\/posts\/14114","targetHints":{"allow":["GET"]}}],"collection":[{"href":"https:\/\/ondauno.com.ar\/index.php\/wp-json\/wp\/v2\/posts"}],"about":[{"href":"https:\/\/ondauno.com.ar\/index.php\/wp-json\/wp\/v2\/types\/post"}],"author":[{"embeddable":true,"href":"https:\/\/ondauno.com.ar\/index.php\/wp-json\/wp\/v2\/users\/2"}],"replies":[{"embeddable":true,"href":"https:\/\/ondauno.com.ar\/index.php\/wp-json\/wp\/v2\/comments?post=14114"}],"version-history":[{"count":0,"href":"https:\/\/ondauno.com.ar\/index.php\/wp-json\/wp\/v2\/posts\/14114\/revisions"}],"wp:featuredmedia":[{"embeddable":true,"href":"https:\/\/ondauno.com.ar\/index.php\/wp-json\/wp\/v2\/media\/14115"}],"wp:attachment":[{"href":"https:\/\/ondauno.com.ar\/index.php\/wp-json\/wp\/v2\/media?parent=14114"}],"wp:term":[{"taxonomy":"category","embeddable":true,"href":"https:\/\/ondauno.com.ar\/index.php\/wp-json\/wp\/v2\/categories?post=14114"},{"taxonomy":"post_tag","embeddable":true,"href":"https:\/\/ondauno.com.ar\/index.php\/wp-json\/wp\/v2\/tags?post=14114"}],"curies":[{"name":"wp","href":"https:\/\/api.w.org\/{rel}","templated":true}]}}