{"id":13732,"date":"2020-08-06T11:02:07","date_gmt":"2020-08-06T14:02:07","guid":{"rendered":"http:\/\/ondauno.com.ar\/?p=13732"},"modified":"2020-08-06T12:19:59","modified_gmt":"2020-08-06T15:19:59","slug":"la-vacuna-puede-ser-una-gran-noticia-o-un-gran-problema-en-la-salud-mundial","status":"publish","type":"post","link":"https:\/\/ondauno.com.ar\/index.php\/2020\/08\/06\/la-vacuna-puede-ser-una-gran-noticia-o-un-gran-problema-en-la-salud-mundial\/","title":{"rendered":"&#8220;La vacuna puede ser una gran noticia o un gran problema en la salud mundial&#8221;"},"content":{"rendered":"<div class=\"ondau-before-content_3\" style=\"margin-top: -30px;\" id=\"ondau-1812933677\"><a href=\"https:\/\/www.lps.com.ar\/\" aria-label=\"la-perse2\"><img loading=\"lazy\" decoding=\"async\" src=\"https:\/\/ondauno.com.ar\/wp-content\/uploads\/2021\/10\/la-perse2.jpg\" alt=\"\"  srcset=\"https:\/\/ondauno.com.ar\/wp-content\/uploads\/2021\/10\/la-perse2.jpg 1353w, https:\/\/ondauno.com.ar\/wp-content\/uploads\/2021\/10\/la-perse2-300x43.jpg 300w, https:\/\/ondauno.com.ar\/wp-content\/uploads\/2021\/10\/la-perse2-1024x148.jpg 1024w, https:\/\/ondauno.com.ar\/wp-content\/uploads\/2021\/10\/la-perse2-768x111.jpg 768w, https:\/\/ondauno.com.ar\/wp-content\/uploads\/2021\/10\/la-perse2-696x100.jpg 696w, https:\/\/ondauno.com.ar\/wp-content\/uploads\/2021\/10\/la-perse2-1068x154.jpg 1068w\" sizes=\"(max-width: 1353px) 100vw, 1353px\" class=\"no-lazyload\" width=\"1353\" height=\"195\"  style=\"display: inline-block;\" \/><\/a><\/div>\n<p>Marcelo Peretta, Dr. en Farmacia y Bioquimica y Secretario General de Farmaceuticos y Bioquimicos habl\u00f3 en Cosas que Pasan de las vacunas que se est\u00e1n produciendo en el mundo y en Argentina con el fin de combatir el virus  covid 19.<\/p>\n\n\n\n<p>El doctor expres\u00f3 que &#8220;La vacuna puede ser una gran noticia o un gran problema en la salud mundial&#8221;, asimismo agreg\u00f3, &#8220;hay que esperar qu\u00e9 efectos secundarios provoca, algo que se prob\u00f3 en unas miles de personas para aplicar a toda la poblaci\u00f3n mundial, por eso hay que tomarlo con precauci\u00f3n&#8221;.<\/p>\n\n\n\n<p>Mencion\u00f3 que ya hay f\u00e1rmacos para el covid que est\u00e1n aprobados y que son efectivos, adem\u00e1s de contar con 10.000 bolsas de plasma esperando para ser utilizadas en pacientes cr\u00edticos.<\/p>\n\n\n\n<p>&#8220;Hay que subir las defensas, asolearse, hacer actividad f\u00edsica, dejar el encierro&#8221;.<\/p>\n\n\n\n<p>&#8220;no hay que asustar a la gente&#8221;, expres\u00f3 Peretta, &#8220;el virus existe, hay que cuidarse, pero por suerte no es tan da\u00f1ino&#8221;.<\/p>\n\n\n\n<p><\/p>\n\n\n\n<figure class=\"wp-block-audio\"><audio controls src=\"http:\/\/ondauno.com.ar\/wp-content\/uploads\/2020\/08\/WhatsApp-Audio-2020-08-06-at-08.59.09.mp3\"><\/audio><\/figure>\n\n\n\n<p><\/p>\n\n\n\n<figure class=\"wp-block-embed-facebook wp-block-embed is-type-video is-provider-facebook\"><div class=\"wp-block-embed__wrapper\">\n<div class=\"fb-video\" data-allowfullscreen=\"true\" data-href=\"https:\/\/www.facebook.com\/ondauno103.9\/videos\/376289513361118\" style=\"background-color: #fff; display: inline-block;\"><\/div>\n<\/div><\/figure>\n","protected":false},"excerpt":{"rendered":"<p>Marcelo Peretta, Dr. en Farmacia y Bioquimica y Secretario General de Farmaceuticos y Bioquimicos habl\u00f3 en Cosas que Pasan de las vacunas que se est\u00e1n produciendo en el mundo y en Argentina con el fin de combatir el virus covid 19. El doctor expres\u00f3 que &#8220;La vacuna puede ser una gran noticia o un gran [&hellip;]<\/p>\n","protected":false},"author":2,"featured_media":13734,"comment_status":"open","ping_status":"open","sticky":false,"template":"","format":"standard","meta":{"tdm_status":"","tdm_grid_status":"","_jetpack_memberships_contains_paid_content":false,"footnotes":"","jetpack_publicize_message":"","jetpack_publicize_feature_enabled":true,"jetpack_social_post_already_shared":false,"jetpack_social_options":{"image_generator_settings":{"template":"highway","default_image_id":0,"font":"","enabled":false},"version":2}},"categories":[28],"tags":[],"class_list":{"0":"post-13732","1":"post","2":"type-post","3":"status-publish","4":"format-standard","5":"has-post-thumbnail","7":"category-interes-general"},"yoast_head":"<!-- This site is optimized with the Yoast SEO plugin v22.7 - https:\/\/yoast.com\/wordpress\/plugins\/seo\/ -->\n<title>&quot;La vacuna puede ser una gran noticia o un gran problema en la salud mundial&quot; - 103.9 fm<\/title>\n<meta name=\"robots\" content=\"index, follow, max-snippet:-1, max-image-preview:large, max-video-preview:-1\" \/>\n<link rel=\"canonical\" href=\"https:\/\/ondauno.com.ar\/index.php\/2020\/08\/06\/la-vacuna-puede-ser-una-gran-noticia-o-un-gran-problema-en-la-salud-mundial\/\" \/>\n<meta property=\"og:locale\" content=\"es_ES\" \/>\n<meta property=\"og:type\" content=\"article\" \/>\n<meta property=\"og:title\" content=\"&quot;La vacuna puede ser una gran noticia o un gran problema en la salud mundial&quot; - 103.9 fm\" \/>\n<meta property=\"og:description\" content=\"Marcelo Peretta, Dr. en Farmacia y Bioquimica y Secretario General de Farmaceuticos y Bioquimicos habl\u00f3 en Cosas que Pasan de las vacunas que se est\u00e1n produciendo en el mundo y en Argentina con el fin de combatir el virus covid 19. El doctor expres\u00f3 que &#8220;La vacuna puede ser una gran noticia o un gran [&hellip;]\" \/>\n<meta property=\"og:url\" content=\"https:\/\/ondauno.com.ar\/index.php\/2020\/08\/06\/la-vacuna-puede-ser-una-gran-noticia-o-un-gran-problema-en-la-salud-mundial\/\" \/>\n<meta property=\"og:site_name\" content=\"103.9 fm\" \/>\n<meta property=\"article:publisher\" content=\"https:\/\/www.facebook.com\/ondauno103.9\" \/>\n<meta property=\"article:published_time\" content=\"2020-08-06T14:02:07+00:00\" \/>\n<meta property=\"article:modified_time\" content=\"2020-08-06T15:19:59+00:00\" \/>\n<meta property=\"og:image\" content=\"https:\/\/ondauno.com.ar\/wp-content\/uploads\/2020\/08\/peretta.jpg\" \/>\n\t<meta property=\"og:image:width\" content=\"200\" \/>\n\t<meta property=\"og:image:height\" content=\"270\" \/>\n\t<meta property=\"og:image:type\" content=\"image\/jpeg\" \/>\n<meta name=\"author\" content=\"fernando garcia\" \/>\n<meta name=\"twitter:card\" content=\"summary_large_image\" \/>\n<meta name=\"twitter:label1\" content=\"Escrito por\" \/>\n\t<meta name=\"twitter:data1\" content=\"fernando garcia\" \/>\n\t<meta name=\"twitter:label2\" content=\"Tiempo de lectura\" \/>\n\t<meta name=\"twitter:data2\" content=\"1 minuto\" \/>\n<script type=\"application\/ld+json\" class=\"yoast-schema-graph\">{\"@context\":\"https:\/\/schema.org\",\"@graph\":[{\"@type\":\"WebPage\",\"@id\":\"https:\/\/ondauno.com.ar\/index.php\/2020\/08\/06\/la-vacuna-puede-ser-una-gran-noticia-o-un-gran-problema-en-la-salud-mundial\/\",\"url\":\"https:\/\/ondauno.com.ar\/index.php\/2020\/08\/06\/la-vacuna-puede-ser-una-gran-noticia-o-un-gran-problema-en-la-salud-mundial\/\",\"name\":\"\\\"La vacuna puede ser una gran noticia o un gran problema en la salud mundial\\\" - 103.9 fm\",\"isPartOf\":{\"@id\":\"https:\/\/ondauno.com.ar\/#website\"},\"primaryImageOfPage\":{\"@id\":\"https:\/\/ondauno.com.ar\/index.php\/2020\/08\/06\/la-vacuna-puede-ser-una-gran-noticia-o-un-gran-problema-en-la-salud-mundial\/#primaryimage\"},\"image\":{\"@id\":\"https:\/\/ondauno.com.ar\/index.php\/2020\/08\/06\/la-vacuna-puede-ser-una-gran-noticia-o-un-gran-problema-en-la-salud-mundial\/#primaryimage\"},\"thumbnailUrl\":\"https:\/\/ondauno.com.ar\/wp-content\/uploads\/2020\/08\/peretta.jpg\",\"datePublished\":\"2020-08-06T14:02:07+00:00\",\"dateModified\":\"2020-08-06T15:19:59+00:00\",\"author\":{\"@id\":\"https:\/\/ondauno.com.ar\/#\/schema\/person\/201d1b68e6c75e0fd396fe5f8af5d139\"},\"breadcrumb\":{\"@id\":\"https:\/\/ondauno.com.ar\/index.php\/2020\/08\/06\/la-vacuna-puede-ser-una-gran-noticia-o-un-gran-problema-en-la-salud-mundial\/#breadcrumb\"},\"inLanguage\":\"es-AR\",\"potentialAction\":[{\"@type\":\"ReadAction\",\"target\":[\"https:\/\/ondauno.com.ar\/index.php\/2020\/08\/06\/la-vacuna-puede-ser-una-gran-noticia-o-un-gran-problema-en-la-salud-mundial\/\"]}]},{\"@type\":\"ImageObject\",\"inLanguage\":\"es-AR\",\"@id\":\"https:\/\/ondauno.com.ar\/index.php\/2020\/08\/06\/la-vacuna-puede-ser-una-gran-noticia-o-un-gran-problema-en-la-salud-mundial\/#primaryimage\",\"url\":\"https:\/\/ondauno.com.ar\/wp-content\/uploads\/2020\/08\/peretta.jpg\",\"contentUrl\":\"https:\/\/ondauno.com.ar\/wp-content\/uploads\/2020\/08\/peretta.jpg\",\"width\":200,\"height\":270},{\"@type\":\"BreadcrumbList\",\"@id\":\"https:\/\/ondauno.com.ar\/index.php\/2020\/08\/06\/la-vacuna-puede-ser-una-gran-noticia-o-un-gran-problema-en-la-salud-mundial\/#breadcrumb\",\"itemListElement\":[{\"@type\":\"ListItem\",\"position\":1,\"name\":\"Inicio\",\"item\":\"https:\/\/ondauno.com.ar\/\"},{\"@type\":\"ListItem\",\"position\":2,\"name\":\"&#8220;La vacuna puede ser una gran noticia o un gran problema en la salud mundial&#8221;\"}]},{\"@type\":\"WebSite\",\"@id\":\"https:\/\/ondauno.com.ar\/#website\",\"url\":\"https:\/\/ondauno.com.ar\/\",\"name\":\"103.9 fm\",\"description\":\"LA PRIMERA RADIO MULTIMEDIA DE TRES ARROYOS\",\"potentialAction\":[{\"@type\":\"SearchAction\",\"target\":{\"@type\":\"EntryPoint\",\"urlTemplate\":\"https:\/\/ondauno.com.ar\/?s={search_term_string}\"},\"query-input\":\"required name=search_term_string\"}],\"inLanguage\":\"es-AR\"},{\"@type\":\"Person\",\"@id\":\"https:\/\/ondauno.com.ar\/#\/schema\/person\/201d1b68e6c75e0fd396fe5f8af5d139\",\"name\":\"fernando garcia\",\"image\":{\"@type\":\"ImageObject\",\"inLanguage\":\"es-AR\",\"@id\":\"https:\/\/ondauno.com.ar\/#\/schema\/person\/image\/\",\"url\":\"https:\/\/secure.gravatar.com\/avatar\/5f7254642ad81272e79a2e69653cfdfc?s=96&d=mm&r=g\",\"contentUrl\":\"https:\/\/secure.gravatar.com\/avatar\/5f7254642ad81272e79a2e69653cfdfc?s=96&d=mm&r=g\",\"caption\":\"fernando garcia\"},\"url\":\"https:\/\/ondauno.com.ar\/index.php\/author\/ondaunoeditor\/\"}]}<\/script>\n<!-- \/ Yoast SEO plugin. -->","yoast_head_json":{"title":"\"La vacuna puede ser una gran noticia o un gran problema en la salud mundial\" - 103.9 fm","robots":{"index":"index","follow":"follow","max-snippet":"max-snippet:-1","max-image-preview":"max-image-preview:large","max-video-preview":"max-video-preview:-1"},"canonical":"https:\/\/ondauno.com.ar\/index.php\/2020\/08\/06\/la-vacuna-puede-ser-una-gran-noticia-o-un-gran-problema-en-la-salud-mundial\/","og_locale":"es_ES","og_type":"article","og_title":"\"La vacuna puede ser una gran noticia o un gran problema en la salud mundial\" - 103.9 fm","og_description":"Marcelo Peretta, Dr. en Farmacia y Bioquimica y Secretario General de Farmaceuticos y Bioquimicos habl\u00f3 en Cosas que Pasan de las vacunas que se est\u00e1n produciendo en el mundo y en Argentina con el fin de combatir el virus covid 19. El doctor expres\u00f3 que &#8220;La vacuna puede ser una gran noticia o un gran [&hellip;]","og_url":"https:\/\/ondauno.com.ar\/index.php\/2020\/08\/06\/la-vacuna-puede-ser-una-gran-noticia-o-un-gran-problema-en-la-salud-mundial\/","og_site_name":"103.9 fm","article_publisher":"https:\/\/www.facebook.com\/ondauno103.9","article_published_time":"2020-08-06T14:02:07+00:00","article_modified_time":"2020-08-06T15:19:59+00:00","og_image":[{"width":200,"height":270,"url":"https:\/\/ondauno.com.ar\/wp-content\/uploads\/2020\/08\/peretta.jpg","type":"image\/jpeg"}],"author":"fernando garcia","twitter_card":"summary_large_image","twitter_misc":{"Escrito por":"fernando garcia","Tiempo de lectura":"1 minuto"},"schema":{"@context":"https:\/\/schema.org","@graph":[{"@type":"WebPage","@id":"https:\/\/ondauno.com.ar\/index.php\/2020\/08\/06\/la-vacuna-puede-ser-una-gran-noticia-o-un-gran-problema-en-la-salud-mundial\/","url":"https:\/\/ondauno.com.ar\/index.php\/2020\/08\/06\/la-vacuna-puede-ser-una-gran-noticia-o-un-gran-problema-en-la-salud-mundial\/","name":"\"La vacuna puede ser una gran noticia o un gran problema en la salud mundial\" - 103.9 fm","isPartOf":{"@id":"https:\/\/ondauno.com.ar\/#website"},"primaryImageOfPage":{"@id":"https:\/\/ondauno.com.ar\/index.php\/2020\/08\/06\/la-vacuna-puede-ser-una-gran-noticia-o-un-gran-problema-en-la-salud-mundial\/#primaryimage"},"image":{"@id":"https:\/\/ondauno.com.ar\/index.php\/2020\/08\/06\/la-vacuna-puede-ser-una-gran-noticia-o-un-gran-problema-en-la-salud-mundial\/#primaryimage"},"thumbnailUrl":"https:\/\/ondauno.com.ar\/wp-content\/uploads\/2020\/08\/peretta.jpg","datePublished":"2020-08-06T14:02:07+00:00","dateModified":"2020-08-06T15:19:59+00:00","author":{"@id":"https:\/\/ondauno.com.ar\/#\/schema\/person\/201d1b68e6c75e0fd396fe5f8af5d139"},"breadcrumb":{"@id":"https:\/\/ondauno.com.ar\/index.php\/2020\/08\/06\/la-vacuna-puede-ser-una-gran-noticia-o-un-gran-problema-en-la-salud-mundial\/#breadcrumb"},"inLanguage":"es-AR","potentialAction":[{"@type":"ReadAction","target":["https:\/\/ondauno.com.ar\/index.php\/2020\/08\/06\/la-vacuna-puede-ser-una-gran-noticia-o-un-gran-problema-en-la-salud-mundial\/"]}]},{"@type":"ImageObject","inLanguage":"es-AR","@id":"https:\/\/ondauno.com.ar\/index.php\/2020\/08\/06\/la-vacuna-puede-ser-una-gran-noticia-o-un-gran-problema-en-la-salud-mundial\/#primaryimage","url":"https:\/\/ondauno.com.ar\/wp-content\/uploads\/2020\/08\/peretta.jpg","contentUrl":"https:\/\/ondauno.com.ar\/wp-content\/uploads\/2020\/08\/peretta.jpg","width":200,"height":270},{"@type":"BreadcrumbList","@id":"https:\/\/ondauno.com.ar\/index.php\/2020\/08\/06\/la-vacuna-puede-ser-una-gran-noticia-o-un-gran-problema-en-la-salud-mundial\/#breadcrumb","itemListElement":[{"@type":"ListItem","position":1,"name":"Inicio","item":"https:\/\/ondauno.com.ar\/"},{"@type":"ListItem","position":2,"name":"&#8220;La vacuna puede ser una gran noticia o un gran problema en la salud mundial&#8221;"}]},{"@type":"WebSite","@id":"https:\/\/ondauno.com.ar\/#website","url":"https:\/\/ondauno.com.ar\/","name":"103.9 fm","description":"LA PRIMERA RADIO MULTIMEDIA DE TRES ARROYOS","potentialAction":[{"@type":"SearchAction","target":{"@type":"EntryPoint","urlTemplate":"https:\/\/ondauno.com.ar\/?s={search_term_string}"},"query-input":"required name=search_term_string"}],"inLanguage":"es-AR"},{"@type":"Person","@id":"https:\/\/ondauno.com.ar\/#\/schema\/person\/201d1b68e6c75e0fd396fe5f8af5d139","name":"fernando garcia","image":{"@type":"ImageObject","inLanguage":"es-AR","@id":"https:\/\/ondauno.com.ar\/#\/schema\/person\/image\/","url":"https:\/\/secure.gravatar.com\/avatar\/5f7254642ad81272e79a2e69653cfdfc?s=96&d=mm&r=g","contentUrl":"https:\/\/secure.gravatar.com\/avatar\/5f7254642ad81272e79a2e69653cfdfc?s=96&d=mm&r=g","caption":"fernando garcia"},"url":"https:\/\/ondauno.com.ar\/index.php\/author\/ondaunoeditor\/"}]}},"jetpack_publicize_connections":[],"jetpack_featured_media_url":"https:\/\/ondauno.com.ar\/wp-content\/uploads\/2020\/08\/peretta.jpg","jetpack_sharing_enabled":true,"_links":{"self":[{"href":"https:\/\/ondauno.com.ar\/index.php\/wp-json\/wp\/v2\/posts\/13732","targetHints":{"allow":["GET"]}}],"collection":[{"href":"https:\/\/ondauno.com.ar\/index.php\/wp-json\/wp\/v2\/posts"}],"about":[{"href":"https:\/\/ondauno.com.ar\/index.php\/wp-json\/wp\/v2\/types\/post"}],"author":[{"embeddable":true,"href":"https:\/\/ondauno.com.ar\/index.php\/wp-json\/wp\/v2\/users\/2"}],"replies":[{"embeddable":true,"href":"https:\/\/ondauno.com.ar\/index.php\/wp-json\/wp\/v2\/comments?post=13732"}],"version-history":[{"count":0,"href":"https:\/\/ondauno.com.ar\/index.php\/wp-json\/wp\/v2\/posts\/13732\/revisions"}],"wp:featuredmedia":[{"embeddable":true,"href":"https:\/\/ondauno.com.ar\/index.php\/wp-json\/wp\/v2\/media\/13734"}],"wp:attachment":[{"href":"https:\/\/ondauno.com.ar\/index.php\/wp-json\/wp\/v2\/media?parent=13732"}],"wp:term":[{"taxonomy":"category","embeddable":true,"href":"https:\/\/ondauno.com.ar\/index.php\/wp-json\/wp\/v2\/categories?post=13732"},{"taxonomy":"post_tag","embeddable":true,"href":"https:\/\/ondauno.com.ar\/index.php\/wp-json\/wp\/v2\/tags?post=13732"}],"curies":[{"name":"wp","href":"https:\/\/api.w.org\/{rel}","templated":true}]}}