{"id":13399,"date":"2020-07-31T14:49:04","date_gmt":"2020-07-31T17:49:04","guid":{"rendered":"http:\/\/ondauno.com.ar\/?p=13399"},"modified":"2020-07-31T15:15:26","modified_gmt":"2020-07-31T18:15:26","slug":"un-remis-y-un-ciclista-protagonizan-un-siniestro-vial-en-el-camino-de-cintura","status":"publish","type":"post","link":"https:\/\/ondauno.com.ar\/index.php\/2020\/07\/31\/un-remis-y-un-ciclista-protagonizan-un-siniestro-vial-en-el-camino-de-cintura\/","title":{"rendered":"Un remis y un ciclista protagonizan un siniestro vial en el Camino de Cintura"},"content":{"rendered":"<div class=\"ondau-before-content_3\" style=\"margin-top: -30px;\" id=\"ondau-2763760215\"><a href=\"https:\/\/www.lps.com.ar\/\" aria-label=\"la-perse2\"><img loading=\"lazy\" decoding=\"async\" src=\"https:\/\/ondauno.com.ar\/wp-content\/uploads\/2021\/10\/la-perse2.jpg\" alt=\"\"  srcset=\"https:\/\/ondauno.com.ar\/wp-content\/uploads\/2021\/10\/la-perse2.jpg 1353w, https:\/\/ondauno.com.ar\/wp-content\/uploads\/2021\/10\/la-perse2-300x43.jpg 300w, https:\/\/ondauno.com.ar\/wp-content\/uploads\/2021\/10\/la-perse2-1024x148.jpg 1024w, https:\/\/ondauno.com.ar\/wp-content\/uploads\/2021\/10\/la-perse2-768x111.jpg 768w, https:\/\/ondauno.com.ar\/wp-content\/uploads\/2021\/10\/la-perse2-696x100.jpg 696w, https:\/\/ondauno.com.ar\/wp-content\/uploads\/2021\/10\/la-perse2-1068x154.jpg 1068w\" sizes=\"(max-width: 1353px) 100vw, 1353px\" class=\"no-lazyload\" width=\"1353\" height=\"195\"  style=\"display: inline-block;\" \/><\/a><\/div>\n<p>Un ciclista que circulaba\npor el Camino de Cintura protagoniz\u00f3 un siniestro vial al chocar con un remis\nque transitaba por una de las arterias perpendiculares a la avenida mencionada.<\/p>\n\n\n\n<p>El hecho ocurri\u00f3 en\ncercan\u00eda del Golf Club.<\/p>\n\n\n\n<p>Seg\u00fan los primeros\ninformes el conductor del remis entr\u00f3 en estado de shock por el impacto. Tras\nrecibir los primeros auxilios correspondientes, por un guardavida que circulaba\npor la zona (Mat\u00edas Rossi) fue trasladado por el servicio SAME testimonios del\nlugar contaron a ONDA UNO que habr\u00eda tenido alg\u00fan problema de \u00edndole cardiaco.<\/p>\n\n\n\n<p>Mientras tanto el ciclista\nbastante golpeado despu\u00e9s del accidente recogi\u00f3 su bicicleta y abandono el\nlugar<\/p>\n\n\n\n<p>Trabaja en el lugar\npersonal del Servicio de seguridad vial municipal.<\/p>\n\n\n\n<figure class=\"wp-block-image\"><img loading=\"lazy\" decoding=\"async\" width=\"576\" height=\"1024\" data-src=\"http:\/\/ondauno.com.ar\/wp-content\/uploads\/2020\/07\/WhatsApp-Image-2020-07-31-at-14.40.00-576x1024.jpeg\" alt=\"\" class=\"wp-image-13400 lazyload\" data-srcset=\"https:\/\/ondauno.com.ar\/wp-content\/uploads\/2020\/07\/WhatsApp-Image-2020-07-31-at-14.40.00-576x1024.jpeg 576w, https:\/\/ondauno.com.ar\/wp-content\/uploads\/2020\/07\/WhatsApp-Image-2020-07-31-at-14.40.00-169x300.jpeg 169w, https:\/\/ondauno.com.ar\/wp-content\/uploads\/2020\/07\/WhatsApp-Image-2020-07-31-at-14.40.00-696x1237.jpeg 696w, https:\/\/ondauno.com.ar\/wp-content\/uploads\/2020\/07\/WhatsApp-Image-2020-07-31-at-14.40.00-236x420.jpeg 236w, https:\/\/ondauno.com.ar\/wp-content\/uploads\/2020\/07\/WhatsApp-Image-2020-07-31-at-14.40.00.jpeg 720w\" data-sizes=\"auto, (max-width: 576px) 100vw, 576px\" src=\"data:image\/gif;base64,R0lGODlhAQABAAAAACH5BAEKAAEALAAAAAABAAEAAAICTAEAOw==\" style=\"--smush-placeholder-width: 576px; --smush-placeholder-aspect-ratio: 576\/1024;\" \/><noscript><img loading=\"lazy\" decoding=\"async\" width=\"576\" height=\"1024\" src=\"http:\/\/ondauno.com.ar\/wp-content\/uploads\/2020\/07\/WhatsApp-Image-2020-07-31-at-14.40.00-576x1024.jpeg\" alt=\"\" class=\"wp-image-13400\" srcset=\"https:\/\/ondauno.com.ar\/wp-content\/uploads\/2020\/07\/WhatsApp-Image-2020-07-31-at-14.40.00-576x1024.jpeg 576w, https:\/\/ondauno.com.ar\/wp-content\/uploads\/2020\/07\/WhatsApp-Image-2020-07-31-at-14.40.00-169x300.jpeg 169w, https:\/\/ondauno.com.ar\/wp-content\/uploads\/2020\/07\/WhatsApp-Image-2020-07-31-at-14.40.00-696x1237.jpeg 696w, https:\/\/ondauno.com.ar\/wp-content\/uploads\/2020\/07\/WhatsApp-Image-2020-07-31-at-14.40.00-236x420.jpeg 236w, https:\/\/ondauno.com.ar\/wp-content\/uploads\/2020\/07\/WhatsApp-Image-2020-07-31-at-14.40.00.jpeg 720w\" sizes=\"auto, (max-width: 576px) 100vw, 576px\" \/><\/noscript><\/figure>\n","protected":false},"excerpt":{"rendered":"<p>Un ciclista que circulaba por el Camino de Cintura protagoniz\u00f3 un siniestro vial al chocar con un remis que transitaba por una de las arterias perpendiculares a la avenida mencionada. El hecho ocurri\u00f3 en cercan\u00eda del Golf Club. Seg\u00fan los primeros informes el conductor del remis entr\u00f3 en estado de shock por el impacto. Tras [&hellip;]<\/p>\n","protected":false},"author":2,"featured_media":13401,"comment_status":"open","ping_status":"open","sticky":false,"template":"","format":"standard","meta":{"tdm_status":"","tdm_grid_status":"","_jetpack_memberships_contains_paid_content":false,"footnotes":"","jetpack_publicize_message":"","jetpack_publicize_feature_enabled":true,"jetpack_social_post_already_shared":false,"jetpack_social_options":{"image_generator_settings":{"template":"highway","default_image_id":0,"font":"","enabled":false},"version":2}},"categories":[29],"tags":[],"class_list":{"0":"post-13399","1":"post","2":"type-post","3":"status-publish","4":"format-standard","5":"has-post-thumbnail","7":"category-policiales"},"yoast_head":"<!-- This site is optimized with the Yoast SEO plugin v22.7 - https:\/\/yoast.com\/wordpress\/plugins\/seo\/ -->\n<title>Un remis y un ciclista protagonizan un siniestro vial en el Camino de Cintura - 103.9 fm<\/title>\n<meta name=\"robots\" content=\"index, follow, max-snippet:-1, max-image-preview:large, max-video-preview:-1\" \/>\n<link rel=\"canonical\" href=\"https:\/\/ondauno.com.ar\/index.php\/2020\/07\/31\/un-remis-y-un-ciclista-protagonizan-un-siniestro-vial-en-el-camino-de-cintura\/\" \/>\n<meta property=\"og:locale\" content=\"es_ES\" \/>\n<meta property=\"og:type\" content=\"article\" \/>\n<meta property=\"og:title\" content=\"Un remis y un ciclista protagonizan un siniestro vial en el Camino de Cintura - 103.9 fm\" \/>\n<meta property=\"og:description\" content=\"Un ciclista que circulaba por el Camino de Cintura protagoniz\u00f3 un siniestro vial al chocar con un remis que transitaba por una de las arterias perpendiculares a la avenida mencionada. El hecho ocurri\u00f3 en cercan\u00eda del Golf Club. Seg\u00fan los primeros informes el conductor del remis entr\u00f3 en estado de shock por el impacto. Tras [&hellip;]\" \/>\n<meta property=\"og:url\" content=\"https:\/\/ondauno.com.ar\/index.php\/2020\/07\/31\/un-remis-y-un-ciclista-protagonizan-un-siniestro-vial-en-el-camino-de-cintura\/\" \/>\n<meta property=\"og:site_name\" content=\"103.9 fm\" \/>\n<meta property=\"article:publisher\" content=\"https:\/\/www.facebook.com\/ondauno103.9\" \/>\n<meta property=\"article:published_time\" content=\"2020-07-31T17:49:04+00:00\" \/>\n<meta property=\"article:modified_time\" content=\"2020-07-31T18:15:26+00:00\" \/>\n<meta property=\"og:image\" content=\"https:\/\/ondauno.com.ar\/wp-content\/uploads\/2020\/07\/WhatsApp-Image-2020-07-31-at-14.40.00-1.jpeg\" \/>\n\t<meta property=\"og:image:width\" content=\"960\" \/>\n\t<meta property=\"og:image:height\" content=\"1280\" \/>\n\t<meta property=\"og:image:type\" content=\"image\/jpeg\" \/>\n<meta name=\"author\" content=\"fernando garcia\" \/>\n<meta name=\"twitter:card\" content=\"summary_large_image\" \/>\n<meta name=\"twitter:label1\" content=\"Escrito por\" \/>\n\t<meta name=\"twitter:data1\" content=\"fernando garcia\" \/>\n\t<meta name=\"twitter:label2\" content=\"Tiempo de lectura\" \/>\n\t<meta name=\"twitter:data2\" content=\"1 minuto\" \/>\n<script type=\"application\/ld+json\" class=\"yoast-schema-graph\">{\"@context\":\"https:\/\/schema.org\",\"@graph\":[{\"@type\":\"WebPage\",\"@id\":\"https:\/\/ondauno.com.ar\/index.php\/2020\/07\/31\/un-remis-y-un-ciclista-protagonizan-un-siniestro-vial-en-el-camino-de-cintura\/\",\"url\":\"https:\/\/ondauno.com.ar\/index.php\/2020\/07\/31\/un-remis-y-un-ciclista-protagonizan-un-siniestro-vial-en-el-camino-de-cintura\/\",\"name\":\"Un remis y un ciclista protagonizan un siniestro vial en el Camino de Cintura - 103.9 fm\",\"isPartOf\":{\"@id\":\"https:\/\/ondauno.com.ar\/#website\"},\"primaryImageOfPage\":{\"@id\":\"https:\/\/ondauno.com.ar\/index.php\/2020\/07\/31\/un-remis-y-un-ciclista-protagonizan-un-siniestro-vial-en-el-camino-de-cintura\/#primaryimage\"},\"image\":{\"@id\":\"https:\/\/ondauno.com.ar\/index.php\/2020\/07\/31\/un-remis-y-un-ciclista-protagonizan-un-siniestro-vial-en-el-camino-de-cintura\/#primaryimage\"},\"thumbnailUrl\":\"https:\/\/ondauno.com.ar\/wp-content\/uploads\/2020\/07\/WhatsApp-Image-2020-07-31-at-14.40.00-1.jpeg\",\"datePublished\":\"2020-07-31T17:49:04+00:00\",\"dateModified\":\"2020-07-31T18:15:26+00:00\",\"author\":{\"@id\":\"https:\/\/ondauno.com.ar\/#\/schema\/person\/201d1b68e6c75e0fd396fe5f8af5d139\"},\"breadcrumb\":{\"@id\":\"https:\/\/ondauno.com.ar\/index.php\/2020\/07\/31\/un-remis-y-un-ciclista-protagonizan-un-siniestro-vial-en-el-camino-de-cintura\/#breadcrumb\"},\"inLanguage\":\"es-AR\",\"potentialAction\":[{\"@type\":\"ReadAction\",\"target\":[\"https:\/\/ondauno.com.ar\/index.php\/2020\/07\/31\/un-remis-y-un-ciclista-protagonizan-un-siniestro-vial-en-el-camino-de-cintura\/\"]}]},{\"@type\":\"ImageObject\",\"inLanguage\":\"es-AR\",\"@id\":\"https:\/\/ondauno.com.ar\/index.php\/2020\/07\/31\/un-remis-y-un-ciclista-protagonizan-un-siniestro-vial-en-el-camino-de-cintura\/#primaryimage\",\"url\":\"https:\/\/ondauno.com.ar\/wp-content\/uploads\/2020\/07\/WhatsApp-Image-2020-07-31-at-14.40.00-1.jpeg\",\"contentUrl\":\"https:\/\/ondauno.com.ar\/wp-content\/uploads\/2020\/07\/WhatsApp-Image-2020-07-31-at-14.40.00-1.jpeg\",\"width\":960,\"height\":1280},{\"@type\":\"BreadcrumbList\",\"@id\":\"https:\/\/ondauno.com.ar\/index.php\/2020\/07\/31\/un-remis-y-un-ciclista-protagonizan-un-siniestro-vial-en-el-camino-de-cintura\/#breadcrumb\",\"itemListElement\":[{\"@type\":\"ListItem\",\"position\":1,\"name\":\"Inicio\",\"item\":\"https:\/\/ondauno.com.ar\/\"},{\"@type\":\"ListItem\",\"position\":2,\"name\":\"Un remis y un ciclista protagonizan un siniestro vial en el Camino de Cintura\"}]},{\"@type\":\"WebSite\",\"@id\":\"https:\/\/ondauno.com.ar\/#website\",\"url\":\"https:\/\/ondauno.com.ar\/\",\"name\":\"103.9 fm\",\"description\":\"LA PRIMERA RADIO MULTIMEDIA DE TRES ARROYOS\",\"potentialAction\":[{\"@type\":\"SearchAction\",\"target\":{\"@type\":\"EntryPoint\",\"urlTemplate\":\"https:\/\/ondauno.com.ar\/?s={search_term_string}\"},\"query-input\":\"required name=search_term_string\"}],\"inLanguage\":\"es-AR\"},{\"@type\":\"Person\",\"@id\":\"https:\/\/ondauno.com.ar\/#\/schema\/person\/201d1b68e6c75e0fd396fe5f8af5d139\",\"name\":\"fernando garcia\",\"image\":{\"@type\":\"ImageObject\",\"inLanguage\":\"es-AR\",\"@id\":\"https:\/\/ondauno.com.ar\/#\/schema\/person\/image\/\",\"url\":\"https:\/\/secure.gravatar.com\/avatar\/5f7254642ad81272e79a2e69653cfdfc?s=96&d=mm&r=g\",\"contentUrl\":\"https:\/\/secure.gravatar.com\/avatar\/5f7254642ad81272e79a2e69653cfdfc?s=96&d=mm&r=g\",\"caption\":\"fernando garcia\"},\"url\":\"https:\/\/ondauno.com.ar\/index.php\/author\/ondaunoeditor\/\"}]}<\/script>\n<!-- \/ Yoast SEO plugin. -->","yoast_head_json":{"title":"Un remis y un ciclista protagonizan un siniestro vial en el Camino de Cintura - 103.9 fm","robots":{"index":"index","follow":"follow","max-snippet":"max-snippet:-1","max-image-preview":"max-image-preview:large","max-video-preview":"max-video-preview:-1"},"canonical":"https:\/\/ondauno.com.ar\/index.php\/2020\/07\/31\/un-remis-y-un-ciclista-protagonizan-un-siniestro-vial-en-el-camino-de-cintura\/","og_locale":"es_ES","og_type":"article","og_title":"Un remis y un ciclista protagonizan un siniestro vial en el Camino de Cintura - 103.9 fm","og_description":"Un ciclista que circulaba por el Camino de Cintura protagoniz\u00f3 un siniestro vial al chocar con un remis que transitaba por una de las arterias perpendiculares a la avenida mencionada. El hecho ocurri\u00f3 en cercan\u00eda del Golf Club. Seg\u00fan los primeros informes el conductor del remis entr\u00f3 en estado de shock por el impacto. Tras [&hellip;]","og_url":"https:\/\/ondauno.com.ar\/index.php\/2020\/07\/31\/un-remis-y-un-ciclista-protagonizan-un-siniestro-vial-en-el-camino-de-cintura\/","og_site_name":"103.9 fm","article_publisher":"https:\/\/www.facebook.com\/ondauno103.9","article_published_time":"2020-07-31T17:49:04+00:00","article_modified_time":"2020-07-31T18:15:26+00:00","og_image":[{"width":960,"height":1280,"url":"https:\/\/ondauno.com.ar\/wp-content\/uploads\/2020\/07\/WhatsApp-Image-2020-07-31-at-14.40.00-1.jpeg","type":"image\/jpeg"}],"author":"fernando garcia","twitter_card":"summary_large_image","twitter_misc":{"Escrito por":"fernando garcia","Tiempo de lectura":"1 minuto"},"schema":{"@context":"https:\/\/schema.org","@graph":[{"@type":"WebPage","@id":"https:\/\/ondauno.com.ar\/index.php\/2020\/07\/31\/un-remis-y-un-ciclista-protagonizan-un-siniestro-vial-en-el-camino-de-cintura\/","url":"https:\/\/ondauno.com.ar\/index.php\/2020\/07\/31\/un-remis-y-un-ciclista-protagonizan-un-siniestro-vial-en-el-camino-de-cintura\/","name":"Un remis y un ciclista protagonizan un siniestro vial en el Camino de Cintura - 103.9 fm","isPartOf":{"@id":"https:\/\/ondauno.com.ar\/#website"},"primaryImageOfPage":{"@id":"https:\/\/ondauno.com.ar\/index.php\/2020\/07\/31\/un-remis-y-un-ciclista-protagonizan-un-siniestro-vial-en-el-camino-de-cintura\/#primaryimage"},"image":{"@id":"https:\/\/ondauno.com.ar\/index.php\/2020\/07\/31\/un-remis-y-un-ciclista-protagonizan-un-siniestro-vial-en-el-camino-de-cintura\/#primaryimage"},"thumbnailUrl":"https:\/\/ondauno.com.ar\/wp-content\/uploads\/2020\/07\/WhatsApp-Image-2020-07-31-at-14.40.00-1.jpeg","datePublished":"2020-07-31T17:49:04+00:00","dateModified":"2020-07-31T18:15:26+00:00","author":{"@id":"https:\/\/ondauno.com.ar\/#\/schema\/person\/201d1b68e6c75e0fd396fe5f8af5d139"},"breadcrumb":{"@id":"https:\/\/ondauno.com.ar\/index.php\/2020\/07\/31\/un-remis-y-un-ciclista-protagonizan-un-siniestro-vial-en-el-camino-de-cintura\/#breadcrumb"},"inLanguage":"es-AR","potentialAction":[{"@type":"ReadAction","target":["https:\/\/ondauno.com.ar\/index.php\/2020\/07\/31\/un-remis-y-un-ciclista-protagonizan-un-siniestro-vial-en-el-camino-de-cintura\/"]}]},{"@type":"ImageObject","inLanguage":"es-AR","@id":"https:\/\/ondauno.com.ar\/index.php\/2020\/07\/31\/un-remis-y-un-ciclista-protagonizan-un-siniestro-vial-en-el-camino-de-cintura\/#primaryimage","url":"https:\/\/ondauno.com.ar\/wp-content\/uploads\/2020\/07\/WhatsApp-Image-2020-07-31-at-14.40.00-1.jpeg","contentUrl":"https:\/\/ondauno.com.ar\/wp-content\/uploads\/2020\/07\/WhatsApp-Image-2020-07-31-at-14.40.00-1.jpeg","width":960,"height":1280},{"@type":"BreadcrumbList","@id":"https:\/\/ondauno.com.ar\/index.php\/2020\/07\/31\/un-remis-y-un-ciclista-protagonizan-un-siniestro-vial-en-el-camino-de-cintura\/#breadcrumb","itemListElement":[{"@type":"ListItem","position":1,"name":"Inicio","item":"https:\/\/ondauno.com.ar\/"},{"@type":"ListItem","position":2,"name":"Un remis y un ciclista protagonizan un siniestro vial en el Camino de Cintura"}]},{"@type":"WebSite","@id":"https:\/\/ondauno.com.ar\/#website","url":"https:\/\/ondauno.com.ar\/","name":"103.9 fm","description":"LA PRIMERA RADIO MULTIMEDIA DE TRES ARROYOS","potentialAction":[{"@type":"SearchAction","target":{"@type":"EntryPoint","urlTemplate":"https:\/\/ondauno.com.ar\/?s={search_term_string}"},"query-input":"required name=search_term_string"}],"inLanguage":"es-AR"},{"@type":"Person","@id":"https:\/\/ondauno.com.ar\/#\/schema\/person\/201d1b68e6c75e0fd396fe5f8af5d139","name":"fernando garcia","image":{"@type":"ImageObject","inLanguage":"es-AR","@id":"https:\/\/ondauno.com.ar\/#\/schema\/person\/image\/","url":"https:\/\/secure.gravatar.com\/avatar\/5f7254642ad81272e79a2e69653cfdfc?s=96&d=mm&r=g","contentUrl":"https:\/\/secure.gravatar.com\/avatar\/5f7254642ad81272e79a2e69653cfdfc?s=96&d=mm&r=g","caption":"fernando garcia"},"url":"https:\/\/ondauno.com.ar\/index.php\/author\/ondaunoeditor\/"}]}},"jetpack_publicize_connections":[],"jetpack_featured_media_url":"https:\/\/ondauno.com.ar\/wp-content\/uploads\/2020\/07\/WhatsApp-Image-2020-07-31-at-14.40.00-1.jpeg","jetpack_sharing_enabled":true,"_links":{"self":[{"href":"https:\/\/ondauno.com.ar\/index.php\/wp-json\/wp\/v2\/posts\/13399","targetHints":{"allow":["GET"]}}],"collection":[{"href":"https:\/\/ondauno.com.ar\/index.php\/wp-json\/wp\/v2\/posts"}],"about":[{"href":"https:\/\/ondauno.com.ar\/index.php\/wp-json\/wp\/v2\/types\/post"}],"author":[{"embeddable":true,"href":"https:\/\/ondauno.com.ar\/index.php\/wp-json\/wp\/v2\/users\/2"}],"replies":[{"embeddable":true,"href":"https:\/\/ondauno.com.ar\/index.php\/wp-json\/wp\/v2\/comments?post=13399"}],"version-history":[{"count":0,"href":"https:\/\/ondauno.com.ar\/index.php\/wp-json\/wp\/v2\/posts\/13399\/revisions"}],"wp:featuredmedia":[{"embeddable":true,"href":"https:\/\/ondauno.com.ar\/index.php\/wp-json\/wp\/v2\/media\/13401"}],"wp:attachment":[{"href":"https:\/\/ondauno.com.ar\/index.php\/wp-json\/wp\/v2\/media?parent=13399"}],"wp:term":[{"taxonomy":"category","embeddable":true,"href":"https:\/\/ondauno.com.ar\/index.php\/wp-json\/wp\/v2\/categories?post=13399"},{"taxonomy":"post_tag","embeddable":true,"href":"https:\/\/ondauno.com.ar\/index.php\/wp-json\/wp\/v2\/tags?post=13399"}],"curies":[{"name":"wp","href":"https:\/\/api.w.org\/{rel}","templated":true}]}}