{"id":13352,"date":"2020-07-30T20:38:20","date_gmt":"2020-07-30T23:38:20","guid":{"rendered":"http:\/\/ondauno.com.ar\/?p=13352"},"modified":"2020-07-30T20:38:23","modified_gmt":"2020-07-30T23:38:23","slug":"aprehension-por-encubrimiento-y-secuestro","status":"publish","type":"post","link":"https:\/\/ondauno.com.ar\/index.php\/2020\/07\/30\/aprehension-por-encubrimiento-y-secuestro\/","title":{"rendered":"Aprehensi\u00f3n por encubrimiento y secuestro"},"content":{"rendered":"<div class=\"ondau-before-content_3\" style=\"margin-top: -30px;\" id=\"ondau-3586150174\"><a href=\"https:\/\/www.lps.com.ar\/\" aria-label=\"la-perse2\"><img loading=\"lazy\" decoding=\"async\" src=\"https:\/\/ondauno.com.ar\/wp-content\/uploads\/2021\/10\/la-perse2.jpg\" alt=\"\"  srcset=\"https:\/\/ondauno.com.ar\/wp-content\/uploads\/2021\/10\/la-perse2.jpg 1353w, https:\/\/ondauno.com.ar\/wp-content\/uploads\/2021\/10\/la-perse2-300x43.jpg 300w, https:\/\/ondauno.com.ar\/wp-content\/uploads\/2021\/10\/la-perse2-1024x148.jpg 1024w, https:\/\/ondauno.com.ar\/wp-content\/uploads\/2021\/10\/la-perse2-768x111.jpg 768w, https:\/\/ondauno.com.ar\/wp-content\/uploads\/2021\/10\/la-perse2-696x100.jpg 696w, https:\/\/ondauno.com.ar\/wp-content\/uploads\/2021\/10\/la-perse2-1068x154.jpg 1068w\" sizes=\"(max-width: 1353px) 100vw, 1353px\" class=\"no-lazyload\" width=\"1353\" height=\"195\"  style=\"display: inline-block;\" \/><\/a><\/div>\n<p>En el d\u00eda de la fechael personal <strong>Estaci\u00f3n de Polic\u00eda Comunal Tres Arroyos 1ra<\/strong>, en el marco de identificaci\u00f3n, control vehicular y faltas en general, procedi\u00f3 en avenida Gral. Mosconi al 300 a la interceptaci\u00f3n de una moto veh\u00edculo conducido por un menor de edad, donde al ser cursados los datos del rodado por sala inform\u00e1tica presento \u201cPEDIDO DE SECUESTRO ACTIVO\u201d solicitado por la Ufij. N\u00b017 de Tres Arroyos por el delito de ROBO.- Mantenida comunicaci\u00f3n telef\u00f3nica con magistrado interviniente dispuso actuaciones de rigor y entrega de menor a sus progenitores. Injerencia UFIJ 04 FRPJ DJBB Agte. Fiscal Dra. Marina Vizzolini.- <\/p>\n\n\n\n<p>FDO. SUBCOMISARIO\nNELSON RAUL AGUIRRE RETA, JEFE ESTACI\u00d3N POLICIAL TRES ARROYOS.- <\/p>\n","protected":false},"excerpt":{"rendered":"<p>En el d\u00eda de la fechael personal Estaci\u00f3n de Polic\u00eda Comunal Tres Arroyos 1ra, en el marco de identificaci\u00f3n, control vehicular y faltas en general, procedi\u00f3 en avenida Gral. Mosconi al 300 a la interceptaci\u00f3n de una moto veh\u00edculo conducido por un menor de edad, donde al ser cursados los datos del rodado por sala [&hellip;]<\/p>\n","protected":false},"author":2,"featured_media":13353,"comment_status":"open","ping_status":"open","sticky":false,"template":"","format":"standard","meta":{"tdm_status":"","tdm_grid_status":"","_jetpack_memberships_contains_paid_content":false,"footnotes":"","jetpack_publicize_message":"","jetpack_publicize_feature_enabled":true,"jetpack_social_post_already_shared":false,"jetpack_social_options":{"image_generator_settings":{"template":"highway","default_image_id":0,"font":"","enabled":false},"version":2}},"categories":[29],"tags":[],"class_list":{"0":"post-13352","1":"post","2":"type-post","3":"status-publish","4":"format-standard","5":"has-post-thumbnail","7":"category-policiales"},"yoast_head":"<!-- This site is optimized with the Yoast SEO plugin v22.7 - https:\/\/yoast.com\/wordpress\/plugins\/seo\/ -->\n<title>Aprehensi\u00f3n por encubrimiento y secuestro - 103.9 fm<\/title>\n<meta name=\"robots\" content=\"index, follow, max-snippet:-1, max-image-preview:large, max-video-preview:-1\" \/>\n<link rel=\"canonical\" href=\"https:\/\/ondauno.com.ar\/index.php\/2020\/07\/30\/aprehension-por-encubrimiento-y-secuestro\/\" \/>\n<meta property=\"og:locale\" content=\"es_ES\" \/>\n<meta property=\"og:type\" content=\"article\" \/>\n<meta property=\"og:title\" content=\"Aprehensi\u00f3n por encubrimiento y secuestro - 103.9 fm\" \/>\n<meta property=\"og:description\" content=\"En el d\u00eda de la fechael personal Estaci\u00f3n de Polic\u00eda Comunal Tres Arroyos 1ra, en el marco de identificaci\u00f3n, control vehicular y faltas en general, procedi\u00f3 en avenida Gral. Mosconi al 300 a la interceptaci\u00f3n de una moto veh\u00edculo conducido por un menor de edad, donde al ser cursados los datos del rodado por sala [&hellip;]\" \/>\n<meta property=\"og:url\" content=\"https:\/\/ondauno.com.ar\/index.php\/2020\/07\/30\/aprehension-por-encubrimiento-y-secuestro\/\" \/>\n<meta property=\"og:site_name\" content=\"103.9 fm\" \/>\n<meta property=\"article:publisher\" content=\"https:\/\/www.facebook.com\/ondauno103.9\" \/>\n<meta property=\"article:published_time\" content=\"2020-07-30T23:38:20+00:00\" \/>\n<meta property=\"article:modified_time\" content=\"2020-07-30T23:38:23+00:00\" \/>\n<meta property=\"og:image\" content=\"https:\/\/ondauno.com.ar\/wp-content\/uploads\/2020\/07\/moto.jpg\" \/>\n\t<meta property=\"og:image:width\" content=\"1017\" \/>\n\t<meta property=\"og:image:height\" content=\"765\" \/>\n\t<meta property=\"og:image:type\" content=\"image\/jpeg\" \/>\n<meta name=\"author\" content=\"fernando garcia\" \/>\n<meta name=\"twitter:card\" content=\"summary_large_image\" \/>\n<meta name=\"twitter:label1\" content=\"Escrito por\" \/>\n\t<meta name=\"twitter:data1\" content=\"fernando garcia\" \/>\n\t<meta name=\"twitter:label2\" content=\"Tiempo de lectura\" \/>\n\t<meta name=\"twitter:data2\" content=\"1 minuto\" \/>\n<script type=\"application\/ld+json\" class=\"yoast-schema-graph\">{\"@context\":\"https:\/\/schema.org\",\"@graph\":[{\"@type\":\"WebPage\",\"@id\":\"https:\/\/ondauno.com.ar\/index.php\/2020\/07\/30\/aprehension-por-encubrimiento-y-secuestro\/\",\"url\":\"https:\/\/ondauno.com.ar\/index.php\/2020\/07\/30\/aprehension-por-encubrimiento-y-secuestro\/\",\"name\":\"Aprehensi\u00f3n por encubrimiento y secuestro - 103.9 fm\",\"isPartOf\":{\"@id\":\"https:\/\/ondauno.com.ar\/#website\"},\"primaryImageOfPage\":{\"@id\":\"https:\/\/ondauno.com.ar\/index.php\/2020\/07\/30\/aprehension-por-encubrimiento-y-secuestro\/#primaryimage\"},\"image\":{\"@id\":\"https:\/\/ondauno.com.ar\/index.php\/2020\/07\/30\/aprehension-por-encubrimiento-y-secuestro\/#primaryimage\"},\"thumbnailUrl\":\"https:\/\/ondauno.com.ar\/wp-content\/uploads\/2020\/07\/moto.jpg\",\"datePublished\":\"2020-07-30T23:38:20+00:00\",\"dateModified\":\"2020-07-30T23:38:23+00:00\",\"author\":{\"@id\":\"https:\/\/ondauno.com.ar\/#\/schema\/person\/201d1b68e6c75e0fd396fe5f8af5d139\"},\"breadcrumb\":{\"@id\":\"https:\/\/ondauno.com.ar\/index.php\/2020\/07\/30\/aprehension-por-encubrimiento-y-secuestro\/#breadcrumb\"},\"inLanguage\":\"es-AR\",\"potentialAction\":[{\"@type\":\"ReadAction\",\"target\":[\"https:\/\/ondauno.com.ar\/index.php\/2020\/07\/30\/aprehension-por-encubrimiento-y-secuestro\/\"]}]},{\"@type\":\"ImageObject\",\"inLanguage\":\"es-AR\",\"@id\":\"https:\/\/ondauno.com.ar\/index.php\/2020\/07\/30\/aprehension-por-encubrimiento-y-secuestro\/#primaryimage\",\"url\":\"https:\/\/ondauno.com.ar\/wp-content\/uploads\/2020\/07\/moto.jpg\",\"contentUrl\":\"https:\/\/ondauno.com.ar\/wp-content\/uploads\/2020\/07\/moto.jpg\",\"width\":1017,\"height\":765},{\"@type\":\"BreadcrumbList\",\"@id\":\"https:\/\/ondauno.com.ar\/index.php\/2020\/07\/30\/aprehension-por-encubrimiento-y-secuestro\/#breadcrumb\",\"itemListElement\":[{\"@type\":\"ListItem\",\"position\":1,\"name\":\"Inicio\",\"item\":\"https:\/\/ondauno.com.ar\/\"},{\"@type\":\"ListItem\",\"position\":2,\"name\":\"Aprehensi\u00f3n por encubrimiento y secuestro\"}]},{\"@type\":\"WebSite\",\"@id\":\"https:\/\/ondauno.com.ar\/#website\",\"url\":\"https:\/\/ondauno.com.ar\/\",\"name\":\"103.9 fm\",\"description\":\"LA PRIMERA RADIO MULTIMEDIA DE TRES ARROYOS\",\"potentialAction\":[{\"@type\":\"SearchAction\",\"target\":{\"@type\":\"EntryPoint\",\"urlTemplate\":\"https:\/\/ondauno.com.ar\/?s={search_term_string}\"},\"query-input\":\"required name=search_term_string\"}],\"inLanguage\":\"es-AR\"},{\"@type\":\"Person\",\"@id\":\"https:\/\/ondauno.com.ar\/#\/schema\/person\/201d1b68e6c75e0fd396fe5f8af5d139\",\"name\":\"fernando garcia\",\"image\":{\"@type\":\"ImageObject\",\"inLanguage\":\"es-AR\",\"@id\":\"https:\/\/ondauno.com.ar\/#\/schema\/person\/image\/\",\"url\":\"https:\/\/secure.gravatar.com\/avatar\/5f7254642ad81272e79a2e69653cfdfc?s=96&d=mm&r=g\",\"contentUrl\":\"https:\/\/secure.gravatar.com\/avatar\/5f7254642ad81272e79a2e69653cfdfc?s=96&d=mm&r=g\",\"caption\":\"fernando garcia\"},\"url\":\"https:\/\/ondauno.com.ar\/index.php\/author\/ondaunoeditor\/\"}]}<\/script>\n<!-- \/ Yoast SEO plugin. -->","yoast_head_json":{"title":"Aprehensi\u00f3n por encubrimiento y secuestro - 103.9 fm","robots":{"index":"index","follow":"follow","max-snippet":"max-snippet:-1","max-image-preview":"max-image-preview:large","max-video-preview":"max-video-preview:-1"},"canonical":"https:\/\/ondauno.com.ar\/index.php\/2020\/07\/30\/aprehension-por-encubrimiento-y-secuestro\/","og_locale":"es_ES","og_type":"article","og_title":"Aprehensi\u00f3n por encubrimiento y secuestro - 103.9 fm","og_description":"En el d\u00eda de la fechael personal Estaci\u00f3n de Polic\u00eda Comunal Tres Arroyos 1ra, en el marco de identificaci\u00f3n, control vehicular y faltas en general, procedi\u00f3 en avenida Gral. Mosconi al 300 a la interceptaci\u00f3n de una moto veh\u00edculo conducido por un menor de edad, donde al ser cursados los datos del rodado por sala [&hellip;]","og_url":"https:\/\/ondauno.com.ar\/index.php\/2020\/07\/30\/aprehension-por-encubrimiento-y-secuestro\/","og_site_name":"103.9 fm","article_publisher":"https:\/\/www.facebook.com\/ondauno103.9","article_published_time":"2020-07-30T23:38:20+00:00","article_modified_time":"2020-07-30T23:38:23+00:00","og_image":[{"width":1017,"height":765,"url":"https:\/\/ondauno.com.ar\/wp-content\/uploads\/2020\/07\/moto.jpg","type":"image\/jpeg"}],"author":"fernando garcia","twitter_card":"summary_large_image","twitter_misc":{"Escrito por":"fernando garcia","Tiempo de lectura":"1 minuto"},"schema":{"@context":"https:\/\/schema.org","@graph":[{"@type":"WebPage","@id":"https:\/\/ondauno.com.ar\/index.php\/2020\/07\/30\/aprehension-por-encubrimiento-y-secuestro\/","url":"https:\/\/ondauno.com.ar\/index.php\/2020\/07\/30\/aprehension-por-encubrimiento-y-secuestro\/","name":"Aprehensi\u00f3n por encubrimiento y secuestro - 103.9 fm","isPartOf":{"@id":"https:\/\/ondauno.com.ar\/#website"},"primaryImageOfPage":{"@id":"https:\/\/ondauno.com.ar\/index.php\/2020\/07\/30\/aprehension-por-encubrimiento-y-secuestro\/#primaryimage"},"image":{"@id":"https:\/\/ondauno.com.ar\/index.php\/2020\/07\/30\/aprehension-por-encubrimiento-y-secuestro\/#primaryimage"},"thumbnailUrl":"https:\/\/ondauno.com.ar\/wp-content\/uploads\/2020\/07\/moto.jpg","datePublished":"2020-07-30T23:38:20+00:00","dateModified":"2020-07-30T23:38:23+00:00","author":{"@id":"https:\/\/ondauno.com.ar\/#\/schema\/person\/201d1b68e6c75e0fd396fe5f8af5d139"},"breadcrumb":{"@id":"https:\/\/ondauno.com.ar\/index.php\/2020\/07\/30\/aprehension-por-encubrimiento-y-secuestro\/#breadcrumb"},"inLanguage":"es-AR","potentialAction":[{"@type":"ReadAction","target":["https:\/\/ondauno.com.ar\/index.php\/2020\/07\/30\/aprehension-por-encubrimiento-y-secuestro\/"]}]},{"@type":"ImageObject","inLanguage":"es-AR","@id":"https:\/\/ondauno.com.ar\/index.php\/2020\/07\/30\/aprehension-por-encubrimiento-y-secuestro\/#primaryimage","url":"https:\/\/ondauno.com.ar\/wp-content\/uploads\/2020\/07\/moto.jpg","contentUrl":"https:\/\/ondauno.com.ar\/wp-content\/uploads\/2020\/07\/moto.jpg","width":1017,"height":765},{"@type":"BreadcrumbList","@id":"https:\/\/ondauno.com.ar\/index.php\/2020\/07\/30\/aprehension-por-encubrimiento-y-secuestro\/#breadcrumb","itemListElement":[{"@type":"ListItem","position":1,"name":"Inicio","item":"https:\/\/ondauno.com.ar\/"},{"@type":"ListItem","position":2,"name":"Aprehensi\u00f3n por encubrimiento y secuestro"}]},{"@type":"WebSite","@id":"https:\/\/ondauno.com.ar\/#website","url":"https:\/\/ondauno.com.ar\/","name":"103.9 fm","description":"LA PRIMERA RADIO MULTIMEDIA DE TRES ARROYOS","potentialAction":[{"@type":"SearchAction","target":{"@type":"EntryPoint","urlTemplate":"https:\/\/ondauno.com.ar\/?s={search_term_string}"},"query-input":"required name=search_term_string"}],"inLanguage":"es-AR"},{"@type":"Person","@id":"https:\/\/ondauno.com.ar\/#\/schema\/person\/201d1b68e6c75e0fd396fe5f8af5d139","name":"fernando garcia","image":{"@type":"ImageObject","inLanguage":"es-AR","@id":"https:\/\/ondauno.com.ar\/#\/schema\/person\/image\/","url":"https:\/\/secure.gravatar.com\/avatar\/5f7254642ad81272e79a2e69653cfdfc?s=96&d=mm&r=g","contentUrl":"https:\/\/secure.gravatar.com\/avatar\/5f7254642ad81272e79a2e69653cfdfc?s=96&d=mm&r=g","caption":"fernando garcia"},"url":"https:\/\/ondauno.com.ar\/index.php\/author\/ondaunoeditor\/"}]}},"jetpack_publicize_connections":[],"jetpack_featured_media_url":"https:\/\/ondauno.com.ar\/wp-content\/uploads\/2020\/07\/moto.jpg","jetpack_sharing_enabled":true,"_links":{"self":[{"href":"https:\/\/ondauno.com.ar\/index.php\/wp-json\/wp\/v2\/posts\/13352","targetHints":{"allow":["GET"]}}],"collection":[{"href":"https:\/\/ondauno.com.ar\/index.php\/wp-json\/wp\/v2\/posts"}],"about":[{"href":"https:\/\/ondauno.com.ar\/index.php\/wp-json\/wp\/v2\/types\/post"}],"author":[{"embeddable":true,"href":"https:\/\/ondauno.com.ar\/index.php\/wp-json\/wp\/v2\/users\/2"}],"replies":[{"embeddable":true,"href":"https:\/\/ondauno.com.ar\/index.php\/wp-json\/wp\/v2\/comments?post=13352"}],"version-history":[{"count":0,"href":"https:\/\/ondauno.com.ar\/index.php\/wp-json\/wp\/v2\/posts\/13352\/revisions"}],"wp:featuredmedia":[{"embeddable":true,"href":"https:\/\/ondauno.com.ar\/index.php\/wp-json\/wp\/v2\/media\/13353"}],"wp:attachment":[{"href":"https:\/\/ondauno.com.ar\/index.php\/wp-json\/wp\/v2\/media?parent=13352"}],"wp:term":[{"taxonomy":"category","embeddable":true,"href":"https:\/\/ondauno.com.ar\/index.php\/wp-json\/wp\/v2\/categories?post=13352"},{"taxonomy":"post_tag","embeddable":true,"href":"https:\/\/ondauno.com.ar\/index.php\/wp-json\/wp\/v2\/tags?post=13352"}],"curies":[{"name":"wp","href":"https:\/\/api.w.org\/{rel}","templated":true}]}}