{"id":13348,"date":"2020-07-30T20:31:55","date_gmt":"2020-07-30T23:31:55","guid":{"rendered":"http:\/\/ondauno.com.ar\/?p=13348"},"modified":"2020-07-30T20:31:59","modified_gmt":"2020-07-30T23:31:59","slug":"equidad-social-y-perspectivas-de-genero-prioridades-de-la-primera-mesa-de-mujeres-rurales","status":"publish","type":"post","link":"https:\/\/ondauno.com.ar\/index.php\/2020\/07\/30\/equidad-social-y-perspectivas-de-genero-prioridades-de-la-primera-mesa-de-mujeres-rurales\/","title":{"rendered":"Equidad social y perspectivas de g\u00e9nero prioridades de la primera mesa de mujeres rurales"},"content":{"rendered":"<div class=\"ondau-before-content_3\" style=\"margin-top: -30px;\" id=\"ondau-2570099429\"><a href=\"https:\/\/www.lps.com.ar\/\" aria-label=\"la-perse2\"><img loading=\"lazy\" decoding=\"async\" src=\"https:\/\/ondauno.com.ar\/wp-content\/uploads\/2021\/10\/la-perse2.jpg\" alt=\"\"  srcset=\"https:\/\/ondauno.com.ar\/wp-content\/uploads\/2021\/10\/la-perse2.jpg 1353w, https:\/\/ondauno.com.ar\/wp-content\/uploads\/2021\/10\/la-perse2-300x43.jpg 300w, https:\/\/ondauno.com.ar\/wp-content\/uploads\/2021\/10\/la-perse2-1024x148.jpg 1024w, https:\/\/ondauno.com.ar\/wp-content\/uploads\/2021\/10\/la-perse2-768x111.jpg 768w, https:\/\/ondauno.com.ar\/wp-content\/uploads\/2021\/10\/la-perse2-696x100.jpg 696w, https:\/\/ondauno.com.ar\/wp-content\/uploads\/2021\/10\/la-perse2-1068x154.jpg 1068w\" sizes=\"(max-width: 1353px) 100vw, 1353px\" class=\"no-lazyload\" width=\"1353\" height=\"195\"  style=\"display: inline-block;\" \/><\/a><\/div>\n<p>El Ministro de Desarrollo Agrario, Javier Rodr\u00edguez, encabez\u00f3 hoy la primera Mesa Provincial de Mujeres Rurales, en la que lo acompa\u00f1aron la Ministra de las Mujeres, Pol\u00edticas de G\u00e9nero y Diversidad Sexual bonaerense, Estela D\u00edaz; el Ministro de Agricultura, Ganader\u00eda y Pesca de la Naci\u00f3n, Luis Basterra; y un amplio conjunto de organizaciones del sector. En la reuni\u00f3n se mostraron las l\u00edneas que ya se vienen trabajando desde el MDA, y se elabor\u00f3 una agenda de trabajo a partir de los  ejes vinculados a la equidad social y la perspectiva de g\u00e9nero.<\/p>\n\n\n\n<p>La Plata.- \u201cEstamos muy contentos de poder conformar esta Mesa, que es por un lado el resultado de una pol\u00edtica de estado que plante\u00f3 el Gobernado Axel Kicillof desde el inicio de su gesti\u00f3n, pero tambi\u00e9n resultado de la lucha incansable de las mujeres por construir una agenda de g\u00e9nero en el desarrollo agrario. La pol\u00edtica de g\u00e9nero hay que entenderla como transversal a todo\u201d, afirm\u00f3 el Ministro Rodr\u00edguez.<\/p>\n\n\n\n<p>El jefe de cartera agraria resalt\u00f3 \u201cla necesidad de construir pol\u00edticas p\u00fablicas para impulsar el desarrollo agrario de manera colectiva y social, en donde la mujer rural cumple un rol fundamental para crear una agenda nueva. Es importante la representatividad que les permita ser parte de la toma de decisiones\u201d. <\/p>\n\n\n\n<p>Uno de los hechos m\u00e1s destacados fue la amplia participaci\u00f3n de las entidades y organizaciones del sector: del encuentro participaron representantes mujeres de Mujeres Rurales, CARBAP, Federaci\u00f3n Agraria, Sociedad Rural Argentina, CONINAGRO, FEBAPRI, FECOF\u00c9; FONAF; Uatre, Facept, , MTE, UTT, FAR, UTEP, entre otros. En total, unas 70 referentes del sector. <\/p>\n\n\n\n<p>Por su parte la Ministra de las Mujeres, Estela D\u00edaz, sostuvo: \u201cContamos con un Estado que se preocupa por quienes m\u00e1s lo necesitan y trabaja para erradicar las desigualdades de g\u00e9nero y las violencias. Celebro esta iniciativa de generar este espacio para construir equidad para las mujeres del sector rural. Hay que hacer visible el rol clave que tienen las mujeres para asegurar la alimentaci\u00f3n de las familias y al mismo tiempo empoderarlas en su papel productivo y social\u201d.<\/p>\n\n\n\n<p>Para el Ministro de Agricultura, Ganader\u00eda y Pesca, Luis Basterra, \u201cla oportunidad de dialogar con quienes tienen responsabilidades en un territorio como la provincia de Buenos Aires y representantes de la mujer y organizaciones nos parece de suma val\u00eda.  Estamos para acompa\u00f1ar y articular todas las pol\u00edticas de g\u00e9nero que sirvan para visibilizar y empoderar el trabajo de las mujeres rurales\u201d.<\/p>\n\n\n\n<p>Las mujeres presentes, y que representan a distintas entidades y organizaciones ligadas al agro, celebraron la iniciativa y plantearon la necesidad de sumar esfuerzos, y continuar avanzando en la implementaci\u00f3n de pol\u00edticas p\u00fablicas y privadas coordinadas e intersectoriales que reconozcan, y act\u00faen sobre los desaf\u00edos que enfrentan las mujeres rurales, coloc\u00e1ndolas al centro de las estrategias de desarrollo sostenible. Asimismo se\u00f1alaron sus necesidades ligadas al acceso al cr\u00e9dito, violencia de g\u00e9nero rural, educaci\u00f3n y formaci\u00f3n, conectividad, acceso a la tierra, asistencia t\u00e9cnica y visibilidad representativa.<\/p>\n\n\n\n<p>Finalmente, junto a la Subsecretaria de Agricultura, Ganader\u00eda y Pesca, Carla Seain, se realiz\u00f3 un repaso de las medidas implementadas desde la cartera agraria bonaerense, y se abord\u00f3 la importancia del trabajo conjunto y articulado en una agenda de desarrollo agrario para nuestro territorio desde una perspectiva de g\u00e9nero interpelando el rol del estado hacia una construcci\u00f3n colectiva y plural de pol\u00edticas p\u00fablicas que garanticen igualdad de oportunidades.<\/p>\n\n\n\n<p>Estuvieron presentes adem\u00e1s, la Jefa de Gabinete del Ministerio de Agricultura Ganader\u00eda y Pesca de la Naci\u00f3n, Diana Guill\u00e9n; y la Presidenta del INTA, Susana Mirassou.<\/p>\n","protected":false},"excerpt":{"rendered":"<p>El Ministro de Desarrollo Agrario, Javier Rodr\u00edguez, encabez\u00f3 hoy la primera Mesa Provincial de Mujeres Rurales, en la que lo acompa\u00f1aron la Ministra de las Mujeres, Pol\u00edticas de G\u00e9nero y Diversidad Sexual bonaerense, Estela D\u00edaz; el Ministro de Agricultura, Ganader\u00eda y Pesca de la Naci\u00f3n, Luis Basterra; y un amplio conjunto de organizaciones del sector. [&hellip;]<\/p>\n","protected":false},"author":2,"featured_media":13349,"comment_status":"open","ping_status":"open","sticky":false,"template":"","format":"standard","meta":{"tdm_status":"","tdm_grid_status":"","_jetpack_memberships_contains_paid_content":false,"footnotes":"","jetpack_publicize_message":"","jetpack_publicize_feature_enabled":true,"jetpack_social_post_already_shared":false,"jetpack_social_options":{"image_generator_settings":{"template":"highway","default_image_id":0,"font":"","enabled":false},"version":2}},"categories":[3],"tags":[],"class_list":{"0":"post-13348","1":"post","2":"type-post","3":"status-publish","4":"format-standard","5":"has-post-thumbnail","7":"category-nacionales"},"yoast_head":"<!-- This site is optimized with the Yoast SEO plugin v22.7 - https:\/\/yoast.com\/wordpress\/plugins\/seo\/ -->\n<title>Equidad social y perspectivas de g\u00e9nero prioridades de la primera mesa de mujeres rurales - 103.9 fm<\/title>\n<meta name=\"robots\" content=\"index, follow, max-snippet:-1, max-image-preview:large, max-video-preview:-1\" \/>\n<link rel=\"canonical\" href=\"https:\/\/ondauno.com.ar\/index.php\/2020\/07\/30\/equidad-social-y-perspectivas-de-genero-prioridades-de-la-primera-mesa-de-mujeres-rurales\/\" \/>\n<meta property=\"og:locale\" content=\"es_ES\" \/>\n<meta property=\"og:type\" content=\"article\" \/>\n<meta property=\"og:title\" content=\"Equidad social y perspectivas de g\u00e9nero prioridades de la primera mesa de mujeres rurales - 103.9 fm\" \/>\n<meta property=\"og:description\" content=\"El Ministro de Desarrollo Agrario, Javier Rodr\u00edguez, encabez\u00f3 hoy la primera Mesa Provincial de Mujeres Rurales, en la que lo acompa\u00f1aron la Ministra de las Mujeres, Pol\u00edticas de G\u00e9nero y Diversidad Sexual bonaerense, Estela D\u00edaz; el Ministro de Agricultura, Ganader\u00eda y Pesca de la Naci\u00f3n, Luis Basterra; y un amplio conjunto de organizaciones del sector. [&hellip;]\" \/>\n<meta property=\"og:url\" content=\"https:\/\/ondauno.com.ar\/index.php\/2020\/07\/30\/equidad-social-y-perspectivas-de-genero-prioridades-de-la-primera-mesa-de-mujeres-rurales\/\" \/>\n<meta property=\"og:site_name\" content=\"103.9 fm\" \/>\n<meta property=\"article:publisher\" content=\"https:\/\/www.facebook.com\/ondauno103.9\" \/>\n<meta property=\"article:published_time\" content=\"2020-07-30T23:31:55+00:00\" \/>\n<meta property=\"article:modified_time\" content=\"2020-07-30T23:31:59+00:00\" \/>\n<meta property=\"og:image\" content=\"https:\/\/ondauno.com.ar\/wp-content\/uploads\/2020\/07\/WhatsApp-Image-2020-07-30-at-20.10.07.jpeg\" \/>\n\t<meta property=\"og:image:width\" content=\"1280\" \/>\n\t<meta property=\"og:image:height\" content=\"847\" \/>\n\t<meta property=\"og:image:type\" content=\"image\/jpeg\" \/>\n<meta name=\"author\" content=\"fernando garcia\" \/>\n<meta name=\"twitter:card\" content=\"summary_large_image\" \/>\n<meta name=\"twitter:label1\" content=\"Escrito por\" \/>\n\t<meta name=\"twitter:data1\" content=\"fernando garcia\" \/>\n\t<meta name=\"twitter:label2\" content=\"Tiempo de lectura\" \/>\n\t<meta name=\"twitter:data2\" content=\"3 minutos\" \/>\n<script type=\"application\/ld+json\" class=\"yoast-schema-graph\">{\"@context\":\"https:\/\/schema.org\",\"@graph\":[{\"@type\":\"WebPage\",\"@id\":\"https:\/\/ondauno.com.ar\/index.php\/2020\/07\/30\/equidad-social-y-perspectivas-de-genero-prioridades-de-la-primera-mesa-de-mujeres-rurales\/\",\"url\":\"https:\/\/ondauno.com.ar\/index.php\/2020\/07\/30\/equidad-social-y-perspectivas-de-genero-prioridades-de-la-primera-mesa-de-mujeres-rurales\/\",\"name\":\"Equidad social y perspectivas de g\u00e9nero prioridades de la primera mesa de mujeres rurales - 103.9 fm\",\"isPartOf\":{\"@id\":\"https:\/\/ondauno.com.ar\/#website\"},\"primaryImageOfPage\":{\"@id\":\"https:\/\/ondauno.com.ar\/index.php\/2020\/07\/30\/equidad-social-y-perspectivas-de-genero-prioridades-de-la-primera-mesa-de-mujeres-rurales\/#primaryimage\"},\"image\":{\"@id\":\"https:\/\/ondauno.com.ar\/index.php\/2020\/07\/30\/equidad-social-y-perspectivas-de-genero-prioridades-de-la-primera-mesa-de-mujeres-rurales\/#primaryimage\"},\"thumbnailUrl\":\"https:\/\/ondauno.com.ar\/wp-content\/uploads\/2020\/07\/WhatsApp-Image-2020-07-30-at-20.10.07.jpeg\",\"datePublished\":\"2020-07-30T23:31:55+00:00\",\"dateModified\":\"2020-07-30T23:31:59+00:00\",\"author\":{\"@id\":\"https:\/\/ondauno.com.ar\/#\/schema\/person\/201d1b68e6c75e0fd396fe5f8af5d139\"},\"breadcrumb\":{\"@id\":\"https:\/\/ondauno.com.ar\/index.php\/2020\/07\/30\/equidad-social-y-perspectivas-de-genero-prioridades-de-la-primera-mesa-de-mujeres-rurales\/#breadcrumb\"},\"inLanguage\":\"es-AR\",\"potentialAction\":[{\"@type\":\"ReadAction\",\"target\":[\"https:\/\/ondauno.com.ar\/index.php\/2020\/07\/30\/equidad-social-y-perspectivas-de-genero-prioridades-de-la-primera-mesa-de-mujeres-rurales\/\"]}]},{\"@type\":\"ImageObject\",\"inLanguage\":\"es-AR\",\"@id\":\"https:\/\/ondauno.com.ar\/index.php\/2020\/07\/30\/equidad-social-y-perspectivas-de-genero-prioridades-de-la-primera-mesa-de-mujeres-rurales\/#primaryimage\",\"url\":\"https:\/\/ondauno.com.ar\/wp-content\/uploads\/2020\/07\/WhatsApp-Image-2020-07-30-at-20.10.07.jpeg\",\"contentUrl\":\"https:\/\/ondauno.com.ar\/wp-content\/uploads\/2020\/07\/WhatsApp-Image-2020-07-30-at-20.10.07.jpeg\",\"width\":1280,\"height\":847},{\"@type\":\"BreadcrumbList\",\"@id\":\"https:\/\/ondauno.com.ar\/index.php\/2020\/07\/30\/equidad-social-y-perspectivas-de-genero-prioridades-de-la-primera-mesa-de-mujeres-rurales\/#breadcrumb\",\"itemListElement\":[{\"@type\":\"ListItem\",\"position\":1,\"name\":\"Inicio\",\"item\":\"https:\/\/ondauno.com.ar\/\"},{\"@type\":\"ListItem\",\"position\":2,\"name\":\"Equidad social y perspectivas de g\u00e9nero prioridades de la primera mesa de mujeres rurales\"}]},{\"@type\":\"WebSite\",\"@id\":\"https:\/\/ondauno.com.ar\/#website\",\"url\":\"https:\/\/ondauno.com.ar\/\",\"name\":\"103.9 fm\",\"description\":\"LA PRIMERA RADIO MULTIMEDIA DE TRES ARROYOS\",\"potentialAction\":[{\"@type\":\"SearchAction\",\"target\":{\"@type\":\"EntryPoint\",\"urlTemplate\":\"https:\/\/ondauno.com.ar\/?s={search_term_string}\"},\"query-input\":\"required name=search_term_string\"}],\"inLanguage\":\"es-AR\"},{\"@type\":\"Person\",\"@id\":\"https:\/\/ondauno.com.ar\/#\/schema\/person\/201d1b68e6c75e0fd396fe5f8af5d139\",\"name\":\"fernando garcia\",\"image\":{\"@type\":\"ImageObject\",\"inLanguage\":\"es-AR\",\"@id\":\"https:\/\/ondauno.com.ar\/#\/schema\/person\/image\/\",\"url\":\"https:\/\/secure.gravatar.com\/avatar\/5f7254642ad81272e79a2e69653cfdfc?s=96&d=mm&r=g\",\"contentUrl\":\"https:\/\/secure.gravatar.com\/avatar\/5f7254642ad81272e79a2e69653cfdfc?s=96&d=mm&r=g\",\"caption\":\"fernando garcia\"},\"url\":\"https:\/\/ondauno.com.ar\/index.php\/author\/ondaunoeditor\/\"}]}<\/script>\n<!-- \/ Yoast SEO plugin. -->","yoast_head_json":{"title":"Equidad social y perspectivas de g\u00e9nero prioridades de la primera mesa de mujeres rurales - 103.9 fm","robots":{"index":"index","follow":"follow","max-snippet":"max-snippet:-1","max-image-preview":"max-image-preview:large","max-video-preview":"max-video-preview:-1"},"canonical":"https:\/\/ondauno.com.ar\/index.php\/2020\/07\/30\/equidad-social-y-perspectivas-de-genero-prioridades-de-la-primera-mesa-de-mujeres-rurales\/","og_locale":"es_ES","og_type":"article","og_title":"Equidad social y perspectivas de g\u00e9nero prioridades de la primera mesa de mujeres rurales - 103.9 fm","og_description":"El Ministro de Desarrollo Agrario, Javier Rodr\u00edguez, encabez\u00f3 hoy la primera Mesa Provincial de Mujeres Rurales, en la que lo acompa\u00f1aron la Ministra de las Mujeres, Pol\u00edticas de G\u00e9nero y Diversidad Sexual bonaerense, Estela D\u00edaz; el Ministro de Agricultura, Ganader\u00eda y Pesca de la Naci\u00f3n, Luis Basterra; y un amplio conjunto de organizaciones del sector. [&hellip;]","og_url":"https:\/\/ondauno.com.ar\/index.php\/2020\/07\/30\/equidad-social-y-perspectivas-de-genero-prioridades-de-la-primera-mesa-de-mujeres-rurales\/","og_site_name":"103.9 fm","article_publisher":"https:\/\/www.facebook.com\/ondauno103.9","article_published_time":"2020-07-30T23:31:55+00:00","article_modified_time":"2020-07-30T23:31:59+00:00","og_image":[{"width":1280,"height":847,"url":"https:\/\/ondauno.com.ar\/wp-content\/uploads\/2020\/07\/WhatsApp-Image-2020-07-30-at-20.10.07.jpeg","type":"image\/jpeg"}],"author":"fernando garcia","twitter_card":"summary_large_image","twitter_misc":{"Escrito por":"fernando garcia","Tiempo de lectura":"3 minutos"},"schema":{"@context":"https:\/\/schema.org","@graph":[{"@type":"WebPage","@id":"https:\/\/ondauno.com.ar\/index.php\/2020\/07\/30\/equidad-social-y-perspectivas-de-genero-prioridades-de-la-primera-mesa-de-mujeres-rurales\/","url":"https:\/\/ondauno.com.ar\/index.php\/2020\/07\/30\/equidad-social-y-perspectivas-de-genero-prioridades-de-la-primera-mesa-de-mujeres-rurales\/","name":"Equidad social y perspectivas de g\u00e9nero prioridades de la primera mesa de mujeres rurales - 103.9 fm","isPartOf":{"@id":"https:\/\/ondauno.com.ar\/#website"},"primaryImageOfPage":{"@id":"https:\/\/ondauno.com.ar\/index.php\/2020\/07\/30\/equidad-social-y-perspectivas-de-genero-prioridades-de-la-primera-mesa-de-mujeres-rurales\/#primaryimage"},"image":{"@id":"https:\/\/ondauno.com.ar\/index.php\/2020\/07\/30\/equidad-social-y-perspectivas-de-genero-prioridades-de-la-primera-mesa-de-mujeres-rurales\/#primaryimage"},"thumbnailUrl":"https:\/\/ondauno.com.ar\/wp-content\/uploads\/2020\/07\/WhatsApp-Image-2020-07-30-at-20.10.07.jpeg","datePublished":"2020-07-30T23:31:55+00:00","dateModified":"2020-07-30T23:31:59+00:00","author":{"@id":"https:\/\/ondauno.com.ar\/#\/schema\/person\/201d1b68e6c75e0fd396fe5f8af5d139"},"breadcrumb":{"@id":"https:\/\/ondauno.com.ar\/index.php\/2020\/07\/30\/equidad-social-y-perspectivas-de-genero-prioridades-de-la-primera-mesa-de-mujeres-rurales\/#breadcrumb"},"inLanguage":"es-AR","potentialAction":[{"@type":"ReadAction","target":["https:\/\/ondauno.com.ar\/index.php\/2020\/07\/30\/equidad-social-y-perspectivas-de-genero-prioridades-de-la-primera-mesa-de-mujeres-rurales\/"]}]},{"@type":"ImageObject","inLanguage":"es-AR","@id":"https:\/\/ondauno.com.ar\/index.php\/2020\/07\/30\/equidad-social-y-perspectivas-de-genero-prioridades-de-la-primera-mesa-de-mujeres-rurales\/#primaryimage","url":"https:\/\/ondauno.com.ar\/wp-content\/uploads\/2020\/07\/WhatsApp-Image-2020-07-30-at-20.10.07.jpeg","contentUrl":"https:\/\/ondauno.com.ar\/wp-content\/uploads\/2020\/07\/WhatsApp-Image-2020-07-30-at-20.10.07.jpeg","width":1280,"height":847},{"@type":"BreadcrumbList","@id":"https:\/\/ondauno.com.ar\/index.php\/2020\/07\/30\/equidad-social-y-perspectivas-de-genero-prioridades-de-la-primera-mesa-de-mujeres-rurales\/#breadcrumb","itemListElement":[{"@type":"ListItem","position":1,"name":"Inicio","item":"https:\/\/ondauno.com.ar\/"},{"@type":"ListItem","position":2,"name":"Equidad social y perspectivas de g\u00e9nero prioridades de la primera mesa de mujeres rurales"}]},{"@type":"WebSite","@id":"https:\/\/ondauno.com.ar\/#website","url":"https:\/\/ondauno.com.ar\/","name":"103.9 fm","description":"LA PRIMERA RADIO MULTIMEDIA DE TRES ARROYOS","potentialAction":[{"@type":"SearchAction","target":{"@type":"EntryPoint","urlTemplate":"https:\/\/ondauno.com.ar\/?s={search_term_string}"},"query-input":"required name=search_term_string"}],"inLanguage":"es-AR"},{"@type":"Person","@id":"https:\/\/ondauno.com.ar\/#\/schema\/person\/201d1b68e6c75e0fd396fe5f8af5d139","name":"fernando garcia","image":{"@type":"ImageObject","inLanguage":"es-AR","@id":"https:\/\/ondauno.com.ar\/#\/schema\/person\/image\/","url":"https:\/\/secure.gravatar.com\/avatar\/5f7254642ad81272e79a2e69653cfdfc?s=96&d=mm&r=g","contentUrl":"https:\/\/secure.gravatar.com\/avatar\/5f7254642ad81272e79a2e69653cfdfc?s=96&d=mm&r=g","caption":"fernando garcia"},"url":"https:\/\/ondauno.com.ar\/index.php\/author\/ondaunoeditor\/"}]}},"jetpack_publicize_connections":[],"jetpack_featured_media_url":"https:\/\/ondauno.com.ar\/wp-content\/uploads\/2020\/07\/WhatsApp-Image-2020-07-30-at-20.10.07.jpeg","jetpack_sharing_enabled":true,"_links":{"self":[{"href":"https:\/\/ondauno.com.ar\/index.php\/wp-json\/wp\/v2\/posts\/13348","targetHints":{"allow":["GET"]}}],"collection":[{"href":"https:\/\/ondauno.com.ar\/index.php\/wp-json\/wp\/v2\/posts"}],"about":[{"href":"https:\/\/ondauno.com.ar\/index.php\/wp-json\/wp\/v2\/types\/post"}],"author":[{"embeddable":true,"href":"https:\/\/ondauno.com.ar\/index.php\/wp-json\/wp\/v2\/users\/2"}],"replies":[{"embeddable":true,"href":"https:\/\/ondauno.com.ar\/index.php\/wp-json\/wp\/v2\/comments?post=13348"}],"version-history":[{"count":0,"href":"https:\/\/ondauno.com.ar\/index.php\/wp-json\/wp\/v2\/posts\/13348\/revisions"}],"wp:featuredmedia":[{"embeddable":true,"href":"https:\/\/ondauno.com.ar\/index.php\/wp-json\/wp\/v2\/media\/13349"}],"wp:attachment":[{"href":"https:\/\/ondauno.com.ar\/index.php\/wp-json\/wp\/v2\/media?parent=13348"}],"wp:term":[{"taxonomy":"category","embeddable":true,"href":"https:\/\/ondauno.com.ar\/index.php\/wp-json\/wp\/v2\/categories?post=13348"},{"taxonomy":"post_tag","embeddable":true,"href":"https:\/\/ondauno.com.ar\/index.php\/wp-json\/wp\/v2\/tags?post=13348"}],"curies":[{"name":"wp","href":"https:\/\/api.w.org\/{rel}","templated":true}]}}