{"id":13314,"date":"2020-07-30T12:12:54","date_gmt":"2020-07-30T15:12:54","guid":{"rendered":"http:\/\/ondauno.com.ar\/?p=13314"},"modified":"2020-07-30T13:07:21","modified_gmt":"2020-07-30T16:07:21","slug":"polideportivo-el-apuro-por-inaugurarlo-y-las-falencias-estructurales-problemas-con-el-piso","status":"publish","type":"post","link":"https:\/\/ondauno.com.ar\/index.php\/2020\/07\/30\/polideportivo-el-apuro-por-inaugurarlo-y-las-falencias-estructurales-problemas-con-el-piso\/","title":{"rendered":"Polideportivo: El apuro por inaugurarlo y las falencias estructurales. Problemas con el piso"},"content":{"rendered":"<div class=\"ondau-before-content_3\" style=\"margin-top: -30px;\" id=\"ondau-2204308758\"><a href=\"https:\/\/www.lps.com.ar\/\" aria-label=\"la-perse2\"><img loading=\"lazy\" decoding=\"async\" src=\"https:\/\/ondauno.com.ar\/wp-content\/uploads\/2021\/10\/la-perse2.jpg\" alt=\"\"  srcset=\"https:\/\/ondauno.com.ar\/wp-content\/uploads\/2021\/10\/la-perse2.jpg 1353w, https:\/\/ondauno.com.ar\/wp-content\/uploads\/2021\/10\/la-perse2-300x43.jpg 300w, https:\/\/ondauno.com.ar\/wp-content\/uploads\/2021\/10\/la-perse2-1024x148.jpg 1024w, https:\/\/ondauno.com.ar\/wp-content\/uploads\/2021\/10\/la-perse2-768x111.jpg 768w, https:\/\/ondauno.com.ar\/wp-content\/uploads\/2021\/10\/la-perse2-696x100.jpg 696w, https:\/\/ondauno.com.ar\/wp-content\/uploads\/2021\/10\/la-perse2-1068x154.jpg 1068w\" sizes=\"(max-width: 1353px) 100vw, 1353px\" class=\"no-lazyload\" width=\"1353\" height=\"195\"  style=\"display: inline-block;\" \/><\/a><\/div>\n<p>Sergio Pescader, concejal del Frente de Todos habl\u00f3 en Cosas que Pasan de los problemas estructurales que presenta el Polideportivo.<\/p>\n\n\n\n<figure class=\"wp-block-image\"><img loading=\"lazy\" decoding=\"async\" width=\"1024\" height=\"768\" data-src=\"http:\/\/ondauno.com.ar\/wp-content\/uploads\/2020\/07\/WhatsApp-Image-2020-07-30-at-12.59.32-1-1024x768.jpeg\" alt=\"\" class=\"wp-image-13324 lazyload\" data-srcset=\"https:\/\/ondauno.com.ar\/wp-content\/uploads\/2020\/07\/WhatsApp-Image-2020-07-30-at-12.59.32-1-1024x768.jpeg 1024w, https:\/\/ondauno.com.ar\/wp-content\/uploads\/2020\/07\/WhatsApp-Image-2020-07-30-at-12.59.32-1-300x225.jpeg 300w, https:\/\/ondauno.com.ar\/wp-content\/uploads\/2020\/07\/WhatsApp-Image-2020-07-30-at-12.59.32-1-768x576.jpeg 768w, https:\/\/ondauno.com.ar\/wp-content\/uploads\/2020\/07\/WhatsApp-Image-2020-07-30-at-12.59.32-1-80x60.jpeg 80w, https:\/\/ondauno.com.ar\/wp-content\/uploads\/2020\/07\/WhatsApp-Image-2020-07-30-at-12.59.32-1-265x198.jpeg 265w, https:\/\/ondauno.com.ar\/wp-content\/uploads\/2020\/07\/WhatsApp-Image-2020-07-30-at-12.59.32-1-696x522.jpeg 696w, https:\/\/ondauno.com.ar\/wp-content\/uploads\/2020\/07\/WhatsApp-Image-2020-07-30-at-12.59.32-1-560x420.jpeg 560w, https:\/\/ondauno.com.ar\/wp-content\/uploads\/2020\/07\/WhatsApp-Image-2020-07-30-at-12.59.32-1.jpeg 1040w\" data-sizes=\"auto, (max-width: 1024px) 100vw, 1024px\" src=\"data:image\/gif;base64,R0lGODlhAQABAAAAACH5BAEKAAEALAAAAAABAAEAAAICTAEAOw==\" style=\"--smush-placeholder-width: 1024px; --smush-placeholder-aspect-ratio: 1024\/768;\" \/><noscript><img loading=\"lazy\" decoding=\"async\" width=\"1024\" height=\"768\" src=\"http:\/\/ondauno.com.ar\/wp-content\/uploads\/2020\/07\/WhatsApp-Image-2020-07-30-at-12.59.32-1-1024x768.jpeg\" alt=\"\" class=\"wp-image-13324\" srcset=\"https:\/\/ondauno.com.ar\/wp-content\/uploads\/2020\/07\/WhatsApp-Image-2020-07-30-at-12.59.32-1-1024x768.jpeg 1024w, https:\/\/ondauno.com.ar\/wp-content\/uploads\/2020\/07\/WhatsApp-Image-2020-07-30-at-12.59.32-1-300x225.jpeg 300w, https:\/\/ondauno.com.ar\/wp-content\/uploads\/2020\/07\/WhatsApp-Image-2020-07-30-at-12.59.32-1-768x576.jpeg 768w, https:\/\/ondauno.com.ar\/wp-content\/uploads\/2020\/07\/WhatsApp-Image-2020-07-30-at-12.59.32-1-80x60.jpeg 80w, https:\/\/ondauno.com.ar\/wp-content\/uploads\/2020\/07\/WhatsApp-Image-2020-07-30-at-12.59.32-1-265x198.jpeg 265w, https:\/\/ondauno.com.ar\/wp-content\/uploads\/2020\/07\/WhatsApp-Image-2020-07-30-at-12.59.32-1-696x522.jpeg 696w, https:\/\/ondauno.com.ar\/wp-content\/uploads\/2020\/07\/WhatsApp-Image-2020-07-30-at-12.59.32-1-560x420.jpeg 560w, https:\/\/ondauno.com.ar\/wp-content\/uploads\/2020\/07\/WhatsApp-Image-2020-07-30-at-12.59.32-1.jpeg 1040w\" sizes=\"auto, (max-width: 1024px) 100vw, 1024px\" \/><\/noscript><\/figure>\n\n\n\n<p>&#8220;Esta ma\u00f1ana asist\u00ed a hablar con el director de Deportes, Guillermo Orsili y analizamos la situaci\u00f3n en la que se encuentra su estructura. Hubo que acelerar por las elecciones su inauguraci\u00f3n, as\u00ed que se present\u00f3 de manera m\u00e1s abrupta como correspond\u00eda, como lo fue el laqueado del piso. Nos explicaron que el piso flotante que lleva una cama encastrada en un hueco de cemento, al no tener el espacio para dilatar, la madera llegaba al borde de la cama, hac\u00eda tope en el cemento, as\u00ed que se hab\u00eda empezado a levantar ante la dilataci\u00f3n del piso. Sacaron un borde externo que le permitir\u00e1 trabajar normalmente, se recurri\u00f3 para esto a la garant\u00eda de obra, por lo que dijo el director de Deportes&#8221;<\/p>\n\n\n\n<figure class=\"wp-block-image\"><img loading=\"lazy\" decoding=\"async\" width=\"1024\" height=\"768\" data-src=\"http:\/\/ondauno.com.ar\/wp-content\/uploads\/2020\/07\/WhatsApp-Image-2020-07-30-at-12.59.32-1024x768.jpeg\" alt=\"\" class=\"wp-image-13325 lazyload\" data-srcset=\"https:\/\/ondauno.com.ar\/wp-content\/uploads\/2020\/07\/WhatsApp-Image-2020-07-30-at-12.59.32-1024x768.jpeg 1024w, https:\/\/ondauno.com.ar\/wp-content\/uploads\/2020\/07\/WhatsApp-Image-2020-07-30-at-12.59.32-300x225.jpeg 300w, https:\/\/ondauno.com.ar\/wp-content\/uploads\/2020\/07\/WhatsApp-Image-2020-07-30-at-12.59.32-768x576.jpeg 768w, https:\/\/ondauno.com.ar\/wp-content\/uploads\/2020\/07\/WhatsApp-Image-2020-07-30-at-12.59.32-80x60.jpeg 80w, https:\/\/ondauno.com.ar\/wp-content\/uploads\/2020\/07\/WhatsApp-Image-2020-07-30-at-12.59.32-265x198.jpeg 265w, https:\/\/ondauno.com.ar\/wp-content\/uploads\/2020\/07\/WhatsApp-Image-2020-07-30-at-12.59.32-696x522.jpeg 696w, https:\/\/ondauno.com.ar\/wp-content\/uploads\/2020\/07\/WhatsApp-Image-2020-07-30-at-12.59.32-560x420.jpeg 560w, https:\/\/ondauno.com.ar\/wp-content\/uploads\/2020\/07\/WhatsApp-Image-2020-07-30-at-12.59.32.jpeg 1040w\" data-sizes=\"auto, (max-width: 1024px) 100vw, 1024px\" src=\"data:image\/gif;base64,R0lGODlhAQABAAAAACH5BAEKAAEALAAAAAABAAEAAAICTAEAOw==\" style=\"--smush-placeholder-width: 1024px; --smush-placeholder-aspect-ratio: 1024\/768;\" \/><noscript><img loading=\"lazy\" decoding=\"async\" width=\"1024\" height=\"768\" src=\"http:\/\/ondauno.com.ar\/wp-content\/uploads\/2020\/07\/WhatsApp-Image-2020-07-30-at-12.59.32-1024x768.jpeg\" alt=\"\" class=\"wp-image-13325\" srcset=\"https:\/\/ondauno.com.ar\/wp-content\/uploads\/2020\/07\/WhatsApp-Image-2020-07-30-at-12.59.32-1024x768.jpeg 1024w, https:\/\/ondauno.com.ar\/wp-content\/uploads\/2020\/07\/WhatsApp-Image-2020-07-30-at-12.59.32-300x225.jpeg 300w, https:\/\/ondauno.com.ar\/wp-content\/uploads\/2020\/07\/WhatsApp-Image-2020-07-30-at-12.59.32-768x576.jpeg 768w, https:\/\/ondauno.com.ar\/wp-content\/uploads\/2020\/07\/WhatsApp-Image-2020-07-30-at-12.59.32-80x60.jpeg 80w, https:\/\/ondauno.com.ar\/wp-content\/uploads\/2020\/07\/WhatsApp-Image-2020-07-30-at-12.59.32-265x198.jpeg 265w, https:\/\/ondauno.com.ar\/wp-content\/uploads\/2020\/07\/WhatsApp-Image-2020-07-30-at-12.59.32-696x522.jpeg 696w, https:\/\/ondauno.com.ar\/wp-content\/uploads\/2020\/07\/WhatsApp-Image-2020-07-30-at-12.59.32-560x420.jpeg 560w, https:\/\/ondauno.com.ar\/wp-content\/uploads\/2020\/07\/WhatsApp-Image-2020-07-30-at-12.59.32.jpeg 1040w\" sizes=\"auto, (max-width: 1024px) 100vw, 1024px\" \/><\/noscript><\/figure>\n\n\n\n<figure class=\"wp-block-embed-facebook wp-block-embed is-type-video is-provider-facebook\"><div class=\"wp-block-embed__wrapper\">\n<div class=\"fb-video\" data-allowfullscreen=\"true\" data-href=\"https:\/\/www.facebook.com\/ondauno103.9\/videos\/2472286539727916\" style=\"background-color: #fff; display: inline-block;\"><\/div>\n<\/div><\/figure>\n\n\n\n<figure class=\"wp-block-image\"><img loading=\"lazy\" decoding=\"async\" width=\"1024\" height=\"768\" data-src=\"http:\/\/ondauno.com.ar\/wp-content\/uploads\/2020\/07\/WhatsApp-Image-2020-07-30-at-12.59.31-1-1024x768.jpeg\" alt=\"\" class=\"wp-image-13326 lazyload\" data-srcset=\"https:\/\/ondauno.com.ar\/wp-content\/uploads\/2020\/07\/WhatsApp-Image-2020-07-30-at-12.59.31-1-1024x768.jpeg 1024w, https:\/\/ondauno.com.ar\/wp-content\/uploads\/2020\/07\/WhatsApp-Image-2020-07-30-at-12.59.31-1-300x225.jpeg 300w, https:\/\/ondauno.com.ar\/wp-content\/uploads\/2020\/07\/WhatsApp-Image-2020-07-30-at-12.59.31-1-768x576.jpeg 768w, https:\/\/ondauno.com.ar\/wp-content\/uploads\/2020\/07\/WhatsApp-Image-2020-07-30-at-12.59.31-1-80x60.jpeg 80w, https:\/\/ondauno.com.ar\/wp-content\/uploads\/2020\/07\/WhatsApp-Image-2020-07-30-at-12.59.31-1-265x198.jpeg 265w, https:\/\/ondauno.com.ar\/wp-content\/uploads\/2020\/07\/WhatsApp-Image-2020-07-30-at-12.59.31-1-696x522.jpeg 696w, https:\/\/ondauno.com.ar\/wp-content\/uploads\/2020\/07\/WhatsApp-Image-2020-07-30-at-12.59.31-1-560x420.jpeg 560w, https:\/\/ondauno.com.ar\/wp-content\/uploads\/2020\/07\/WhatsApp-Image-2020-07-30-at-12.59.31-1.jpeg 1040w\" data-sizes=\"auto, (max-width: 1024px) 100vw, 1024px\" src=\"data:image\/gif;base64,R0lGODlhAQABAAAAACH5BAEKAAEALAAAAAABAAEAAAICTAEAOw==\" style=\"--smush-placeholder-width: 1024px; --smush-placeholder-aspect-ratio: 1024\/768;\" \/><noscript><img loading=\"lazy\" decoding=\"async\" width=\"1024\" height=\"768\" src=\"http:\/\/ondauno.com.ar\/wp-content\/uploads\/2020\/07\/WhatsApp-Image-2020-07-30-at-12.59.31-1-1024x768.jpeg\" alt=\"\" class=\"wp-image-13326\" srcset=\"https:\/\/ondauno.com.ar\/wp-content\/uploads\/2020\/07\/WhatsApp-Image-2020-07-30-at-12.59.31-1-1024x768.jpeg 1024w, https:\/\/ondauno.com.ar\/wp-content\/uploads\/2020\/07\/WhatsApp-Image-2020-07-30-at-12.59.31-1-300x225.jpeg 300w, https:\/\/ondauno.com.ar\/wp-content\/uploads\/2020\/07\/WhatsApp-Image-2020-07-30-at-12.59.31-1-768x576.jpeg 768w, https:\/\/ondauno.com.ar\/wp-content\/uploads\/2020\/07\/WhatsApp-Image-2020-07-30-at-12.59.31-1-80x60.jpeg 80w, https:\/\/ondauno.com.ar\/wp-content\/uploads\/2020\/07\/WhatsApp-Image-2020-07-30-at-12.59.31-1-265x198.jpeg 265w, https:\/\/ondauno.com.ar\/wp-content\/uploads\/2020\/07\/WhatsApp-Image-2020-07-30-at-12.59.31-1-696x522.jpeg 696w, https:\/\/ondauno.com.ar\/wp-content\/uploads\/2020\/07\/WhatsApp-Image-2020-07-30-at-12.59.31-1-560x420.jpeg 560w, https:\/\/ondauno.com.ar\/wp-content\/uploads\/2020\/07\/WhatsApp-Image-2020-07-30-at-12.59.31-1.jpeg 1040w\" sizes=\"auto, (max-width: 1024px) 100vw, 1024px\" \/><\/noscript><\/figure>\n\n\n\n<figure class=\"wp-block-image\"><img loading=\"lazy\" decoding=\"async\" width=\"1024\" height=\"768\" data-src=\"http:\/\/ondauno.com.ar\/wp-content\/uploads\/2020\/07\/WhatsApp-Image-2020-07-30-at-12.59.31-1024x768.jpeg\" alt=\"\" class=\"wp-image-13327 lazyload\" data-srcset=\"https:\/\/ondauno.com.ar\/wp-content\/uploads\/2020\/07\/WhatsApp-Image-2020-07-30-at-12.59.31-1024x768.jpeg 1024w, https:\/\/ondauno.com.ar\/wp-content\/uploads\/2020\/07\/WhatsApp-Image-2020-07-30-at-12.59.31-300x225.jpeg 300w, https:\/\/ondauno.com.ar\/wp-content\/uploads\/2020\/07\/WhatsApp-Image-2020-07-30-at-12.59.31-768x576.jpeg 768w, https:\/\/ondauno.com.ar\/wp-content\/uploads\/2020\/07\/WhatsApp-Image-2020-07-30-at-12.59.31-80x60.jpeg 80w, https:\/\/ondauno.com.ar\/wp-content\/uploads\/2020\/07\/WhatsApp-Image-2020-07-30-at-12.59.31-265x198.jpeg 265w, https:\/\/ondauno.com.ar\/wp-content\/uploads\/2020\/07\/WhatsApp-Image-2020-07-30-at-12.59.31-696x522.jpeg 696w, https:\/\/ondauno.com.ar\/wp-content\/uploads\/2020\/07\/WhatsApp-Image-2020-07-30-at-12.59.31-560x420.jpeg 560w, https:\/\/ondauno.com.ar\/wp-content\/uploads\/2020\/07\/WhatsApp-Image-2020-07-30-at-12.59.31.jpeg 1040w\" data-sizes=\"auto, (max-width: 1024px) 100vw, 1024px\" src=\"data:image\/gif;base64,R0lGODlhAQABAAAAACH5BAEKAAEALAAAAAABAAEAAAICTAEAOw==\" style=\"--smush-placeholder-width: 1024px; --smush-placeholder-aspect-ratio: 1024\/768;\" \/><noscript><img loading=\"lazy\" decoding=\"async\" width=\"1024\" height=\"768\" src=\"http:\/\/ondauno.com.ar\/wp-content\/uploads\/2020\/07\/WhatsApp-Image-2020-07-30-at-12.59.31-1024x768.jpeg\" alt=\"\" class=\"wp-image-13327\" srcset=\"https:\/\/ondauno.com.ar\/wp-content\/uploads\/2020\/07\/WhatsApp-Image-2020-07-30-at-12.59.31-1024x768.jpeg 1024w, https:\/\/ondauno.com.ar\/wp-content\/uploads\/2020\/07\/WhatsApp-Image-2020-07-30-at-12.59.31-300x225.jpeg 300w, https:\/\/ondauno.com.ar\/wp-content\/uploads\/2020\/07\/WhatsApp-Image-2020-07-30-at-12.59.31-768x576.jpeg 768w, https:\/\/ondauno.com.ar\/wp-content\/uploads\/2020\/07\/WhatsApp-Image-2020-07-30-at-12.59.31-80x60.jpeg 80w, https:\/\/ondauno.com.ar\/wp-content\/uploads\/2020\/07\/WhatsApp-Image-2020-07-30-at-12.59.31-265x198.jpeg 265w, https:\/\/ondauno.com.ar\/wp-content\/uploads\/2020\/07\/WhatsApp-Image-2020-07-30-at-12.59.31-696x522.jpeg 696w, https:\/\/ondauno.com.ar\/wp-content\/uploads\/2020\/07\/WhatsApp-Image-2020-07-30-at-12.59.31-560x420.jpeg 560w, https:\/\/ondauno.com.ar\/wp-content\/uploads\/2020\/07\/WhatsApp-Image-2020-07-30-at-12.59.31.jpeg 1040w\" sizes=\"auto, (max-width: 1024px) 100vw, 1024px\" \/><\/noscript><\/figure>\n","protected":false},"excerpt":{"rendered":"<p>Sergio Pescader, concejal del Frente de Todos habl\u00f3 en Cosas que Pasan de los problemas estructurales que presenta el Polideportivo. &#8220;Esta ma\u00f1ana asist\u00ed a hablar con el director de Deportes, Guillermo Orsili y analizamos la situaci\u00f3n en la que se encuentra su estructura. Hubo que acelerar por las elecciones su inauguraci\u00f3n, as\u00ed que se present\u00f3 [&hellip;]<\/p>\n","protected":false},"author":2,"featured_media":13328,"comment_status":"open","ping_status":"open","sticky":false,"template":"","format":"standard","meta":{"tdm_status":"","tdm_grid_status":"","_jetpack_memberships_contains_paid_content":false,"footnotes":"","jetpack_publicize_message":"","jetpack_publicize_feature_enabled":true,"jetpack_social_post_already_shared":false,"jetpack_social_options":{"image_generator_settings":{"template":"highway","default_image_id":0,"font":"","enabled":false},"version":2}},"categories":[2],"tags":[],"class_list":{"0":"post-13314","1":"post","2":"type-post","3":"status-publish","4":"format-standard","5":"has-post-thumbnail","7":"category-locales"},"yoast_head":"<!-- This site is optimized with the Yoast SEO plugin v22.7 - https:\/\/yoast.com\/wordpress\/plugins\/seo\/ -->\n<title>Polideportivo: El apuro por inaugurarlo y las falencias estructurales. Problemas con el piso - 103.9 fm<\/title>\n<meta name=\"robots\" content=\"index, follow, max-snippet:-1, max-image-preview:large, max-video-preview:-1\" \/>\n<link rel=\"canonical\" href=\"https:\/\/ondauno.com.ar\/index.php\/2020\/07\/30\/polideportivo-el-apuro-por-inaugurarlo-y-las-falencias-estructurales-problemas-con-el-piso\/\" \/>\n<meta property=\"og:locale\" content=\"es_ES\" \/>\n<meta property=\"og:type\" content=\"article\" \/>\n<meta property=\"og:title\" content=\"Polideportivo: El apuro por inaugurarlo y las falencias estructurales. Problemas con el piso - 103.9 fm\" \/>\n<meta property=\"og:description\" content=\"Sergio Pescader, concejal del Frente de Todos habl\u00f3 en Cosas que Pasan de los problemas estructurales que presenta el Polideportivo. &#8220;Esta ma\u00f1ana asist\u00ed a hablar con el director de Deportes, Guillermo Orsili y analizamos la situaci\u00f3n en la que se encuentra su estructura. Hubo que acelerar por las elecciones su inauguraci\u00f3n, as\u00ed que se present\u00f3 [&hellip;]\" \/>\n<meta property=\"og:url\" content=\"https:\/\/ondauno.com.ar\/index.php\/2020\/07\/30\/polideportivo-el-apuro-por-inaugurarlo-y-las-falencias-estructurales-problemas-con-el-piso\/\" \/>\n<meta property=\"og:site_name\" content=\"103.9 fm\" \/>\n<meta property=\"article:publisher\" content=\"https:\/\/www.facebook.com\/ondauno103.9\" \/>\n<meta property=\"article:published_time\" content=\"2020-07-30T15:12:54+00:00\" \/>\n<meta property=\"article:modified_time\" content=\"2020-07-30T16:07:21+00:00\" \/>\n<meta property=\"og:image\" content=\"https:\/\/ondauno.com.ar\/wp-content\/uploads\/2020\/07\/WhatsApp-Image-2020-07-30-at-12.59.33.jpeg\" \/>\n\t<meta property=\"og:image:width\" content=\"1040\" \/>\n\t<meta property=\"og:image:height\" content=\"780\" \/>\n\t<meta property=\"og:image:type\" content=\"image\/jpeg\" \/>\n<meta name=\"author\" content=\"fernando garcia\" \/>\n<meta name=\"twitter:card\" content=\"summary_large_image\" \/>\n<meta name=\"twitter:label1\" content=\"Escrito por\" \/>\n\t<meta name=\"twitter:data1\" content=\"fernando garcia\" \/>\n\t<meta name=\"twitter:label2\" content=\"Tiempo de lectura\" \/>\n\t<meta name=\"twitter:data2\" content=\"1 minuto\" \/>\n<script type=\"application\/ld+json\" class=\"yoast-schema-graph\">{\"@context\":\"https:\/\/schema.org\",\"@graph\":[{\"@type\":\"WebPage\",\"@id\":\"https:\/\/ondauno.com.ar\/index.php\/2020\/07\/30\/polideportivo-el-apuro-por-inaugurarlo-y-las-falencias-estructurales-problemas-con-el-piso\/\",\"url\":\"https:\/\/ondauno.com.ar\/index.php\/2020\/07\/30\/polideportivo-el-apuro-por-inaugurarlo-y-las-falencias-estructurales-problemas-con-el-piso\/\",\"name\":\"Polideportivo: El apuro por inaugurarlo y las falencias estructurales. Problemas con el piso - 103.9 fm\",\"isPartOf\":{\"@id\":\"https:\/\/ondauno.com.ar\/#website\"},\"primaryImageOfPage\":{\"@id\":\"https:\/\/ondauno.com.ar\/index.php\/2020\/07\/30\/polideportivo-el-apuro-por-inaugurarlo-y-las-falencias-estructurales-problemas-con-el-piso\/#primaryimage\"},\"image\":{\"@id\":\"https:\/\/ondauno.com.ar\/index.php\/2020\/07\/30\/polideportivo-el-apuro-por-inaugurarlo-y-las-falencias-estructurales-problemas-con-el-piso\/#primaryimage\"},\"thumbnailUrl\":\"https:\/\/ondauno.com.ar\/wp-content\/uploads\/2020\/07\/WhatsApp-Image-2020-07-30-at-12.59.33.jpeg\",\"datePublished\":\"2020-07-30T15:12:54+00:00\",\"dateModified\":\"2020-07-30T16:07:21+00:00\",\"author\":{\"@id\":\"https:\/\/ondauno.com.ar\/#\/schema\/person\/201d1b68e6c75e0fd396fe5f8af5d139\"},\"breadcrumb\":{\"@id\":\"https:\/\/ondauno.com.ar\/index.php\/2020\/07\/30\/polideportivo-el-apuro-por-inaugurarlo-y-las-falencias-estructurales-problemas-con-el-piso\/#breadcrumb\"},\"inLanguage\":\"es-AR\",\"potentialAction\":[{\"@type\":\"ReadAction\",\"target\":[\"https:\/\/ondauno.com.ar\/index.php\/2020\/07\/30\/polideportivo-el-apuro-por-inaugurarlo-y-las-falencias-estructurales-problemas-con-el-piso\/\"]}]},{\"@type\":\"ImageObject\",\"inLanguage\":\"es-AR\",\"@id\":\"https:\/\/ondauno.com.ar\/index.php\/2020\/07\/30\/polideportivo-el-apuro-por-inaugurarlo-y-las-falencias-estructurales-problemas-con-el-piso\/#primaryimage\",\"url\":\"https:\/\/ondauno.com.ar\/wp-content\/uploads\/2020\/07\/WhatsApp-Image-2020-07-30-at-12.59.33.jpeg\",\"contentUrl\":\"https:\/\/ondauno.com.ar\/wp-content\/uploads\/2020\/07\/WhatsApp-Image-2020-07-30-at-12.59.33.jpeg\",\"width\":1040,\"height\":780},{\"@type\":\"BreadcrumbList\",\"@id\":\"https:\/\/ondauno.com.ar\/index.php\/2020\/07\/30\/polideportivo-el-apuro-por-inaugurarlo-y-las-falencias-estructurales-problemas-con-el-piso\/#breadcrumb\",\"itemListElement\":[{\"@type\":\"ListItem\",\"position\":1,\"name\":\"Inicio\",\"item\":\"https:\/\/ondauno.com.ar\/\"},{\"@type\":\"ListItem\",\"position\":2,\"name\":\"Polideportivo: El apuro por inaugurarlo y las falencias estructurales. Problemas con el piso\"}]},{\"@type\":\"WebSite\",\"@id\":\"https:\/\/ondauno.com.ar\/#website\",\"url\":\"https:\/\/ondauno.com.ar\/\",\"name\":\"103.9 fm\",\"description\":\"LA PRIMERA RADIO MULTIMEDIA DE TRES ARROYOS\",\"potentialAction\":[{\"@type\":\"SearchAction\",\"target\":{\"@type\":\"EntryPoint\",\"urlTemplate\":\"https:\/\/ondauno.com.ar\/?s={search_term_string}\"},\"query-input\":\"required name=search_term_string\"}],\"inLanguage\":\"es-AR\"},{\"@type\":\"Person\",\"@id\":\"https:\/\/ondauno.com.ar\/#\/schema\/person\/201d1b68e6c75e0fd396fe5f8af5d139\",\"name\":\"fernando garcia\",\"image\":{\"@type\":\"ImageObject\",\"inLanguage\":\"es-AR\",\"@id\":\"https:\/\/ondauno.com.ar\/#\/schema\/person\/image\/\",\"url\":\"https:\/\/secure.gravatar.com\/avatar\/5f7254642ad81272e79a2e69653cfdfc?s=96&d=mm&r=g\",\"contentUrl\":\"https:\/\/secure.gravatar.com\/avatar\/5f7254642ad81272e79a2e69653cfdfc?s=96&d=mm&r=g\",\"caption\":\"fernando garcia\"},\"url\":\"https:\/\/ondauno.com.ar\/index.php\/author\/ondaunoeditor\/\"}]}<\/script>\n<!-- \/ Yoast SEO plugin. -->","yoast_head_json":{"title":"Polideportivo: El apuro por inaugurarlo y las falencias estructurales. Problemas con el piso - 103.9 fm","robots":{"index":"index","follow":"follow","max-snippet":"max-snippet:-1","max-image-preview":"max-image-preview:large","max-video-preview":"max-video-preview:-1"},"canonical":"https:\/\/ondauno.com.ar\/index.php\/2020\/07\/30\/polideportivo-el-apuro-por-inaugurarlo-y-las-falencias-estructurales-problemas-con-el-piso\/","og_locale":"es_ES","og_type":"article","og_title":"Polideportivo: El apuro por inaugurarlo y las falencias estructurales. Problemas con el piso - 103.9 fm","og_description":"Sergio Pescader, concejal del Frente de Todos habl\u00f3 en Cosas que Pasan de los problemas estructurales que presenta el Polideportivo. &#8220;Esta ma\u00f1ana asist\u00ed a hablar con el director de Deportes, Guillermo Orsili y analizamos la situaci\u00f3n en la que se encuentra su estructura. Hubo que acelerar por las elecciones su inauguraci\u00f3n, as\u00ed que se present\u00f3 [&hellip;]","og_url":"https:\/\/ondauno.com.ar\/index.php\/2020\/07\/30\/polideportivo-el-apuro-por-inaugurarlo-y-las-falencias-estructurales-problemas-con-el-piso\/","og_site_name":"103.9 fm","article_publisher":"https:\/\/www.facebook.com\/ondauno103.9","article_published_time":"2020-07-30T15:12:54+00:00","article_modified_time":"2020-07-30T16:07:21+00:00","og_image":[{"width":1040,"height":780,"url":"https:\/\/ondauno.com.ar\/wp-content\/uploads\/2020\/07\/WhatsApp-Image-2020-07-30-at-12.59.33.jpeg","type":"image\/jpeg"}],"author":"fernando garcia","twitter_card":"summary_large_image","twitter_misc":{"Escrito por":"fernando garcia","Tiempo de lectura":"1 minuto"},"schema":{"@context":"https:\/\/schema.org","@graph":[{"@type":"WebPage","@id":"https:\/\/ondauno.com.ar\/index.php\/2020\/07\/30\/polideportivo-el-apuro-por-inaugurarlo-y-las-falencias-estructurales-problemas-con-el-piso\/","url":"https:\/\/ondauno.com.ar\/index.php\/2020\/07\/30\/polideportivo-el-apuro-por-inaugurarlo-y-las-falencias-estructurales-problemas-con-el-piso\/","name":"Polideportivo: El apuro por inaugurarlo y las falencias estructurales. Problemas con el piso - 103.9 fm","isPartOf":{"@id":"https:\/\/ondauno.com.ar\/#website"},"primaryImageOfPage":{"@id":"https:\/\/ondauno.com.ar\/index.php\/2020\/07\/30\/polideportivo-el-apuro-por-inaugurarlo-y-las-falencias-estructurales-problemas-con-el-piso\/#primaryimage"},"image":{"@id":"https:\/\/ondauno.com.ar\/index.php\/2020\/07\/30\/polideportivo-el-apuro-por-inaugurarlo-y-las-falencias-estructurales-problemas-con-el-piso\/#primaryimage"},"thumbnailUrl":"https:\/\/ondauno.com.ar\/wp-content\/uploads\/2020\/07\/WhatsApp-Image-2020-07-30-at-12.59.33.jpeg","datePublished":"2020-07-30T15:12:54+00:00","dateModified":"2020-07-30T16:07:21+00:00","author":{"@id":"https:\/\/ondauno.com.ar\/#\/schema\/person\/201d1b68e6c75e0fd396fe5f8af5d139"},"breadcrumb":{"@id":"https:\/\/ondauno.com.ar\/index.php\/2020\/07\/30\/polideportivo-el-apuro-por-inaugurarlo-y-las-falencias-estructurales-problemas-con-el-piso\/#breadcrumb"},"inLanguage":"es-AR","potentialAction":[{"@type":"ReadAction","target":["https:\/\/ondauno.com.ar\/index.php\/2020\/07\/30\/polideportivo-el-apuro-por-inaugurarlo-y-las-falencias-estructurales-problemas-con-el-piso\/"]}]},{"@type":"ImageObject","inLanguage":"es-AR","@id":"https:\/\/ondauno.com.ar\/index.php\/2020\/07\/30\/polideportivo-el-apuro-por-inaugurarlo-y-las-falencias-estructurales-problemas-con-el-piso\/#primaryimage","url":"https:\/\/ondauno.com.ar\/wp-content\/uploads\/2020\/07\/WhatsApp-Image-2020-07-30-at-12.59.33.jpeg","contentUrl":"https:\/\/ondauno.com.ar\/wp-content\/uploads\/2020\/07\/WhatsApp-Image-2020-07-30-at-12.59.33.jpeg","width":1040,"height":780},{"@type":"BreadcrumbList","@id":"https:\/\/ondauno.com.ar\/index.php\/2020\/07\/30\/polideportivo-el-apuro-por-inaugurarlo-y-las-falencias-estructurales-problemas-con-el-piso\/#breadcrumb","itemListElement":[{"@type":"ListItem","position":1,"name":"Inicio","item":"https:\/\/ondauno.com.ar\/"},{"@type":"ListItem","position":2,"name":"Polideportivo: El apuro por inaugurarlo y las falencias estructurales. Problemas con el piso"}]},{"@type":"WebSite","@id":"https:\/\/ondauno.com.ar\/#website","url":"https:\/\/ondauno.com.ar\/","name":"103.9 fm","description":"LA PRIMERA RADIO MULTIMEDIA DE TRES ARROYOS","potentialAction":[{"@type":"SearchAction","target":{"@type":"EntryPoint","urlTemplate":"https:\/\/ondauno.com.ar\/?s={search_term_string}"},"query-input":"required name=search_term_string"}],"inLanguage":"es-AR"},{"@type":"Person","@id":"https:\/\/ondauno.com.ar\/#\/schema\/person\/201d1b68e6c75e0fd396fe5f8af5d139","name":"fernando garcia","image":{"@type":"ImageObject","inLanguage":"es-AR","@id":"https:\/\/ondauno.com.ar\/#\/schema\/person\/image\/","url":"https:\/\/secure.gravatar.com\/avatar\/5f7254642ad81272e79a2e69653cfdfc?s=96&d=mm&r=g","contentUrl":"https:\/\/secure.gravatar.com\/avatar\/5f7254642ad81272e79a2e69653cfdfc?s=96&d=mm&r=g","caption":"fernando garcia"},"url":"https:\/\/ondauno.com.ar\/index.php\/author\/ondaunoeditor\/"}]}},"jetpack_publicize_connections":[],"jetpack_featured_media_url":"https:\/\/ondauno.com.ar\/wp-content\/uploads\/2020\/07\/WhatsApp-Image-2020-07-30-at-12.59.33.jpeg","jetpack_sharing_enabled":true,"_links":{"self":[{"href":"https:\/\/ondauno.com.ar\/index.php\/wp-json\/wp\/v2\/posts\/13314","targetHints":{"allow":["GET"]}}],"collection":[{"href":"https:\/\/ondauno.com.ar\/index.php\/wp-json\/wp\/v2\/posts"}],"about":[{"href":"https:\/\/ondauno.com.ar\/index.php\/wp-json\/wp\/v2\/types\/post"}],"author":[{"embeddable":true,"href":"https:\/\/ondauno.com.ar\/index.php\/wp-json\/wp\/v2\/users\/2"}],"replies":[{"embeddable":true,"href":"https:\/\/ondauno.com.ar\/index.php\/wp-json\/wp\/v2\/comments?post=13314"}],"version-history":[{"count":0,"href":"https:\/\/ondauno.com.ar\/index.php\/wp-json\/wp\/v2\/posts\/13314\/revisions"}],"wp:featuredmedia":[{"embeddable":true,"href":"https:\/\/ondauno.com.ar\/index.php\/wp-json\/wp\/v2\/media\/13328"}],"wp:attachment":[{"href":"https:\/\/ondauno.com.ar\/index.php\/wp-json\/wp\/v2\/media?parent=13314"}],"wp:term":[{"taxonomy":"category","embeddable":true,"href":"https:\/\/ondauno.com.ar\/index.php\/wp-json\/wp\/v2\/categories?post=13314"},{"taxonomy":"post_tag","embeddable":true,"href":"https:\/\/ondauno.com.ar\/index.php\/wp-json\/wp\/v2\/tags?post=13314"}],"curies":[{"name":"wp","href":"https:\/\/api.w.org\/{rel}","templated":true}]}}