{"id":13105,"date":"2020-07-27T10:27:54","date_gmt":"2020-07-27T13:27:54","guid":{"rendered":"http:\/\/ondauno.com.ar\/?p=13105"},"modified":"2020-07-27T10:27:57","modified_gmt":"2020-07-27T13:27:57","slug":"estamos-realizando-una-gran-cantidad-de-estudios-serologicos-hay-una-enorme-cantidad-de-casos-asintomaticos","status":"publish","type":"post","link":"https:\/\/ondauno.com.ar\/index.php\/2020\/07\/27\/estamos-realizando-una-gran-cantidad-de-estudios-serologicos-hay-una-enorme-cantidad-de-casos-asintomaticos\/","title":{"rendered":"&#8220;Estamos realizando una gran cantidad de estudios serol\u00f3gicos. Hay una enorme cantidad de casos asintom\u00e1ticos&#8221;."},"content":{"rendered":"<div class=\"ondau-before-content_3\" style=\"margin-top: -30px;\" id=\"ondau-2847607145\"><a href=\"https:\/\/www.lps.com.ar\/\" aria-label=\"la-perse2\"><img loading=\"lazy\" decoding=\"async\" src=\"https:\/\/ondauno.com.ar\/wp-content\/uploads\/2021\/10\/la-perse2.jpg\" alt=\"\"  srcset=\"https:\/\/ondauno.com.ar\/wp-content\/uploads\/2021\/10\/la-perse2.jpg 1353w, https:\/\/ondauno.com.ar\/wp-content\/uploads\/2021\/10\/la-perse2-300x43.jpg 300w, https:\/\/ondauno.com.ar\/wp-content\/uploads\/2021\/10\/la-perse2-1024x148.jpg 1024w, https:\/\/ondauno.com.ar\/wp-content\/uploads\/2021\/10\/la-perse2-768x111.jpg 768w, https:\/\/ondauno.com.ar\/wp-content\/uploads\/2021\/10\/la-perse2-696x100.jpg 696w, https:\/\/ondauno.com.ar\/wp-content\/uploads\/2021\/10\/la-perse2-1068x154.jpg 1068w\" sizes=\"(max-width: 1353px) 100vw, 1353px\" class=\"no-lazyload\" width=\"1353\" height=\"195\"  style=\"display: inline-block;\" \/><\/a><\/div>\n<p>En conferencia de prensa realizada hace unos minutos el Jefe de gabinete de Ministros Carlos Bianco, el ministro de Salud, Daniel Goll\u00e1n y el viceministro del \u00e1rea, Nicol\u00e1s Kreplak establecieron los lineamientos de gesti\u00f3n en la lucha contra el covid 19 y describieron la situaci\u00f3n sanitaria provincial, as\u00ed como todas las acciones realizadas y las pr\u00f3ximas medidas a adoptar.<\/p>\n\n\n\n<p><strong>Daniel Goll\u00e1n<\/strong> <\/p>\n\n\n\n<h2 class=\"wp-block-heading\">&#8220;Estamos llegando a 94.877 casos en PBA. Sigue siendo el grupo etario de mayor contagio entre 30 y 39 a\u00f1os. No est\u00e1 all\u00ed la mayor tasa de mortalidad. La mayor cantidad de contagios se da en poblaci\u00f3n m\u00e1s j\u00f3venes y cursan en general con cuadros m\u00e1s leves&#8221;. <\/h2>\n\n\n\n<p><strong>&#8220;Cada 100 mil habitantes, que es como se debe medir estad\u00edstica, tenemos 540 casos en la PBA cada 100 mil. Y se han recuperado 45 mil\u201d. <\/strong><\/p>\n\n\n\n<p>&#8220;Nosotros no somos de los que pensamos que por lo que pasa uno o dos d\u00edas con los n\u00fameros se definen las conductas a tomar. Lo correcto es hacer un an\u00e1lisis un poco m\u00e1s extendido en el tiempo. Uno observa que tenemos dos o tres d\u00edas de asensos importantes de los n\u00fameros y parece que la situaci\u00f3n es dram\u00e1tica y si tenemos dos d\u00edas de pocos casos y parece que est\u00e1 aflojando. Eso metodol\u00f3gicamente est\u00e1 mal, los an\u00e1lisis tienen que ser de ac\u00e1 a 20 \u2013 25 d\u00edas atr\u00e1s. En ese sentido, el crecimiento es importante y preocupante&#8221;. <\/p>\n\n\n\n<p>\u201cPara tener una idea de c\u00f3mo cada 100 mil habitantes comparados con el resto del pa\u00eds, nosotros tenemos 540. Si lo comparamos con CABA, tenemos 3 veces menos, el Chaco tiene la mitad que nosotros. Se observa que esta enfermedad tiende a homogeneizarse en los grandes conglomerados\u201d. <\/p>\n\n\n\n<p>&#8220;Tenemos que desarrollar todas las acciones posibles para disminuir contagios diarios. Est\u00e1n los operativos territoriales, que se est\u00e1 desarrollando en 40 municipios del AMBA en los barrios populares, tenemos 5 mil equipos y se han entrevistado casi 1.300.000 personas. En los barrios populares el porcentaje de gente enferma es un 17% de la poblaci\u00f3n&#8221;. <\/p>\n\n\n\n<p>&#8220;Estamos realizando una gran cantidad de estudios serol\u00f3gicos. Hay una enorme cantidad de casos asintom\u00e1ticos&#8221;. &#8220;La otra estrategia fue ampliar la capacidad de camas de todo tipo. La cantidad total de cama en PBA es de 31624 y tenemos ocupados un 48.86% de esas camas, en todo el territorio de PBA&#8221;. <\/p>\n\n\n\n<p>\u201cHemos incorporado el 80% de las camas del sector privado a un tablero de mando \u00fanico de gesti\u00f3n de camas. Estamos sabiendo qu\u00e9 est\u00e1 pasando con las camas del sector privado. La gesti\u00f3n de cama la podemos hacer en conjunto. Si tenemos problemas en algunos de los dos sectores, podemos compensar con el otro&#8221;. <\/p>\n\n\n\n<p>&#8220;Se habla mucho del rastreo territorial. Se han detectado miles de personas que ten\u00edan el virus y se lo pudo aislar. Tambi\u00e9n hemos realizado el rastreo telef\u00f3nico. 54 centros en total que rastrean miles y miles de pacientes.&#8221; <\/p>\n\n\n\n<p>\u201cEl plasma est\u00e1 dando resultados muy buenos y ayuda a gestionar mejor las camas de terapia intensiva porque reducen los tiempos de estad\u00eda y ayuda a una mejor gesti\u00f3n de las camas de Terapia Intensiva porque evita ingresos. Hoy hay 301 donantes que donan todas las semanas. Cada donante produce 4 tratamientos&#8221;. <\/p>\n\n\n\n<p><strong>Nicol\u00e1s Kreplak <\/strong><\/p>\n\n\n\n<p>&#8220;El 70% de las personas que llaman para ofrecerse como donantes son mujeres, siendo que la enfermedad tiene mayor presencia en los hombres. Por otro lado, el 80% de quienes consultan para donar son pacientes atendidos en el sector p\u00fablico&#8221;. <\/p>\n\n\n\n<p>&#8220;La perspectiva con una tasa de crecimiento semanal de estas caracter\u00edsticas, si se mantuviera, es muy preocupante&#8221; <\/p>\n\n\n\n<p><strong>Carlos Bianco<\/strong> <\/p>\n\n\n\n<p>&#8220;A partir de hoy en fase 3 tenemos a 38 distritos que son los 35 que est\u00e1n en el Decreto Nacional, m\u00e1s 3 distritos del interior que tienen alg\u00fan problema. Se suma Roque P\u00e9rez, estuvimos hablando con el intendente interino y \u00e9l nos pidi\u00f3 volver a fase 3 porque hay casos y no est\u00e1 claro el nexo epidemiol\u00f3gico&#8221;. <\/p>\n\n\n\n<p>&#8220;En fase 4 tenemos 41 distritos que son del interior de PBA. Se han sumado a esa fase algunos distritos que estaban en fase 5 por la aparici\u00f3n de alg\u00fan brote. Se trata de Arrecifes, Balcarce, Benito Ju\u00e1rez, Lobos, Pellegrini y Saladillo. Hay 3 distritos que han pasado a fase 5. En fase 5 tenemos unos 56 distritos&#8221;.<\/p>\n\n\n\n<p>Queremos pedir a la poblaci\u00f3n de la que estamos muy orgullosos, y a los que tienen responsabilidades, que cumplan las normas. Lo que pido es que no tratemos de forzar los l\u00edmites de las actividades habilitadas. No estamos en un momento donde la pandemia se est\u00e1 apagando o la tenemos controlado ni mucho menos. Les quer\u00edamos pedir que seamos muy responsables con estas cuestiones.<\/p>\n","protected":false},"excerpt":{"rendered":"<p>En conferencia de prensa realizada hace unos minutos el Jefe de gabinete de Ministros Carlos Bianco, el ministro de Salud, Daniel Goll\u00e1n y el viceministro del \u00e1rea, Nicol\u00e1s Kreplak establecieron los lineamientos de gesti\u00f3n en la lucha contra el covid 19 y describieron la situaci\u00f3n sanitaria provincial, as\u00ed como todas las acciones realizadas y las [&hellip;]<\/p>\n","protected":false},"author":2,"featured_media":13106,"comment_status":"open","ping_status":"open","sticky":false,"template":"","format":"standard","meta":{"tdm_status":"","tdm_grid_status":"","_jetpack_memberships_contains_paid_content":false,"footnotes":"","jetpack_publicize_message":"","jetpack_publicize_feature_enabled":true,"jetpack_social_post_already_shared":false,"jetpack_social_options":{"image_generator_settings":{"template":"highway","default_image_id":0,"font":"","enabled":false},"version":2}},"categories":[1],"tags":[],"class_list":{"0":"post-13105","1":"post","2":"type-post","3":"status-publish","4":"format-standard","5":"has-post-thumbnail","7":"category-sin-categoria"},"yoast_head":"<!-- This site is optimized with the Yoast SEO plugin v22.7 - https:\/\/yoast.com\/wordpress\/plugins\/seo\/ -->\n<title>&quot;Estamos realizando una gran cantidad de estudios serol\u00f3gicos. Hay una enorme cantidad de casos asintom\u00e1ticos&quot;. - 103.9 fm<\/title>\n<meta name=\"robots\" content=\"index, follow, max-snippet:-1, max-image-preview:large, max-video-preview:-1\" \/>\n<link rel=\"canonical\" href=\"https:\/\/ondauno.com.ar\/index.php\/2020\/07\/27\/estamos-realizando-una-gran-cantidad-de-estudios-serologicos-hay-una-enorme-cantidad-de-casos-asintomaticos\/\" \/>\n<meta property=\"og:locale\" content=\"es_ES\" \/>\n<meta property=\"og:type\" content=\"article\" \/>\n<meta property=\"og:title\" content=\"&quot;Estamos realizando una gran cantidad de estudios serol\u00f3gicos. Hay una enorme cantidad de casos asintom\u00e1ticos&quot;. - 103.9 fm\" \/>\n<meta property=\"og:description\" content=\"En conferencia de prensa realizada hace unos minutos el Jefe de gabinete de Ministros Carlos Bianco, el ministro de Salud, Daniel Goll\u00e1n y el viceministro del \u00e1rea, Nicol\u00e1s Kreplak establecieron los lineamientos de gesti\u00f3n en la lucha contra el covid 19 y describieron la situaci\u00f3n sanitaria provincial, as\u00ed como todas las acciones realizadas y las [&hellip;]\" \/>\n<meta property=\"og:url\" content=\"https:\/\/ondauno.com.ar\/index.php\/2020\/07\/27\/estamos-realizando-una-gran-cantidad-de-estudios-serologicos-hay-una-enorme-cantidad-de-casos-asintomaticos\/\" \/>\n<meta property=\"og:site_name\" content=\"103.9 fm\" \/>\n<meta property=\"article:publisher\" content=\"https:\/\/www.facebook.com\/ondauno103.9\" \/>\n<meta property=\"article:published_time\" content=\"2020-07-27T13:27:54+00:00\" \/>\n<meta property=\"article:modified_time\" content=\"2020-07-27T13:27:57+00:00\" \/>\n<meta property=\"og:image\" content=\"https:\/\/ondauno.com.ar\/wp-content\/uploads\/2020\/07\/gollan-y-kreplak-onda-uno.jpg\" \/>\n\t<meta property=\"og:image:width\" content=\"512\" \/>\n\t<meta property=\"og:image:height\" content=\"340\" \/>\n\t<meta property=\"og:image:type\" content=\"image\/jpeg\" \/>\n<meta name=\"author\" content=\"fernando garcia\" \/>\n<meta name=\"twitter:card\" content=\"summary_large_image\" \/>\n<meta name=\"twitter:label1\" content=\"Escrito por\" \/>\n\t<meta name=\"twitter:data1\" content=\"fernando garcia\" \/>\n\t<meta name=\"twitter:label2\" content=\"Tiempo de lectura\" \/>\n\t<meta name=\"twitter:data2\" content=\"4 minutos\" \/>\n<script type=\"application\/ld+json\" class=\"yoast-schema-graph\">{\"@context\":\"https:\/\/schema.org\",\"@graph\":[{\"@type\":\"WebPage\",\"@id\":\"https:\/\/ondauno.com.ar\/index.php\/2020\/07\/27\/estamos-realizando-una-gran-cantidad-de-estudios-serologicos-hay-una-enorme-cantidad-de-casos-asintomaticos\/\",\"url\":\"https:\/\/ondauno.com.ar\/index.php\/2020\/07\/27\/estamos-realizando-una-gran-cantidad-de-estudios-serologicos-hay-una-enorme-cantidad-de-casos-asintomaticos\/\",\"name\":\"\\\"Estamos realizando una gran cantidad de estudios serol\u00f3gicos. Hay una enorme cantidad de casos asintom\u00e1ticos\\\". - 103.9 fm\",\"isPartOf\":{\"@id\":\"https:\/\/ondauno.com.ar\/#website\"},\"primaryImageOfPage\":{\"@id\":\"https:\/\/ondauno.com.ar\/index.php\/2020\/07\/27\/estamos-realizando-una-gran-cantidad-de-estudios-serologicos-hay-una-enorme-cantidad-de-casos-asintomaticos\/#primaryimage\"},\"image\":{\"@id\":\"https:\/\/ondauno.com.ar\/index.php\/2020\/07\/27\/estamos-realizando-una-gran-cantidad-de-estudios-serologicos-hay-una-enorme-cantidad-de-casos-asintomaticos\/#primaryimage\"},\"thumbnailUrl\":\"https:\/\/ondauno.com.ar\/wp-content\/uploads\/2020\/07\/gollan-y-kreplak-onda-uno.jpg\",\"datePublished\":\"2020-07-27T13:27:54+00:00\",\"dateModified\":\"2020-07-27T13:27:57+00:00\",\"author\":{\"@id\":\"https:\/\/ondauno.com.ar\/#\/schema\/person\/201d1b68e6c75e0fd396fe5f8af5d139\"},\"breadcrumb\":{\"@id\":\"https:\/\/ondauno.com.ar\/index.php\/2020\/07\/27\/estamos-realizando-una-gran-cantidad-de-estudios-serologicos-hay-una-enorme-cantidad-de-casos-asintomaticos\/#breadcrumb\"},\"inLanguage\":\"es-AR\",\"potentialAction\":[{\"@type\":\"ReadAction\",\"target\":[\"https:\/\/ondauno.com.ar\/index.php\/2020\/07\/27\/estamos-realizando-una-gran-cantidad-de-estudios-serologicos-hay-una-enorme-cantidad-de-casos-asintomaticos\/\"]}]},{\"@type\":\"ImageObject\",\"inLanguage\":\"es-AR\",\"@id\":\"https:\/\/ondauno.com.ar\/index.php\/2020\/07\/27\/estamos-realizando-una-gran-cantidad-de-estudios-serologicos-hay-una-enorme-cantidad-de-casos-asintomaticos\/#primaryimage\",\"url\":\"https:\/\/ondauno.com.ar\/wp-content\/uploads\/2020\/07\/gollan-y-kreplak-onda-uno.jpg\",\"contentUrl\":\"https:\/\/ondauno.com.ar\/wp-content\/uploads\/2020\/07\/gollan-y-kreplak-onda-uno.jpg\",\"width\":512,\"height\":340},{\"@type\":\"BreadcrumbList\",\"@id\":\"https:\/\/ondauno.com.ar\/index.php\/2020\/07\/27\/estamos-realizando-una-gran-cantidad-de-estudios-serologicos-hay-una-enorme-cantidad-de-casos-asintomaticos\/#breadcrumb\",\"itemListElement\":[{\"@type\":\"ListItem\",\"position\":1,\"name\":\"Inicio\",\"item\":\"https:\/\/ondauno.com.ar\/\"},{\"@type\":\"ListItem\",\"position\":2,\"name\":\"&#8220;Estamos realizando una gran cantidad de estudios serol\u00f3gicos. Hay una enorme cantidad de casos asintom\u00e1ticos&#8221;.\"}]},{\"@type\":\"WebSite\",\"@id\":\"https:\/\/ondauno.com.ar\/#website\",\"url\":\"https:\/\/ondauno.com.ar\/\",\"name\":\"103.9 fm\",\"description\":\"LA PRIMERA RADIO MULTIMEDIA DE TRES ARROYOS\",\"potentialAction\":[{\"@type\":\"SearchAction\",\"target\":{\"@type\":\"EntryPoint\",\"urlTemplate\":\"https:\/\/ondauno.com.ar\/?s={search_term_string}\"},\"query-input\":\"required name=search_term_string\"}],\"inLanguage\":\"es-AR\"},{\"@type\":\"Person\",\"@id\":\"https:\/\/ondauno.com.ar\/#\/schema\/person\/201d1b68e6c75e0fd396fe5f8af5d139\",\"name\":\"fernando garcia\",\"image\":{\"@type\":\"ImageObject\",\"inLanguage\":\"es-AR\",\"@id\":\"https:\/\/ondauno.com.ar\/#\/schema\/person\/image\/\",\"url\":\"https:\/\/secure.gravatar.com\/avatar\/5f7254642ad81272e79a2e69653cfdfc?s=96&d=mm&r=g\",\"contentUrl\":\"https:\/\/secure.gravatar.com\/avatar\/5f7254642ad81272e79a2e69653cfdfc?s=96&d=mm&r=g\",\"caption\":\"fernando garcia\"},\"url\":\"https:\/\/ondauno.com.ar\/index.php\/author\/ondaunoeditor\/\"}]}<\/script>\n<!-- \/ Yoast SEO plugin. -->","yoast_head_json":{"title":"\"Estamos realizando una gran cantidad de estudios serol\u00f3gicos. Hay una enorme cantidad de casos asintom\u00e1ticos\". - 103.9 fm","robots":{"index":"index","follow":"follow","max-snippet":"max-snippet:-1","max-image-preview":"max-image-preview:large","max-video-preview":"max-video-preview:-1"},"canonical":"https:\/\/ondauno.com.ar\/index.php\/2020\/07\/27\/estamos-realizando-una-gran-cantidad-de-estudios-serologicos-hay-una-enorme-cantidad-de-casos-asintomaticos\/","og_locale":"es_ES","og_type":"article","og_title":"\"Estamos realizando una gran cantidad de estudios serol\u00f3gicos. Hay una enorme cantidad de casos asintom\u00e1ticos\". - 103.9 fm","og_description":"En conferencia de prensa realizada hace unos minutos el Jefe de gabinete de Ministros Carlos Bianco, el ministro de Salud, Daniel Goll\u00e1n y el viceministro del \u00e1rea, Nicol\u00e1s Kreplak establecieron los lineamientos de gesti\u00f3n en la lucha contra el covid 19 y describieron la situaci\u00f3n sanitaria provincial, as\u00ed como todas las acciones realizadas y las [&hellip;]","og_url":"https:\/\/ondauno.com.ar\/index.php\/2020\/07\/27\/estamos-realizando-una-gran-cantidad-de-estudios-serologicos-hay-una-enorme-cantidad-de-casos-asintomaticos\/","og_site_name":"103.9 fm","article_publisher":"https:\/\/www.facebook.com\/ondauno103.9","article_published_time":"2020-07-27T13:27:54+00:00","article_modified_time":"2020-07-27T13:27:57+00:00","og_image":[{"width":512,"height":340,"url":"https:\/\/ondauno.com.ar\/wp-content\/uploads\/2020\/07\/gollan-y-kreplak-onda-uno.jpg","type":"image\/jpeg"}],"author":"fernando garcia","twitter_card":"summary_large_image","twitter_misc":{"Escrito por":"fernando garcia","Tiempo de lectura":"4 minutos"},"schema":{"@context":"https:\/\/schema.org","@graph":[{"@type":"WebPage","@id":"https:\/\/ondauno.com.ar\/index.php\/2020\/07\/27\/estamos-realizando-una-gran-cantidad-de-estudios-serologicos-hay-una-enorme-cantidad-de-casos-asintomaticos\/","url":"https:\/\/ondauno.com.ar\/index.php\/2020\/07\/27\/estamos-realizando-una-gran-cantidad-de-estudios-serologicos-hay-una-enorme-cantidad-de-casos-asintomaticos\/","name":"\"Estamos realizando una gran cantidad de estudios serol\u00f3gicos. Hay una enorme cantidad de casos asintom\u00e1ticos\". - 103.9 fm","isPartOf":{"@id":"https:\/\/ondauno.com.ar\/#website"},"primaryImageOfPage":{"@id":"https:\/\/ondauno.com.ar\/index.php\/2020\/07\/27\/estamos-realizando-una-gran-cantidad-de-estudios-serologicos-hay-una-enorme-cantidad-de-casos-asintomaticos\/#primaryimage"},"image":{"@id":"https:\/\/ondauno.com.ar\/index.php\/2020\/07\/27\/estamos-realizando-una-gran-cantidad-de-estudios-serologicos-hay-una-enorme-cantidad-de-casos-asintomaticos\/#primaryimage"},"thumbnailUrl":"https:\/\/ondauno.com.ar\/wp-content\/uploads\/2020\/07\/gollan-y-kreplak-onda-uno.jpg","datePublished":"2020-07-27T13:27:54+00:00","dateModified":"2020-07-27T13:27:57+00:00","author":{"@id":"https:\/\/ondauno.com.ar\/#\/schema\/person\/201d1b68e6c75e0fd396fe5f8af5d139"},"breadcrumb":{"@id":"https:\/\/ondauno.com.ar\/index.php\/2020\/07\/27\/estamos-realizando-una-gran-cantidad-de-estudios-serologicos-hay-una-enorme-cantidad-de-casos-asintomaticos\/#breadcrumb"},"inLanguage":"es-AR","potentialAction":[{"@type":"ReadAction","target":["https:\/\/ondauno.com.ar\/index.php\/2020\/07\/27\/estamos-realizando-una-gran-cantidad-de-estudios-serologicos-hay-una-enorme-cantidad-de-casos-asintomaticos\/"]}]},{"@type":"ImageObject","inLanguage":"es-AR","@id":"https:\/\/ondauno.com.ar\/index.php\/2020\/07\/27\/estamos-realizando-una-gran-cantidad-de-estudios-serologicos-hay-una-enorme-cantidad-de-casos-asintomaticos\/#primaryimage","url":"https:\/\/ondauno.com.ar\/wp-content\/uploads\/2020\/07\/gollan-y-kreplak-onda-uno.jpg","contentUrl":"https:\/\/ondauno.com.ar\/wp-content\/uploads\/2020\/07\/gollan-y-kreplak-onda-uno.jpg","width":512,"height":340},{"@type":"BreadcrumbList","@id":"https:\/\/ondauno.com.ar\/index.php\/2020\/07\/27\/estamos-realizando-una-gran-cantidad-de-estudios-serologicos-hay-una-enorme-cantidad-de-casos-asintomaticos\/#breadcrumb","itemListElement":[{"@type":"ListItem","position":1,"name":"Inicio","item":"https:\/\/ondauno.com.ar\/"},{"@type":"ListItem","position":2,"name":"&#8220;Estamos realizando una gran cantidad de estudios serol\u00f3gicos. Hay una enorme cantidad de casos asintom\u00e1ticos&#8221;."}]},{"@type":"WebSite","@id":"https:\/\/ondauno.com.ar\/#website","url":"https:\/\/ondauno.com.ar\/","name":"103.9 fm","description":"LA PRIMERA RADIO MULTIMEDIA DE TRES ARROYOS","potentialAction":[{"@type":"SearchAction","target":{"@type":"EntryPoint","urlTemplate":"https:\/\/ondauno.com.ar\/?s={search_term_string}"},"query-input":"required name=search_term_string"}],"inLanguage":"es-AR"},{"@type":"Person","@id":"https:\/\/ondauno.com.ar\/#\/schema\/person\/201d1b68e6c75e0fd396fe5f8af5d139","name":"fernando garcia","image":{"@type":"ImageObject","inLanguage":"es-AR","@id":"https:\/\/ondauno.com.ar\/#\/schema\/person\/image\/","url":"https:\/\/secure.gravatar.com\/avatar\/5f7254642ad81272e79a2e69653cfdfc?s=96&d=mm&r=g","contentUrl":"https:\/\/secure.gravatar.com\/avatar\/5f7254642ad81272e79a2e69653cfdfc?s=96&d=mm&r=g","caption":"fernando garcia"},"url":"https:\/\/ondauno.com.ar\/index.php\/author\/ondaunoeditor\/"}]}},"jetpack_publicize_connections":[],"jetpack_featured_media_url":"https:\/\/ondauno.com.ar\/wp-content\/uploads\/2020\/07\/gollan-y-kreplak-onda-uno.jpg","jetpack_sharing_enabled":true,"_links":{"self":[{"href":"https:\/\/ondauno.com.ar\/index.php\/wp-json\/wp\/v2\/posts\/13105","targetHints":{"allow":["GET"]}}],"collection":[{"href":"https:\/\/ondauno.com.ar\/index.php\/wp-json\/wp\/v2\/posts"}],"about":[{"href":"https:\/\/ondauno.com.ar\/index.php\/wp-json\/wp\/v2\/types\/post"}],"author":[{"embeddable":true,"href":"https:\/\/ondauno.com.ar\/index.php\/wp-json\/wp\/v2\/users\/2"}],"replies":[{"embeddable":true,"href":"https:\/\/ondauno.com.ar\/index.php\/wp-json\/wp\/v2\/comments?post=13105"}],"version-history":[{"count":0,"href":"https:\/\/ondauno.com.ar\/index.php\/wp-json\/wp\/v2\/posts\/13105\/revisions"}],"wp:featuredmedia":[{"embeddable":true,"href":"https:\/\/ondauno.com.ar\/index.php\/wp-json\/wp\/v2\/media\/13106"}],"wp:attachment":[{"href":"https:\/\/ondauno.com.ar\/index.php\/wp-json\/wp\/v2\/media?parent=13105"}],"wp:term":[{"taxonomy":"category","embeddable":true,"href":"https:\/\/ondauno.com.ar\/index.php\/wp-json\/wp\/v2\/categories?post=13105"},{"taxonomy":"post_tag","embeddable":true,"href":"https:\/\/ondauno.com.ar\/index.php\/wp-json\/wp\/v2\/tags?post=13105"}],"curies":[{"name":"wp","href":"https:\/\/api.w.org\/{rel}","templated":true}]}}