{"id":13082,"date":"2020-07-26T13:04:37","date_gmt":"2020-07-26T16:04:37","guid":{"rendered":"http:\/\/ondauno.com.ar\/?p=13082"},"modified":"2020-07-26T13:04:40","modified_gmt":"2020-07-26T16:04:40","slug":"cerraron-la-fabrica-de-fernet-branca-tras-un-contagio-de-coronavirus-en-la-planta","status":"publish","type":"post","link":"https:\/\/ondauno.com.ar\/index.php\/2020\/07\/26\/cerraron-la-fabrica-de-fernet-branca-tras-un-contagio-de-coronavirus-en-la-planta\/","title":{"rendered":"Cerraron la f\u00e1brica de fernet Branca  tras un contagio de coronavirus en la planta"},"content":{"rendered":"<div class=\"ondau-before-content_3\" style=\"margin-top: -30px;\" id=\"ondau-1588792410\"><a href=\"https:\/\/www.lps.com.ar\/\" aria-label=\"la-perse2\"><img loading=\"lazy\" decoding=\"async\" src=\"https:\/\/ondauno.com.ar\/wp-content\/uploads\/2021\/10\/la-perse2.jpg\" alt=\"\"  srcset=\"https:\/\/ondauno.com.ar\/wp-content\/uploads\/2021\/10\/la-perse2.jpg 1353w, https:\/\/ondauno.com.ar\/wp-content\/uploads\/2021\/10\/la-perse2-300x43.jpg 300w, https:\/\/ondauno.com.ar\/wp-content\/uploads\/2021\/10\/la-perse2-1024x148.jpg 1024w, https:\/\/ondauno.com.ar\/wp-content\/uploads\/2021\/10\/la-perse2-768x111.jpg 768w, https:\/\/ondauno.com.ar\/wp-content\/uploads\/2021\/10\/la-perse2-696x100.jpg 696w, https:\/\/ondauno.com.ar\/wp-content\/uploads\/2021\/10\/la-perse2-1068x154.jpg 1068w\" sizes=\"(max-width: 1353px) 100vw, 1353px\" class=\"no-lazyload\" width=\"1353\" height=\"195\"  style=\"display: inline-block;\" \/><\/a><\/div>\n<p>El&nbsp;coronavirus&nbsp;lleg\u00f3 a la&nbsp;f\u00e1brica&nbsp;de Fernet Fratelli Branca que se encuentra en la localidad de Tortuguitas, provincia de Buenos Aires. Responsables de la f\u00e1brica informaron que la misma permanecer\u00e1 cerrada al menos hasta el pr\u00f3ximo lunes.<\/p>\n\n\n\n<p>El contagiado con coronavirus es un supervisor del turno tarde. Luego de la confirmaci\u00f3n del caso, se puso en marcha el protocolo, por lo que la f\u00e1brica de\u00a0Fernet Branca, ubicada en el Partido de Malvinas Argentinas, se cerr\u00f3 por tareas de limpieza y desinfecci\u00f3n<\/p>\n\n\n\n<p>A ra\u00edz del primer caso de coronavirus en la f\u00e1brica, los trabajadores pidieron a los directivos de Fernet Branca que se les hiciera el hisopado. Todo el personal, m\u00e1s de 100 empleados, se realiz\u00f3 el test, aun se esperan los resultados<\/p>\n","protected":false},"excerpt":{"rendered":"<p>El&nbsp;coronavirus&nbsp;lleg\u00f3 a la&nbsp;f\u00e1brica&nbsp;de Fernet Fratelli Branca que se encuentra en la localidad de Tortuguitas, provincia de Buenos Aires. Responsables de la f\u00e1brica informaron que la misma permanecer\u00e1 cerrada al menos hasta el pr\u00f3ximo lunes. El contagiado con coronavirus es un supervisor del turno tarde. Luego de la confirmaci\u00f3n del caso, se puso en marcha el [&hellip;]<\/p>\n","protected":false},"author":2,"featured_media":13083,"comment_status":"open","ping_status":"open","sticky":false,"template":"","format":"standard","meta":{"tdm_status":"","tdm_grid_status":"","_jetpack_memberships_contains_paid_content":false,"footnotes":"","jetpack_publicize_message":"","jetpack_publicize_feature_enabled":true,"jetpack_social_post_already_shared":false,"jetpack_social_options":{"image_generator_settings":{"template":"highway","default_image_id":0,"font":"","enabled":false},"version":2}},"categories":[28],"tags":[],"class_list":{"0":"post-13082","1":"post","2":"type-post","3":"status-publish","4":"format-standard","5":"has-post-thumbnail","7":"category-interes-general"},"yoast_head":"<!-- This site is optimized with the Yoast SEO plugin v22.7 - https:\/\/yoast.com\/wordpress\/plugins\/seo\/ -->\n<title>Cerraron la f\u00e1brica de fernet Branca tras un contagio de coronavirus en la planta - 103.9 fm<\/title>\n<meta name=\"robots\" content=\"index, follow, max-snippet:-1, max-image-preview:large, max-video-preview:-1\" \/>\n<link rel=\"canonical\" href=\"https:\/\/ondauno.com.ar\/index.php\/2020\/07\/26\/cerraron-la-fabrica-de-fernet-branca-tras-un-contagio-de-coronavirus-en-la-planta\/\" \/>\n<meta property=\"og:locale\" content=\"es_ES\" \/>\n<meta property=\"og:type\" content=\"article\" \/>\n<meta property=\"og:title\" content=\"Cerraron la f\u00e1brica de fernet Branca tras un contagio de coronavirus en la planta - 103.9 fm\" \/>\n<meta property=\"og:description\" content=\"El&nbsp;coronavirus&nbsp;lleg\u00f3 a la&nbsp;f\u00e1brica&nbsp;de Fernet Fratelli Branca que se encuentra en la localidad de Tortuguitas, provincia de Buenos Aires. Responsables de la f\u00e1brica informaron que la misma permanecer\u00e1 cerrada al menos hasta el pr\u00f3ximo lunes. El contagiado con coronavirus es un supervisor del turno tarde. Luego de la confirmaci\u00f3n del caso, se puso en marcha el [&hellip;]\" \/>\n<meta property=\"og:url\" content=\"https:\/\/ondauno.com.ar\/index.php\/2020\/07\/26\/cerraron-la-fabrica-de-fernet-branca-tras-un-contagio-de-coronavirus-en-la-planta\/\" \/>\n<meta property=\"og:site_name\" content=\"103.9 fm\" \/>\n<meta property=\"article:publisher\" content=\"https:\/\/www.facebook.com\/ondauno103.9\" \/>\n<meta property=\"article:published_time\" content=\"2020-07-26T16:04:37+00:00\" \/>\n<meta property=\"article:modified_time\" content=\"2020-07-26T16:04:40+00:00\" \/>\n<meta property=\"og:image\" content=\"https:\/\/ondauno.com.ar\/wp-content\/uploads\/2020\/07\/59564-cerro-la-fabrica-de-fernet-branca-por-un-caso-de-coronavirus.jpg\" \/>\n\t<meta property=\"og:image:width\" content=\"1688\" \/>\n\t<meta property=\"og:image:height\" content=\"950\" \/>\n\t<meta property=\"og:image:type\" content=\"image\/jpeg\" \/>\n<meta name=\"author\" content=\"fernando garcia\" \/>\n<meta name=\"twitter:card\" content=\"summary_large_image\" \/>\n<meta name=\"twitter:label1\" content=\"Escrito por\" \/>\n\t<meta name=\"twitter:data1\" content=\"fernando garcia\" \/>\n\t<meta name=\"twitter:label2\" content=\"Tiempo de lectura\" \/>\n\t<meta name=\"twitter:data2\" content=\"1 minuto\" \/>\n<script type=\"application\/ld+json\" class=\"yoast-schema-graph\">{\"@context\":\"https:\/\/schema.org\",\"@graph\":[{\"@type\":\"WebPage\",\"@id\":\"https:\/\/ondauno.com.ar\/index.php\/2020\/07\/26\/cerraron-la-fabrica-de-fernet-branca-tras-un-contagio-de-coronavirus-en-la-planta\/\",\"url\":\"https:\/\/ondauno.com.ar\/index.php\/2020\/07\/26\/cerraron-la-fabrica-de-fernet-branca-tras-un-contagio-de-coronavirus-en-la-planta\/\",\"name\":\"Cerraron la f\u00e1brica de fernet Branca tras un contagio de coronavirus en la planta - 103.9 fm\",\"isPartOf\":{\"@id\":\"https:\/\/ondauno.com.ar\/#website\"},\"primaryImageOfPage\":{\"@id\":\"https:\/\/ondauno.com.ar\/index.php\/2020\/07\/26\/cerraron-la-fabrica-de-fernet-branca-tras-un-contagio-de-coronavirus-en-la-planta\/#primaryimage\"},\"image\":{\"@id\":\"https:\/\/ondauno.com.ar\/index.php\/2020\/07\/26\/cerraron-la-fabrica-de-fernet-branca-tras-un-contagio-de-coronavirus-en-la-planta\/#primaryimage\"},\"thumbnailUrl\":\"https:\/\/ondauno.com.ar\/wp-content\/uploads\/2020\/07\/59564-cerro-la-fabrica-de-fernet-branca-por-un-caso-de-coronavirus.jpg\",\"datePublished\":\"2020-07-26T16:04:37+00:00\",\"dateModified\":\"2020-07-26T16:04:40+00:00\",\"author\":{\"@id\":\"https:\/\/ondauno.com.ar\/#\/schema\/person\/201d1b68e6c75e0fd396fe5f8af5d139\"},\"breadcrumb\":{\"@id\":\"https:\/\/ondauno.com.ar\/index.php\/2020\/07\/26\/cerraron-la-fabrica-de-fernet-branca-tras-un-contagio-de-coronavirus-en-la-planta\/#breadcrumb\"},\"inLanguage\":\"es-AR\",\"potentialAction\":[{\"@type\":\"ReadAction\",\"target\":[\"https:\/\/ondauno.com.ar\/index.php\/2020\/07\/26\/cerraron-la-fabrica-de-fernet-branca-tras-un-contagio-de-coronavirus-en-la-planta\/\"]}]},{\"@type\":\"ImageObject\",\"inLanguage\":\"es-AR\",\"@id\":\"https:\/\/ondauno.com.ar\/index.php\/2020\/07\/26\/cerraron-la-fabrica-de-fernet-branca-tras-un-contagio-de-coronavirus-en-la-planta\/#primaryimage\",\"url\":\"https:\/\/ondauno.com.ar\/wp-content\/uploads\/2020\/07\/59564-cerro-la-fabrica-de-fernet-branca-por-un-caso-de-coronavirus.jpg\",\"contentUrl\":\"https:\/\/ondauno.com.ar\/wp-content\/uploads\/2020\/07\/59564-cerro-la-fabrica-de-fernet-branca-por-un-caso-de-coronavirus.jpg\",\"width\":1688,\"height\":950},{\"@type\":\"BreadcrumbList\",\"@id\":\"https:\/\/ondauno.com.ar\/index.php\/2020\/07\/26\/cerraron-la-fabrica-de-fernet-branca-tras-un-contagio-de-coronavirus-en-la-planta\/#breadcrumb\",\"itemListElement\":[{\"@type\":\"ListItem\",\"position\":1,\"name\":\"Inicio\",\"item\":\"https:\/\/ondauno.com.ar\/\"},{\"@type\":\"ListItem\",\"position\":2,\"name\":\"Cerraron la f\u00e1brica de fernet Branca tras un contagio de coronavirus en la planta\"}]},{\"@type\":\"WebSite\",\"@id\":\"https:\/\/ondauno.com.ar\/#website\",\"url\":\"https:\/\/ondauno.com.ar\/\",\"name\":\"103.9 fm\",\"description\":\"LA PRIMERA RADIO MULTIMEDIA DE TRES ARROYOS\",\"potentialAction\":[{\"@type\":\"SearchAction\",\"target\":{\"@type\":\"EntryPoint\",\"urlTemplate\":\"https:\/\/ondauno.com.ar\/?s={search_term_string}\"},\"query-input\":\"required name=search_term_string\"}],\"inLanguage\":\"es-AR\"},{\"@type\":\"Person\",\"@id\":\"https:\/\/ondauno.com.ar\/#\/schema\/person\/201d1b68e6c75e0fd396fe5f8af5d139\",\"name\":\"fernando garcia\",\"image\":{\"@type\":\"ImageObject\",\"inLanguage\":\"es-AR\",\"@id\":\"https:\/\/ondauno.com.ar\/#\/schema\/person\/image\/\",\"url\":\"https:\/\/secure.gravatar.com\/avatar\/5f7254642ad81272e79a2e69653cfdfc?s=96&d=mm&r=g\",\"contentUrl\":\"https:\/\/secure.gravatar.com\/avatar\/5f7254642ad81272e79a2e69653cfdfc?s=96&d=mm&r=g\",\"caption\":\"fernando garcia\"},\"url\":\"https:\/\/ondauno.com.ar\/index.php\/author\/ondaunoeditor\/\"}]}<\/script>\n<!-- \/ Yoast SEO plugin. -->","yoast_head_json":{"title":"Cerraron la f\u00e1brica de fernet Branca tras un contagio de coronavirus en la planta - 103.9 fm","robots":{"index":"index","follow":"follow","max-snippet":"max-snippet:-1","max-image-preview":"max-image-preview:large","max-video-preview":"max-video-preview:-1"},"canonical":"https:\/\/ondauno.com.ar\/index.php\/2020\/07\/26\/cerraron-la-fabrica-de-fernet-branca-tras-un-contagio-de-coronavirus-en-la-planta\/","og_locale":"es_ES","og_type":"article","og_title":"Cerraron la f\u00e1brica de fernet Branca tras un contagio de coronavirus en la planta - 103.9 fm","og_description":"El&nbsp;coronavirus&nbsp;lleg\u00f3 a la&nbsp;f\u00e1brica&nbsp;de Fernet Fratelli Branca que se encuentra en la localidad de Tortuguitas, provincia de Buenos Aires. Responsables de la f\u00e1brica informaron que la misma permanecer\u00e1 cerrada al menos hasta el pr\u00f3ximo lunes. El contagiado con coronavirus es un supervisor del turno tarde. Luego de la confirmaci\u00f3n del caso, se puso en marcha el [&hellip;]","og_url":"https:\/\/ondauno.com.ar\/index.php\/2020\/07\/26\/cerraron-la-fabrica-de-fernet-branca-tras-un-contagio-de-coronavirus-en-la-planta\/","og_site_name":"103.9 fm","article_publisher":"https:\/\/www.facebook.com\/ondauno103.9","article_published_time":"2020-07-26T16:04:37+00:00","article_modified_time":"2020-07-26T16:04:40+00:00","og_image":[{"width":1688,"height":950,"url":"https:\/\/ondauno.com.ar\/wp-content\/uploads\/2020\/07\/59564-cerro-la-fabrica-de-fernet-branca-por-un-caso-de-coronavirus.jpg","type":"image\/jpeg"}],"author":"fernando garcia","twitter_card":"summary_large_image","twitter_misc":{"Escrito por":"fernando garcia","Tiempo de lectura":"1 minuto"},"schema":{"@context":"https:\/\/schema.org","@graph":[{"@type":"WebPage","@id":"https:\/\/ondauno.com.ar\/index.php\/2020\/07\/26\/cerraron-la-fabrica-de-fernet-branca-tras-un-contagio-de-coronavirus-en-la-planta\/","url":"https:\/\/ondauno.com.ar\/index.php\/2020\/07\/26\/cerraron-la-fabrica-de-fernet-branca-tras-un-contagio-de-coronavirus-en-la-planta\/","name":"Cerraron la f\u00e1brica de fernet Branca tras un contagio de coronavirus en la planta - 103.9 fm","isPartOf":{"@id":"https:\/\/ondauno.com.ar\/#website"},"primaryImageOfPage":{"@id":"https:\/\/ondauno.com.ar\/index.php\/2020\/07\/26\/cerraron-la-fabrica-de-fernet-branca-tras-un-contagio-de-coronavirus-en-la-planta\/#primaryimage"},"image":{"@id":"https:\/\/ondauno.com.ar\/index.php\/2020\/07\/26\/cerraron-la-fabrica-de-fernet-branca-tras-un-contagio-de-coronavirus-en-la-planta\/#primaryimage"},"thumbnailUrl":"https:\/\/ondauno.com.ar\/wp-content\/uploads\/2020\/07\/59564-cerro-la-fabrica-de-fernet-branca-por-un-caso-de-coronavirus.jpg","datePublished":"2020-07-26T16:04:37+00:00","dateModified":"2020-07-26T16:04:40+00:00","author":{"@id":"https:\/\/ondauno.com.ar\/#\/schema\/person\/201d1b68e6c75e0fd396fe5f8af5d139"},"breadcrumb":{"@id":"https:\/\/ondauno.com.ar\/index.php\/2020\/07\/26\/cerraron-la-fabrica-de-fernet-branca-tras-un-contagio-de-coronavirus-en-la-planta\/#breadcrumb"},"inLanguage":"es-AR","potentialAction":[{"@type":"ReadAction","target":["https:\/\/ondauno.com.ar\/index.php\/2020\/07\/26\/cerraron-la-fabrica-de-fernet-branca-tras-un-contagio-de-coronavirus-en-la-planta\/"]}]},{"@type":"ImageObject","inLanguage":"es-AR","@id":"https:\/\/ondauno.com.ar\/index.php\/2020\/07\/26\/cerraron-la-fabrica-de-fernet-branca-tras-un-contagio-de-coronavirus-en-la-planta\/#primaryimage","url":"https:\/\/ondauno.com.ar\/wp-content\/uploads\/2020\/07\/59564-cerro-la-fabrica-de-fernet-branca-por-un-caso-de-coronavirus.jpg","contentUrl":"https:\/\/ondauno.com.ar\/wp-content\/uploads\/2020\/07\/59564-cerro-la-fabrica-de-fernet-branca-por-un-caso-de-coronavirus.jpg","width":1688,"height":950},{"@type":"BreadcrumbList","@id":"https:\/\/ondauno.com.ar\/index.php\/2020\/07\/26\/cerraron-la-fabrica-de-fernet-branca-tras-un-contagio-de-coronavirus-en-la-planta\/#breadcrumb","itemListElement":[{"@type":"ListItem","position":1,"name":"Inicio","item":"https:\/\/ondauno.com.ar\/"},{"@type":"ListItem","position":2,"name":"Cerraron la f\u00e1brica de fernet Branca tras un contagio de coronavirus en la planta"}]},{"@type":"WebSite","@id":"https:\/\/ondauno.com.ar\/#website","url":"https:\/\/ondauno.com.ar\/","name":"103.9 fm","description":"LA PRIMERA RADIO MULTIMEDIA DE TRES ARROYOS","potentialAction":[{"@type":"SearchAction","target":{"@type":"EntryPoint","urlTemplate":"https:\/\/ondauno.com.ar\/?s={search_term_string}"},"query-input":"required name=search_term_string"}],"inLanguage":"es-AR"},{"@type":"Person","@id":"https:\/\/ondauno.com.ar\/#\/schema\/person\/201d1b68e6c75e0fd396fe5f8af5d139","name":"fernando garcia","image":{"@type":"ImageObject","inLanguage":"es-AR","@id":"https:\/\/ondauno.com.ar\/#\/schema\/person\/image\/","url":"https:\/\/secure.gravatar.com\/avatar\/5f7254642ad81272e79a2e69653cfdfc?s=96&d=mm&r=g","contentUrl":"https:\/\/secure.gravatar.com\/avatar\/5f7254642ad81272e79a2e69653cfdfc?s=96&d=mm&r=g","caption":"fernando garcia"},"url":"https:\/\/ondauno.com.ar\/index.php\/author\/ondaunoeditor\/"}]}},"jetpack_publicize_connections":[],"jetpack_featured_media_url":"https:\/\/ondauno.com.ar\/wp-content\/uploads\/2020\/07\/59564-cerro-la-fabrica-de-fernet-branca-por-un-caso-de-coronavirus.jpg","jetpack_sharing_enabled":true,"_links":{"self":[{"href":"https:\/\/ondauno.com.ar\/index.php\/wp-json\/wp\/v2\/posts\/13082","targetHints":{"allow":["GET"]}}],"collection":[{"href":"https:\/\/ondauno.com.ar\/index.php\/wp-json\/wp\/v2\/posts"}],"about":[{"href":"https:\/\/ondauno.com.ar\/index.php\/wp-json\/wp\/v2\/types\/post"}],"author":[{"embeddable":true,"href":"https:\/\/ondauno.com.ar\/index.php\/wp-json\/wp\/v2\/users\/2"}],"replies":[{"embeddable":true,"href":"https:\/\/ondauno.com.ar\/index.php\/wp-json\/wp\/v2\/comments?post=13082"}],"version-history":[{"count":0,"href":"https:\/\/ondauno.com.ar\/index.php\/wp-json\/wp\/v2\/posts\/13082\/revisions"}],"wp:featuredmedia":[{"embeddable":true,"href":"https:\/\/ondauno.com.ar\/index.php\/wp-json\/wp\/v2\/media\/13083"}],"wp:attachment":[{"href":"https:\/\/ondauno.com.ar\/index.php\/wp-json\/wp\/v2\/media?parent=13082"}],"wp:term":[{"taxonomy":"category","embeddable":true,"href":"https:\/\/ondauno.com.ar\/index.php\/wp-json\/wp\/v2\/categories?post=13082"},{"taxonomy":"post_tag","embeddable":true,"href":"https:\/\/ondauno.com.ar\/index.php\/wp-json\/wp\/v2\/tags?post=13082"}],"curies":[{"name":"wp","href":"https:\/\/api.w.org\/{rel}","templated":true}]}}