{"id":1301,"date":"2019-11-06T10:03:31","date_gmt":"2019-11-06T13:03:31","guid":{"rendered":"http:\/\/ondauno.com.ar\/?p=1301"},"modified":"2019-11-06T10:03:38","modified_gmt":"2019-11-06T13:03:38","slug":"mas-de-270-productos-de-pymes-locales-fueron-distinguidos-con-el-sello-de-buen-diseno","status":"publish","type":"post","link":"https:\/\/ondauno.com.ar\/index.php\/2019\/11\/06\/mas-de-270-productos-de-pymes-locales-fueron-distinguidos-con-el-sello-de-buen-diseno\/","title":{"rendered":"M\u00e1s de 270 productos de PyMES locales fueron distinguidos con el Sello de Buen Dise\u00f1o"},"content":{"rendered":"<div class=\"ondau-before-content_3\" style=\"margin-top: -30px;\" id=\"ondau-2613015173\"><a href=\"https:\/\/www.lps.com.ar\/\" aria-label=\"la-perse2\"><img loading=\"lazy\" decoding=\"async\" src=\"https:\/\/ondauno.com.ar\/wp-content\/uploads\/2021\/10\/la-perse2.jpg\" alt=\"\"  srcset=\"https:\/\/ondauno.com.ar\/wp-content\/uploads\/2021\/10\/la-perse2.jpg 1353w, https:\/\/ondauno.com.ar\/wp-content\/uploads\/2021\/10\/la-perse2-300x43.jpg 300w, https:\/\/ondauno.com.ar\/wp-content\/uploads\/2021\/10\/la-perse2-1024x148.jpg 1024w, https:\/\/ondauno.com.ar\/wp-content\/uploads\/2021\/10\/la-perse2-768x111.jpg 768w, https:\/\/ondauno.com.ar\/wp-content\/uploads\/2021\/10\/la-perse2-696x100.jpg 696w, https:\/\/ondauno.com.ar\/wp-content\/uploads\/2021\/10\/la-perse2-1068x154.jpg 1068w\" sizes=\"(max-width: 1353px) 100vw, 1353px\" class=\"no-lazyload\" width=\"1353\" height=\"195\"  style=\"display: inline-block;\" \/><\/a><\/div>\n<p><\/p>\n\n\n\n<ul class=\"wp-block-list\"><li><em>El Sello Buen Dise\u00f1o argentino distingue y promociona los productos de la industria nacional con un uso estrat\u00e9gico del dise\u00f1o.<\/em><\/li><li><em>Los 278 productos distinguidos durante 2019 completan el total de 1488 distinciones a 808 empresas durante sus nueve ediciones.<\/em><\/li><li><em>Los sectores alcanzados por esta edici\u00f3n son: productos para la industria y transporte; mobiliario y equipamiento; productos para el hogar, oficina y recreaci\u00f3n; comunicaci\u00f3n estrat\u00e9gica e indumentaria, calzado y accesorios.<\/em><\/li><\/ul>\n\n\n\n<p><em>Buenos Aires, 5 de noviembre de 2019 &#8211;<\/em><strong><em> <\/em><\/strong>M\u00e1s de 270 productos de empresas y PyMEs argentinas fueron distinguidos hoy con el Sello de Buen Dise\u00f1o argentino (SBD). Los resultados de la edici\u00f3n 2019 se dieron a conocer durante un evento que se celebr\u00f3 en el Museo de Arte Moderno de Buenos Aires y que cont\u00f3 con la presencia de referentes de las empresas distinguidas y funcionarios del Ministerio de Producci\u00f3n y Trabajo de la Naci\u00f3n y la Agencia Argentina de Inversiones y Comercio Internacional.<\/p>\n\n\n\n<p>A trav\u00e9s del SBD, una iniciativa de la Secretar\u00eda de Industria, se eval\u00faan desde hace 9 a\u00f1os las buenas pr\u00e1cticas de dise\u00f1o de las empresas y PyMEs, promoviendo su participaci\u00f3n en exhibiciones a nivel nacional e internacional. Tambi\u00e9n, se generan nuevas oportunidades comerciales a partir de reuniones y rondas de negocios con compradores nacionales e internacionales, entre otros beneficios.<\/p>\n\n\n\n<p>Los 278 productos distinguidos este a\u00f1o completan el total de 1488 distinciones durante las nueve ediciones del programa, englobando un universo de 808 empresas que apuestan al dise\u00f1o para generar nuevos productos, mejorar procesos y desarrollar estrategias de innovaci\u00f3n.<\/p>\n\n\n\n<p>Entre los destacados de esta edici\u00f3n, que ya forman parte del nuevo cat\u00e1logo, se encuentran, entre muchos otros, productos Essen, una empresa que se present\u00f3 en todas las ediciones de la convocatoria y que lleva adelante una pol\u00edtica de innovaci\u00f3n sostenida desde la provincia de Santa Fe. Tambi\u00e9n, se destacaron propuestas de Molo Urbano, en cuanto a equipamiento y mobiliario para gobiernos locales, y de Omb\u00fa, que genera innovaci\u00f3n en indumentaria de trabajo cumpliendo con la normativa de m\u00e1s alto nivel mundial.<\/p>\n\n\n\n<p>Por otro lado, se destacaron productos de Leistung Ingenier\u00eda, que en C\u00f3rdoba desarrolla equipamiento m\u00e9dico con equipos que trabajan intensivamente en la innovaci\u00f3n, el dise\u00f1o y la usabilidad de sus productos; y de Ansilta, una empresa textil de San Juan que desarrolla prendas de alta complejidad para situaciones extremas.<\/p>\n\n\n\n<p>Los sectores alcanzados por la edici\u00f3n 2019 del programa del Ministerio de Producci\u00f3n y Trabajo de la Naci\u00f3n fueron: productos para la industria y transporte; mobiliario y equipamiento; productos para el hogar, oficina y recreaci\u00f3n; comunicaci\u00f3n estrat\u00e9gica e indumentaria, calzado y accesorios.<\/p>\n","protected":false},"excerpt":{"rendered":"<p>El Sello Buen Dise\u00f1o argentino distingue y promociona los productos de la industria nacional con un uso estrat\u00e9gico del dise\u00f1o. Los 278 productos distinguidos durante 2019 completan el total de 1488 distinciones a 808 empresas durante sus nueve ediciones. Los sectores alcanzados por esta edici\u00f3n son: productos para la industria y transporte; mobiliario y equipamiento; [&hellip;]<\/p>\n","protected":false},"author":2,"featured_media":1302,"comment_status":"open","ping_status":"open","sticky":false,"template":"","format":"standard","meta":{"tdm_status":"","tdm_grid_status":"","_jetpack_memberships_contains_paid_content":false,"footnotes":"","jetpack_publicize_message":"","jetpack_publicize_feature_enabled":true,"jetpack_social_post_already_shared":false,"jetpack_social_options":{"image_generator_settings":{"template":"highway","default_image_id":0,"font":"","enabled":false},"version":2}},"categories":[30],"tags":[],"class_list":{"0":"post-1301","1":"post","2":"type-post","3":"status-publish","4":"format-standard","5":"has-post-thumbnail","7":"category-provinciales"},"yoast_head":"<!-- This site is optimized with the Yoast SEO plugin v22.7 - https:\/\/yoast.com\/wordpress\/plugins\/seo\/ -->\n<title>M\u00e1s de 270 productos de PyMES locales fueron distinguidos con el Sello de Buen Dise\u00f1o - 103.9 fm<\/title>\n<meta name=\"robots\" content=\"index, follow, max-snippet:-1, max-image-preview:large, max-video-preview:-1\" \/>\n<link rel=\"canonical\" href=\"https:\/\/ondauno.com.ar\/index.php\/2019\/11\/06\/mas-de-270-productos-de-pymes-locales-fueron-distinguidos-con-el-sello-de-buen-diseno\/\" \/>\n<meta property=\"og:locale\" content=\"es_ES\" \/>\n<meta property=\"og:type\" content=\"article\" \/>\n<meta property=\"og:title\" content=\"M\u00e1s de 270 productos de PyMES locales fueron distinguidos con el Sello de Buen Dise\u00f1o - 103.9 fm\" \/>\n<meta property=\"og:description\" content=\"El Sello Buen Dise\u00f1o argentino distingue y promociona los productos de la industria nacional con un uso estrat\u00e9gico del dise\u00f1o. Los 278 productos distinguidos durante 2019 completan el total de 1488 distinciones a 808 empresas durante sus nueve ediciones. Los sectores alcanzados por esta edici\u00f3n son: productos para la industria y transporte; mobiliario y equipamiento; [&hellip;]\" \/>\n<meta property=\"og:url\" content=\"https:\/\/ondauno.com.ar\/index.php\/2019\/11\/06\/mas-de-270-productos-de-pymes-locales-fueron-distinguidos-con-el-sello-de-buen-diseno\/\" \/>\n<meta property=\"og:site_name\" content=\"103.9 fm\" \/>\n<meta property=\"article:publisher\" content=\"https:\/\/www.facebook.com\/ondauno103.9\" \/>\n<meta property=\"article:published_time\" content=\"2019-11-06T13:03:31+00:00\" \/>\n<meta property=\"article:modified_time\" content=\"2019-11-06T13:03:38+00:00\" \/>\n<meta property=\"og:image\" content=\"https:\/\/ondauno.com.ar\/wp-content\/uploads\/2019\/11\/Sello-de-Buen-Dise\u00f1o.jpeg\" \/>\n\t<meta property=\"og:image:width\" content=\"1280\" \/>\n\t<meta property=\"og:image:height\" content=\"853\" \/>\n\t<meta property=\"og:image:type\" content=\"image\/jpeg\" \/>\n<meta name=\"author\" content=\"fernando garcia\" \/>\n<meta name=\"twitter:card\" content=\"summary_large_image\" \/>\n<meta name=\"twitter:label1\" content=\"Escrito por\" \/>\n\t<meta name=\"twitter:data1\" content=\"fernando garcia\" \/>\n\t<meta name=\"twitter:label2\" content=\"Tiempo de lectura\" \/>\n\t<meta name=\"twitter:data2\" content=\"2 minutos\" \/>\n<script type=\"application\/ld+json\" class=\"yoast-schema-graph\">{\"@context\":\"https:\/\/schema.org\",\"@graph\":[{\"@type\":\"WebPage\",\"@id\":\"https:\/\/ondauno.com.ar\/index.php\/2019\/11\/06\/mas-de-270-productos-de-pymes-locales-fueron-distinguidos-con-el-sello-de-buen-diseno\/\",\"url\":\"https:\/\/ondauno.com.ar\/index.php\/2019\/11\/06\/mas-de-270-productos-de-pymes-locales-fueron-distinguidos-con-el-sello-de-buen-diseno\/\",\"name\":\"M\u00e1s de 270 productos de PyMES locales fueron distinguidos con el Sello de Buen Dise\u00f1o - 103.9 fm\",\"isPartOf\":{\"@id\":\"https:\/\/ondauno.com.ar\/#website\"},\"primaryImageOfPage\":{\"@id\":\"https:\/\/ondauno.com.ar\/index.php\/2019\/11\/06\/mas-de-270-productos-de-pymes-locales-fueron-distinguidos-con-el-sello-de-buen-diseno\/#primaryimage\"},\"image\":{\"@id\":\"https:\/\/ondauno.com.ar\/index.php\/2019\/11\/06\/mas-de-270-productos-de-pymes-locales-fueron-distinguidos-con-el-sello-de-buen-diseno\/#primaryimage\"},\"thumbnailUrl\":\"https:\/\/ondauno.com.ar\/wp-content\/uploads\/2019\/11\/Sello-de-Buen-Dise\u00f1o.jpeg\",\"datePublished\":\"2019-11-06T13:03:31+00:00\",\"dateModified\":\"2019-11-06T13:03:38+00:00\",\"author\":{\"@id\":\"https:\/\/ondauno.com.ar\/#\/schema\/person\/201d1b68e6c75e0fd396fe5f8af5d139\"},\"breadcrumb\":{\"@id\":\"https:\/\/ondauno.com.ar\/index.php\/2019\/11\/06\/mas-de-270-productos-de-pymes-locales-fueron-distinguidos-con-el-sello-de-buen-diseno\/#breadcrumb\"},\"inLanguage\":\"es-AR\",\"potentialAction\":[{\"@type\":\"ReadAction\",\"target\":[\"https:\/\/ondauno.com.ar\/index.php\/2019\/11\/06\/mas-de-270-productos-de-pymes-locales-fueron-distinguidos-con-el-sello-de-buen-diseno\/\"]}]},{\"@type\":\"ImageObject\",\"inLanguage\":\"es-AR\",\"@id\":\"https:\/\/ondauno.com.ar\/index.php\/2019\/11\/06\/mas-de-270-productos-de-pymes-locales-fueron-distinguidos-con-el-sello-de-buen-diseno\/#primaryimage\",\"url\":\"https:\/\/ondauno.com.ar\/wp-content\/uploads\/2019\/11\/Sello-de-Buen-Dise\u00f1o.jpeg\",\"contentUrl\":\"https:\/\/ondauno.com.ar\/wp-content\/uploads\/2019\/11\/Sello-de-Buen-Dise\u00f1o.jpeg\",\"width\":1280,\"height\":853},{\"@type\":\"BreadcrumbList\",\"@id\":\"https:\/\/ondauno.com.ar\/index.php\/2019\/11\/06\/mas-de-270-productos-de-pymes-locales-fueron-distinguidos-con-el-sello-de-buen-diseno\/#breadcrumb\",\"itemListElement\":[{\"@type\":\"ListItem\",\"position\":1,\"name\":\"Inicio\",\"item\":\"https:\/\/ondauno.com.ar\/\"},{\"@type\":\"ListItem\",\"position\":2,\"name\":\"M\u00e1s de 270 productos de PyMES locales fueron distinguidos con el Sello de Buen Dise\u00f1o\"}]},{\"@type\":\"WebSite\",\"@id\":\"https:\/\/ondauno.com.ar\/#website\",\"url\":\"https:\/\/ondauno.com.ar\/\",\"name\":\"103.9 fm\",\"description\":\"LA PRIMERA RADIO MULTIMEDIA DE TRES ARROYOS\",\"potentialAction\":[{\"@type\":\"SearchAction\",\"target\":{\"@type\":\"EntryPoint\",\"urlTemplate\":\"https:\/\/ondauno.com.ar\/?s={search_term_string}\"},\"query-input\":\"required name=search_term_string\"}],\"inLanguage\":\"es-AR\"},{\"@type\":\"Person\",\"@id\":\"https:\/\/ondauno.com.ar\/#\/schema\/person\/201d1b68e6c75e0fd396fe5f8af5d139\",\"name\":\"fernando garcia\",\"image\":{\"@type\":\"ImageObject\",\"inLanguage\":\"es-AR\",\"@id\":\"https:\/\/ondauno.com.ar\/#\/schema\/person\/image\/\",\"url\":\"https:\/\/secure.gravatar.com\/avatar\/5f7254642ad81272e79a2e69653cfdfc?s=96&d=mm&r=g\",\"contentUrl\":\"https:\/\/secure.gravatar.com\/avatar\/5f7254642ad81272e79a2e69653cfdfc?s=96&d=mm&r=g\",\"caption\":\"fernando garcia\"},\"url\":\"https:\/\/ondauno.com.ar\/index.php\/author\/ondaunoeditor\/\"}]}<\/script>\n<!-- \/ Yoast SEO plugin. -->","yoast_head_json":{"title":"M\u00e1s de 270 productos de PyMES locales fueron distinguidos con el Sello de Buen Dise\u00f1o - 103.9 fm","robots":{"index":"index","follow":"follow","max-snippet":"max-snippet:-1","max-image-preview":"max-image-preview:large","max-video-preview":"max-video-preview:-1"},"canonical":"https:\/\/ondauno.com.ar\/index.php\/2019\/11\/06\/mas-de-270-productos-de-pymes-locales-fueron-distinguidos-con-el-sello-de-buen-diseno\/","og_locale":"es_ES","og_type":"article","og_title":"M\u00e1s de 270 productos de PyMES locales fueron distinguidos con el Sello de Buen Dise\u00f1o - 103.9 fm","og_description":"El Sello Buen Dise\u00f1o argentino distingue y promociona los productos de la industria nacional con un uso estrat\u00e9gico del dise\u00f1o. Los 278 productos distinguidos durante 2019 completan el total de 1488 distinciones a 808 empresas durante sus nueve ediciones. Los sectores alcanzados por esta edici\u00f3n son: productos para la industria y transporte; mobiliario y equipamiento; [&hellip;]","og_url":"https:\/\/ondauno.com.ar\/index.php\/2019\/11\/06\/mas-de-270-productos-de-pymes-locales-fueron-distinguidos-con-el-sello-de-buen-diseno\/","og_site_name":"103.9 fm","article_publisher":"https:\/\/www.facebook.com\/ondauno103.9","article_published_time":"2019-11-06T13:03:31+00:00","article_modified_time":"2019-11-06T13:03:38+00:00","og_image":[{"width":1280,"height":853,"url":"https:\/\/ondauno.com.ar\/wp-content\/uploads\/2019\/11\/Sello-de-Buen-Dise\u00f1o.jpeg","type":"image\/jpeg"}],"author":"fernando garcia","twitter_card":"summary_large_image","twitter_misc":{"Escrito por":"fernando garcia","Tiempo de lectura":"2 minutos"},"schema":{"@context":"https:\/\/schema.org","@graph":[{"@type":"WebPage","@id":"https:\/\/ondauno.com.ar\/index.php\/2019\/11\/06\/mas-de-270-productos-de-pymes-locales-fueron-distinguidos-con-el-sello-de-buen-diseno\/","url":"https:\/\/ondauno.com.ar\/index.php\/2019\/11\/06\/mas-de-270-productos-de-pymes-locales-fueron-distinguidos-con-el-sello-de-buen-diseno\/","name":"M\u00e1s de 270 productos de PyMES locales fueron distinguidos con el Sello de Buen Dise\u00f1o - 103.9 fm","isPartOf":{"@id":"https:\/\/ondauno.com.ar\/#website"},"primaryImageOfPage":{"@id":"https:\/\/ondauno.com.ar\/index.php\/2019\/11\/06\/mas-de-270-productos-de-pymes-locales-fueron-distinguidos-con-el-sello-de-buen-diseno\/#primaryimage"},"image":{"@id":"https:\/\/ondauno.com.ar\/index.php\/2019\/11\/06\/mas-de-270-productos-de-pymes-locales-fueron-distinguidos-con-el-sello-de-buen-diseno\/#primaryimage"},"thumbnailUrl":"https:\/\/ondauno.com.ar\/wp-content\/uploads\/2019\/11\/Sello-de-Buen-Dise\u00f1o.jpeg","datePublished":"2019-11-06T13:03:31+00:00","dateModified":"2019-11-06T13:03:38+00:00","author":{"@id":"https:\/\/ondauno.com.ar\/#\/schema\/person\/201d1b68e6c75e0fd396fe5f8af5d139"},"breadcrumb":{"@id":"https:\/\/ondauno.com.ar\/index.php\/2019\/11\/06\/mas-de-270-productos-de-pymes-locales-fueron-distinguidos-con-el-sello-de-buen-diseno\/#breadcrumb"},"inLanguage":"es-AR","potentialAction":[{"@type":"ReadAction","target":["https:\/\/ondauno.com.ar\/index.php\/2019\/11\/06\/mas-de-270-productos-de-pymes-locales-fueron-distinguidos-con-el-sello-de-buen-diseno\/"]}]},{"@type":"ImageObject","inLanguage":"es-AR","@id":"https:\/\/ondauno.com.ar\/index.php\/2019\/11\/06\/mas-de-270-productos-de-pymes-locales-fueron-distinguidos-con-el-sello-de-buen-diseno\/#primaryimage","url":"https:\/\/ondauno.com.ar\/wp-content\/uploads\/2019\/11\/Sello-de-Buen-Dise\u00f1o.jpeg","contentUrl":"https:\/\/ondauno.com.ar\/wp-content\/uploads\/2019\/11\/Sello-de-Buen-Dise\u00f1o.jpeg","width":1280,"height":853},{"@type":"BreadcrumbList","@id":"https:\/\/ondauno.com.ar\/index.php\/2019\/11\/06\/mas-de-270-productos-de-pymes-locales-fueron-distinguidos-con-el-sello-de-buen-diseno\/#breadcrumb","itemListElement":[{"@type":"ListItem","position":1,"name":"Inicio","item":"https:\/\/ondauno.com.ar\/"},{"@type":"ListItem","position":2,"name":"M\u00e1s de 270 productos de PyMES locales fueron distinguidos con el Sello de Buen Dise\u00f1o"}]},{"@type":"WebSite","@id":"https:\/\/ondauno.com.ar\/#website","url":"https:\/\/ondauno.com.ar\/","name":"103.9 fm","description":"LA PRIMERA RADIO MULTIMEDIA DE TRES ARROYOS","potentialAction":[{"@type":"SearchAction","target":{"@type":"EntryPoint","urlTemplate":"https:\/\/ondauno.com.ar\/?s={search_term_string}"},"query-input":"required name=search_term_string"}],"inLanguage":"es-AR"},{"@type":"Person","@id":"https:\/\/ondauno.com.ar\/#\/schema\/person\/201d1b68e6c75e0fd396fe5f8af5d139","name":"fernando garcia","image":{"@type":"ImageObject","inLanguage":"es-AR","@id":"https:\/\/ondauno.com.ar\/#\/schema\/person\/image\/","url":"https:\/\/secure.gravatar.com\/avatar\/5f7254642ad81272e79a2e69653cfdfc?s=96&d=mm&r=g","contentUrl":"https:\/\/secure.gravatar.com\/avatar\/5f7254642ad81272e79a2e69653cfdfc?s=96&d=mm&r=g","caption":"fernando garcia"},"url":"https:\/\/ondauno.com.ar\/index.php\/author\/ondaunoeditor\/"}]}},"jetpack_publicize_connections":[],"jetpack_featured_media_url":"https:\/\/ondauno.com.ar\/wp-content\/uploads\/2019\/11\/Sello-de-Buen-Dise\u00f1o.jpeg","jetpack_sharing_enabled":true,"_links":{"self":[{"href":"https:\/\/ondauno.com.ar\/index.php\/wp-json\/wp\/v2\/posts\/1301","targetHints":{"allow":["GET"]}}],"collection":[{"href":"https:\/\/ondauno.com.ar\/index.php\/wp-json\/wp\/v2\/posts"}],"about":[{"href":"https:\/\/ondauno.com.ar\/index.php\/wp-json\/wp\/v2\/types\/post"}],"author":[{"embeddable":true,"href":"https:\/\/ondauno.com.ar\/index.php\/wp-json\/wp\/v2\/users\/2"}],"replies":[{"embeddable":true,"href":"https:\/\/ondauno.com.ar\/index.php\/wp-json\/wp\/v2\/comments?post=1301"}],"version-history":[{"count":0,"href":"https:\/\/ondauno.com.ar\/index.php\/wp-json\/wp\/v2\/posts\/1301\/revisions"}],"wp:featuredmedia":[{"embeddable":true,"href":"https:\/\/ondauno.com.ar\/index.php\/wp-json\/wp\/v2\/media\/1302"}],"wp:attachment":[{"href":"https:\/\/ondauno.com.ar\/index.php\/wp-json\/wp\/v2\/media?parent=1301"}],"wp:term":[{"taxonomy":"category","embeddable":true,"href":"https:\/\/ondauno.com.ar\/index.php\/wp-json\/wp\/v2\/categories?post=1301"},{"taxonomy":"post_tag","embeddable":true,"href":"https:\/\/ondauno.com.ar\/index.php\/wp-json\/wp\/v2\/tags?post=1301"}],"curies":[{"name":"wp","href":"https:\/\/api.w.org\/{rel}","templated":true}]}}