{"id":12687,"date":"2020-07-17T21:06:32","date_gmt":"2020-07-18T00:06:32","guid":{"rendered":"http:\/\/ondauno.com.ar\/?p=12687"},"modified":"2020-07-17T21:06:36","modified_gmt":"2020-07-18T00:06:36","slug":"operativo-control-covid-19-en-el-ingreso-a-claromeco-previo-al-dia-del-amigo-y-vacaciones-de-invierno","status":"publish","type":"post","link":"https:\/\/ondauno.com.ar\/index.php\/2020\/07\/17\/operativo-control-covid-19-en-el-ingreso-a-claromeco-previo-al-dia-del-amigo-y-vacaciones-de-invierno\/","title":{"rendered":"Operativo control Covid-19 en el ingreso a Claromec\u00f3 previo al d\u00eda del amigo y vacaciones de invierno"},"content":{"rendered":"<div class=\"ondau-before-content_3\" style=\"margin-top: -30px;\" id=\"ondau-2599088835\"><a href=\"https:\/\/www.lps.com.ar\/\" aria-label=\"la-perse2\"><img loading=\"lazy\" decoding=\"async\" src=\"https:\/\/ondauno.com.ar\/wp-content\/uploads\/2021\/10\/la-perse2.jpg\" alt=\"\"  srcset=\"https:\/\/ondauno.com.ar\/wp-content\/uploads\/2021\/10\/la-perse2.jpg 1353w, https:\/\/ondauno.com.ar\/wp-content\/uploads\/2021\/10\/la-perse2-300x43.jpg 300w, https:\/\/ondauno.com.ar\/wp-content\/uploads\/2021\/10\/la-perse2-1024x148.jpg 1024w, https:\/\/ondauno.com.ar\/wp-content\/uploads\/2021\/10\/la-perse2-768x111.jpg 768w, https:\/\/ondauno.com.ar\/wp-content\/uploads\/2021\/10\/la-perse2-696x100.jpg 696w, https:\/\/ondauno.com.ar\/wp-content\/uploads\/2021\/10\/la-perse2-1068x154.jpg 1068w\" sizes=\"(max-width: 1353px) 100vw, 1353px\" class=\"no-lazyload\" width=\"1353\" height=\"195\"  style=\"display: inline-block;\" \/><\/a><\/div>\n<p>En el marco de Operativos Policiales Covid- 19, que se desarrollan en Puesto Vial ubicado sobre Ruta Pcial. 73 ingreso a. Claromec\u00f3, en el d\u00eda de hoy se constat\u00f3 el ingreso de 50 veh\u00edculos, todos pertenecientes al Distrito de Tres Arroyos, sin visitantes de localidades no permitidas.<\/p>\n\n\n\n<figure class=\"wp-block-image\"><img loading=\"lazy\" decoding=\"async\" width=\"768\" height=\"1024\" data-src=\"http:\/\/ondauno.com.ar\/wp-content\/uploads\/2020\/07\/WhatsApp-Image-2020-07-17-at-19.50.46-768x1024.jpeg\" alt=\"\" class=\"wp-image-12689 lazyload\" data-srcset=\"https:\/\/ondauno.com.ar\/wp-content\/uploads\/2020\/07\/WhatsApp-Image-2020-07-17-at-19.50.46-768x1024.jpeg 768w, https:\/\/ondauno.com.ar\/wp-content\/uploads\/2020\/07\/WhatsApp-Image-2020-07-17-at-19.50.46-225x300.jpeg 225w, https:\/\/ondauno.com.ar\/wp-content\/uploads\/2020\/07\/WhatsApp-Image-2020-07-17-at-19.50.46-696x928.jpeg 696w, https:\/\/ondauno.com.ar\/wp-content\/uploads\/2020\/07\/WhatsApp-Image-2020-07-17-at-19.50.46-315x420.jpeg 315w, https:\/\/ondauno.com.ar\/wp-content\/uploads\/2020\/07\/WhatsApp-Image-2020-07-17-at-19.50.46.jpeg 774w\" data-sizes=\"auto, (max-width: 768px) 100vw, 768px\" src=\"data:image\/gif;base64,R0lGODlhAQABAAAAACH5BAEKAAEALAAAAAABAAEAAAICTAEAOw==\" style=\"--smush-placeholder-width: 768px; --smush-placeholder-aspect-ratio: 768\/1024;\" \/><noscript><img loading=\"lazy\" decoding=\"async\" width=\"768\" height=\"1024\" src=\"http:\/\/ondauno.com.ar\/wp-content\/uploads\/2020\/07\/WhatsApp-Image-2020-07-17-at-19.50.46-768x1024.jpeg\" alt=\"\" class=\"wp-image-12689\" srcset=\"https:\/\/ondauno.com.ar\/wp-content\/uploads\/2020\/07\/WhatsApp-Image-2020-07-17-at-19.50.46-768x1024.jpeg 768w, https:\/\/ondauno.com.ar\/wp-content\/uploads\/2020\/07\/WhatsApp-Image-2020-07-17-at-19.50.46-225x300.jpeg 225w, https:\/\/ondauno.com.ar\/wp-content\/uploads\/2020\/07\/WhatsApp-Image-2020-07-17-at-19.50.46-696x928.jpeg 696w, https:\/\/ondauno.com.ar\/wp-content\/uploads\/2020\/07\/WhatsApp-Image-2020-07-17-at-19.50.46-315x420.jpeg 315w, https:\/\/ondauno.com.ar\/wp-content\/uploads\/2020\/07\/WhatsApp-Image-2020-07-17-at-19.50.46.jpeg 774w\" sizes=\"auto, (max-width: 768px) 100vw, 768px\" \/><\/noscript><\/figure>\n\n\n\n<p><br> Dichos controles se intensificaron desde la tarde de hoy, procediendo a la identificaci\u00f3n total de visitantes. Dichos controles se efect\u00faan de manera preventiva, ante los posibles festejos del d\u00eda del AMIGO, con ingresos de j\u00f3venes de localidades vecinas, tendientes a evitar situaciones que no est\u00e9n contempladas en el Decreto Nacional 297\/2020. Asimismo ante el inicio de Vacaciones de Invierno, el personal policial volcar\u00e1 todos los medios log\u00edsticos y humanos a los fines de evitar el ingreso de personas de localidades con riesgo COVID-19.<\/p>\n\n\n\n<p><br> Con la colaboraci\u00f3n de la Delegaci\u00f3n Municipal Local y Secretar\u00eda de Seguridad de Tres Arroyos, aportando medios y personal, se llevar\u00e1n a cabo recorridas y controles preventivos tanto en el ingreso a la localidad, como en zona urbana de la localidad de Claromec\u00f3 <\/p>\n","protected":false},"excerpt":{"rendered":"<p>En el marco de Operativos Policiales Covid- 19, que se desarrollan en Puesto Vial ubicado sobre Ruta Pcial. 73 ingreso a. Claromec\u00f3, en el d\u00eda de hoy se constat\u00f3 el ingreso de 50 veh\u00edculos, todos pertenecientes al Distrito de Tres Arroyos, sin visitantes de localidades no permitidas. Dichos controles se intensificaron desde la tarde de [&hellip;]<\/p>\n","protected":false},"author":2,"featured_media":12688,"comment_status":"open","ping_status":"open","sticky":false,"template":"","format":"standard","meta":{"tdm_status":"","tdm_grid_status":"","_jetpack_memberships_contains_paid_content":false,"footnotes":"","jetpack_publicize_message":"","jetpack_publicize_feature_enabled":true,"jetpack_social_post_already_shared":false,"jetpack_social_options":{"image_generator_settings":{"template":"highway","default_image_id":0,"font":"","enabled":false},"version":2}},"categories":[35],"tags":[],"class_list":{"0":"post-12687","1":"post","2":"type-post","3":"status-publish","4":"format-standard","5":"has-post-thumbnail","7":"category-regionales"},"yoast_head":"<!-- This site is optimized with the Yoast SEO plugin v22.7 - https:\/\/yoast.com\/wordpress\/plugins\/seo\/ -->\n<title>Operativo control Covid-19 en el ingreso a Claromec\u00f3 previo al d\u00eda del amigo y vacaciones de invierno - 103.9 fm<\/title>\n<meta name=\"robots\" content=\"index, follow, max-snippet:-1, max-image-preview:large, max-video-preview:-1\" \/>\n<link rel=\"canonical\" href=\"https:\/\/ondauno.com.ar\/index.php\/2020\/07\/17\/operativo-control-covid-19-en-el-ingreso-a-claromeco-previo-al-dia-del-amigo-y-vacaciones-de-invierno\/\" \/>\n<meta property=\"og:locale\" content=\"es_ES\" \/>\n<meta property=\"og:type\" content=\"article\" \/>\n<meta property=\"og:title\" content=\"Operativo control Covid-19 en el ingreso a Claromec\u00f3 previo al d\u00eda del amigo y vacaciones de invierno - 103.9 fm\" \/>\n<meta property=\"og:description\" content=\"En el marco de Operativos Policiales Covid- 19, que se desarrollan en Puesto Vial ubicado sobre Ruta Pcial. 73 ingreso a. Claromec\u00f3, en el d\u00eda de hoy se constat\u00f3 el ingreso de 50 veh\u00edculos, todos pertenecientes al Distrito de Tres Arroyos, sin visitantes de localidades no permitidas. Dichos controles se intensificaron desde la tarde de [&hellip;]\" \/>\n<meta property=\"og:url\" content=\"https:\/\/ondauno.com.ar\/index.php\/2020\/07\/17\/operativo-control-covid-19-en-el-ingreso-a-claromeco-previo-al-dia-del-amigo-y-vacaciones-de-invierno\/\" \/>\n<meta property=\"og:site_name\" content=\"103.9 fm\" \/>\n<meta property=\"article:publisher\" content=\"https:\/\/www.facebook.com\/ondauno103.9\" \/>\n<meta property=\"article:published_time\" content=\"2020-07-18T00:06:32+00:00\" \/>\n<meta property=\"article:modified_time\" content=\"2020-07-18T00:06:36+00:00\" \/>\n<meta property=\"og:image\" content=\"https:\/\/ondauno.com.ar\/wp-content\/uploads\/2020\/07\/WhatsApp-Image-2020-07-17-at-19.50.46-1.jpeg\" \/>\n\t<meta property=\"og:image:width\" content=\"1032\" \/>\n\t<meta property=\"og:image:height\" content=\"774\" \/>\n\t<meta property=\"og:image:type\" content=\"image\/jpeg\" \/>\n<meta name=\"author\" content=\"fernando garcia\" \/>\n<meta name=\"twitter:card\" content=\"summary_large_image\" \/>\n<meta name=\"twitter:label1\" content=\"Escrito por\" \/>\n\t<meta name=\"twitter:data1\" content=\"fernando garcia\" \/>\n\t<meta name=\"twitter:label2\" content=\"Tiempo de lectura\" \/>\n\t<meta name=\"twitter:data2\" content=\"1 minuto\" \/>\n<script type=\"application\/ld+json\" class=\"yoast-schema-graph\">{\"@context\":\"https:\/\/schema.org\",\"@graph\":[{\"@type\":\"WebPage\",\"@id\":\"https:\/\/ondauno.com.ar\/index.php\/2020\/07\/17\/operativo-control-covid-19-en-el-ingreso-a-claromeco-previo-al-dia-del-amigo-y-vacaciones-de-invierno\/\",\"url\":\"https:\/\/ondauno.com.ar\/index.php\/2020\/07\/17\/operativo-control-covid-19-en-el-ingreso-a-claromeco-previo-al-dia-del-amigo-y-vacaciones-de-invierno\/\",\"name\":\"Operativo control Covid-19 en el ingreso a Claromec\u00f3 previo al d\u00eda del amigo y vacaciones de invierno - 103.9 fm\",\"isPartOf\":{\"@id\":\"https:\/\/ondauno.com.ar\/#website\"},\"primaryImageOfPage\":{\"@id\":\"https:\/\/ondauno.com.ar\/index.php\/2020\/07\/17\/operativo-control-covid-19-en-el-ingreso-a-claromeco-previo-al-dia-del-amigo-y-vacaciones-de-invierno\/#primaryimage\"},\"image\":{\"@id\":\"https:\/\/ondauno.com.ar\/index.php\/2020\/07\/17\/operativo-control-covid-19-en-el-ingreso-a-claromeco-previo-al-dia-del-amigo-y-vacaciones-de-invierno\/#primaryimage\"},\"thumbnailUrl\":\"https:\/\/ondauno.com.ar\/wp-content\/uploads\/2020\/07\/WhatsApp-Image-2020-07-17-at-19.50.46-1.jpeg\",\"datePublished\":\"2020-07-18T00:06:32+00:00\",\"dateModified\":\"2020-07-18T00:06:36+00:00\",\"author\":{\"@id\":\"https:\/\/ondauno.com.ar\/#\/schema\/person\/201d1b68e6c75e0fd396fe5f8af5d139\"},\"breadcrumb\":{\"@id\":\"https:\/\/ondauno.com.ar\/index.php\/2020\/07\/17\/operativo-control-covid-19-en-el-ingreso-a-claromeco-previo-al-dia-del-amigo-y-vacaciones-de-invierno\/#breadcrumb\"},\"inLanguage\":\"es-AR\",\"potentialAction\":[{\"@type\":\"ReadAction\",\"target\":[\"https:\/\/ondauno.com.ar\/index.php\/2020\/07\/17\/operativo-control-covid-19-en-el-ingreso-a-claromeco-previo-al-dia-del-amigo-y-vacaciones-de-invierno\/\"]}]},{\"@type\":\"ImageObject\",\"inLanguage\":\"es-AR\",\"@id\":\"https:\/\/ondauno.com.ar\/index.php\/2020\/07\/17\/operativo-control-covid-19-en-el-ingreso-a-claromeco-previo-al-dia-del-amigo-y-vacaciones-de-invierno\/#primaryimage\",\"url\":\"https:\/\/ondauno.com.ar\/wp-content\/uploads\/2020\/07\/WhatsApp-Image-2020-07-17-at-19.50.46-1.jpeg\",\"contentUrl\":\"https:\/\/ondauno.com.ar\/wp-content\/uploads\/2020\/07\/WhatsApp-Image-2020-07-17-at-19.50.46-1.jpeg\",\"width\":1032,\"height\":774},{\"@type\":\"BreadcrumbList\",\"@id\":\"https:\/\/ondauno.com.ar\/index.php\/2020\/07\/17\/operativo-control-covid-19-en-el-ingreso-a-claromeco-previo-al-dia-del-amigo-y-vacaciones-de-invierno\/#breadcrumb\",\"itemListElement\":[{\"@type\":\"ListItem\",\"position\":1,\"name\":\"Inicio\",\"item\":\"https:\/\/ondauno.com.ar\/\"},{\"@type\":\"ListItem\",\"position\":2,\"name\":\"Operativo control Covid-19 en el ingreso a Claromec\u00f3 previo al d\u00eda del amigo y vacaciones de invierno\"}]},{\"@type\":\"WebSite\",\"@id\":\"https:\/\/ondauno.com.ar\/#website\",\"url\":\"https:\/\/ondauno.com.ar\/\",\"name\":\"103.9 fm\",\"description\":\"LA PRIMERA RADIO MULTIMEDIA DE TRES ARROYOS\",\"potentialAction\":[{\"@type\":\"SearchAction\",\"target\":{\"@type\":\"EntryPoint\",\"urlTemplate\":\"https:\/\/ondauno.com.ar\/?s={search_term_string}\"},\"query-input\":\"required name=search_term_string\"}],\"inLanguage\":\"es-AR\"},{\"@type\":\"Person\",\"@id\":\"https:\/\/ondauno.com.ar\/#\/schema\/person\/201d1b68e6c75e0fd396fe5f8af5d139\",\"name\":\"fernando garcia\",\"image\":{\"@type\":\"ImageObject\",\"inLanguage\":\"es-AR\",\"@id\":\"https:\/\/ondauno.com.ar\/#\/schema\/person\/image\/\",\"url\":\"https:\/\/secure.gravatar.com\/avatar\/5f7254642ad81272e79a2e69653cfdfc?s=96&d=mm&r=g\",\"contentUrl\":\"https:\/\/secure.gravatar.com\/avatar\/5f7254642ad81272e79a2e69653cfdfc?s=96&d=mm&r=g\",\"caption\":\"fernando garcia\"},\"url\":\"https:\/\/ondauno.com.ar\/index.php\/author\/ondaunoeditor\/\"}]}<\/script>\n<!-- \/ Yoast SEO plugin. -->","yoast_head_json":{"title":"Operativo control Covid-19 en el ingreso a Claromec\u00f3 previo al d\u00eda del amigo y vacaciones de invierno - 103.9 fm","robots":{"index":"index","follow":"follow","max-snippet":"max-snippet:-1","max-image-preview":"max-image-preview:large","max-video-preview":"max-video-preview:-1"},"canonical":"https:\/\/ondauno.com.ar\/index.php\/2020\/07\/17\/operativo-control-covid-19-en-el-ingreso-a-claromeco-previo-al-dia-del-amigo-y-vacaciones-de-invierno\/","og_locale":"es_ES","og_type":"article","og_title":"Operativo control Covid-19 en el ingreso a Claromec\u00f3 previo al d\u00eda del amigo y vacaciones de invierno - 103.9 fm","og_description":"En el marco de Operativos Policiales Covid- 19, que se desarrollan en Puesto Vial ubicado sobre Ruta Pcial. 73 ingreso a. Claromec\u00f3, en el d\u00eda de hoy se constat\u00f3 el ingreso de 50 veh\u00edculos, todos pertenecientes al Distrito de Tres Arroyos, sin visitantes de localidades no permitidas. Dichos controles se intensificaron desde la tarde de [&hellip;]","og_url":"https:\/\/ondauno.com.ar\/index.php\/2020\/07\/17\/operativo-control-covid-19-en-el-ingreso-a-claromeco-previo-al-dia-del-amigo-y-vacaciones-de-invierno\/","og_site_name":"103.9 fm","article_publisher":"https:\/\/www.facebook.com\/ondauno103.9","article_published_time":"2020-07-18T00:06:32+00:00","article_modified_time":"2020-07-18T00:06:36+00:00","og_image":[{"width":1032,"height":774,"url":"https:\/\/ondauno.com.ar\/wp-content\/uploads\/2020\/07\/WhatsApp-Image-2020-07-17-at-19.50.46-1.jpeg","type":"image\/jpeg"}],"author":"fernando garcia","twitter_card":"summary_large_image","twitter_misc":{"Escrito por":"fernando garcia","Tiempo de lectura":"1 minuto"},"schema":{"@context":"https:\/\/schema.org","@graph":[{"@type":"WebPage","@id":"https:\/\/ondauno.com.ar\/index.php\/2020\/07\/17\/operativo-control-covid-19-en-el-ingreso-a-claromeco-previo-al-dia-del-amigo-y-vacaciones-de-invierno\/","url":"https:\/\/ondauno.com.ar\/index.php\/2020\/07\/17\/operativo-control-covid-19-en-el-ingreso-a-claromeco-previo-al-dia-del-amigo-y-vacaciones-de-invierno\/","name":"Operativo control Covid-19 en el ingreso a Claromec\u00f3 previo al d\u00eda del amigo y vacaciones de invierno - 103.9 fm","isPartOf":{"@id":"https:\/\/ondauno.com.ar\/#website"},"primaryImageOfPage":{"@id":"https:\/\/ondauno.com.ar\/index.php\/2020\/07\/17\/operativo-control-covid-19-en-el-ingreso-a-claromeco-previo-al-dia-del-amigo-y-vacaciones-de-invierno\/#primaryimage"},"image":{"@id":"https:\/\/ondauno.com.ar\/index.php\/2020\/07\/17\/operativo-control-covid-19-en-el-ingreso-a-claromeco-previo-al-dia-del-amigo-y-vacaciones-de-invierno\/#primaryimage"},"thumbnailUrl":"https:\/\/ondauno.com.ar\/wp-content\/uploads\/2020\/07\/WhatsApp-Image-2020-07-17-at-19.50.46-1.jpeg","datePublished":"2020-07-18T00:06:32+00:00","dateModified":"2020-07-18T00:06:36+00:00","author":{"@id":"https:\/\/ondauno.com.ar\/#\/schema\/person\/201d1b68e6c75e0fd396fe5f8af5d139"},"breadcrumb":{"@id":"https:\/\/ondauno.com.ar\/index.php\/2020\/07\/17\/operativo-control-covid-19-en-el-ingreso-a-claromeco-previo-al-dia-del-amigo-y-vacaciones-de-invierno\/#breadcrumb"},"inLanguage":"es-AR","potentialAction":[{"@type":"ReadAction","target":["https:\/\/ondauno.com.ar\/index.php\/2020\/07\/17\/operativo-control-covid-19-en-el-ingreso-a-claromeco-previo-al-dia-del-amigo-y-vacaciones-de-invierno\/"]}]},{"@type":"ImageObject","inLanguage":"es-AR","@id":"https:\/\/ondauno.com.ar\/index.php\/2020\/07\/17\/operativo-control-covid-19-en-el-ingreso-a-claromeco-previo-al-dia-del-amigo-y-vacaciones-de-invierno\/#primaryimage","url":"https:\/\/ondauno.com.ar\/wp-content\/uploads\/2020\/07\/WhatsApp-Image-2020-07-17-at-19.50.46-1.jpeg","contentUrl":"https:\/\/ondauno.com.ar\/wp-content\/uploads\/2020\/07\/WhatsApp-Image-2020-07-17-at-19.50.46-1.jpeg","width":1032,"height":774},{"@type":"BreadcrumbList","@id":"https:\/\/ondauno.com.ar\/index.php\/2020\/07\/17\/operativo-control-covid-19-en-el-ingreso-a-claromeco-previo-al-dia-del-amigo-y-vacaciones-de-invierno\/#breadcrumb","itemListElement":[{"@type":"ListItem","position":1,"name":"Inicio","item":"https:\/\/ondauno.com.ar\/"},{"@type":"ListItem","position":2,"name":"Operativo control Covid-19 en el ingreso a Claromec\u00f3 previo al d\u00eda del amigo y vacaciones de invierno"}]},{"@type":"WebSite","@id":"https:\/\/ondauno.com.ar\/#website","url":"https:\/\/ondauno.com.ar\/","name":"103.9 fm","description":"LA PRIMERA RADIO MULTIMEDIA DE TRES ARROYOS","potentialAction":[{"@type":"SearchAction","target":{"@type":"EntryPoint","urlTemplate":"https:\/\/ondauno.com.ar\/?s={search_term_string}"},"query-input":"required name=search_term_string"}],"inLanguage":"es-AR"},{"@type":"Person","@id":"https:\/\/ondauno.com.ar\/#\/schema\/person\/201d1b68e6c75e0fd396fe5f8af5d139","name":"fernando garcia","image":{"@type":"ImageObject","inLanguage":"es-AR","@id":"https:\/\/ondauno.com.ar\/#\/schema\/person\/image\/","url":"https:\/\/secure.gravatar.com\/avatar\/5f7254642ad81272e79a2e69653cfdfc?s=96&d=mm&r=g","contentUrl":"https:\/\/secure.gravatar.com\/avatar\/5f7254642ad81272e79a2e69653cfdfc?s=96&d=mm&r=g","caption":"fernando garcia"},"url":"https:\/\/ondauno.com.ar\/index.php\/author\/ondaunoeditor\/"}]}},"jetpack_publicize_connections":[],"jetpack_featured_media_url":"https:\/\/ondauno.com.ar\/wp-content\/uploads\/2020\/07\/WhatsApp-Image-2020-07-17-at-19.50.46-1.jpeg","jetpack_sharing_enabled":true,"_links":{"self":[{"href":"https:\/\/ondauno.com.ar\/index.php\/wp-json\/wp\/v2\/posts\/12687","targetHints":{"allow":["GET"]}}],"collection":[{"href":"https:\/\/ondauno.com.ar\/index.php\/wp-json\/wp\/v2\/posts"}],"about":[{"href":"https:\/\/ondauno.com.ar\/index.php\/wp-json\/wp\/v2\/types\/post"}],"author":[{"embeddable":true,"href":"https:\/\/ondauno.com.ar\/index.php\/wp-json\/wp\/v2\/users\/2"}],"replies":[{"embeddable":true,"href":"https:\/\/ondauno.com.ar\/index.php\/wp-json\/wp\/v2\/comments?post=12687"}],"version-history":[{"count":0,"href":"https:\/\/ondauno.com.ar\/index.php\/wp-json\/wp\/v2\/posts\/12687\/revisions"}],"wp:featuredmedia":[{"embeddable":true,"href":"https:\/\/ondauno.com.ar\/index.php\/wp-json\/wp\/v2\/media\/12688"}],"wp:attachment":[{"href":"https:\/\/ondauno.com.ar\/index.php\/wp-json\/wp\/v2\/media?parent=12687"}],"wp:term":[{"taxonomy":"category","embeddable":true,"href":"https:\/\/ondauno.com.ar\/index.php\/wp-json\/wp\/v2\/categories?post=12687"},{"taxonomy":"post_tag","embeddable":true,"href":"https:\/\/ondauno.com.ar\/index.php\/wp-json\/wp\/v2\/tags?post=12687"}],"curies":[{"name":"wp","href":"https:\/\/api.w.org\/{rel}","templated":true}]}}