{"id":12664,"date":"2020-07-17T12:11:22","date_gmt":"2020-07-17T15:11:22","guid":{"rendered":"http:\/\/ondauno.com.ar\/?p=12664"},"modified":"2020-07-17T13:10:46","modified_gmt":"2020-07-17T16:10:46","slug":"el-intendente-sanchez-vive-de-la-politica-hace-anos-no-para-la-politica","status":"publish","type":"post","link":"https:\/\/ondauno.com.ar\/index.php\/2020\/07\/17\/el-intendente-sanchez-vive-de-la-politica-hace-anos-no-para-la-politica\/","title":{"rendered":"&#8220;El intendente S\u00e1nchez vive de la pol\u00edtica hace a\u00f1os, no para la pol\u00edtica&#8221;"},"content":{"rendered":"<div class=\"ondau-before-content_3\" style=\"margin-top: -30px;\" id=\"ondau-821413430\"><a href=\"https:\/\/www.lps.com.ar\/\" aria-label=\"la-perse2\"><img loading=\"lazy\" decoding=\"async\" src=\"https:\/\/ondauno.com.ar\/wp-content\/uploads\/2021\/10\/la-perse2.jpg\" alt=\"\"  srcset=\"https:\/\/ondauno.com.ar\/wp-content\/uploads\/2021\/10\/la-perse2.jpg 1353w, https:\/\/ondauno.com.ar\/wp-content\/uploads\/2021\/10\/la-perse2-300x43.jpg 300w, https:\/\/ondauno.com.ar\/wp-content\/uploads\/2021\/10\/la-perse2-1024x148.jpg 1024w, https:\/\/ondauno.com.ar\/wp-content\/uploads\/2021\/10\/la-perse2-768x111.jpg 768w, https:\/\/ondauno.com.ar\/wp-content\/uploads\/2021\/10\/la-perse2-696x100.jpg 696w, https:\/\/ondauno.com.ar\/wp-content\/uploads\/2021\/10\/la-perse2-1068x154.jpg 1068w\" sizes=\"(max-width: 1353px) 100vw, 1353px\" class=\"no-lazyload\" width=\"1353\" height=\"195\"  style=\"display: inline-block;\" \/><\/a><\/div>\n<p>El ahora ex presidente del Centro de Jubilados de Tres Arroyos, Roque Di Rocco habl\u00f3 en Cosas que Pasan de los motivos por los que solicit\u00f3 la Banca 19.<\/p>\n\n\n\n<p>Mencion\u00f3 que estuvo muchas horas esperando que el intendente municipal lo atendiera y como eso no ocurri\u00f3, solicit\u00f3 la participaci\u00f3n en el Concejo.<\/p>\n\n\n\n<p>&#8220;La negaci\u00f3n del intendente a recibirme fue lo que motiv\u00f3 el pedido porque quer\u00eda solicitar que habilitara la pedicura para que los adultos mayores no tuvieran que andar por todos lados pagando lo que no tienen para hacer este tratamiento que lo tienen gratis en el Centro&#8221;.<\/p>\n\n\n\n<p>&#8220;Hay que cuidar a las personas mayore, cuidarlos y atenderlos porque han hecho mucho por Tres Arroyos, hac\u00eda un mes y medio que iba a pedir hablar con S\u00e1nchez, hubo un d\u00eda que me hicieron esperar una hora y media&#8221;.<\/p>\n\n\n\n<p>&#8220;Voy a iniciarle un juicio por discriminaci\u00f3n, abuso de poder y abandono de persona, por eso renuncio al Centro de Jubilados para hacer las cosas de forma personal&#8221;.<\/p>\n\n\n\n<p>&#8220;El intendente hace m\u00e1s de veinte a\u00f1os que est\u00e1, si no me atiende tendr\u00e1 que decirme en la calle de hombre a hombre qu\u00e9 problema tiene conmigo. Es un hombre que vivi\u00f3 de la pol\u00edtica no para la pol\u00edtica&#8221;.<\/p>\n\n\n\n<p>&#8220;Los viejos no tienen otro lugar donde se los atienda tambi\u00e9n como en el Centro y no puede ser que nos tengan degradados o seamos material de descarte los viejos&#8221;.<\/p>\n\n\n\n<figure class=\"wp-block-embed-facebook wp-block-embed is-type-video is-provider-facebook\"><div class=\"wp-block-embed__wrapper\">\n<div class=\"fb-video\" data-allowfullscreen=\"true\" data-href=\"https:\/\/www.facebook.com\/ondauno103.9\/videos\/895761790930607\" style=\"background-color: #fff; display: inline-block;\"><\/div>\n<\/div><\/figure>\n\n\n\n<p><\/p>\n\n\n\n<figure class=\"wp-block-embed-facebook wp-block-embed is-type-video is-provider-facebook\"><div class=\"wp-block-embed__wrapper\">\n<div class=\"fb-video\" data-allowfullscreen=\"true\" data-href=\"https:\/\/www.facebook.com\/ondauno103.9\/videos\/895761790930607\" style=\"background-color: #fff; display: inline-block;\"><\/div>\n<\/div><\/figure>\n","protected":false},"excerpt":{"rendered":"<p>El ahora ex presidente del Centro de Jubilados de Tres Arroyos, Roque Di Rocco habl\u00f3 en Cosas que Pasan de los motivos por los que solicit\u00f3 la Banca 19. Mencion\u00f3 que estuvo muchas horas esperando que el intendente municipal lo atendiera y como eso no ocurri\u00f3, solicit\u00f3 la participaci\u00f3n en el Concejo. &#8220;La negaci\u00f3n del [&hellip;]<\/p>\n","protected":false},"author":2,"featured_media":12662,"comment_status":"open","ping_status":"open","sticky":false,"template":"","format":"standard","meta":{"tdm_status":"","tdm_grid_status":"","_jetpack_memberships_contains_paid_content":false,"footnotes":"","jetpack_publicize_message":"","jetpack_publicize_feature_enabled":true,"jetpack_social_post_already_shared":false,"jetpack_social_options":{"image_generator_settings":{"template":"highway","default_image_id":0,"font":"","enabled":false},"version":2}},"categories":[2],"tags":[],"class_list":{"0":"post-12664","1":"post","2":"type-post","3":"status-publish","4":"format-standard","5":"has-post-thumbnail","7":"category-locales"},"yoast_head":"<!-- This site is optimized with the Yoast SEO plugin v22.7 - https:\/\/yoast.com\/wordpress\/plugins\/seo\/ -->\n<title>&quot;El intendente S\u00e1nchez vive de la pol\u00edtica hace a\u00f1os, no para la pol\u00edtica&quot; - 103.9 fm<\/title>\n<meta name=\"robots\" content=\"index, follow, max-snippet:-1, max-image-preview:large, max-video-preview:-1\" \/>\n<link rel=\"canonical\" href=\"https:\/\/ondauno.com.ar\/index.php\/2020\/07\/17\/el-intendente-sanchez-vive-de-la-politica-hace-anos-no-para-la-politica\/\" \/>\n<meta property=\"og:locale\" content=\"es_ES\" \/>\n<meta property=\"og:type\" content=\"article\" \/>\n<meta property=\"og:title\" content=\"&quot;El intendente S\u00e1nchez vive de la pol\u00edtica hace a\u00f1os, no para la pol\u00edtica&quot; - 103.9 fm\" \/>\n<meta property=\"og:description\" content=\"El ahora ex presidente del Centro de Jubilados de Tres Arroyos, Roque Di Rocco habl\u00f3 en Cosas que Pasan de los motivos por los que solicit\u00f3 la Banca 19. Mencion\u00f3 que estuvo muchas horas esperando que el intendente municipal lo atendiera y como eso no ocurri\u00f3, solicit\u00f3 la participaci\u00f3n en el Concejo. &#8220;La negaci\u00f3n del [&hellip;]\" \/>\n<meta property=\"og:url\" content=\"https:\/\/ondauno.com.ar\/index.php\/2020\/07\/17\/el-intendente-sanchez-vive-de-la-politica-hace-anos-no-para-la-politica\/\" \/>\n<meta property=\"og:site_name\" content=\"103.9 fm\" \/>\n<meta property=\"article:publisher\" content=\"https:\/\/www.facebook.com\/ondauno103.9\" \/>\n<meta property=\"article:published_time\" content=\"2020-07-17T15:11:22+00:00\" \/>\n<meta property=\"article:modified_time\" content=\"2020-07-17T16:10:46+00:00\" \/>\n<meta property=\"og:image\" content=\"https:\/\/ondauno.com.ar\/wp-content\/uploads\/2020\/07\/WhatsApp-Image-2020-07-17-at-11.40.38.jpeg\" \/>\n\t<meta property=\"og:image:width\" content=\"1280\" \/>\n\t<meta property=\"og:image:height\" content=\"853\" \/>\n\t<meta property=\"og:image:type\" content=\"image\/jpeg\" \/>\n<meta name=\"author\" content=\"fernando garcia\" \/>\n<meta name=\"twitter:card\" content=\"summary_large_image\" \/>\n<meta name=\"twitter:label1\" content=\"Escrito por\" \/>\n\t<meta name=\"twitter:data1\" content=\"fernando garcia\" \/>\n\t<meta name=\"twitter:label2\" content=\"Tiempo de lectura\" \/>\n\t<meta name=\"twitter:data2\" content=\"1 minuto\" \/>\n<script type=\"application\/ld+json\" class=\"yoast-schema-graph\">{\"@context\":\"https:\/\/schema.org\",\"@graph\":[{\"@type\":\"WebPage\",\"@id\":\"https:\/\/ondauno.com.ar\/index.php\/2020\/07\/17\/el-intendente-sanchez-vive-de-la-politica-hace-anos-no-para-la-politica\/\",\"url\":\"https:\/\/ondauno.com.ar\/index.php\/2020\/07\/17\/el-intendente-sanchez-vive-de-la-politica-hace-anos-no-para-la-politica\/\",\"name\":\"\\\"El intendente S\u00e1nchez vive de la pol\u00edtica hace a\u00f1os, no para la pol\u00edtica\\\" - 103.9 fm\",\"isPartOf\":{\"@id\":\"https:\/\/ondauno.com.ar\/#website\"},\"primaryImageOfPage\":{\"@id\":\"https:\/\/ondauno.com.ar\/index.php\/2020\/07\/17\/el-intendente-sanchez-vive-de-la-politica-hace-anos-no-para-la-politica\/#primaryimage\"},\"image\":{\"@id\":\"https:\/\/ondauno.com.ar\/index.php\/2020\/07\/17\/el-intendente-sanchez-vive-de-la-politica-hace-anos-no-para-la-politica\/#primaryimage\"},\"thumbnailUrl\":\"https:\/\/ondauno.com.ar\/wp-content\/uploads\/2020\/07\/WhatsApp-Image-2020-07-17-at-11.40.38.jpeg\",\"datePublished\":\"2020-07-17T15:11:22+00:00\",\"dateModified\":\"2020-07-17T16:10:46+00:00\",\"author\":{\"@id\":\"https:\/\/ondauno.com.ar\/#\/schema\/person\/201d1b68e6c75e0fd396fe5f8af5d139\"},\"breadcrumb\":{\"@id\":\"https:\/\/ondauno.com.ar\/index.php\/2020\/07\/17\/el-intendente-sanchez-vive-de-la-politica-hace-anos-no-para-la-politica\/#breadcrumb\"},\"inLanguage\":\"es-AR\",\"potentialAction\":[{\"@type\":\"ReadAction\",\"target\":[\"https:\/\/ondauno.com.ar\/index.php\/2020\/07\/17\/el-intendente-sanchez-vive-de-la-politica-hace-anos-no-para-la-politica\/\"]}]},{\"@type\":\"ImageObject\",\"inLanguage\":\"es-AR\",\"@id\":\"https:\/\/ondauno.com.ar\/index.php\/2020\/07\/17\/el-intendente-sanchez-vive-de-la-politica-hace-anos-no-para-la-politica\/#primaryimage\",\"url\":\"https:\/\/ondauno.com.ar\/wp-content\/uploads\/2020\/07\/WhatsApp-Image-2020-07-17-at-11.40.38.jpeg\",\"contentUrl\":\"https:\/\/ondauno.com.ar\/wp-content\/uploads\/2020\/07\/WhatsApp-Image-2020-07-17-at-11.40.38.jpeg\",\"width\":1280,\"height\":853},{\"@type\":\"BreadcrumbList\",\"@id\":\"https:\/\/ondauno.com.ar\/index.php\/2020\/07\/17\/el-intendente-sanchez-vive-de-la-politica-hace-anos-no-para-la-politica\/#breadcrumb\",\"itemListElement\":[{\"@type\":\"ListItem\",\"position\":1,\"name\":\"Inicio\",\"item\":\"https:\/\/ondauno.com.ar\/\"},{\"@type\":\"ListItem\",\"position\":2,\"name\":\"&#8220;El intendente S\u00e1nchez vive de la pol\u00edtica hace a\u00f1os, no para la pol\u00edtica&#8221;\"}]},{\"@type\":\"WebSite\",\"@id\":\"https:\/\/ondauno.com.ar\/#website\",\"url\":\"https:\/\/ondauno.com.ar\/\",\"name\":\"103.9 fm\",\"description\":\"LA PRIMERA RADIO MULTIMEDIA DE TRES ARROYOS\",\"potentialAction\":[{\"@type\":\"SearchAction\",\"target\":{\"@type\":\"EntryPoint\",\"urlTemplate\":\"https:\/\/ondauno.com.ar\/?s={search_term_string}\"},\"query-input\":\"required name=search_term_string\"}],\"inLanguage\":\"es-AR\"},{\"@type\":\"Person\",\"@id\":\"https:\/\/ondauno.com.ar\/#\/schema\/person\/201d1b68e6c75e0fd396fe5f8af5d139\",\"name\":\"fernando garcia\",\"image\":{\"@type\":\"ImageObject\",\"inLanguage\":\"es-AR\",\"@id\":\"https:\/\/ondauno.com.ar\/#\/schema\/person\/image\/\",\"url\":\"https:\/\/secure.gravatar.com\/avatar\/5f7254642ad81272e79a2e69653cfdfc?s=96&d=mm&r=g\",\"contentUrl\":\"https:\/\/secure.gravatar.com\/avatar\/5f7254642ad81272e79a2e69653cfdfc?s=96&d=mm&r=g\",\"caption\":\"fernando garcia\"},\"url\":\"https:\/\/ondauno.com.ar\/index.php\/author\/ondaunoeditor\/\"}]}<\/script>\n<!-- \/ Yoast SEO plugin. -->","yoast_head_json":{"title":"\"El intendente S\u00e1nchez vive de la pol\u00edtica hace a\u00f1os, no para la pol\u00edtica\" - 103.9 fm","robots":{"index":"index","follow":"follow","max-snippet":"max-snippet:-1","max-image-preview":"max-image-preview:large","max-video-preview":"max-video-preview:-1"},"canonical":"https:\/\/ondauno.com.ar\/index.php\/2020\/07\/17\/el-intendente-sanchez-vive-de-la-politica-hace-anos-no-para-la-politica\/","og_locale":"es_ES","og_type":"article","og_title":"\"El intendente S\u00e1nchez vive de la pol\u00edtica hace a\u00f1os, no para la pol\u00edtica\" - 103.9 fm","og_description":"El ahora ex presidente del Centro de Jubilados de Tres Arroyos, Roque Di Rocco habl\u00f3 en Cosas que Pasan de los motivos por los que solicit\u00f3 la Banca 19. Mencion\u00f3 que estuvo muchas horas esperando que el intendente municipal lo atendiera y como eso no ocurri\u00f3, solicit\u00f3 la participaci\u00f3n en el Concejo. &#8220;La negaci\u00f3n del [&hellip;]","og_url":"https:\/\/ondauno.com.ar\/index.php\/2020\/07\/17\/el-intendente-sanchez-vive-de-la-politica-hace-anos-no-para-la-politica\/","og_site_name":"103.9 fm","article_publisher":"https:\/\/www.facebook.com\/ondauno103.9","article_published_time":"2020-07-17T15:11:22+00:00","article_modified_time":"2020-07-17T16:10:46+00:00","og_image":[{"width":1280,"height":853,"url":"https:\/\/ondauno.com.ar\/wp-content\/uploads\/2020\/07\/WhatsApp-Image-2020-07-17-at-11.40.38.jpeg","type":"image\/jpeg"}],"author":"fernando garcia","twitter_card":"summary_large_image","twitter_misc":{"Escrito por":"fernando garcia","Tiempo de lectura":"1 minuto"},"schema":{"@context":"https:\/\/schema.org","@graph":[{"@type":"WebPage","@id":"https:\/\/ondauno.com.ar\/index.php\/2020\/07\/17\/el-intendente-sanchez-vive-de-la-politica-hace-anos-no-para-la-politica\/","url":"https:\/\/ondauno.com.ar\/index.php\/2020\/07\/17\/el-intendente-sanchez-vive-de-la-politica-hace-anos-no-para-la-politica\/","name":"\"El intendente S\u00e1nchez vive de la pol\u00edtica hace a\u00f1os, no para la pol\u00edtica\" - 103.9 fm","isPartOf":{"@id":"https:\/\/ondauno.com.ar\/#website"},"primaryImageOfPage":{"@id":"https:\/\/ondauno.com.ar\/index.php\/2020\/07\/17\/el-intendente-sanchez-vive-de-la-politica-hace-anos-no-para-la-politica\/#primaryimage"},"image":{"@id":"https:\/\/ondauno.com.ar\/index.php\/2020\/07\/17\/el-intendente-sanchez-vive-de-la-politica-hace-anos-no-para-la-politica\/#primaryimage"},"thumbnailUrl":"https:\/\/ondauno.com.ar\/wp-content\/uploads\/2020\/07\/WhatsApp-Image-2020-07-17-at-11.40.38.jpeg","datePublished":"2020-07-17T15:11:22+00:00","dateModified":"2020-07-17T16:10:46+00:00","author":{"@id":"https:\/\/ondauno.com.ar\/#\/schema\/person\/201d1b68e6c75e0fd396fe5f8af5d139"},"breadcrumb":{"@id":"https:\/\/ondauno.com.ar\/index.php\/2020\/07\/17\/el-intendente-sanchez-vive-de-la-politica-hace-anos-no-para-la-politica\/#breadcrumb"},"inLanguage":"es-AR","potentialAction":[{"@type":"ReadAction","target":["https:\/\/ondauno.com.ar\/index.php\/2020\/07\/17\/el-intendente-sanchez-vive-de-la-politica-hace-anos-no-para-la-politica\/"]}]},{"@type":"ImageObject","inLanguage":"es-AR","@id":"https:\/\/ondauno.com.ar\/index.php\/2020\/07\/17\/el-intendente-sanchez-vive-de-la-politica-hace-anos-no-para-la-politica\/#primaryimage","url":"https:\/\/ondauno.com.ar\/wp-content\/uploads\/2020\/07\/WhatsApp-Image-2020-07-17-at-11.40.38.jpeg","contentUrl":"https:\/\/ondauno.com.ar\/wp-content\/uploads\/2020\/07\/WhatsApp-Image-2020-07-17-at-11.40.38.jpeg","width":1280,"height":853},{"@type":"BreadcrumbList","@id":"https:\/\/ondauno.com.ar\/index.php\/2020\/07\/17\/el-intendente-sanchez-vive-de-la-politica-hace-anos-no-para-la-politica\/#breadcrumb","itemListElement":[{"@type":"ListItem","position":1,"name":"Inicio","item":"https:\/\/ondauno.com.ar\/"},{"@type":"ListItem","position":2,"name":"&#8220;El intendente S\u00e1nchez vive de la pol\u00edtica hace a\u00f1os, no para la pol\u00edtica&#8221;"}]},{"@type":"WebSite","@id":"https:\/\/ondauno.com.ar\/#website","url":"https:\/\/ondauno.com.ar\/","name":"103.9 fm","description":"LA PRIMERA RADIO MULTIMEDIA DE TRES ARROYOS","potentialAction":[{"@type":"SearchAction","target":{"@type":"EntryPoint","urlTemplate":"https:\/\/ondauno.com.ar\/?s={search_term_string}"},"query-input":"required name=search_term_string"}],"inLanguage":"es-AR"},{"@type":"Person","@id":"https:\/\/ondauno.com.ar\/#\/schema\/person\/201d1b68e6c75e0fd396fe5f8af5d139","name":"fernando garcia","image":{"@type":"ImageObject","inLanguage":"es-AR","@id":"https:\/\/ondauno.com.ar\/#\/schema\/person\/image\/","url":"https:\/\/secure.gravatar.com\/avatar\/5f7254642ad81272e79a2e69653cfdfc?s=96&d=mm&r=g","contentUrl":"https:\/\/secure.gravatar.com\/avatar\/5f7254642ad81272e79a2e69653cfdfc?s=96&d=mm&r=g","caption":"fernando garcia"},"url":"https:\/\/ondauno.com.ar\/index.php\/author\/ondaunoeditor\/"}]}},"jetpack_publicize_connections":[],"jetpack_featured_media_url":"https:\/\/ondauno.com.ar\/wp-content\/uploads\/2020\/07\/WhatsApp-Image-2020-07-17-at-11.40.38.jpeg","jetpack_sharing_enabled":true,"_links":{"self":[{"href":"https:\/\/ondauno.com.ar\/index.php\/wp-json\/wp\/v2\/posts\/12664","targetHints":{"allow":["GET"]}}],"collection":[{"href":"https:\/\/ondauno.com.ar\/index.php\/wp-json\/wp\/v2\/posts"}],"about":[{"href":"https:\/\/ondauno.com.ar\/index.php\/wp-json\/wp\/v2\/types\/post"}],"author":[{"embeddable":true,"href":"https:\/\/ondauno.com.ar\/index.php\/wp-json\/wp\/v2\/users\/2"}],"replies":[{"embeddable":true,"href":"https:\/\/ondauno.com.ar\/index.php\/wp-json\/wp\/v2\/comments?post=12664"}],"version-history":[{"count":0,"href":"https:\/\/ondauno.com.ar\/index.php\/wp-json\/wp\/v2\/posts\/12664\/revisions"}],"wp:featuredmedia":[{"embeddable":true,"href":"https:\/\/ondauno.com.ar\/index.php\/wp-json\/wp\/v2\/media\/12662"}],"wp:attachment":[{"href":"https:\/\/ondauno.com.ar\/index.php\/wp-json\/wp\/v2\/media?parent=12664"}],"wp:term":[{"taxonomy":"category","embeddable":true,"href":"https:\/\/ondauno.com.ar\/index.php\/wp-json\/wp\/v2\/categories?post=12664"},{"taxonomy":"post_tag","embeddable":true,"href":"https:\/\/ondauno.com.ar\/index.php\/wp-json\/wp\/v2\/tags?post=12664"}],"curies":[{"name":"wp","href":"https:\/\/api.w.org\/{rel}","templated":true}]}}