{"id":12462,"date":"2020-07-13T17:46:28","date_gmt":"2020-07-13T20:46:28","guid":{"rendered":"http:\/\/ondauno.com.ar\/?p=12462"},"modified":"2020-07-13T19:18:16","modified_gmt":"2020-07-13T22:18:16","slug":"protocolo-para-el-avistaje-de-la-ballena-franca","status":"publish","type":"post","link":"https:\/\/ondauno.com.ar\/index.php\/2020\/07\/13\/protocolo-para-el-avistaje-de-la-ballena-franca\/","title":{"rendered":"Protocolo para el avistaje de la ballena franca"},"content":{"rendered":"<div class=\"ondau-before-content_3\" style=\"margin-top: -30px;\" id=\"ondau-4183274588\"><a href=\"https:\/\/www.lps.com.ar\/\" aria-label=\"la-perse2\"><img loading=\"lazy\" decoding=\"async\" src=\"https:\/\/ondauno.com.ar\/wp-content\/uploads\/2021\/10\/la-perse2.jpg\" alt=\"\"  srcset=\"https:\/\/ondauno.com.ar\/wp-content\/uploads\/2021\/10\/la-perse2.jpg 1353w, https:\/\/ondauno.com.ar\/wp-content\/uploads\/2021\/10\/la-perse2-300x43.jpg 300w, https:\/\/ondauno.com.ar\/wp-content\/uploads\/2021\/10\/la-perse2-1024x148.jpg 1024w, https:\/\/ondauno.com.ar\/wp-content\/uploads\/2021\/10\/la-perse2-768x111.jpg 768w, https:\/\/ondauno.com.ar\/wp-content\/uploads\/2021\/10\/la-perse2-696x100.jpg 696w, https:\/\/ondauno.com.ar\/wp-content\/uploads\/2021\/10\/la-perse2-1068x154.jpg 1068w\" sizes=\"(max-width: 1353px) 100vw, 1353px\" class=\"no-lazyload\" width=\"1353\" height=\"195\"  style=\"display: inline-block;\" \/><\/a><\/div>\n<p>Gisela Giardino doctora en ciencias biol\u00f3gicas, investigadora y docente del CONICET, estuvo en Cosas que Pasan y habl\u00f3 de las ballenas francas.<\/p>\n\n\n\n<p>La doctora explic\u00f3 en di\u00e1logo con Fernando Catalano que &#8220;hace tres a\u00f1os se conform\u00f3 en Mar del Plata la Mesa de Trabajo de Ballena Franca. A partir del acercamiento de la gente y las embarcaciones ante la aparici\u00f3n de ballenas francas en la costa, distintas instituciones conformaron esta mesa intersectorial con el fin de pensar una regulaci\u00f3n que hable de las precauciones que hay que tener frente a un animal tan grande-puede tener 17 metros-y si salta y cae encima de embarcaciones o personas hay que estar atentos a estos tipos de accidentes que est\u00e1n documentados&#8221;.<\/p>\n\n\n\n<p>&#8220;Se elabor\u00f3 un protocolo que determina que m\u00ednimo tiene que estar quien se acerque a la ballena franca un m\u00ednimo de 50 metros de distancia&#8221;.<\/p>\n\n\n\n<figure class=\"wp-block-image\"><img loading=\"lazy\" decoding=\"async\" width=\"604\" height=\"452\" data-src=\"http:\/\/ondauno.com.ar\/wp-content\/uploads\/2020\/07\/WhatsApp-Image-2020-07-13-at-11.03.30.jpeg\" alt=\"\" class=\"wp-image-12465 lazyload\" data-srcset=\"https:\/\/ondauno.com.ar\/wp-content\/uploads\/2020\/07\/WhatsApp-Image-2020-07-13-at-11.03.30.jpeg 604w, https:\/\/ondauno.com.ar\/wp-content\/uploads\/2020\/07\/WhatsApp-Image-2020-07-13-at-11.03.30-300x225.jpeg 300w, https:\/\/ondauno.com.ar\/wp-content\/uploads\/2020\/07\/WhatsApp-Image-2020-07-13-at-11.03.30-80x60.jpeg 80w, https:\/\/ondauno.com.ar\/wp-content\/uploads\/2020\/07\/WhatsApp-Image-2020-07-13-at-11.03.30-265x198.jpeg 265w, https:\/\/ondauno.com.ar\/wp-content\/uploads\/2020\/07\/WhatsApp-Image-2020-07-13-at-11.03.30-561x420.jpeg 561w\" data-sizes=\"auto, (max-width: 604px) 100vw, 604px\" src=\"data:image\/gif;base64,R0lGODlhAQABAAAAACH5BAEKAAEALAAAAAABAAEAAAICTAEAOw==\" style=\"--smush-placeholder-width: 604px; --smush-placeholder-aspect-ratio: 604\/452;\" \/><noscript><img loading=\"lazy\" decoding=\"async\" width=\"604\" height=\"452\" src=\"http:\/\/ondauno.com.ar\/wp-content\/uploads\/2020\/07\/WhatsApp-Image-2020-07-13-at-11.03.30.jpeg\" alt=\"\" class=\"wp-image-12465\" srcset=\"https:\/\/ondauno.com.ar\/wp-content\/uploads\/2020\/07\/WhatsApp-Image-2020-07-13-at-11.03.30.jpeg 604w, https:\/\/ondauno.com.ar\/wp-content\/uploads\/2020\/07\/WhatsApp-Image-2020-07-13-at-11.03.30-300x225.jpeg 300w, https:\/\/ondauno.com.ar\/wp-content\/uploads\/2020\/07\/WhatsApp-Image-2020-07-13-at-11.03.30-80x60.jpeg 80w, https:\/\/ondauno.com.ar\/wp-content\/uploads\/2020\/07\/WhatsApp-Image-2020-07-13-at-11.03.30-265x198.jpeg 265w, https:\/\/ondauno.com.ar\/wp-content\/uploads\/2020\/07\/WhatsApp-Image-2020-07-13-at-11.03.30-561x420.jpeg 561w\" sizes=\"auto, (max-width: 604px) 100vw, 604px\" \/><\/noscript><\/figure>\n\n\n\n<p>&#8220;El nombre ballena franca viene de ballena correcta, &#8220;Frank whale&#8221;, en ingl\u00e9s era muy lenta y fue la m\u00e1s f\u00e1cil de cazar por eso la merma de esta especie en el mundo&#8221;.<\/p>\n\n\n\n<p>&#8220;Es el monumento nacional en nuestro pa\u00eds as\u00ed que tiene el m\u00e1ximo de protecci\u00f3n&#8221;.<\/p>\n\n\n\n<p>&#8220;las vemos m\u00e1s porque ha crecido su poblaci\u00f3n y Argentina est\u00e1 en el medio de una zona reproductiva por eso entre mayo y diciembre s elas ve m\u00e1s&#8221;.<\/p>\n\n\n\n<p><\/p>\n\n\n\n<p> <\/p>\n\n\n\n<figure class=\"wp-block-embed-facebook wp-block-embed is-type-video is-provider-facebook\"><div class=\"wp-block-embed__wrapper\">\n<div class=\"fb-video\" data-allowfullscreen=\"true\" data-href=\"https:\/\/www.facebook.com\/ondauno103.9\/videos\/2548406305470166\" style=\"background-color: #fff; display: inline-block;\"><\/div>\n<\/div><\/figure>\n","protected":false},"excerpt":{"rendered":"<p>Gisela Giardino doctora en ciencias biol\u00f3gicas, investigadora y docente del CONICET, estuvo en Cosas que Pasan y habl\u00f3 de las ballenas francas. La doctora explic\u00f3 en di\u00e1logo con Fernando Catalano que &#8220;hace tres a\u00f1os se conform\u00f3 en Mar del Plata la Mesa de Trabajo de Ballena Franca. A partir del acercamiento de la gente y [&hellip;]<\/p>\n","protected":false},"author":2,"featured_media":12463,"comment_status":"open","ping_status":"open","sticky":false,"template":"","format":"standard","meta":{"tdm_status":"","tdm_grid_status":"","_jetpack_memberships_contains_paid_content":false,"footnotes":"","jetpack_publicize_message":"","jetpack_publicize_feature_enabled":true,"jetpack_social_post_already_shared":false,"jetpack_social_options":{"image_generator_settings":{"template":"highway","default_image_id":0,"font":"","enabled":false},"version":2}},"categories":[28],"tags":[],"class_list":{"0":"post-12462","1":"post","2":"type-post","3":"status-publish","4":"format-standard","5":"has-post-thumbnail","7":"category-interes-general"},"yoast_head":"<!-- This site is optimized with the Yoast SEO plugin v22.7 - https:\/\/yoast.com\/wordpress\/plugins\/seo\/ -->\n<title>Protocolo para el avistaje de la ballena franca - 103.9 fm<\/title>\n<meta name=\"robots\" content=\"index, follow, max-snippet:-1, max-image-preview:large, max-video-preview:-1\" \/>\n<link rel=\"canonical\" href=\"https:\/\/ondauno.com.ar\/index.php\/2020\/07\/13\/protocolo-para-el-avistaje-de-la-ballena-franca\/\" \/>\n<meta property=\"og:locale\" content=\"es_ES\" \/>\n<meta property=\"og:type\" content=\"article\" \/>\n<meta property=\"og:title\" content=\"Protocolo para el avistaje de la ballena franca - 103.9 fm\" \/>\n<meta property=\"og:description\" content=\"Gisela Giardino doctora en ciencias biol\u00f3gicas, investigadora y docente del CONICET, estuvo en Cosas que Pasan y habl\u00f3 de las ballenas francas. La doctora explic\u00f3 en di\u00e1logo con Fernando Catalano que &#8220;hace tres a\u00f1os se conform\u00f3 en Mar del Plata la Mesa de Trabajo de Ballena Franca. A partir del acercamiento de la gente y [&hellip;]\" \/>\n<meta property=\"og:url\" content=\"https:\/\/ondauno.com.ar\/index.php\/2020\/07\/13\/protocolo-para-el-avistaje-de-la-ballena-franca\/\" \/>\n<meta property=\"og:site_name\" content=\"103.9 fm\" \/>\n<meta property=\"article:publisher\" content=\"https:\/\/www.facebook.com\/ondauno103.9\" \/>\n<meta property=\"article:published_time\" content=\"2020-07-13T20:46:28+00:00\" \/>\n<meta property=\"article:modified_time\" content=\"2020-07-13T22:18:16+00:00\" \/>\n<meta property=\"og:image\" content=\"https:\/\/ondauno.com.ar\/wp-content\/uploads\/2020\/07\/WhatsApp-Image-2020-07-13-at-11.03.29.jpeg\" \/>\n\t<meta property=\"og:image:width\" content=\"720\" \/>\n\t<meta property=\"og:image:height\" content=\"540\" \/>\n\t<meta property=\"og:image:type\" content=\"image\/jpeg\" \/>\n<meta name=\"author\" content=\"fernando garcia\" \/>\n<meta name=\"twitter:card\" content=\"summary_large_image\" \/>\n<meta name=\"twitter:label1\" content=\"Escrito por\" \/>\n\t<meta name=\"twitter:data1\" content=\"fernando garcia\" \/>\n\t<meta name=\"twitter:label2\" content=\"Tiempo de lectura\" \/>\n\t<meta name=\"twitter:data2\" content=\"1 minuto\" \/>\n<script type=\"application\/ld+json\" class=\"yoast-schema-graph\">{\"@context\":\"https:\/\/schema.org\",\"@graph\":[{\"@type\":\"WebPage\",\"@id\":\"https:\/\/ondauno.com.ar\/index.php\/2020\/07\/13\/protocolo-para-el-avistaje-de-la-ballena-franca\/\",\"url\":\"https:\/\/ondauno.com.ar\/index.php\/2020\/07\/13\/protocolo-para-el-avistaje-de-la-ballena-franca\/\",\"name\":\"Protocolo para el avistaje de la ballena franca - 103.9 fm\",\"isPartOf\":{\"@id\":\"https:\/\/ondauno.com.ar\/#website\"},\"primaryImageOfPage\":{\"@id\":\"https:\/\/ondauno.com.ar\/index.php\/2020\/07\/13\/protocolo-para-el-avistaje-de-la-ballena-franca\/#primaryimage\"},\"image\":{\"@id\":\"https:\/\/ondauno.com.ar\/index.php\/2020\/07\/13\/protocolo-para-el-avistaje-de-la-ballena-franca\/#primaryimage\"},\"thumbnailUrl\":\"https:\/\/ondauno.com.ar\/wp-content\/uploads\/2020\/07\/WhatsApp-Image-2020-07-13-at-11.03.29.jpeg\",\"datePublished\":\"2020-07-13T20:46:28+00:00\",\"dateModified\":\"2020-07-13T22:18:16+00:00\",\"author\":{\"@id\":\"https:\/\/ondauno.com.ar\/#\/schema\/person\/201d1b68e6c75e0fd396fe5f8af5d139\"},\"breadcrumb\":{\"@id\":\"https:\/\/ondauno.com.ar\/index.php\/2020\/07\/13\/protocolo-para-el-avistaje-de-la-ballena-franca\/#breadcrumb\"},\"inLanguage\":\"es-AR\",\"potentialAction\":[{\"@type\":\"ReadAction\",\"target\":[\"https:\/\/ondauno.com.ar\/index.php\/2020\/07\/13\/protocolo-para-el-avistaje-de-la-ballena-franca\/\"]}]},{\"@type\":\"ImageObject\",\"inLanguage\":\"es-AR\",\"@id\":\"https:\/\/ondauno.com.ar\/index.php\/2020\/07\/13\/protocolo-para-el-avistaje-de-la-ballena-franca\/#primaryimage\",\"url\":\"https:\/\/ondauno.com.ar\/wp-content\/uploads\/2020\/07\/WhatsApp-Image-2020-07-13-at-11.03.29.jpeg\",\"contentUrl\":\"https:\/\/ondauno.com.ar\/wp-content\/uploads\/2020\/07\/WhatsApp-Image-2020-07-13-at-11.03.29.jpeg\",\"width\":720,\"height\":540},{\"@type\":\"BreadcrumbList\",\"@id\":\"https:\/\/ondauno.com.ar\/index.php\/2020\/07\/13\/protocolo-para-el-avistaje-de-la-ballena-franca\/#breadcrumb\",\"itemListElement\":[{\"@type\":\"ListItem\",\"position\":1,\"name\":\"Inicio\",\"item\":\"https:\/\/ondauno.com.ar\/\"},{\"@type\":\"ListItem\",\"position\":2,\"name\":\"Protocolo para el avistaje de la ballena franca\"}]},{\"@type\":\"WebSite\",\"@id\":\"https:\/\/ondauno.com.ar\/#website\",\"url\":\"https:\/\/ondauno.com.ar\/\",\"name\":\"103.9 fm\",\"description\":\"LA PRIMERA RADIO MULTIMEDIA DE TRES ARROYOS\",\"potentialAction\":[{\"@type\":\"SearchAction\",\"target\":{\"@type\":\"EntryPoint\",\"urlTemplate\":\"https:\/\/ondauno.com.ar\/?s={search_term_string}\"},\"query-input\":\"required name=search_term_string\"}],\"inLanguage\":\"es-AR\"},{\"@type\":\"Person\",\"@id\":\"https:\/\/ondauno.com.ar\/#\/schema\/person\/201d1b68e6c75e0fd396fe5f8af5d139\",\"name\":\"fernando garcia\",\"image\":{\"@type\":\"ImageObject\",\"inLanguage\":\"es-AR\",\"@id\":\"https:\/\/ondauno.com.ar\/#\/schema\/person\/image\/\",\"url\":\"https:\/\/secure.gravatar.com\/avatar\/5f7254642ad81272e79a2e69653cfdfc?s=96&d=mm&r=g\",\"contentUrl\":\"https:\/\/secure.gravatar.com\/avatar\/5f7254642ad81272e79a2e69653cfdfc?s=96&d=mm&r=g\",\"caption\":\"fernando garcia\"},\"url\":\"https:\/\/ondauno.com.ar\/index.php\/author\/ondaunoeditor\/\"}]}<\/script>\n<!-- \/ Yoast SEO plugin. -->","yoast_head_json":{"title":"Protocolo para el avistaje de la ballena franca - 103.9 fm","robots":{"index":"index","follow":"follow","max-snippet":"max-snippet:-1","max-image-preview":"max-image-preview:large","max-video-preview":"max-video-preview:-1"},"canonical":"https:\/\/ondauno.com.ar\/index.php\/2020\/07\/13\/protocolo-para-el-avistaje-de-la-ballena-franca\/","og_locale":"es_ES","og_type":"article","og_title":"Protocolo para el avistaje de la ballena franca - 103.9 fm","og_description":"Gisela Giardino doctora en ciencias biol\u00f3gicas, investigadora y docente del CONICET, estuvo en Cosas que Pasan y habl\u00f3 de las ballenas francas. La doctora explic\u00f3 en di\u00e1logo con Fernando Catalano que &#8220;hace tres a\u00f1os se conform\u00f3 en Mar del Plata la Mesa de Trabajo de Ballena Franca. A partir del acercamiento de la gente y [&hellip;]","og_url":"https:\/\/ondauno.com.ar\/index.php\/2020\/07\/13\/protocolo-para-el-avistaje-de-la-ballena-franca\/","og_site_name":"103.9 fm","article_publisher":"https:\/\/www.facebook.com\/ondauno103.9","article_published_time":"2020-07-13T20:46:28+00:00","article_modified_time":"2020-07-13T22:18:16+00:00","og_image":[{"width":720,"height":540,"url":"https:\/\/ondauno.com.ar\/wp-content\/uploads\/2020\/07\/WhatsApp-Image-2020-07-13-at-11.03.29.jpeg","type":"image\/jpeg"}],"author":"fernando garcia","twitter_card":"summary_large_image","twitter_misc":{"Escrito por":"fernando garcia","Tiempo de lectura":"1 minuto"},"schema":{"@context":"https:\/\/schema.org","@graph":[{"@type":"WebPage","@id":"https:\/\/ondauno.com.ar\/index.php\/2020\/07\/13\/protocolo-para-el-avistaje-de-la-ballena-franca\/","url":"https:\/\/ondauno.com.ar\/index.php\/2020\/07\/13\/protocolo-para-el-avistaje-de-la-ballena-franca\/","name":"Protocolo para el avistaje de la ballena franca - 103.9 fm","isPartOf":{"@id":"https:\/\/ondauno.com.ar\/#website"},"primaryImageOfPage":{"@id":"https:\/\/ondauno.com.ar\/index.php\/2020\/07\/13\/protocolo-para-el-avistaje-de-la-ballena-franca\/#primaryimage"},"image":{"@id":"https:\/\/ondauno.com.ar\/index.php\/2020\/07\/13\/protocolo-para-el-avistaje-de-la-ballena-franca\/#primaryimage"},"thumbnailUrl":"https:\/\/ondauno.com.ar\/wp-content\/uploads\/2020\/07\/WhatsApp-Image-2020-07-13-at-11.03.29.jpeg","datePublished":"2020-07-13T20:46:28+00:00","dateModified":"2020-07-13T22:18:16+00:00","author":{"@id":"https:\/\/ondauno.com.ar\/#\/schema\/person\/201d1b68e6c75e0fd396fe5f8af5d139"},"breadcrumb":{"@id":"https:\/\/ondauno.com.ar\/index.php\/2020\/07\/13\/protocolo-para-el-avistaje-de-la-ballena-franca\/#breadcrumb"},"inLanguage":"es-AR","potentialAction":[{"@type":"ReadAction","target":["https:\/\/ondauno.com.ar\/index.php\/2020\/07\/13\/protocolo-para-el-avistaje-de-la-ballena-franca\/"]}]},{"@type":"ImageObject","inLanguage":"es-AR","@id":"https:\/\/ondauno.com.ar\/index.php\/2020\/07\/13\/protocolo-para-el-avistaje-de-la-ballena-franca\/#primaryimage","url":"https:\/\/ondauno.com.ar\/wp-content\/uploads\/2020\/07\/WhatsApp-Image-2020-07-13-at-11.03.29.jpeg","contentUrl":"https:\/\/ondauno.com.ar\/wp-content\/uploads\/2020\/07\/WhatsApp-Image-2020-07-13-at-11.03.29.jpeg","width":720,"height":540},{"@type":"BreadcrumbList","@id":"https:\/\/ondauno.com.ar\/index.php\/2020\/07\/13\/protocolo-para-el-avistaje-de-la-ballena-franca\/#breadcrumb","itemListElement":[{"@type":"ListItem","position":1,"name":"Inicio","item":"https:\/\/ondauno.com.ar\/"},{"@type":"ListItem","position":2,"name":"Protocolo para el avistaje de la ballena franca"}]},{"@type":"WebSite","@id":"https:\/\/ondauno.com.ar\/#website","url":"https:\/\/ondauno.com.ar\/","name":"103.9 fm","description":"LA PRIMERA RADIO MULTIMEDIA DE TRES ARROYOS","potentialAction":[{"@type":"SearchAction","target":{"@type":"EntryPoint","urlTemplate":"https:\/\/ondauno.com.ar\/?s={search_term_string}"},"query-input":"required name=search_term_string"}],"inLanguage":"es-AR"},{"@type":"Person","@id":"https:\/\/ondauno.com.ar\/#\/schema\/person\/201d1b68e6c75e0fd396fe5f8af5d139","name":"fernando garcia","image":{"@type":"ImageObject","inLanguage":"es-AR","@id":"https:\/\/ondauno.com.ar\/#\/schema\/person\/image\/","url":"https:\/\/secure.gravatar.com\/avatar\/5f7254642ad81272e79a2e69653cfdfc?s=96&d=mm&r=g","contentUrl":"https:\/\/secure.gravatar.com\/avatar\/5f7254642ad81272e79a2e69653cfdfc?s=96&d=mm&r=g","caption":"fernando garcia"},"url":"https:\/\/ondauno.com.ar\/index.php\/author\/ondaunoeditor\/"}]}},"jetpack_publicize_connections":[],"jetpack_featured_media_url":"https:\/\/ondauno.com.ar\/wp-content\/uploads\/2020\/07\/WhatsApp-Image-2020-07-13-at-11.03.29.jpeg","jetpack_sharing_enabled":true,"_links":{"self":[{"href":"https:\/\/ondauno.com.ar\/index.php\/wp-json\/wp\/v2\/posts\/12462","targetHints":{"allow":["GET"]}}],"collection":[{"href":"https:\/\/ondauno.com.ar\/index.php\/wp-json\/wp\/v2\/posts"}],"about":[{"href":"https:\/\/ondauno.com.ar\/index.php\/wp-json\/wp\/v2\/types\/post"}],"author":[{"embeddable":true,"href":"https:\/\/ondauno.com.ar\/index.php\/wp-json\/wp\/v2\/users\/2"}],"replies":[{"embeddable":true,"href":"https:\/\/ondauno.com.ar\/index.php\/wp-json\/wp\/v2\/comments?post=12462"}],"version-history":[{"count":0,"href":"https:\/\/ondauno.com.ar\/index.php\/wp-json\/wp\/v2\/posts\/12462\/revisions"}],"wp:featuredmedia":[{"embeddable":true,"href":"https:\/\/ondauno.com.ar\/index.php\/wp-json\/wp\/v2\/media\/12463"}],"wp:attachment":[{"href":"https:\/\/ondauno.com.ar\/index.php\/wp-json\/wp\/v2\/media?parent=12462"}],"wp:term":[{"taxonomy":"category","embeddable":true,"href":"https:\/\/ondauno.com.ar\/index.php\/wp-json\/wp\/v2\/categories?post=12462"},{"taxonomy":"post_tag","embeddable":true,"href":"https:\/\/ondauno.com.ar\/index.php\/wp-json\/wp\/v2\/tags?post=12462"}],"curies":[{"name":"wp","href":"https:\/\/api.w.org\/{rel}","templated":true}]}}