{"id":12430,"date":"2020-07-13T11:15:44","date_gmt":"2020-07-13T14:15:44","guid":{"rendered":"http:\/\/ondauno.com.ar\/?p=12430"},"modified":"2020-07-13T11:15:48","modified_gmt":"2020-07-13T14:15:48","slug":"ricardo-cerri-mi-abuelo-y-mi-papa-me-ensenaron-a-levantarme-todos-los-dias-a-trabajar-como-si-fuera-el-primero","status":"publish","type":"post","link":"https:\/\/ondauno.com.ar\/index.php\/2020\/07\/13\/ricardo-cerri-mi-abuelo-y-mi-papa-me-ensenaron-a-levantarme-todos-los-dias-a-trabajar-como-si-fuera-el-primero\/","title":{"rendered":"Ricardo Cerri: &#8220;Mi abuelo y mi pap\u00e1 me ense\u00f1aron a levantarme todos los d\u00edas a trabajar como si fuera el primero&#8221;"},"content":{"rendered":"<div class=\"ondau-before-content_3\" style=\"margin-top: -30px;\" id=\"ondau-2737706855\"><a href=\"https:\/\/www.lps.com.ar\/\" aria-label=\"la-perse2\"><img loading=\"lazy\" decoding=\"async\" src=\"https:\/\/ondauno.com.ar\/wp-content\/uploads\/2021\/10\/la-perse2.jpg\" alt=\"\"  srcset=\"https:\/\/ondauno.com.ar\/wp-content\/uploads\/2021\/10\/la-perse2.jpg 1353w, https:\/\/ondauno.com.ar\/wp-content\/uploads\/2021\/10\/la-perse2-300x43.jpg 300w, https:\/\/ondauno.com.ar\/wp-content\/uploads\/2021\/10\/la-perse2-1024x148.jpg 1024w, https:\/\/ondauno.com.ar\/wp-content\/uploads\/2021\/10\/la-perse2-768x111.jpg 768w, https:\/\/ondauno.com.ar\/wp-content\/uploads\/2021\/10\/la-perse2-696x100.jpg 696w, https:\/\/ondauno.com.ar\/wp-content\/uploads\/2021\/10\/la-perse2-1068x154.jpg 1068w\" sizes=\"(max-width: 1353px) 100vw, 1353px\" class=\"no-lazyload\" width=\"1353\" height=\"195\"  style=\"display: inline-block;\" \/><\/a><\/div>\n<p>El tresarroyense Ricardo Cerri particip\u00f3 del programa Cosas que Pasan y cont\u00f3 la situaci\u00f3n de Uruguay-pa\u00eds en el que vive-en relaci\u00f3n a la pandemia por el coronavirus, como as\u00ed tambi\u00e9n la actividad del Aeropuerto de Carrasco y las nuevas tecnolog\u00edas.<\/p>\n\n\n\n<p>El tresarroyense lidera \u2018Smart Health Travel\u2019, el proyecto que fue creado para darle seguimiento a la pandemia y aplicar los protocolos Covid-19.<\/p>\n\n\n\n<p>&#8220;Gracias por la oportunidad de contarles c\u00f3mo es el panorama en Uruguay y en el aeropuerto de Carrasco, hace dos semana la Comunidad Europea hizo un listado de quince pa\u00edses que se habilitan a ingresar a los pa\u00edses participantes de la Comunidad. Esto hizo que IBERIA pusiera dos vuelos semanales a Uruguay y AIR EUROPA desde Madrid con una frecuencia de un vuelo semanal tambi\u00e9n al aeropuerto de Carrasco&#8221;.<\/p>\n\n\n\n<p>&#8220;Hubo un uno por ciento de pasajeros de este junio en comparaci\u00f3n al a\u00f1o pasado y con estos nuevos vuelos hubo un tres por ciento, es lento pero de a poco s eva reactivando&#8221;, explic\u00f3 Ricardo Cerri.<\/p>\n\n\n\n<p>&#8220;Pensamos que en pocos meses todo se iba a normalizar y luego nos dimos cuenta que hab\u00eda que cambiar la cabeza y pensar en a\u00f1os&#8221;, se\u00f1al\u00f3 Cerri.<\/p>\n\n\n\n<p> En el pa\u00eds vecino cre\u00f3 la marca y el concepto Easy Airport, en el a\u00f1o 2016. Se trata de un sistema biom\u00e9trico que permite procesos touch less (sin contacto).\u00a0 <\/p>\n\n\n\n<p>&#8220;En Uruguay el foco est\u00e1 en ver qu\u00e9 sucede con la apertura que Europa tiene en este momento&#8221;, explic\u00f3 Cerri y agreg\u00f3&#8221; Est\u00e1n viendo la lista de pa\u00edses que podr\u00edan ingresar a la Comunidad Europea, pero se puede mantener, expandir o caer&#8221;.<\/p>\n\n\n\n<figure class=\"wp-block-image\"><img loading=\"lazy\" decoding=\"async\" width=\"1024\" height=\"683\" data-src=\"http:\/\/ondauno.com.ar\/wp-content\/uploads\/2020\/07\/corporacion-37-2-1024x683.jpg\" alt=\"\" class=\"wp-image-12431 lazyload\" data-srcset=\"https:\/\/ondauno.com.ar\/wp-content\/uploads\/2020\/07\/corporacion-37-2-1024x683.jpg 1024w, https:\/\/ondauno.com.ar\/wp-content\/uploads\/2020\/07\/corporacion-37-2-300x200.jpg 300w, https:\/\/ondauno.com.ar\/wp-content\/uploads\/2020\/07\/corporacion-37-2-768x512.jpg 768w, https:\/\/ondauno.com.ar\/wp-content\/uploads\/2020\/07\/corporacion-37-2-696x464.jpg 696w, https:\/\/ondauno.com.ar\/wp-content\/uploads\/2020\/07\/corporacion-37-2-1068x712.jpg 1068w, https:\/\/ondauno.com.ar\/wp-content\/uploads\/2020\/07\/corporacion-37-2-630x420.jpg 630w, https:\/\/ondauno.com.ar\/wp-content\/uploads\/2020\/07\/corporacion-37-2.jpg 1731w\" data-sizes=\"auto, (max-width: 1024px) 100vw, 1024px\" src=\"data:image\/gif;base64,R0lGODlhAQABAAAAACH5BAEKAAEALAAAAAABAAEAAAICTAEAOw==\" style=\"--smush-placeholder-width: 1024px; --smush-placeholder-aspect-ratio: 1024\/683;\" \/><noscript><img loading=\"lazy\" decoding=\"async\" width=\"1024\" height=\"683\" src=\"http:\/\/ondauno.com.ar\/wp-content\/uploads\/2020\/07\/corporacion-37-2-1024x683.jpg\" alt=\"\" class=\"wp-image-12431\" srcset=\"https:\/\/ondauno.com.ar\/wp-content\/uploads\/2020\/07\/corporacion-37-2-1024x683.jpg 1024w, https:\/\/ondauno.com.ar\/wp-content\/uploads\/2020\/07\/corporacion-37-2-300x200.jpg 300w, https:\/\/ondauno.com.ar\/wp-content\/uploads\/2020\/07\/corporacion-37-2-768x512.jpg 768w, https:\/\/ondauno.com.ar\/wp-content\/uploads\/2020\/07\/corporacion-37-2-696x464.jpg 696w, https:\/\/ondauno.com.ar\/wp-content\/uploads\/2020\/07\/corporacion-37-2-1068x712.jpg 1068w, https:\/\/ondauno.com.ar\/wp-content\/uploads\/2020\/07\/corporacion-37-2-630x420.jpg 630w, https:\/\/ondauno.com.ar\/wp-content\/uploads\/2020\/07\/corporacion-37-2.jpg 1731w\" sizes=\"auto, (max-width: 1024px) 100vw, 1024px\" \/><\/noscript><\/figure>\n\n\n\n<p>Cerri expres\u00f3 que &#8220;ha sido un ejemplo Uruguay en el manejo de la pandemia, sin confinamiento obligatorio con resultados excelentes&#8221;.<\/p>\n\n\n\n<p>&#8220;En este momento hay 60 casos activos en todo el territorio nacional, as\u00ed que el control ha sido muy bueno, se trat\u00f3 de una libertad responsable, el gobierno pidi\u00f3 que el que pod\u00eda trabajara en forma remota, cerr\u00f3 las clases presenciales, los espect\u00e1culos, y estaba muy bien preparado en muchas cuestiones como un muy buen programa educativo en plataformas virtuales, muy buena conectividad por lo que la educaci\u00f3n nunca par\u00f3&#8221;, manifest\u00f3 Ricardo a Cosas que Pasan. <\/p>\n\n\n\n<p>El tresarroyense manifest\u00f3 su orgullo y reconocimiento para su abuelo, su padre y los que llevan adelante la f\u00e1brica Cerri.&#8221;le mando un saludo a la comunidad holandesa, fui al Colegio Holand\u00e9s y me termin\u00e9 casando con una holandesa y mis hijos nacieron en ese pa\u00eds. Hice unos a\u00f1os en el colegio Viento Sur, un a\u00f1o en el Industrial y termin\u00e9 en el Colegio Jes\u00fas Adolescente , todas experiencias que me permitieron adaptarme a los cambios&#8221;.<\/p>\n\n\n\n<p>&#8220;Uno de los mejores aprendizajes que me dej\u00f3 mi abuelo Carlos Cerri de la f\u00e1brica &#8220;La At\u00f3mica&#8221; igual que mi viejo, Carlos Luis  y los empleados que luchan y se levantan cada d\u00eda como si fuera el primero, y eso me ense\u00f1aron a trabajar siempre&#8221;.<\/p>\n\n\n\n<p>&#8220;Mi abuelo y mi pap\u00e1 me ense\u00f1aron a levantarme todos los d\u00edas a trabajar como si fuera el primero&#8221;, finaliz\u00f3 Cerri<\/p>\n\n\n\n<p><\/p>\n\n\n\n<p> <\/p>\n\n\n\n<figure class=\"wp-block-embed-facebook wp-block-embed is-type-video is-provider-facebook\"><div class=\"wp-block-embed__wrapper\">\n<div class=\"fb-video\" data-allowfullscreen=\"true\" data-href=\"https:\/\/www.facebook.com\/ondauno103.9\/videos\/334191207965460\" style=\"background-color: #fff; display: inline-block;\"><\/div>\n<\/div><\/figure>\n","protected":false},"excerpt":{"rendered":"<p>El tresarroyense Ricardo Cerri particip\u00f3 del programa Cosas que Pasan y cont\u00f3 la situaci\u00f3n de Uruguay-pa\u00eds en el que vive-en relaci\u00f3n a la pandemia por el coronavirus, como as\u00ed tambi\u00e9n la actividad del Aeropuerto de Carrasco y las nuevas tecnolog\u00edas. El tresarroyense lidera \u2018Smart Health Travel\u2019, el proyecto que fue creado para darle seguimiento a [&hellip;]<\/p>\n","protected":false},"author":2,"featured_media":12432,"comment_status":"open","ping_status":"open","sticky":false,"template":"","format":"standard","meta":{"tdm_status":"","tdm_grid_status":"","_jetpack_memberships_contains_paid_content":false,"footnotes":"","jetpack_publicize_message":"","jetpack_publicize_feature_enabled":true,"jetpack_social_post_already_shared":false,"jetpack_social_options":{"image_generator_settings":{"template":"highway","default_image_id":0,"font":"","enabled":false},"version":2}},"categories":[28],"tags":[],"class_list":{"0":"post-12430","1":"post","2":"type-post","3":"status-publish","4":"format-standard","5":"has-post-thumbnail","7":"category-interes-general"},"yoast_head":"<!-- This site is optimized with the Yoast SEO plugin v22.7 - https:\/\/yoast.com\/wordpress\/plugins\/seo\/ -->\n<title>Ricardo Cerri: &quot;Mi abuelo y mi pap\u00e1 me ense\u00f1aron a levantarme todos los d\u00edas a trabajar como si fuera el primero&quot; - 103.9 fm<\/title>\n<meta name=\"robots\" content=\"index, follow, max-snippet:-1, max-image-preview:large, max-video-preview:-1\" \/>\n<link rel=\"canonical\" href=\"https:\/\/ondauno.com.ar\/index.php\/2020\/07\/13\/ricardo-cerri-mi-abuelo-y-mi-papa-me-ensenaron-a-levantarme-todos-los-dias-a-trabajar-como-si-fuera-el-primero\/\" \/>\n<meta property=\"og:locale\" content=\"es_ES\" \/>\n<meta property=\"og:type\" content=\"article\" \/>\n<meta property=\"og:title\" content=\"Ricardo Cerri: &quot;Mi abuelo y mi pap\u00e1 me ense\u00f1aron a levantarme todos los d\u00edas a trabajar como si fuera el primero&quot; - 103.9 fm\" \/>\n<meta property=\"og:description\" content=\"El tresarroyense Ricardo Cerri particip\u00f3 del programa Cosas que Pasan y cont\u00f3 la situaci\u00f3n de Uruguay-pa\u00eds en el que vive-en relaci\u00f3n a la pandemia por el coronavirus, como as\u00ed tambi\u00e9n la actividad del Aeropuerto de Carrasco y las nuevas tecnolog\u00edas. El tresarroyense lidera \u2018Smart Health Travel\u2019, el proyecto que fue creado para darle seguimiento a [&hellip;]\" \/>\n<meta property=\"og:url\" content=\"https:\/\/ondauno.com.ar\/index.php\/2020\/07\/13\/ricardo-cerri-mi-abuelo-y-mi-papa-me-ensenaron-a-levantarme-todos-los-dias-a-trabajar-como-si-fuera-el-primero\/\" \/>\n<meta property=\"og:site_name\" content=\"103.9 fm\" \/>\n<meta property=\"article:publisher\" content=\"https:\/\/www.facebook.com\/ondauno103.9\" \/>\n<meta property=\"article:published_time\" content=\"2020-07-13T14:15:44+00:00\" \/>\n<meta property=\"article:modified_time\" content=\"2020-07-13T14:15:48+00:00\" \/>\n<meta property=\"og:image\" content=\"https:\/\/ondauno.com.ar\/wp-content\/uploads\/2020\/07\/RicardoCerri.jpg\" \/>\n\t<meta property=\"og:image:width\" content=\"303\" \/>\n\t<meta property=\"og:image:height\" content=\"324\" \/>\n\t<meta property=\"og:image:type\" content=\"image\/jpeg\" \/>\n<meta name=\"author\" content=\"fernando garcia\" \/>\n<meta name=\"twitter:card\" content=\"summary_large_image\" \/>\n<meta name=\"twitter:label1\" content=\"Escrito por\" \/>\n\t<meta name=\"twitter:data1\" content=\"fernando garcia\" \/>\n\t<meta name=\"twitter:label2\" content=\"Tiempo de lectura\" \/>\n\t<meta name=\"twitter:data2\" content=\"3 minutos\" \/>\n<script type=\"application\/ld+json\" class=\"yoast-schema-graph\">{\"@context\":\"https:\/\/schema.org\",\"@graph\":[{\"@type\":\"WebPage\",\"@id\":\"https:\/\/ondauno.com.ar\/index.php\/2020\/07\/13\/ricardo-cerri-mi-abuelo-y-mi-papa-me-ensenaron-a-levantarme-todos-los-dias-a-trabajar-como-si-fuera-el-primero\/\",\"url\":\"https:\/\/ondauno.com.ar\/index.php\/2020\/07\/13\/ricardo-cerri-mi-abuelo-y-mi-papa-me-ensenaron-a-levantarme-todos-los-dias-a-trabajar-como-si-fuera-el-primero\/\",\"name\":\"Ricardo Cerri: \\\"Mi abuelo y mi pap\u00e1 me ense\u00f1aron a levantarme todos los d\u00edas a trabajar como si fuera el primero\\\" - 103.9 fm\",\"isPartOf\":{\"@id\":\"https:\/\/ondauno.com.ar\/#website\"},\"primaryImageOfPage\":{\"@id\":\"https:\/\/ondauno.com.ar\/index.php\/2020\/07\/13\/ricardo-cerri-mi-abuelo-y-mi-papa-me-ensenaron-a-levantarme-todos-los-dias-a-trabajar-como-si-fuera-el-primero\/#primaryimage\"},\"image\":{\"@id\":\"https:\/\/ondauno.com.ar\/index.php\/2020\/07\/13\/ricardo-cerri-mi-abuelo-y-mi-papa-me-ensenaron-a-levantarme-todos-los-dias-a-trabajar-como-si-fuera-el-primero\/#primaryimage\"},\"thumbnailUrl\":\"https:\/\/ondauno.com.ar\/wp-content\/uploads\/2020\/07\/RicardoCerri.jpg\",\"datePublished\":\"2020-07-13T14:15:44+00:00\",\"dateModified\":\"2020-07-13T14:15:48+00:00\",\"author\":{\"@id\":\"https:\/\/ondauno.com.ar\/#\/schema\/person\/201d1b68e6c75e0fd396fe5f8af5d139\"},\"breadcrumb\":{\"@id\":\"https:\/\/ondauno.com.ar\/index.php\/2020\/07\/13\/ricardo-cerri-mi-abuelo-y-mi-papa-me-ensenaron-a-levantarme-todos-los-dias-a-trabajar-como-si-fuera-el-primero\/#breadcrumb\"},\"inLanguage\":\"es-AR\",\"potentialAction\":[{\"@type\":\"ReadAction\",\"target\":[\"https:\/\/ondauno.com.ar\/index.php\/2020\/07\/13\/ricardo-cerri-mi-abuelo-y-mi-papa-me-ensenaron-a-levantarme-todos-los-dias-a-trabajar-como-si-fuera-el-primero\/\"]}]},{\"@type\":\"ImageObject\",\"inLanguage\":\"es-AR\",\"@id\":\"https:\/\/ondauno.com.ar\/index.php\/2020\/07\/13\/ricardo-cerri-mi-abuelo-y-mi-papa-me-ensenaron-a-levantarme-todos-los-dias-a-trabajar-como-si-fuera-el-primero\/#primaryimage\",\"url\":\"https:\/\/ondauno.com.ar\/wp-content\/uploads\/2020\/07\/RicardoCerri.jpg\",\"contentUrl\":\"https:\/\/ondauno.com.ar\/wp-content\/uploads\/2020\/07\/RicardoCerri.jpg\",\"width\":303,\"height\":324},{\"@type\":\"BreadcrumbList\",\"@id\":\"https:\/\/ondauno.com.ar\/index.php\/2020\/07\/13\/ricardo-cerri-mi-abuelo-y-mi-papa-me-ensenaron-a-levantarme-todos-los-dias-a-trabajar-como-si-fuera-el-primero\/#breadcrumb\",\"itemListElement\":[{\"@type\":\"ListItem\",\"position\":1,\"name\":\"Inicio\",\"item\":\"https:\/\/ondauno.com.ar\/\"},{\"@type\":\"ListItem\",\"position\":2,\"name\":\"Ricardo Cerri: &#8220;Mi abuelo y mi pap\u00e1 me ense\u00f1aron a levantarme todos los d\u00edas a trabajar como si fuera el primero&#8221;\"}]},{\"@type\":\"WebSite\",\"@id\":\"https:\/\/ondauno.com.ar\/#website\",\"url\":\"https:\/\/ondauno.com.ar\/\",\"name\":\"103.9 fm\",\"description\":\"LA PRIMERA RADIO MULTIMEDIA DE TRES ARROYOS\",\"potentialAction\":[{\"@type\":\"SearchAction\",\"target\":{\"@type\":\"EntryPoint\",\"urlTemplate\":\"https:\/\/ondauno.com.ar\/?s={search_term_string}\"},\"query-input\":\"required name=search_term_string\"}],\"inLanguage\":\"es-AR\"},{\"@type\":\"Person\",\"@id\":\"https:\/\/ondauno.com.ar\/#\/schema\/person\/201d1b68e6c75e0fd396fe5f8af5d139\",\"name\":\"fernando garcia\",\"image\":{\"@type\":\"ImageObject\",\"inLanguage\":\"es-AR\",\"@id\":\"https:\/\/ondauno.com.ar\/#\/schema\/person\/image\/\",\"url\":\"https:\/\/secure.gravatar.com\/avatar\/5f7254642ad81272e79a2e69653cfdfc?s=96&d=mm&r=g\",\"contentUrl\":\"https:\/\/secure.gravatar.com\/avatar\/5f7254642ad81272e79a2e69653cfdfc?s=96&d=mm&r=g\",\"caption\":\"fernando garcia\"},\"url\":\"https:\/\/ondauno.com.ar\/index.php\/author\/ondaunoeditor\/\"}]}<\/script>\n<!-- \/ Yoast SEO plugin. -->","yoast_head_json":{"title":"Ricardo Cerri: \"Mi abuelo y mi pap\u00e1 me ense\u00f1aron a levantarme todos los d\u00edas a trabajar como si fuera el primero\" - 103.9 fm","robots":{"index":"index","follow":"follow","max-snippet":"max-snippet:-1","max-image-preview":"max-image-preview:large","max-video-preview":"max-video-preview:-1"},"canonical":"https:\/\/ondauno.com.ar\/index.php\/2020\/07\/13\/ricardo-cerri-mi-abuelo-y-mi-papa-me-ensenaron-a-levantarme-todos-los-dias-a-trabajar-como-si-fuera-el-primero\/","og_locale":"es_ES","og_type":"article","og_title":"Ricardo Cerri: \"Mi abuelo y mi pap\u00e1 me ense\u00f1aron a levantarme todos los d\u00edas a trabajar como si fuera el primero\" - 103.9 fm","og_description":"El tresarroyense Ricardo Cerri particip\u00f3 del programa Cosas que Pasan y cont\u00f3 la situaci\u00f3n de Uruguay-pa\u00eds en el que vive-en relaci\u00f3n a la pandemia por el coronavirus, como as\u00ed tambi\u00e9n la actividad del Aeropuerto de Carrasco y las nuevas tecnolog\u00edas. El tresarroyense lidera \u2018Smart Health Travel\u2019, el proyecto que fue creado para darle seguimiento a [&hellip;]","og_url":"https:\/\/ondauno.com.ar\/index.php\/2020\/07\/13\/ricardo-cerri-mi-abuelo-y-mi-papa-me-ensenaron-a-levantarme-todos-los-dias-a-trabajar-como-si-fuera-el-primero\/","og_site_name":"103.9 fm","article_publisher":"https:\/\/www.facebook.com\/ondauno103.9","article_published_time":"2020-07-13T14:15:44+00:00","article_modified_time":"2020-07-13T14:15:48+00:00","og_image":[{"width":303,"height":324,"url":"https:\/\/ondauno.com.ar\/wp-content\/uploads\/2020\/07\/RicardoCerri.jpg","type":"image\/jpeg"}],"author":"fernando garcia","twitter_card":"summary_large_image","twitter_misc":{"Escrito por":"fernando garcia","Tiempo de lectura":"3 minutos"},"schema":{"@context":"https:\/\/schema.org","@graph":[{"@type":"WebPage","@id":"https:\/\/ondauno.com.ar\/index.php\/2020\/07\/13\/ricardo-cerri-mi-abuelo-y-mi-papa-me-ensenaron-a-levantarme-todos-los-dias-a-trabajar-como-si-fuera-el-primero\/","url":"https:\/\/ondauno.com.ar\/index.php\/2020\/07\/13\/ricardo-cerri-mi-abuelo-y-mi-papa-me-ensenaron-a-levantarme-todos-los-dias-a-trabajar-como-si-fuera-el-primero\/","name":"Ricardo Cerri: \"Mi abuelo y mi pap\u00e1 me ense\u00f1aron a levantarme todos los d\u00edas a trabajar como si fuera el primero\" - 103.9 fm","isPartOf":{"@id":"https:\/\/ondauno.com.ar\/#website"},"primaryImageOfPage":{"@id":"https:\/\/ondauno.com.ar\/index.php\/2020\/07\/13\/ricardo-cerri-mi-abuelo-y-mi-papa-me-ensenaron-a-levantarme-todos-los-dias-a-trabajar-como-si-fuera-el-primero\/#primaryimage"},"image":{"@id":"https:\/\/ondauno.com.ar\/index.php\/2020\/07\/13\/ricardo-cerri-mi-abuelo-y-mi-papa-me-ensenaron-a-levantarme-todos-los-dias-a-trabajar-como-si-fuera-el-primero\/#primaryimage"},"thumbnailUrl":"https:\/\/ondauno.com.ar\/wp-content\/uploads\/2020\/07\/RicardoCerri.jpg","datePublished":"2020-07-13T14:15:44+00:00","dateModified":"2020-07-13T14:15:48+00:00","author":{"@id":"https:\/\/ondauno.com.ar\/#\/schema\/person\/201d1b68e6c75e0fd396fe5f8af5d139"},"breadcrumb":{"@id":"https:\/\/ondauno.com.ar\/index.php\/2020\/07\/13\/ricardo-cerri-mi-abuelo-y-mi-papa-me-ensenaron-a-levantarme-todos-los-dias-a-trabajar-como-si-fuera-el-primero\/#breadcrumb"},"inLanguage":"es-AR","potentialAction":[{"@type":"ReadAction","target":["https:\/\/ondauno.com.ar\/index.php\/2020\/07\/13\/ricardo-cerri-mi-abuelo-y-mi-papa-me-ensenaron-a-levantarme-todos-los-dias-a-trabajar-como-si-fuera-el-primero\/"]}]},{"@type":"ImageObject","inLanguage":"es-AR","@id":"https:\/\/ondauno.com.ar\/index.php\/2020\/07\/13\/ricardo-cerri-mi-abuelo-y-mi-papa-me-ensenaron-a-levantarme-todos-los-dias-a-trabajar-como-si-fuera-el-primero\/#primaryimage","url":"https:\/\/ondauno.com.ar\/wp-content\/uploads\/2020\/07\/RicardoCerri.jpg","contentUrl":"https:\/\/ondauno.com.ar\/wp-content\/uploads\/2020\/07\/RicardoCerri.jpg","width":303,"height":324},{"@type":"BreadcrumbList","@id":"https:\/\/ondauno.com.ar\/index.php\/2020\/07\/13\/ricardo-cerri-mi-abuelo-y-mi-papa-me-ensenaron-a-levantarme-todos-los-dias-a-trabajar-como-si-fuera-el-primero\/#breadcrumb","itemListElement":[{"@type":"ListItem","position":1,"name":"Inicio","item":"https:\/\/ondauno.com.ar\/"},{"@type":"ListItem","position":2,"name":"Ricardo Cerri: &#8220;Mi abuelo y mi pap\u00e1 me ense\u00f1aron a levantarme todos los d\u00edas a trabajar como si fuera el primero&#8221;"}]},{"@type":"WebSite","@id":"https:\/\/ondauno.com.ar\/#website","url":"https:\/\/ondauno.com.ar\/","name":"103.9 fm","description":"LA PRIMERA RADIO MULTIMEDIA DE TRES ARROYOS","potentialAction":[{"@type":"SearchAction","target":{"@type":"EntryPoint","urlTemplate":"https:\/\/ondauno.com.ar\/?s={search_term_string}"},"query-input":"required name=search_term_string"}],"inLanguage":"es-AR"},{"@type":"Person","@id":"https:\/\/ondauno.com.ar\/#\/schema\/person\/201d1b68e6c75e0fd396fe5f8af5d139","name":"fernando garcia","image":{"@type":"ImageObject","inLanguage":"es-AR","@id":"https:\/\/ondauno.com.ar\/#\/schema\/person\/image\/","url":"https:\/\/secure.gravatar.com\/avatar\/5f7254642ad81272e79a2e69653cfdfc?s=96&d=mm&r=g","contentUrl":"https:\/\/secure.gravatar.com\/avatar\/5f7254642ad81272e79a2e69653cfdfc?s=96&d=mm&r=g","caption":"fernando garcia"},"url":"https:\/\/ondauno.com.ar\/index.php\/author\/ondaunoeditor\/"}]}},"jetpack_publicize_connections":[],"jetpack_featured_media_url":"https:\/\/ondauno.com.ar\/wp-content\/uploads\/2020\/07\/RicardoCerri.jpg","jetpack_sharing_enabled":true,"_links":{"self":[{"href":"https:\/\/ondauno.com.ar\/index.php\/wp-json\/wp\/v2\/posts\/12430","targetHints":{"allow":["GET"]}}],"collection":[{"href":"https:\/\/ondauno.com.ar\/index.php\/wp-json\/wp\/v2\/posts"}],"about":[{"href":"https:\/\/ondauno.com.ar\/index.php\/wp-json\/wp\/v2\/types\/post"}],"author":[{"embeddable":true,"href":"https:\/\/ondauno.com.ar\/index.php\/wp-json\/wp\/v2\/users\/2"}],"replies":[{"embeddable":true,"href":"https:\/\/ondauno.com.ar\/index.php\/wp-json\/wp\/v2\/comments?post=12430"}],"version-history":[{"count":0,"href":"https:\/\/ondauno.com.ar\/index.php\/wp-json\/wp\/v2\/posts\/12430\/revisions"}],"wp:featuredmedia":[{"embeddable":true,"href":"https:\/\/ondauno.com.ar\/index.php\/wp-json\/wp\/v2\/media\/12432"}],"wp:attachment":[{"href":"https:\/\/ondauno.com.ar\/index.php\/wp-json\/wp\/v2\/media?parent=12430"}],"wp:term":[{"taxonomy":"category","embeddable":true,"href":"https:\/\/ondauno.com.ar\/index.php\/wp-json\/wp\/v2\/categories?post=12430"},{"taxonomy":"post_tag","embeddable":true,"href":"https:\/\/ondauno.com.ar\/index.php\/wp-json\/wp\/v2\/tags?post=12430"}],"curies":[{"name":"wp","href":"https:\/\/api.w.org\/{rel}","templated":true}]}}