{"id":12176,"date":"2020-07-06T16:40:27","date_gmt":"2020-07-06T19:40:27","guid":{"rendered":"http:\/\/ondauno.com.ar\/?p=12176"},"modified":"2020-07-06T16:40:29","modified_gmt":"2020-07-06T19:40:29","slug":"vandalismo-rural-hay-un-problema-que-requiere-solucion","status":"publish","type":"post","link":"https:\/\/ondauno.com.ar\/index.php\/2020\/07\/06\/vandalismo-rural-hay-un-problema-que-requiere-solucion\/","title":{"rendered":"Vandalismo rural: &#8220;Hay un problema que requiere soluci\u00f3n&#8221;"},"content":{"rendered":"<div class=\"ondau-before-content_3\" style=\"margin-top: -30px;\" id=\"ondau-3221729793\"><a href=\"https:\/\/www.lps.com.ar\/\" aria-label=\"la-perse2\"><img loading=\"lazy\" decoding=\"async\" src=\"https:\/\/ondauno.com.ar\/wp-content\/uploads\/2021\/10\/la-perse2.jpg\" alt=\"\"  srcset=\"https:\/\/ondauno.com.ar\/wp-content\/uploads\/2021\/10\/la-perse2.jpg 1353w, https:\/\/ondauno.com.ar\/wp-content\/uploads\/2021\/10\/la-perse2-300x43.jpg 300w, https:\/\/ondauno.com.ar\/wp-content\/uploads\/2021\/10\/la-perse2-1024x148.jpg 1024w, https:\/\/ondauno.com.ar\/wp-content\/uploads\/2021\/10\/la-perse2-768x111.jpg 768w, https:\/\/ondauno.com.ar\/wp-content\/uploads\/2021\/10\/la-perse2-696x100.jpg 696w, https:\/\/ondauno.com.ar\/wp-content\/uploads\/2021\/10\/la-perse2-1068x154.jpg 1068w\" sizes=\"(max-width: 1353px) 100vw, 1353px\" class=\"no-lazyload\" width=\"1353\" height=\"195\"  style=\"display: inline-block;\" \/><\/a><\/div>\n<p>Ramiro Guti\u00e9rrez, diputado nacional del Frente de Todos present\u00f3 hace 72 horas con el presidente del Congreso Nacional Sergio Massa el proyecto de ley que incorpora el vandalismo rural como delito, pero adem\u00e1s, incorpora un art\u00edculo sobre la\u00a0realizaci\u00f3n de estragos.\u00a0<\/p>\n\n\n\n<p>El art\u00edculo 186 propuesto establece: \u201cSer\u00e1 reprimido con prisi\u00f3n de dos (2) a diez (10) a\u00f1os, el que causare incendio,\u00a0explosi\u00f3n, inundaci\u00f3n, derrumbe, liberaci\u00f3n de pat\u00f3genos, t\u00f3xicos o energ\u00eda,\u00a0emisi\u00f3n de radiaciones, o cualquier otro proceso destructor capaz de\u00a0producir estrago. Si hubiese peligro para la vida, el m\u00e1ximo de la pena ser\u00eda de doce (12) a\u00f1os\u201d.<\/p>\n\n\n\n<p>Del tema habl\u00f3 esta ma\u00f1ana en Cosas que Pasan el diputado impulsor del proyecto de ley que dijo &#8220;hay un problema real que es el ingreso clandestino a los establecimientos rurales y la destrucci\u00f3n de los silobolsas y de otras formas de almacenamiento de la producci\u00f3n del pa\u00eds&#8221;.<\/p>\n\n\n\n<p>Del mismo modo ampli\u00f3 que &#8220;Sergio Massa ven\u00eda conversando en todas las reuniones que mantuvo con el sector surgi\u00f3 la necesidad de mejorar esta legislaci\u00f3n, ya que hoy es un da\u00f1o simple con una pena de un a\u00f1o de prisi\u00f3n y tanto polic\u00edas, jueces y  fiscales saben que es un delito mEnor que no amerita ni siquiera la detenci\u00f3n&#8221;.<\/p>\n\n\n\n<p>&#8220;Por lo tanto  la protecci\u00f3n en el C\u00f3digo Penal era muy baja por eso presentamos hace 72 horas con Massa un proyecto de reforma del CP creando la figura espec\u00edfica del  &#8220;VANDALISMO RURAL&#8221;.<\/p>\n\n\n\n<p>&#8220;A partir de esta reforma quien vandalise  cualquier sistema de almacenamiento de granos va a tener una pena severa de una pena de 2 a 5 a\u00f1os, y si son delitos mayores a 3 a\u00f1os permite a los fiscales ordenar la detenci\u00f3n cuando el delito es grave y al mismo tiempo permiten que el juez que encuentre a la persona imputada responsable vaya presa&#8221;.<\/p>\n\n\n\n<p>&#8220;Hoy existe en el C\u00f3digo la figura de &#8220;estrago&#8221; que es un delito grave contra la seguridad p\u00fablica, en la mala redacci\u00f3n de nuestro c\u00f3digo penal algunos ataques a las cosechas hab\u00edan quedado adentro de los estragos y hac\u00edan de cumplimiento imposible dar una pena a los que da\u00f1aron porque adem\u00e1s de demostrar que se hab\u00eda alterado al silobolsa y que hab\u00edan ingresado a la propiedad, en s\u00ed no hab\u00eda condenados&#8221;.<\/p>\n\n\n\n<p> \u201cUn pat\u00f3geno es un hongo, una<strong>\u00a0<\/strong>bacteria o un virus\u00a0que producen una enfermedad, eso puede hacerse en un laboratorio y puede haber un atentado contra la seguridad p\u00fablica de una poblaci\u00f3n\u201d, asegur\u00f3 en declaraciones radiales. Y volvi\u00f3 a ratificar que no tiene nada que ver con el\u00a0vandalismo rural y la protecci\u00f3n del delito rural.<\/p>\n\n\n\n<p>&#8220;Lo que hicimos fue mejorar la redacci\u00f3n y trasladar todo lo contenido en &#8220;estrago&#8221; a la figura del vandalismo rural, protegemos todas las econom\u00edas regionales no s\u00f3lo lo no cosechado, lo que a\u00fan est\u00e1 en la planta, sino lo parado, lo cargado y lo que est\u00e1 en movimiento a lo que est\u00e1 en la planta, lo que est\u00e1 en tr\u00e1nsito, el almacenamiento&#8221;.<\/p>\n\n\n\n<p>El diputado nacional expres\u00f3 que &#8221; otros legisladores nacionale sy provinciales como los  Concejos Deliberantes nos han empezado a mandar sus resoluciones o ingresaron el pedido a sus recintos. El apoyo tal vez m\u00e1s importante fue el de las c\u00e1maras del sector, que se expresaron a favor.&#8221;.<\/p>\n\n\n\n<p>&#8220;No podemos hablar de una pol\u00edtica o criterio unificado. Esta ley busca ser, adem\u00e1s, una gran ordenadora en esta materia; dado que, de aprobarse, estar\u00edamos hablando de un delito que permite la detenci\u00f3n de quien lo comete&#8221;.<\/p>\n\n\n\n<p>&#8220;Que otros legisladores y que las entidades del \u00e1rea se preocupen por tener el proyecto de ley para su an\u00e1lisis demuestra que hay un problema por resolver&#8221;, concluy\u00f3<\/p>\n\n\n\n<p> <\/p>\n\n\n\n<figure class=\"wp-block-embed-facebook wp-block-embed is-type-video is-provider-facebook\"><div class=\"wp-block-embed__wrapper\">\n<div class=\"fb-video\" data-allowfullscreen=\"true\" data-href=\"https:\/\/www.facebook.com\/ondauno103.9\/videos\/1573329219510997\" style=\"background-color: #fff; display: inline-block;\"><\/div>\n<\/div><\/figure>\n","protected":false},"excerpt":{"rendered":"<p>Ramiro Guti\u00e9rrez, diputado nacional del Frente de Todos present\u00f3 hace 72 horas con el presidente del Congreso Nacional Sergio Massa el proyecto de ley que incorpora el vandalismo rural como delito, pero adem\u00e1s, incorpora un art\u00edculo sobre la\u00a0realizaci\u00f3n de estragos.\u00a0 El art\u00edculo 186 propuesto establece: \u201cSer\u00e1 reprimido con prisi\u00f3n de dos (2) a diez (10) [&hellip;]<\/p>\n","protected":false},"author":2,"featured_media":12177,"comment_status":"open","ping_status":"open","sticky":false,"template":"","format":"standard","meta":{"tdm_status":"","tdm_grid_status":"","_jetpack_memberships_contains_paid_content":false,"footnotes":"","jetpack_publicize_message":"","jetpack_publicize_feature_enabled":true,"jetpack_social_post_already_shared":false,"jetpack_social_options":{"image_generator_settings":{"template":"highway","default_image_id":0,"font":"","enabled":false},"version":2}},"categories":[30],"tags":[],"class_list":{"0":"post-12176","1":"post","2":"type-post","3":"status-publish","4":"format-standard","5":"has-post-thumbnail","7":"category-provinciales"},"yoast_head":"<!-- This site is optimized with the Yoast SEO plugin v22.7 - https:\/\/yoast.com\/wordpress\/plugins\/seo\/ -->\n<title>Vandalismo rural: &quot;Hay un problema que requiere soluci\u00f3n&quot; - 103.9 fm<\/title>\n<meta name=\"robots\" content=\"index, follow, max-snippet:-1, max-image-preview:large, max-video-preview:-1\" \/>\n<link rel=\"canonical\" href=\"https:\/\/ondauno.com.ar\/index.php\/2020\/07\/06\/vandalismo-rural-hay-un-problema-que-requiere-solucion\/\" \/>\n<meta property=\"og:locale\" content=\"es_ES\" \/>\n<meta property=\"og:type\" content=\"article\" \/>\n<meta property=\"og:title\" content=\"Vandalismo rural: &quot;Hay un problema que requiere soluci\u00f3n&quot; - 103.9 fm\" \/>\n<meta property=\"og:description\" content=\"Ramiro Guti\u00e9rrez, diputado nacional del Frente de Todos present\u00f3 hace 72 horas con el presidente del Congreso Nacional Sergio Massa el proyecto de ley que incorpora el vandalismo rural como delito, pero adem\u00e1s, incorpora un art\u00edculo sobre la\u00a0realizaci\u00f3n de estragos.\u00a0 El art\u00edculo 186 propuesto establece: \u201cSer\u00e1 reprimido con prisi\u00f3n de dos (2) a diez (10) [&hellip;]\" \/>\n<meta property=\"og:url\" content=\"https:\/\/ondauno.com.ar\/index.php\/2020\/07\/06\/vandalismo-rural-hay-un-problema-que-requiere-solucion\/\" \/>\n<meta property=\"og:site_name\" content=\"103.9 fm\" \/>\n<meta property=\"article:publisher\" content=\"https:\/\/www.facebook.com\/ondauno103.9\" \/>\n<meta property=\"article:published_time\" content=\"2020-07-06T19:40:27+00:00\" \/>\n<meta property=\"article:modified_time\" content=\"2020-07-06T19:40:29+00:00\" \/>\n<meta property=\"og:image\" content=\"https:\/\/ondauno.com.ar\/wp-content\/uploads\/2020\/07\/vandalismo-rural-ramiro-gutierrez.jpg\" \/>\n\t<meta property=\"og:image:width\" content=\"887\" \/>\n\t<meta property=\"og:image:height\" content=\"554\" \/>\n\t<meta property=\"og:image:type\" content=\"image\/jpeg\" \/>\n<meta name=\"author\" content=\"fernando garcia\" \/>\n<meta name=\"twitter:card\" content=\"summary_large_image\" \/>\n<meta name=\"twitter:label1\" content=\"Escrito por\" \/>\n\t<meta name=\"twitter:data1\" content=\"fernando garcia\" \/>\n\t<meta name=\"twitter:label2\" content=\"Tiempo de lectura\" \/>\n\t<meta name=\"twitter:data2\" content=\"3 minutos\" \/>\n<script type=\"application\/ld+json\" class=\"yoast-schema-graph\">{\"@context\":\"https:\/\/schema.org\",\"@graph\":[{\"@type\":\"WebPage\",\"@id\":\"https:\/\/ondauno.com.ar\/index.php\/2020\/07\/06\/vandalismo-rural-hay-un-problema-que-requiere-solucion\/\",\"url\":\"https:\/\/ondauno.com.ar\/index.php\/2020\/07\/06\/vandalismo-rural-hay-un-problema-que-requiere-solucion\/\",\"name\":\"Vandalismo rural: \\\"Hay un problema que requiere soluci\u00f3n\\\" - 103.9 fm\",\"isPartOf\":{\"@id\":\"https:\/\/ondauno.com.ar\/#website\"},\"primaryImageOfPage\":{\"@id\":\"https:\/\/ondauno.com.ar\/index.php\/2020\/07\/06\/vandalismo-rural-hay-un-problema-que-requiere-solucion\/#primaryimage\"},\"image\":{\"@id\":\"https:\/\/ondauno.com.ar\/index.php\/2020\/07\/06\/vandalismo-rural-hay-un-problema-que-requiere-solucion\/#primaryimage\"},\"thumbnailUrl\":\"https:\/\/ondauno.com.ar\/wp-content\/uploads\/2020\/07\/vandalismo-rural-ramiro-gutierrez.jpg\",\"datePublished\":\"2020-07-06T19:40:27+00:00\",\"dateModified\":\"2020-07-06T19:40:29+00:00\",\"author\":{\"@id\":\"https:\/\/ondauno.com.ar\/#\/schema\/person\/201d1b68e6c75e0fd396fe5f8af5d139\"},\"breadcrumb\":{\"@id\":\"https:\/\/ondauno.com.ar\/index.php\/2020\/07\/06\/vandalismo-rural-hay-un-problema-que-requiere-solucion\/#breadcrumb\"},\"inLanguage\":\"es-AR\",\"potentialAction\":[{\"@type\":\"ReadAction\",\"target\":[\"https:\/\/ondauno.com.ar\/index.php\/2020\/07\/06\/vandalismo-rural-hay-un-problema-que-requiere-solucion\/\"]}]},{\"@type\":\"ImageObject\",\"inLanguage\":\"es-AR\",\"@id\":\"https:\/\/ondauno.com.ar\/index.php\/2020\/07\/06\/vandalismo-rural-hay-un-problema-que-requiere-solucion\/#primaryimage\",\"url\":\"https:\/\/ondauno.com.ar\/wp-content\/uploads\/2020\/07\/vandalismo-rural-ramiro-gutierrez.jpg\",\"contentUrl\":\"https:\/\/ondauno.com.ar\/wp-content\/uploads\/2020\/07\/vandalismo-rural-ramiro-gutierrez.jpg\",\"width\":887,\"height\":554},{\"@type\":\"BreadcrumbList\",\"@id\":\"https:\/\/ondauno.com.ar\/index.php\/2020\/07\/06\/vandalismo-rural-hay-un-problema-que-requiere-solucion\/#breadcrumb\",\"itemListElement\":[{\"@type\":\"ListItem\",\"position\":1,\"name\":\"Inicio\",\"item\":\"https:\/\/ondauno.com.ar\/\"},{\"@type\":\"ListItem\",\"position\":2,\"name\":\"Vandalismo rural: &#8220;Hay un problema que requiere soluci\u00f3n&#8221;\"}]},{\"@type\":\"WebSite\",\"@id\":\"https:\/\/ondauno.com.ar\/#website\",\"url\":\"https:\/\/ondauno.com.ar\/\",\"name\":\"103.9 fm\",\"description\":\"LA PRIMERA RADIO MULTIMEDIA DE TRES ARROYOS\",\"potentialAction\":[{\"@type\":\"SearchAction\",\"target\":{\"@type\":\"EntryPoint\",\"urlTemplate\":\"https:\/\/ondauno.com.ar\/?s={search_term_string}\"},\"query-input\":\"required name=search_term_string\"}],\"inLanguage\":\"es-AR\"},{\"@type\":\"Person\",\"@id\":\"https:\/\/ondauno.com.ar\/#\/schema\/person\/201d1b68e6c75e0fd396fe5f8af5d139\",\"name\":\"fernando garcia\",\"image\":{\"@type\":\"ImageObject\",\"inLanguage\":\"es-AR\",\"@id\":\"https:\/\/ondauno.com.ar\/#\/schema\/person\/image\/\",\"url\":\"https:\/\/secure.gravatar.com\/avatar\/5f7254642ad81272e79a2e69653cfdfc?s=96&d=mm&r=g\",\"contentUrl\":\"https:\/\/secure.gravatar.com\/avatar\/5f7254642ad81272e79a2e69653cfdfc?s=96&d=mm&r=g\",\"caption\":\"fernando garcia\"},\"url\":\"https:\/\/ondauno.com.ar\/index.php\/author\/ondaunoeditor\/\"}]}<\/script>\n<!-- \/ Yoast SEO plugin. -->","yoast_head_json":{"title":"Vandalismo rural: \"Hay un problema que requiere soluci\u00f3n\" - 103.9 fm","robots":{"index":"index","follow":"follow","max-snippet":"max-snippet:-1","max-image-preview":"max-image-preview:large","max-video-preview":"max-video-preview:-1"},"canonical":"https:\/\/ondauno.com.ar\/index.php\/2020\/07\/06\/vandalismo-rural-hay-un-problema-que-requiere-solucion\/","og_locale":"es_ES","og_type":"article","og_title":"Vandalismo rural: \"Hay un problema que requiere soluci\u00f3n\" - 103.9 fm","og_description":"Ramiro Guti\u00e9rrez, diputado nacional del Frente de Todos present\u00f3 hace 72 horas con el presidente del Congreso Nacional Sergio Massa el proyecto de ley que incorpora el vandalismo rural como delito, pero adem\u00e1s, incorpora un art\u00edculo sobre la\u00a0realizaci\u00f3n de estragos.\u00a0 El art\u00edculo 186 propuesto establece: \u201cSer\u00e1 reprimido con prisi\u00f3n de dos (2) a diez (10) [&hellip;]","og_url":"https:\/\/ondauno.com.ar\/index.php\/2020\/07\/06\/vandalismo-rural-hay-un-problema-que-requiere-solucion\/","og_site_name":"103.9 fm","article_publisher":"https:\/\/www.facebook.com\/ondauno103.9","article_published_time":"2020-07-06T19:40:27+00:00","article_modified_time":"2020-07-06T19:40:29+00:00","og_image":[{"width":887,"height":554,"url":"https:\/\/ondauno.com.ar\/wp-content\/uploads\/2020\/07\/vandalismo-rural-ramiro-gutierrez.jpg","type":"image\/jpeg"}],"author":"fernando garcia","twitter_card":"summary_large_image","twitter_misc":{"Escrito por":"fernando garcia","Tiempo de lectura":"3 minutos"},"schema":{"@context":"https:\/\/schema.org","@graph":[{"@type":"WebPage","@id":"https:\/\/ondauno.com.ar\/index.php\/2020\/07\/06\/vandalismo-rural-hay-un-problema-que-requiere-solucion\/","url":"https:\/\/ondauno.com.ar\/index.php\/2020\/07\/06\/vandalismo-rural-hay-un-problema-que-requiere-solucion\/","name":"Vandalismo rural: \"Hay un problema que requiere soluci\u00f3n\" - 103.9 fm","isPartOf":{"@id":"https:\/\/ondauno.com.ar\/#website"},"primaryImageOfPage":{"@id":"https:\/\/ondauno.com.ar\/index.php\/2020\/07\/06\/vandalismo-rural-hay-un-problema-que-requiere-solucion\/#primaryimage"},"image":{"@id":"https:\/\/ondauno.com.ar\/index.php\/2020\/07\/06\/vandalismo-rural-hay-un-problema-que-requiere-solucion\/#primaryimage"},"thumbnailUrl":"https:\/\/ondauno.com.ar\/wp-content\/uploads\/2020\/07\/vandalismo-rural-ramiro-gutierrez.jpg","datePublished":"2020-07-06T19:40:27+00:00","dateModified":"2020-07-06T19:40:29+00:00","author":{"@id":"https:\/\/ondauno.com.ar\/#\/schema\/person\/201d1b68e6c75e0fd396fe5f8af5d139"},"breadcrumb":{"@id":"https:\/\/ondauno.com.ar\/index.php\/2020\/07\/06\/vandalismo-rural-hay-un-problema-que-requiere-solucion\/#breadcrumb"},"inLanguage":"es-AR","potentialAction":[{"@type":"ReadAction","target":["https:\/\/ondauno.com.ar\/index.php\/2020\/07\/06\/vandalismo-rural-hay-un-problema-que-requiere-solucion\/"]}]},{"@type":"ImageObject","inLanguage":"es-AR","@id":"https:\/\/ondauno.com.ar\/index.php\/2020\/07\/06\/vandalismo-rural-hay-un-problema-que-requiere-solucion\/#primaryimage","url":"https:\/\/ondauno.com.ar\/wp-content\/uploads\/2020\/07\/vandalismo-rural-ramiro-gutierrez.jpg","contentUrl":"https:\/\/ondauno.com.ar\/wp-content\/uploads\/2020\/07\/vandalismo-rural-ramiro-gutierrez.jpg","width":887,"height":554},{"@type":"BreadcrumbList","@id":"https:\/\/ondauno.com.ar\/index.php\/2020\/07\/06\/vandalismo-rural-hay-un-problema-que-requiere-solucion\/#breadcrumb","itemListElement":[{"@type":"ListItem","position":1,"name":"Inicio","item":"https:\/\/ondauno.com.ar\/"},{"@type":"ListItem","position":2,"name":"Vandalismo rural: &#8220;Hay un problema que requiere soluci\u00f3n&#8221;"}]},{"@type":"WebSite","@id":"https:\/\/ondauno.com.ar\/#website","url":"https:\/\/ondauno.com.ar\/","name":"103.9 fm","description":"LA PRIMERA RADIO MULTIMEDIA DE TRES ARROYOS","potentialAction":[{"@type":"SearchAction","target":{"@type":"EntryPoint","urlTemplate":"https:\/\/ondauno.com.ar\/?s={search_term_string}"},"query-input":"required name=search_term_string"}],"inLanguage":"es-AR"},{"@type":"Person","@id":"https:\/\/ondauno.com.ar\/#\/schema\/person\/201d1b68e6c75e0fd396fe5f8af5d139","name":"fernando garcia","image":{"@type":"ImageObject","inLanguage":"es-AR","@id":"https:\/\/ondauno.com.ar\/#\/schema\/person\/image\/","url":"https:\/\/secure.gravatar.com\/avatar\/5f7254642ad81272e79a2e69653cfdfc?s=96&d=mm&r=g","contentUrl":"https:\/\/secure.gravatar.com\/avatar\/5f7254642ad81272e79a2e69653cfdfc?s=96&d=mm&r=g","caption":"fernando garcia"},"url":"https:\/\/ondauno.com.ar\/index.php\/author\/ondaunoeditor\/"}]}},"jetpack_publicize_connections":[],"jetpack_featured_media_url":"https:\/\/ondauno.com.ar\/wp-content\/uploads\/2020\/07\/vandalismo-rural-ramiro-gutierrez.jpg","jetpack_sharing_enabled":true,"_links":{"self":[{"href":"https:\/\/ondauno.com.ar\/index.php\/wp-json\/wp\/v2\/posts\/12176","targetHints":{"allow":["GET"]}}],"collection":[{"href":"https:\/\/ondauno.com.ar\/index.php\/wp-json\/wp\/v2\/posts"}],"about":[{"href":"https:\/\/ondauno.com.ar\/index.php\/wp-json\/wp\/v2\/types\/post"}],"author":[{"embeddable":true,"href":"https:\/\/ondauno.com.ar\/index.php\/wp-json\/wp\/v2\/users\/2"}],"replies":[{"embeddable":true,"href":"https:\/\/ondauno.com.ar\/index.php\/wp-json\/wp\/v2\/comments?post=12176"}],"version-history":[{"count":0,"href":"https:\/\/ondauno.com.ar\/index.php\/wp-json\/wp\/v2\/posts\/12176\/revisions"}],"wp:featuredmedia":[{"embeddable":true,"href":"https:\/\/ondauno.com.ar\/index.php\/wp-json\/wp\/v2\/media\/12177"}],"wp:attachment":[{"href":"https:\/\/ondauno.com.ar\/index.php\/wp-json\/wp\/v2\/media?parent=12176"}],"wp:term":[{"taxonomy":"category","embeddable":true,"href":"https:\/\/ondauno.com.ar\/index.php\/wp-json\/wp\/v2\/categories?post=12176"},{"taxonomy":"post_tag","embeddable":true,"href":"https:\/\/ondauno.com.ar\/index.php\/wp-json\/wp\/v2\/tags?post=12176"}],"curies":[{"name":"wp","href":"https:\/\/api.w.org\/{rel}","templated":true}]}}