{"id":12172,"date":"2020-07-06T16:14:34","date_gmt":"2020-07-06T19:14:34","guid":{"rendered":"http:\/\/ondauno.com.ar\/?p=12172"},"modified":"2020-07-06T16:15:17","modified_gmt":"2020-07-06T19:15:17","slug":"12172","status":"publish","type":"post","link":"https:\/\/ondauno.com.ar\/index.php\/2020\/07\/06\/12172\/","title":{"rendered":"Silobolsas: Descartan el m\u00f3vil pol\u00edtico en el hecho de vandalismo rural en Chaves"},"content":{"rendered":"<div class=\"ondau-before-content_3\" style=\"margin-top: -30px;\" id=\"ondau-4124565402\"><a href=\"https:\/\/www.lps.com.ar\/\" aria-label=\"la-perse2\"><img loading=\"lazy\" decoding=\"async\" src=\"https:\/\/ondauno.com.ar\/wp-content\/uploads\/2021\/10\/la-perse2.jpg\" alt=\"\"  srcset=\"https:\/\/ondauno.com.ar\/wp-content\/uploads\/2021\/10\/la-perse2.jpg 1353w, https:\/\/ondauno.com.ar\/wp-content\/uploads\/2021\/10\/la-perse2-300x43.jpg 300w, https:\/\/ondauno.com.ar\/wp-content\/uploads\/2021\/10\/la-perse2-1024x148.jpg 1024w, https:\/\/ondauno.com.ar\/wp-content\/uploads\/2021\/10\/la-perse2-768x111.jpg 768w, https:\/\/ondauno.com.ar\/wp-content\/uploads\/2021\/10\/la-perse2-696x100.jpg 696w, https:\/\/ondauno.com.ar\/wp-content\/uploads\/2021\/10\/la-perse2-1068x154.jpg 1068w\" sizes=\"(max-width: 1353px) 100vw, 1353px\" class=\"no-lazyload\" width=\"1353\" height=\"195\"  style=\"display: inline-block;\" \/><\/a><\/div>\n<p>Juan Carlos Cabrera periodista de Adolfo Gonz\u00e1les Chaves, desde Radio Activa  mencion\u00f3 en Cosas que Pasan las novedades sobre el ataque vand\u00e1lico a un silobolsa del productor agropecuario Mart\u00edn Prieto y posterior aprehensi\u00f3n de los responsables del mismo.<\/p>\n\n\n\n<p>&#8220;Los tres sospechosos aprehendidos, Cristian Maglione, Gonzalo Guzm\u00e1n y un menor de 14 a\u00f1os de edad, todos con amplios antecedentes penales, y una cuarta persona de apellido Pereyra fueron aprehendidos con la actuaci\u00f3n del CPR de Chaves y de la Polic\u00eda Comunal con ayuda de las c\u00e1maras de seguridad del Centro de Monitoreo municipal&#8221;.<\/p>\n\n\n\n<p>&#8220;Los aprehendidos deber\u00e1n declarar en Tres Arroyos en la UFI N\u00b0 16 de esa ciudad y actualmente s eencuentran en libertad&#8221;.<\/p>\n\n\n\n<p>&#8220;El hecho trascendi\u00f3 a nivel nacional y eso llev\u00f3 a la informaci\u00f3n de que uno d elos sospechosos formaba parte del Movimiento Evita, cosa que la organizaci\u00f3n descart\u00f3 a trav\u00e9s de una carta aclaratoria, al mismo tiempo los investigadores descartaron el m\u00f3vil pol\u00edtico en la rotura del silobolsa&#8221;<\/p>\n\n\n\n<p>&#8220;El productor agropecuario Mart\u00edn Prieto pudo recuperar el cereal que se desparram\u00f3 incluso no lo ten\u00eda asegurado, as\u00ed que eso descarta tambi\u00e9n la hip\u00f3tesis de que el propio productor pudiera romperlo. Por lo tanto no es viable pensar en eso, como tampoco en que se haya roto solo&#8221;. <\/p>\n\n\n\n<p><strong>Declaraci\u00f3n en Fiscal\u00eda<\/strong><\/p>\n\n\n\n<p>El fiscal que sigue esta causa, doctor Gabriel Lopazzo confirm\u00f3 esta ma\u00f1ana en Cosas que Pasan que los aprehendidos por &#8220;vandalismo rural&#8221; no prestaron declaraci\u00f3n y que se efectuaron dos allanamientos, mientras se investiga a otros dos sospecjosos.<\/p>\n\n\n\n<p><\/p>\n\n\n\n<p><strong>El hecho<\/strong><\/p>\n\n\n\n<p>Luego de una investigaci\u00f3n llevada a cabo por el Comando de Prevenci\u00f3n Rural Adolfo Gonzales Chaves, a cargo de su titular Subcomisario Devincenti Cesar, con una amplia colaboraci\u00f3n de la Estaci\u00f3n de Polic\u00eda Comunal y la supervisi\u00f3n del propio Ayudante Fiscal local Dr. Juan Carlos Ustarroz, permiti\u00f3 el esclarecimiento del\u00a0da\u00f1o ocasionado al silobolsa con 50 toneladas de cebada propiedad del productor Martin Prieto<strong>, trat\u00e1ndose de un hecho netamente de vandalismo rural. <\/strong><\/p>\n\n\n\n<p> <\/p>\n\n\n\n<figure class=\"wp-block-embed-facebook wp-block-embed\"><div class=\"wp-block-embed__wrapper\">\n<div class=\"fb-video\" data-allowfullscreen=\"true\" data-href=\"https:\/\/www.facebook.com\/ondauno103.9\/videos\/2789887141113281\" style=\"background-color: #fff; display: inline-block;\"><\/div>\n<\/div><\/figure>\n","protected":false},"excerpt":{"rendered":"<p>Juan Carlos Cabrera periodista de Adolfo Gonz\u00e1les Chaves, desde Radio Activa mencion\u00f3 en Cosas que Pasan las novedades sobre el ataque vand\u00e1lico a un silobolsa del productor agropecuario Mart\u00edn Prieto y posterior aprehensi\u00f3n de los responsables del mismo. &#8220;Los tres sospechosos aprehendidos, Cristian Maglione, Gonzalo Guzm\u00e1n y un menor de 14 a\u00f1os de edad, todos [&hellip;]<\/p>\n","protected":false},"author":2,"featured_media":12173,"comment_status":"open","ping_status":"open","sticky":false,"template":"","format":"standard","meta":{"tdm_status":"","tdm_grid_status":"","_jetpack_memberships_contains_paid_content":false,"footnotes":"","jetpack_publicize_message":"","jetpack_publicize_feature_enabled":true,"jetpack_social_post_already_shared":false,"jetpack_social_options":{"image_generator_settings":{"template":"highway","default_image_id":0,"font":"","enabled":false},"version":2}},"categories":[35],"tags":[],"class_list":{"0":"post-12172","1":"post","2":"type-post","3":"status-publish","4":"format-standard","5":"has-post-thumbnail","7":"category-regionales"},"yoast_head":"<!-- This site is optimized with the Yoast SEO plugin v22.7 - https:\/\/yoast.com\/wordpress\/plugins\/seo\/ -->\n<title>Silobolsas: Descartan el m\u00f3vil pol\u00edtico en el hecho de vandalismo rural en Chaves - 103.9 fm<\/title>\n<meta name=\"robots\" content=\"index, follow, max-snippet:-1, max-image-preview:large, max-video-preview:-1\" \/>\n<link rel=\"canonical\" href=\"https:\/\/ondauno.com.ar\/index.php\/2020\/07\/06\/12172\/\" \/>\n<meta property=\"og:locale\" content=\"es_ES\" \/>\n<meta property=\"og:type\" content=\"article\" \/>\n<meta property=\"og:title\" content=\"Silobolsas: Descartan el m\u00f3vil pol\u00edtico en el hecho de vandalismo rural en Chaves - 103.9 fm\" \/>\n<meta property=\"og:description\" content=\"Juan Carlos Cabrera periodista de Adolfo Gonz\u00e1les Chaves, desde Radio Activa mencion\u00f3 en Cosas que Pasan las novedades sobre el ataque vand\u00e1lico a un silobolsa del productor agropecuario Mart\u00edn Prieto y posterior aprehensi\u00f3n de los responsables del mismo. &#8220;Los tres sospechosos aprehendidos, Cristian Maglione, Gonzalo Guzm\u00e1n y un menor de 14 a\u00f1os de edad, todos [&hellip;]\" \/>\n<meta property=\"og:url\" content=\"https:\/\/ondauno.com.ar\/index.php\/2020\/07\/06\/12172\/\" \/>\n<meta property=\"og:site_name\" content=\"103.9 fm\" \/>\n<meta property=\"article:publisher\" content=\"https:\/\/www.facebook.com\/ondauno103.9\" \/>\n<meta property=\"article:published_time\" content=\"2020-07-06T19:14:34+00:00\" \/>\n<meta property=\"article:modified_time\" content=\"2020-07-06T19:15:17+00:00\" \/>\n<meta property=\"og:image\" content=\"https:\/\/ondauno.com.ar\/wp-content\/uploads\/2020\/07\/chaves-silobolsa.jpg\" \/>\n\t<meta property=\"og:image:width\" content=\"1280\" \/>\n\t<meta property=\"og:image:height\" content=\"720\" \/>\n\t<meta property=\"og:image:type\" content=\"image\/jpeg\" \/>\n<meta name=\"author\" content=\"fernando garcia\" \/>\n<meta name=\"twitter:card\" content=\"summary_large_image\" \/>\n<meta name=\"twitter:label1\" content=\"Escrito por\" \/>\n\t<meta name=\"twitter:data1\" content=\"fernando garcia\" \/>\n\t<meta name=\"twitter:label2\" content=\"Tiempo de lectura\" \/>\n\t<meta name=\"twitter:data2\" content=\"2 minutos\" \/>\n<script type=\"application\/ld+json\" class=\"yoast-schema-graph\">{\"@context\":\"https:\/\/schema.org\",\"@graph\":[{\"@type\":\"WebPage\",\"@id\":\"https:\/\/ondauno.com.ar\/index.php\/2020\/07\/06\/12172\/\",\"url\":\"https:\/\/ondauno.com.ar\/index.php\/2020\/07\/06\/12172\/\",\"name\":\"Silobolsas: Descartan el m\u00f3vil pol\u00edtico en el hecho de vandalismo rural en Chaves - 103.9 fm\",\"isPartOf\":{\"@id\":\"https:\/\/ondauno.com.ar\/#website\"},\"primaryImageOfPage\":{\"@id\":\"https:\/\/ondauno.com.ar\/index.php\/2020\/07\/06\/12172\/#primaryimage\"},\"image\":{\"@id\":\"https:\/\/ondauno.com.ar\/index.php\/2020\/07\/06\/12172\/#primaryimage\"},\"thumbnailUrl\":\"https:\/\/ondauno.com.ar\/wp-content\/uploads\/2020\/07\/chaves-silobolsa.jpg\",\"datePublished\":\"2020-07-06T19:14:34+00:00\",\"dateModified\":\"2020-07-06T19:15:17+00:00\",\"author\":{\"@id\":\"https:\/\/ondauno.com.ar\/#\/schema\/person\/201d1b68e6c75e0fd396fe5f8af5d139\"},\"breadcrumb\":{\"@id\":\"https:\/\/ondauno.com.ar\/index.php\/2020\/07\/06\/12172\/#breadcrumb\"},\"inLanguage\":\"es-AR\",\"potentialAction\":[{\"@type\":\"ReadAction\",\"target\":[\"https:\/\/ondauno.com.ar\/index.php\/2020\/07\/06\/12172\/\"]}]},{\"@type\":\"ImageObject\",\"inLanguage\":\"es-AR\",\"@id\":\"https:\/\/ondauno.com.ar\/index.php\/2020\/07\/06\/12172\/#primaryimage\",\"url\":\"https:\/\/ondauno.com.ar\/wp-content\/uploads\/2020\/07\/chaves-silobolsa.jpg\",\"contentUrl\":\"https:\/\/ondauno.com.ar\/wp-content\/uploads\/2020\/07\/chaves-silobolsa.jpg\",\"width\":1280,\"height\":720},{\"@type\":\"BreadcrumbList\",\"@id\":\"https:\/\/ondauno.com.ar\/index.php\/2020\/07\/06\/12172\/#breadcrumb\",\"itemListElement\":[{\"@type\":\"ListItem\",\"position\":1,\"name\":\"Inicio\",\"item\":\"https:\/\/ondauno.com.ar\/\"},{\"@type\":\"ListItem\",\"position\":2,\"name\":\"Silobolsas: Descartan el m\u00f3vil pol\u00edtico en el hecho de vandalismo rural en Chaves\"}]},{\"@type\":\"WebSite\",\"@id\":\"https:\/\/ondauno.com.ar\/#website\",\"url\":\"https:\/\/ondauno.com.ar\/\",\"name\":\"103.9 fm\",\"description\":\"LA PRIMERA RADIO MULTIMEDIA DE TRES ARROYOS\",\"potentialAction\":[{\"@type\":\"SearchAction\",\"target\":{\"@type\":\"EntryPoint\",\"urlTemplate\":\"https:\/\/ondauno.com.ar\/?s={search_term_string}\"},\"query-input\":\"required name=search_term_string\"}],\"inLanguage\":\"es-AR\"},{\"@type\":\"Person\",\"@id\":\"https:\/\/ondauno.com.ar\/#\/schema\/person\/201d1b68e6c75e0fd396fe5f8af5d139\",\"name\":\"fernando garcia\",\"image\":{\"@type\":\"ImageObject\",\"inLanguage\":\"es-AR\",\"@id\":\"https:\/\/ondauno.com.ar\/#\/schema\/person\/image\/\",\"url\":\"https:\/\/secure.gravatar.com\/avatar\/5f7254642ad81272e79a2e69653cfdfc?s=96&d=mm&r=g\",\"contentUrl\":\"https:\/\/secure.gravatar.com\/avatar\/5f7254642ad81272e79a2e69653cfdfc?s=96&d=mm&r=g\",\"caption\":\"fernando garcia\"},\"url\":\"https:\/\/ondauno.com.ar\/index.php\/author\/ondaunoeditor\/\"}]}<\/script>\n<!-- \/ Yoast SEO plugin. -->","yoast_head_json":{"title":"Silobolsas: Descartan el m\u00f3vil pol\u00edtico en el hecho de vandalismo rural en Chaves - 103.9 fm","robots":{"index":"index","follow":"follow","max-snippet":"max-snippet:-1","max-image-preview":"max-image-preview:large","max-video-preview":"max-video-preview:-1"},"canonical":"https:\/\/ondauno.com.ar\/index.php\/2020\/07\/06\/12172\/","og_locale":"es_ES","og_type":"article","og_title":"Silobolsas: Descartan el m\u00f3vil pol\u00edtico en el hecho de vandalismo rural en Chaves - 103.9 fm","og_description":"Juan Carlos Cabrera periodista de Adolfo Gonz\u00e1les Chaves, desde Radio Activa mencion\u00f3 en Cosas que Pasan las novedades sobre el ataque vand\u00e1lico a un silobolsa del productor agropecuario Mart\u00edn Prieto y posterior aprehensi\u00f3n de los responsables del mismo. &#8220;Los tres sospechosos aprehendidos, Cristian Maglione, Gonzalo Guzm\u00e1n y un menor de 14 a\u00f1os de edad, todos [&hellip;]","og_url":"https:\/\/ondauno.com.ar\/index.php\/2020\/07\/06\/12172\/","og_site_name":"103.9 fm","article_publisher":"https:\/\/www.facebook.com\/ondauno103.9","article_published_time":"2020-07-06T19:14:34+00:00","article_modified_time":"2020-07-06T19:15:17+00:00","og_image":[{"width":1280,"height":720,"url":"https:\/\/ondauno.com.ar\/wp-content\/uploads\/2020\/07\/chaves-silobolsa.jpg","type":"image\/jpeg"}],"author":"fernando garcia","twitter_card":"summary_large_image","twitter_misc":{"Escrito por":"fernando garcia","Tiempo de lectura":"2 minutos"},"schema":{"@context":"https:\/\/schema.org","@graph":[{"@type":"WebPage","@id":"https:\/\/ondauno.com.ar\/index.php\/2020\/07\/06\/12172\/","url":"https:\/\/ondauno.com.ar\/index.php\/2020\/07\/06\/12172\/","name":"Silobolsas: Descartan el m\u00f3vil pol\u00edtico en el hecho de vandalismo rural en Chaves - 103.9 fm","isPartOf":{"@id":"https:\/\/ondauno.com.ar\/#website"},"primaryImageOfPage":{"@id":"https:\/\/ondauno.com.ar\/index.php\/2020\/07\/06\/12172\/#primaryimage"},"image":{"@id":"https:\/\/ondauno.com.ar\/index.php\/2020\/07\/06\/12172\/#primaryimage"},"thumbnailUrl":"https:\/\/ondauno.com.ar\/wp-content\/uploads\/2020\/07\/chaves-silobolsa.jpg","datePublished":"2020-07-06T19:14:34+00:00","dateModified":"2020-07-06T19:15:17+00:00","author":{"@id":"https:\/\/ondauno.com.ar\/#\/schema\/person\/201d1b68e6c75e0fd396fe5f8af5d139"},"breadcrumb":{"@id":"https:\/\/ondauno.com.ar\/index.php\/2020\/07\/06\/12172\/#breadcrumb"},"inLanguage":"es-AR","potentialAction":[{"@type":"ReadAction","target":["https:\/\/ondauno.com.ar\/index.php\/2020\/07\/06\/12172\/"]}]},{"@type":"ImageObject","inLanguage":"es-AR","@id":"https:\/\/ondauno.com.ar\/index.php\/2020\/07\/06\/12172\/#primaryimage","url":"https:\/\/ondauno.com.ar\/wp-content\/uploads\/2020\/07\/chaves-silobolsa.jpg","contentUrl":"https:\/\/ondauno.com.ar\/wp-content\/uploads\/2020\/07\/chaves-silobolsa.jpg","width":1280,"height":720},{"@type":"BreadcrumbList","@id":"https:\/\/ondauno.com.ar\/index.php\/2020\/07\/06\/12172\/#breadcrumb","itemListElement":[{"@type":"ListItem","position":1,"name":"Inicio","item":"https:\/\/ondauno.com.ar\/"},{"@type":"ListItem","position":2,"name":"Silobolsas: Descartan el m\u00f3vil pol\u00edtico en el hecho de vandalismo rural en Chaves"}]},{"@type":"WebSite","@id":"https:\/\/ondauno.com.ar\/#website","url":"https:\/\/ondauno.com.ar\/","name":"103.9 fm","description":"LA PRIMERA RADIO MULTIMEDIA DE TRES ARROYOS","potentialAction":[{"@type":"SearchAction","target":{"@type":"EntryPoint","urlTemplate":"https:\/\/ondauno.com.ar\/?s={search_term_string}"},"query-input":"required name=search_term_string"}],"inLanguage":"es-AR"},{"@type":"Person","@id":"https:\/\/ondauno.com.ar\/#\/schema\/person\/201d1b68e6c75e0fd396fe5f8af5d139","name":"fernando garcia","image":{"@type":"ImageObject","inLanguage":"es-AR","@id":"https:\/\/ondauno.com.ar\/#\/schema\/person\/image\/","url":"https:\/\/secure.gravatar.com\/avatar\/5f7254642ad81272e79a2e69653cfdfc?s=96&d=mm&r=g","contentUrl":"https:\/\/secure.gravatar.com\/avatar\/5f7254642ad81272e79a2e69653cfdfc?s=96&d=mm&r=g","caption":"fernando garcia"},"url":"https:\/\/ondauno.com.ar\/index.php\/author\/ondaunoeditor\/"}]}},"jetpack_publicize_connections":[],"jetpack_featured_media_url":"https:\/\/ondauno.com.ar\/wp-content\/uploads\/2020\/07\/chaves-silobolsa.jpg","jetpack_sharing_enabled":true,"_links":{"self":[{"href":"https:\/\/ondauno.com.ar\/index.php\/wp-json\/wp\/v2\/posts\/12172","targetHints":{"allow":["GET"]}}],"collection":[{"href":"https:\/\/ondauno.com.ar\/index.php\/wp-json\/wp\/v2\/posts"}],"about":[{"href":"https:\/\/ondauno.com.ar\/index.php\/wp-json\/wp\/v2\/types\/post"}],"author":[{"embeddable":true,"href":"https:\/\/ondauno.com.ar\/index.php\/wp-json\/wp\/v2\/users\/2"}],"replies":[{"embeddable":true,"href":"https:\/\/ondauno.com.ar\/index.php\/wp-json\/wp\/v2\/comments?post=12172"}],"version-history":[{"count":0,"href":"https:\/\/ondauno.com.ar\/index.php\/wp-json\/wp\/v2\/posts\/12172\/revisions"}],"wp:featuredmedia":[{"embeddable":true,"href":"https:\/\/ondauno.com.ar\/index.php\/wp-json\/wp\/v2\/media\/12173"}],"wp:attachment":[{"href":"https:\/\/ondauno.com.ar\/index.php\/wp-json\/wp\/v2\/media?parent=12172"}],"wp:term":[{"taxonomy":"category","embeddable":true,"href":"https:\/\/ondauno.com.ar\/index.php\/wp-json\/wp\/v2\/categories?post=12172"},{"taxonomy":"post_tag","embeddable":true,"href":"https:\/\/ondauno.com.ar\/index.php\/wp-json\/wp\/v2\/tags?post=12172"}],"curies":[{"name":"wp","href":"https:\/\/api.w.org\/{rel}","templated":true}]}}