{"id":12041,"date":"2020-07-03T11:50:22","date_gmt":"2020-07-03T14:50:22","guid":{"rendered":"http:\/\/ondauno.com.ar\/?p=12041"},"modified":"2020-07-03T12:31:24","modified_gmt":"2020-07-03T15:31:24","slug":"choque-en-la-esquina-de-libertad-y-chacabuco-entre-un-automovil-y-una-camioneta","status":"publish","type":"post","link":"https:\/\/ondauno.com.ar\/index.php\/2020\/07\/03\/choque-en-la-esquina-de-libertad-y-chacabuco-entre-un-automovil-y-una-camioneta\/","title":{"rendered":"Choque en la esquina de Libertad y Chacabuco entre un autom\u00f3vil y una camioneta"},"content":{"rendered":"<div class=\"ondau-before-content_3\" style=\"margin-top: -30px;\" id=\"ondau-1316848254\"><a href=\"https:\/\/www.lps.com.ar\/\" aria-label=\"la-perse2\"><img loading=\"lazy\" decoding=\"async\" src=\"https:\/\/ondauno.com.ar\/wp-content\/uploads\/2021\/10\/la-perse2.jpg\" alt=\"\"  srcset=\"https:\/\/ondauno.com.ar\/wp-content\/uploads\/2021\/10\/la-perse2.jpg 1353w, https:\/\/ondauno.com.ar\/wp-content\/uploads\/2021\/10\/la-perse2-300x43.jpg 300w, https:\/\/ondauno.com.ar\/wp-content\/uploads\/2021\/10\/la-perse2-1024x148.jpg 1024w, https:\/\/ondauno.com.ar\/wp-content\/uploads\/2021\/10\/la-perse2-768x111.jpg 768w, https:\/\/ondauno.com.ar\/wp-content\/uploads\/2021\/10\/la-perse2-696x100.jpg 696w, https:\/\/ondauno.com.ar\/wp-content\/uploads\/2021\/10\/la-perse2-1068x154.jpg 1068w\" sizes=\"(max-width: 1353px) 100vw, 1353px\" class=\"no-lazyload\" width=\"1353\" height=\"195\"  style=\"display: inline-block;\" \/><\/a><\/div>\n<ul class=\"wp-block-gallery columns-3 is-cropped wp-block-gallery-1 is-layout-flex wp-block-gallery-is-layout-flex\"><li class=\"blocks-gallery-item\"><figure><img loading=\"lazy\" decoding=\"async\" width=\"576\" height=\"1024\" data-src=\"http:\/\/ondauno.com.ar\/wp-content\/uploads\/2020\/07\/WhatsApp-Image-2020-07-03-at-12.30.11-576x1024.jpeg\" alt=\"\" data-id=\"12053\" data-link=\"http:\/\/ondauno.com.ar\/index.php\/2020\/07\/03\/choque-en-la-esquina-de-libertad-y-chacabuco-entre-un-automovil-y-una-camioneta\/whatsapp-image-2020-07-03-at-12-30-11\/\" class=\"wp-image-12053 lazyload\" data-srcset=\"https:\/\/ondauno.com.ar\/wp-content\/uploads\/2020\/07\/WhatsApp-Image-2020-07-03-at-12.30.11-576x1024.jpeg 576w, https:\/\/ondauno.com.ar\/wp-content\/uploads\/2020\/07\/WhatsApp-Image-2020-07-03-at-12.30.11-169x300.jpeg 169w, https:\/\/ondauno.com.ar\/wp-content\/uploads\/2020\/07\/WhatsApp-Image-2020-07-03-at-12.30.11-236x420.jpeg 236w, https:\/\/ondauno.com.ar\/wp-content\/uploads\/2020\/07\/WhatsApp-Image-2020-07-03-at-12.30.11.jpeg 581w\" data-sizes=\"auto, (max-width: 576px) 100vw, 576px\" src=\"data:image\/gif;base64,R0lGODlhAQABAAAAACH5BAEKAAEALAAAAAABAAEAAAICTAEAOw==\" style=\"--smush-placeholder-width: 576px; --smush-placeholder-aspect-ratio: 576\/1024;\" \/><noscript><img loading=\"lazy\" decoding=\"async\" width=\"576\" height=\"1024\" src=\"http:\/\/ondauno.com.ar\/wp-content\/uploads\/2020\/07\/WhatsApp-Image-2020-07-03-at-12.30.11-576x1024.jpeg\" alt=\"\" data-id=\"12053\" data-link=\"http:\/\/ondauno.com.ar\/index.php\/2020\/07\/03\/choque-en-la-esquina-de-libertad-y-chacabuco-entre-un-automovil-y-una-camioneta\/whatsapp-image-2020-07-03-at-12-30-11\/\" class=\"wp-image-12053\" srcset=\"https:\/\/ondauno.com.ar\/wp-content\/uploads\/2020\/07\/WhatsApp-Image-2020-07-03-at-12.30.11-576x1024.jpeg 576w, https:\/\/ondauno.com.ar\/wp-content\/uploads\/2020\/07\/WhatsApp-Image-2020-07-03-at-12.30.11-169x300.jpeg 169w, https:\/\/ondauno.com.ar\/wp-content\/uploads\/2020\/07\/WhatsApp-Image-2020-07-03-at-12.30.11-236x420.jpeg 236w, https:\/\/ondauno.com.ar\/wp-content\/uploads\/2020\/07\/WhatsApp-Image-2020-07-03-at-12.30.11.jpeg 581w\" sizes=\"auto, (max-width: 576px) 100vw, 576px\" \/><\/noscript><\/figure><\/li><li class=\"blocks-gallery-item\"><figure><img loading=\"lazy\" decoding=\"async\" width=\"576\" height=\"1024\" data-src=\"http:\/\/ondauno.com.ar\/wp-content\/uploads\/2020\/07\/WhatsApp-Image-2020-07-03-at-12.28.42-576x1024.jpeg\" alt=\"\" data-id=\"12051\" data-link=\"http:\/\/ondauno.com.ar\/index.php\/2020\/07\/03\/choque-en-la-esquina-de-libertad-y-chacabuco-entre-un-automovil-y-una-camioneta\/whatsapp-image-2020-07-03-at-12-28-42\/\" class=\"wp-image-12051 lazyload\" data-srcset=\"https:\/\/ondauno.com.ar\/wp-content\/uploads\/2020\/07\/WhatsApp-Image-2020-07-03-at-12.28.42-576x1024.jpeg 576w, https:\/\/ondauno.com.ar\/wp-content\/uploads\/2020\/07\/WhatsApp-Image-2020-07-03-at-12.28.42-169x300.jpeg 169w, https:\/\/ondauno.com.ar\/wp-content\/uploads\/2020\/07\/WhatsApp-Image-2020-07-03-at-12.28.42-236x420.jpeg 236w, https:\/\/ondauno.com.ar\/wp-content\/uploads\/2020\/07\/WhatsApp-Image-2020-07-03-at-12.28.42.jpeg 581w\" data-sizes=\"auto, (max-width: 576px) 100vw, 576px\" src=\"data:image\/gif;base64,R0lGODlhAQABAAAAACH5BAEKAAEALAAAAAABAAEAAAICTAEAOw==\" style=\"--smush-placeholder-width: 576px; --smush-placeholder-aspect-ratio: 576\/1024;\" \/><noscript><img loading=\"lazy\" decoding=\"async\" width=\"576\" height=\"1024\" src=\"http:\/\/ondauno.com.ar\/wp-content\/uploads\/2020\/07\/WhatsApp-Image-2020-07-03-at-12.28.42-576x1024.jpeg\" alt=\"\" data-id=\"12051\" data-link=\"http:\/\/ondauno.com.ar\/index.php\/2020\/07\/03\/choque-en-la-esquina-de-libertad-y-chacabuco-entre-un-automovil-y-una-camioneta\/whatsapp-image-2020-07-03-at-12-28-42\/\" class=\"wp-image-12051\" srcset=\"https:\/\/ondauno.com.ar\/wp-content\/uploads\/2020\/07\/WhatsApp-Image-2020-07-03-at-12.28.42-576x1024.jpeg 576w, https:\/\/ondauno.com.ar\/wp-content\/uploads\/2020\/07\/WhatsApp-Image-2020-07-03-at-12.28.42-169x300.jpeg 169w, https:\/\/ondauno.com.ar\/wp-content\/uploads\/2020\/07\/WhatsApp-Image-2020-07-03-at-12.28.42-236x420.jpeg 236w, https:\/\/ondauno.com.ar\/wp-content\/uploads\/2020\/07\/WhatsApp-Image-2020-07-03-at-12.28.42.jpeg 581w\" sizes=\"auto, (max-width: 576px) 100vw, 576px\" \/><\/noscript><\/figure><\/li><li class=\"blocks-gallery-item\"><figure><img loading=\"lazy\" decoding=\"async\" width=\"576\" height=\"1024\" data-src=\"http:\/\/ondauno.com.ar\/wp-content\/uploads\/2020\/07\/WhatsApp-Image-2020-07-03-at-12.28.10-576x1024.jpeg\" alt=\"\" data-id=\"12050\" data-link=\"http:\/\/ondauno.com.ar\/index.php\/2020\/07\/03\/choque-en-la-esquina-de-libertad-y-chacabuco-entre-un-automovil-y-una-camioneta\/whatsapp-image-2020-07-03-at-12-28-10\/\" class=\"wp-image-12050 lazyload\" data-srcset=\"https:\/\/ondauno.com.ar\/wp-content\/uploads\/2020\/07\/WhatsApp-Image-2020-07-03-at-12.28.10-576x1024.jpeg 576w, https:\/\/ondauno.com.ar\/wp-content\/uploads\/2020\/07\/WhatsApp-Image-2020-07-03-at-12.28.10-169x300.jpeg 169w, https:\/\/ondauno.com.ar\/wp-content\/uploads\/2020\/07\/WhatsApp-Image-2020-07-03-at-12.28.10-236x420.jpeg 236w, https:\/\/ondauno.com.ar\/wp-content\/uploads\/2020\/07\/WhatsApp-Image-2020-07-03-at-12.28.10.jpeg 581w\" data-sizes=\"auto, (max-width: 576px) 100vw, 576px\" src=\"data:image\/gif;base64,R0lGODlhAQABAAAAACH5BAEKAAEALAAAAAABAAEAAAICTAEAOw==\" style=\"--smush-placeholder-width: 576px; --smush-placeholder-aspect-ratio: 576\/1024;\" \/><noscript><img loading=\"lazy\" decoding=\"async\" width=\"576\" height=\"1024\" src=\"http:\/\/ondauno.com.ar\/wp-content\/uploads\/2020\/07\/WhatsApp-Image-2020-07-03-at-12.28.10-576x1024.jpeg\" alt=\"\" data-id=\"12050\" data-link=\"http:\/\/ondauno.com.ar\/index.php\/2020\/07\/03\/choque-en-la-esquina-de-libertad-y-chacabuco-entre-un-automovil-y-una-camioneta\/whatsapp-image-2020-07-03-at-12-28-10\/\" class=\"wp-image-12050\" srcset=\"https:\/\/ondauno.com.ar\/wp-content\/uploads\/2020\/07\/WhatsApp-Image-2020-07-03-at-12.28.10-576x1024.jpeg 576w, https:\/\/ondauno.com.ar\/wp-content\/uploads\/2020\/07\/WhatsApp-Image-2020-07-03-at-12.28.10-169x300.jpeg 169w, https:\/\/ondauno.com.ar\/wp-content\/uploads\/2020\/07\/WhatsApp-Image-2020-07-03-at-12.28.10-236x420.jpeg 236w, https:\/\/ondauno.com.ar\/wp-content\/uploads\/2020\/07\/WhatsApp-Image-2020-07-03-at-12.28.10.jpeg 581w\" sizes=\"auto, (max-width: 576px) 100vw, 576px\" \/><\/noscript><\/figure><\/li><\/ul>\n\n\n\n<p>Hace instantes se produjo un nuevo accidente automovil\u00edstico, esta vez, protagonizado por un Chevrolet Astra y una camioneta VW Amarok.<\/p>\n\n\n\n<p>El conductor del veh\u00edculo menor se identific\u00f3 como Daniel Campisi quien circulaba acompa\u00f1ado por su esposa. La mujer sufri\u00f3 heridas y golpes en la caeza.<\/p>\n\n\n\n<p>Mientras que el veh\u00edculo mayor era conducido por Alberto Mc Clelland.<\/p>\n\n\n\n<p>Nota en desarrollo<\/p>\n\n\n\n<p><\/p>\n","protected":false},"excerpt":{"rendered":"<p>Hace instantes se produjo un nuevo accidente automovil\u00edstico, esta vez, protagonizado por un Chevrolet Astra y una camioneta VW Amarok. El conductor del veh\u00edculo menor se identific\u00f3 como Daniel Campisi quien circulaba acompa\u00f1ado por su esposa. La mujer sufri\u00f3 heridas y golpes en la caeza. Mientras que el veh\u00edculo mayor era conducido por Alberto Mc [&hellip;]<\/p>\n","protected":false},"author":2,"featured_media":12049,"comment_status":"open","ping_status":"open","sticky":false,"template":"","format":"standard","meta":{"tdm_status":"","tdm_grid_status":"","_jetpack_memberships_contains_paid_content":false,"footnotes":"","jetpack_publicize_message":"","jetpack_publicize_feature_enabled":true,"jetpack_social_post_already_shared":false,"jetpack_social_options":{"image_generator_settings":{"template":"highway","default_image_id":0,"font":"","enabled":false},"version":2}},"categories":[29],"tags":[],"class_list":{"0":"post-12041","1":"post","2":"type-post","3":"status-publish","4":"format-standard","5":"has-post-thumbnail","7":"category-policiales"},"yoast_head":"<!-- This site is optimized with the Yoast SEO plugin v22.7 - https:\/\/yoast.com\/wordpress\/plugins\/seo\/ -->\n<title>Choque en la esquina de Libertad y Chacabuco entre un autom\u00f3vil y una camioneta - 103.9 fm<\/title>\n<meta name=\"robots\" content=\"index, follow, max-snippet:-1, max-image-preview:large, max-video-preview:-1\" \/>\n<link rel=\"canonical\" href=\"https:\/\/ondauno.com.ar\/index.php\/2020\/07\/03\/choque-en-la-esquina-de-libertad-y-chacabuco-entre-un-automovil-y-una-camioneta\/\" \/>\n<meta property=\"og:locale\" content=\"es_ES\" \/>\n<meta property=\"og:type\" content=\"article\" \/>\n<meta property=\"og:title\" content=\"Choque en la esquina de Libertad y Chacabuco entre un autom\u00f3vil y una camioneta - 103.9 fm\" \/>\n<meta property=\"og:description\" content=\"Hace instantes se produjo un nuevo accidente automovil\u00edstico, esta vez, protagonizado por un Chevrolet Astra y una camioneta VW Amarok. El conductor del veh\u00edculo menor se identific\u00f3 como Daniel Campisi quien circulaba acompa\u00f1ado por su esposa. La mujer sufri\u00f3 heridas y golpes en la caeza. Mientras que el veh\u00edculo mayor era conducido por Alberto Mc [&hellip;]\" \/>\n<meta property=\"og:url\" content=\"https:\/\/ondauno.com.ar\/index.php\/2020\/07\/03\/choque-en-la-esquina-de-libertad-y-chacabuco-entre-un-automovil-y-una-camioneta\/\" \/>\n<meta property=\"og:site_name\" content=\"103.9 fm\" \/>\n<meta property=\"article:publisher\" content=\"https:\/\/www.facebook.com\/ondauno103.9\" \/>\n<meta property=\"article:published_time\" content=\"2020-07-03T14:50:22+00:00\" \/>\n<meta property=\"article:modified_time\" content=\"2020-07-03T15:31:24+00:00\" \/>\n<meta property=\"og:image\" content=\"https:\/\/ondauno.com.ar\/wp-content\/uploads\/2020\/07\/WhatsApp-Image-2020-07-03-at-12.27.38.jpeg\" \/>\n\t<meta property=\"og:image:width\" content=\"581\" \/>\n\t<meta property=\"og:image:height\" content=\"1032\" \/>\n\t<meta property=\"og:image:type\" content=\"image\/jpeg\" \/>\n<meta name=\"author\" content=\"fernando garcia\" \/>\n<meta name=\"twitter:card\" content=\"summary_large_image\" \/>\n<meta name=\"twitter:label1\" content=\"Escrito por\" \/>\n\t<meta name=\"twitter:data1\" content=\"fernando garcia\" \/>\n<script type=\"application\/ld+json\" class=\"yoast-schema-graph\">{\"@context\":\"https:\/\/schema.org\",\"@graph\":[{\"@type\":\"WebPage\",\"@id\":\"https:\/\/ondauno.com.ar\/index.php\/2020\/07\/03\/choque-en-la-esquina-de-libertad-y-chacabuco-entre-un-automovil-y-una-camioneta\/\",\"url\":\"https:\/\/ondauno.com.ar\/index.php\/2020\/07\/03\/choque-en-la-esquina-de-libertad-y-chacabuco-entre-un-automovil-y-una-camioneta\/\",\"name\":\"Choque en la esquina de Libertad y Chacabuco entre un autom\u00f3vil y una camioneta - 103.9 fm\",\"isPartOf\":{\"@id\":\"https:\/\/ondauno.com.ar\/#website\"},\"primaryImageOfPage\":{\"@id\":\"https:\/\/ondauno.com.ar\/index.php\/2020\/07\/03\/choque-en-la-esquina-de-libertad-y-chacabuco-entre-un-automovil-y-una-camioneta\/#primaryimage\"},\"image\":{\"@id\":\"https:\/\/ondauno.com.ar\/index.php\/2020\/07\/03\/choque-en-la-esquina-de-libertad-y-chacabuco-entre-un-automovil-y-una-camioneta\/#primaryimage\"},\"thumbnailUrl\":\"https:\/\/ondauno.com.ar\/wp-content\/uploads\/2020\/07\/WhatsApp-Image-2020-07-03-at-12.27.38.jpeg\",\"datePublished\":\"2020-07-03T14:50:22+00:00\",\"dateModified\":\"2020-07-03T15:31:24+00:00\",\"author\":{\"@id\":\"https:\/\/ondauno.com.ar\/#\/schema\/person\/201d1b68e6c75e0fd396fe5f8af5d139\"},\"breadcrumb\":{\"@id\":\"https:\/\/ondauno.com.ar\/index.php\/2020\/07\/03\/choque-en-la-esquina-de-libertad-y-chacabuco-entre-un-automovil-y-una-camioneta\/#breadcrumb\"},\"inLanguage\":\"es-AR\",\"potentialAction\":[{\"@type\":\"ReadAction\",\"target\":[\"https:\/\/ondauno.com.ar\/index.php\/2020\/07\/03\/choque-en-la-esquina-de-libertad-y-chacabuco-entre-un-automovil-y-una-camioneta\/\"]}]},{\"@type\":\"ImageObject\",\"inLanguage\":\"es-AR\",\"@id\":\"https:\/\/ondauno.com.ar\/index.php\/2020\/07\/03\/choque-en-la-esquina-de-libertad-y-chacabuco-entre-un-automovil-y-una-camioneta\/#primaryimage\",\"url\":\"https:\/\/ondauno.com.ar\/wp-content\/uploads\/2020\/07\/WhatsApp-Image-2020-07-03-at-12.27.38.jpeg\",\"contentUrl\":\"https:\/\/ondauno.com.ar\/wp-content\/uploads\/2020\/07\/WhatsApp-Image-2020-07-03-at-12.27.38.jpeg\",\"width\":581,\"height\":1032},{\"@type\":\"BreadcrumbList\",\"@id\":\"https:\/\/ondauno.com.ar\/index.php\/2020\/07\/03\/choque-en-la-esquina-de-libertad-y-chacabuco-entre-un-automovil-y-una-camioneta\/#breadcrumb\",\"itemListElement\":[{\"@type\":\"ListItem\",\"position\":1,\"name\":\"Inicio\",\"item\":\"https:\/\/ondauno.com.ar\/\"},{\"@type\":\"ListItem\",\"position\":2,\"name\":\"Choque en la esquina de Libertad y Chacabuco entre un autom\u00f3vil y una camioneta\"}]},{\"@type\":\"WebSite\",\"@id\":\"https:\/\/ondauno.com.ar\/#website\",\"url\":\"https:\/\/ondauno.com.ar\/\",\"name\":\"103.9 fm\",\"description\":\"LA PRIMERA RADIO MULTIMEDIA DE TRES ARROYOS\",\"potentialAction\":[{\"@type\":\"SearchAction\",\"target\":{\"@type\":\"EntryPoint\",\"urlTemplate\":\"https:\/\/ondauno.com.ar\/?s={search_term_string}\"},\"query-input\":\"required name=search_term_string\"}],\"inLanguage\":\"es-AR\"},{\"@type\":\"Person\",\"@id\":\"https:\/\/ondauno.com.ar\/#\/schema\/person\/201d1b68e6c75e0fd396fe5f8af5d139\",\"name\":\"fernando garcia\",\"image\":{\"@type\":\"ImageObject\",\"inLanguage\":\"es-AR\",\"@id\":\"https:\/\/ondauno.com.ar\/#\/schema\/person\/image\/\",\"url\":\"https:\/\/secure.gravatar.com\/avatar\/5f7254642ad81272e79a2e69653cfdfc?s=96&d=mm&r=g\",\"contentUrl\":\"https:\/\/secure.gravatar.com\/avatar\/5f7254642ad81272e79a2e69653cfdfc?s=96&d=mm&r=g\",\"caption\":\"fernando garcia\"},\"url\":\"https:\/\/ondauno.com.ar\/index.php\/author\/ondaunoeditor\/\"}]}<\/script>\n<!-- \/ Yoast SEO plugin. -->","yoast_head_json":{"title":"Choque en la esquina de Libertad y Chacabuco entre un autom\u00f3vil y una camioneta - 103.9 fm","robots":{"index":"index","follow":"follow","max-snippet":"max-snippet:-1","max-image-preview":"max-image-preview:large","max-video-preview":"max-video-preview:-1"},"canonical":"https:\/\/ondauno.com.ar\/index.php\/2020\/07\/03\/choque-en-la-esquina-de-libertad-y-chacabuco-entre-un-automovil-y-una-camioneta\/","og_locale":"es_ES","og_type":"article","og_title":"Choque en la esquina de Libertad y Chacabuco entre un autom\u00f3vil y una camioneta - 103.9 fm","og_description":"Hace instantes se produjo un nuevo accidente automovil\u00edstico, esta vez, protagonizado por un Chevrolet Astra y una camioneta VW Amarok. El conductor del veh\u00edculo menor se identific\u00f3 como Daniel Campisi quien circulaba acompa\u00f1ado por su esposa. La mujer sufri\u00f3 heridas y golpes en la caeza. Mientras que el veh\u00edculo mayor era conducido por Alberto Mc [&hellip;]","og_url":"https:\/\/ondauno.com.ar\/index.php\/2020\/07\/03\/choque-en-la-esquina-de-libertad-y-chacabuco-entre-un-automovil-y-una-camioneta\/","og_site_name":"103.9 fm","article_publisher":"https:\/\/www.facebook.com\/ondauno103.9","article_published_time":"2020-07-03T14:50:22+00:00","article_modified_time":"2020-07-03T15:31:24+00:00","og_image":[{"width":581,"height":1032,"url":"https:\/\/ondauno.com.ar\/wp-content\/uploads\/2020\/07\/WhatsApp-Image-2020-07-03-at-12.27.38.jpeg","type":"image\/jpeg"}],"author":"fernando garcia","twitter_card":"summary_large_image","twitter_misc":{"Escrito por":"fernando garcia"},"schema":{"@context":"https:\/\/schema.org","@graph":[{"@type":"WebPage","@id":"https:\/\/ondauno.com.ar\/index.php\/2020\/07\/03\/choque-en-la-esquina-de-libertad-y-chacabuco-entre-un-automovil-y-una-camioneta\/","url":"https:\/\/ondauno.com.ar\/index.php\/2020\/07\/03\/choque-en-la-esquina-de-libertad-y-chacabuco-entre-un-automovil-y-una-camioneta\/","name":"Choque en la esquina de Libertad y Chacabuco entre un autom\u00f3vil y una camioneta - 103.9 fm","isPartOf":{"@id":"https:\/\/ondauno.com.ar\/#website"},"primaryImageOfPage":{"@id":"https:\/\/ondauno.com.ar\/index.php\/2020\/07\/03\/choque-en-la-esquina-de-libertad-y-chacabuco-entre-un-automovil-y-una-camioneta\/#primaryimage"},"image":{"@id":"https:\/\/ondauno.com.ar\/index.php\/2020\/07\/03\/choque-en-la-esquina-de-libertad-y-chacabuco-entre-un-automovil-y-una-camioneta\/#primaryimage"},"thumbnailUrl":"https:\/\/ondauno.com.ar\/wp-content\/uploads\/2020\/07\/WhatsApp-Image-2020-07-03-at-12.27.38.jpeg","datePublished":"2020-07-03T14:50:22+00:00","dateModified":"2020-07-03T15:31:24+00:00","author":{"@id":"https:\/\/ondauno.com.ar\/#\/schema\/person\/201d1b68e6c75e0fd396fe5f8af5d139"},"breadcrumb":{"@id":"https:\/\/ondauno.com.ar\/index.php\/2020\/07\/03\/choque-en-la-esquina-de-libertad-y-chacabuco-entre-un-automovil-y-una-camioneta\/#breadcrumb"},"inLanguage":"es-AR","potentialAction":[{"@type":"ReadAction","target":["https:\/\/ondauno.com.ar\/index.php\/2020\/07\/03\/choque-en-la-esquina-de-libertad-y-chacabuco-entre-un-automovil-y-una-camioneta\/"]}]},{"@type":"ImageObject","inLanguage":"es-AR","@id":"https:\/\/ondauno.com.ar\/index.php\/2020\/07\/03\/choque-en-la-esquina-de-libertad-y-chacabuco-entre-un-automovil-y-una-camioneta\/#primaryimage","url":"https:\/\/ondauno.com.ar\/wp-content\/uploads\/2020\/07\/WhatsApp-Image-2020-07-03-at-12.27.38.jpeg","contentUrl":"https:\/\/ondauno.com.ar\/wp-content\/uploads\/2020\/07\/WhatsApp-Image-2020-07-03-at-12.27.38.jpeg","width":581,"height":1032},{"@type":"BreadcrumbList","@id":"https:\/\/ondauno.com.ar\/index.php\/2020\/07\/03\/choque-en-la-esquina-de-libertad-y-chacabuco-entre-un-automovil-y-una-camioneta\/#breadcrumb","itemListElement":[{"@type":"ListItem","position":1,"name":"Inicio","item":"https:\/\/ondauno.com.ar\/"},{"@type":"ListItem","position":2,"name":"Choque en la esquina de Libertad y Chacabuco entre un autom\u00f3vil y una camioneta"}]},{"@type":"WebSite","@id":"https:\/\/ondauno.com.ar\/#website","url":"https:\/\/ondauno.com.ar\/","name":"103.9 fm","description":"LA PRIMERA RADIO MULTIMEDIA DE TRES ARROYOS","potentialAction":[{"@type":"SearchAction","target":{"@type":"EntryPoint","urlTemplate":"https:\/\/ondauno.com.ar\/?s={search_term_string}"},"query-input":"required name=search_term_string"}],"inLanguage":"es-AR"},{"@type":"Person","@id":"https:\/\/ondauno.com.ar\/#\/schema\/person\/201d1b68e6c75e0fd396fe5f8af5d139","name":"fernando garcia","image":{"@type":"ImageObject","inLanguage":"es-AR","@id":"https:\/\/ondauno.com.ar\/#\/schema\/person\/image\/","url":"https:\/\/secure.gravatar.com\/avatar\/5f7254642ad81272e79a2e69653cfdfc?s=96&d=mm&r=g","contentUrl":"https:\/\/secure.gravatar.com\/avatar\/5f7254642ad81272e79a2e69653cfdfc?s=96&d=mm&r=g","caption":"fernando garcia"},"url":"https:\/\/ondauno.com.ar\/index.php\/author\/ondaunoeditor\/"}]}},"jetpack_publicize_connections":[],"jetpack_featured_media_url":"https:\/\/ondauno.com.ar\/wp-content\/uploads\/2020\/07\/WhatsApp-Image-2020-07-03-at-12.27.38.jpeg","jetpack_sharing_enabled":true,"_links":{"self":[{"href":"https:\/\/ondauno.com.ar\/index.php\/wp-json\/wp\/v2\/posts\/12041","targetHints":{"allow":["GET"]}}],"collection":[{"href":"https:\/\/ondauno.com.ar\/index.php\/wp-json\/wp\/v2\/posts"}],"about":[{"href":"https:\/\/ondauno.com.ar\/index.php\/wp-json\/wp\/v2\/types\/post"}],"author":[{"embeddable":true,"href":"https:\/\/ondauno.com.ar\/index.php\/wp-json\/wp\/v2\/users\/2"}],"replies":[{"embeddable":true,"href":"https:\/\/ondauno.com.ar\/index.php\/wp-json\/wp\/v2\/comments?post=12041"}],"version-history":[{"count":0,"href":"https:\/\/ondauno.com.ar\/index.php\/wp-json\/wp\/v2\/posts\/12041\/revisions"}],"wp:featuredmedia":[{"embeddable":true,"href":"https:\/\/ondauno.com.ar\/index.php\/wp-json\/wp\/v2\/media\/12049"}],"wp:attachment":[{"href":"https:\/\/ondauno.com.ar\/index.php\/wp-json\/wp\/v2\/media?parent=12041"}],"wp:term":[{"taxonomy":"category","embeddable":true,"href":"https:\/\/ondauno.com.ar\/index.php\/wp-json\/wp\/v2\/categories?post=12041"},{"taxonomy":"post_tag","embeddable":true,"href":"https:\/\/ondauno.com.ar\/index.php\/wp-json\/wp\/v2\/tags?post=12041"}],"curies":[{"name":"wp","href":"https:\/\/api.w.org\/{rel}","templated":true}]}}