{"id":11760,"date":"2020-06-29T19:28:40","date_gmt":"2020-06-29T22:28:40","guid":{"rendered":"http:\/\/ondauno.com.ar\/?p=11760"},"modified":"2020-06-29T19:28:43","modified_gmt":"2020-06-29T22:28:43","slug":"estela-diaz-queremos-accesibilidad-cierta-de-la-poblacion-travesti-y-trans-al-empleo-estatal","status":"publish","type":"post","link":"https:\/\/ondauno.com.ar\/index.php\/2020\/06\/29\/estela-diaz-queremos-accesibilidad-cierta-de-la-poblacion-travesti-y-trans-al-empleo-estatal\/","title":{"rendered":"Estela D\u00edaz: \u201cQueremos accesibilidad cierta de la poblaci\u00f3n travesti y trans al empleo estatal\u201d"},"content":{"rendered":"<div class=\"ondau-before-content_3\" style=\"margin-top: -30px;\" id=\"ondau-458074920\"><a href=\"https:\/\/www.lps.com.ar\/\" aria-label=\"la-perse2\"><img loading=\"lazy\" decoding=\"async\" src=\"https:\/\/ondauno.com.ar\/wp-content\/uploads\/2021\/10\/la-perse2.jpg\" alt=\"\"  srcset=\"https:\/\/ondauno.com.ar\/wp-content\/uploads\/2021\/10\/la-perse2.jpg 1353w, https:\/\/ondauno.com.ar\/wp-content\/uploads\/2021\/10\/la-perse2-300x43.jpg 300w, https:\/\/ondauno.com.ar\/wp-content\/uploads\/2021\/10\/la-perse2-1024x148.jpg 1024w, https:\/\/ondauno.com.ar\/wp-content\/uploads\/2021\/10\/la-perse2-768x111.jpg 768w, https:\/\/ondauno.com.ar\/wp-content\/uploads\/2021\/10\/la-perse2-696x100.jpg 696w, https:\/\/ondauno.com.ar\/wp-content\/uploads\/2021\/10\/la-perse2-1068x154.jpg 1068w\" sizes=\"(max-width: 1353px) 100vw, 1353px\" class=\"no-lazyload\" width=\"1353\" height=\"195\"  style=\"display: inline-block;\" \/><\/a><\/div>\n<p><br> La ministra de las Mujeres, Pol\u00edticas de G\u00e9nero y Diversidad Sexual dijo que la creaci\u00f3n de un comit\u00e9 mixto con el ministerio de Trabajo busca garantizarlo.<\/p>\n\n\n\n<p>Estela D\u00edaz habl\u00f3 de la creaci\u00f3n del comit\u00e9 mixto en la Provincia con la cartera laboral para avanzar en la aplicaci\u00f3n plena de la Ley de Cupo Laboral Travesti y Trans, que establece el m\u00ednimo de 1% para el colectivo travesti y trans en las dependencias estatales.<br> La ministra remarc\u00f3: \u201cTenemos un fuerte compromiso de cumplir con el cupo travesti y trans, a punto tal que tenemos una Direcci\u00f3n provincial de diversidad sexual que tiene varias \u00e1reas de trabajo y una de ellas tiene que ver con el acceso al empleo\u201d.<br> En Tarea Fina  por Radio Provincia se\u00f1al\u00f3 que \u201ces una poblaci\u00f3n que ha sufrido discriminaci\u00f3n y falta de acceso a la educaci\u00f3n, la salud y el trabajo. No alcanza s\u00f3lo con tener una disposici\u00f3n, sino que se necesitan programas para que haya accesibilidad cierta al empleo. Eso es lo que va a trabajar esta comisi\u00f3n mixta\u201d, inform\u00f3.<\/p>\n\n\n\n<p><br> D\u00edaz, tambi\u00e9n apunt\u00f3 que se avanzar\u00e1 en un registro, \u201cporque si no, nunca se sabe si se cumpli\u00f3 o no, o a cu\u00e1nto estamos del cumplimiento objetivo de la ley\u201d. <br> La funcionaria destac\u00f3 la importancia de la resoluci\u00f3n del ministerio de Justicia y Derechos Humanos que dirige Julio Alak, que incorpor\u00f3 a \u00c1ngeles Helguera, la primera funcionaria trans como coordinadora en la subdirecci\u00f3n de Pol\u00edticas de G\u00e9nero del Servicio Penitenciario de la provincia de Buenos Aires.<\/p>\n\n\n\n\n\n<figure class=\"wp-block-audio\"><audio controls src=\"http:\/\/ondauno.com.ar\/wp-content\/uploads\/2020\/06\/estela.mp3\"><\/audio><\/figure>\n\n\n\n<h1 class=\"wp-block-heading\">#InformaProvincia<\/h1>\n","protected":false},"excerpt":{"rendered":"<p>La ministra de las Mujeres, Pol\u00edticas de G\u00e9nero y Diversidad Sexual dijo que la creaci\u00f3n de un comit\u00e9 mixto con el ministerio de Trabajo busca garantizarlo. Estela D\u00edaz habl\u00f3 de la creaci\u00f3n del comit\u00e9 mixto en la Provincia con la cartera laboral para avanzar en la aplicaci\u00f3n plena de la Ley de Cupo Laboral Travesti [&hellip;]<\/p>\n","protected":false},"author":2,"featured_media":0,"comment_status":"open","ping_status":"open","sticky":false,"template":"","format":"standard","meta":{"tdm_status":"","tdm_grid_status":"","_jetpack_memberships_contains_paid_content":false,"footnotes":"","jetpack_publicize_message":"","jetpack_publicize_feature_enabled":true,"jetpack_social_post_already_shared":false,"jetpack_social_options":{"image_generator_settings":{"template":"highway","default_image_id":0,"font":"","enabled":false},"version":2}},"categories":[30],"tags":[],"class_list":{"0":"post-11760","1":"post","2":"type-post","3":"status-publish","4":"format-standard","6":"category-provinciales"},"yoast_head":"<!-- This site is optimized with the Yoast SEO plugin v22.7 - https:\/\/yoast.com\/wordpress\/plugins\/seo\/ -->\n<title>Estela D\u00edaz: \u201cQueremos accesibilidad cierta de la poblaci\u00f3n travesti y trans al empleo estatal\u201d - 103.9 fm<\/title>\n<meta name=\"robots\" content=\"index, follow, max-snippet:-1, max-image-preview:large, max-video-preview:-1\" \/>\n<link rel=\"canonical\" href=\"https:\/\/ondauno.com.ar\/index.php\/2020\/06\/29\/estela-diaz-queremos-accesibilidad-cierta-de-la-poblacion-travesti-y-trans-al-empleo-estatal\/\" \/>\n<meta property=\"og:locale\" content=\"es_ES\" \/>\n<meta property=\"og:type\" content=\"article\" \/>\n<meta property=\"og:title\" content=\"Estela D\u00edaz: \u201cQueremos accesibilidad cierta de la poblaci\u00f3n travesti y trans al empleo estatal\u201d - 103.9 fm\" \/>\n<meta property=\"og:description\" content=\"La ministra de las Mujeres, Pol\u00edticas de G\u00e9nero y Diversidad Sexual dijo que la creaci\u00f3n de un comit\u00e9 mixto con el ministerio de Trabajo busca garantizarlo. Estela D\u00edaz habl\u00f3 de la creaci\u00f3n del comit\u00e9 mixto en la Provincia con la cartera laboral para avanzar en la aplicaci\u00f3n plena de la Ley de Cupo Laboral Travesti [&hellip;]\" \/>\n<meta property=\"og:url\" content=\"https:\/\/ondauno.com.ar\/index.php\/2020\/06\/29\/estela-diaz-queremos-accesibilidad-cierta-de-la-poblacion-travesti-y-trans-al-empleo-estatal\/\" \/>\n<meta property=\"og:site_name\" content=\"103.9 fm\" \/>\n<meta property=\"article:publisher\" content=\"https:\/\/www.facebook.com\/ondauno103.9\" \/>\n<meta property=\"article:published_time\" content=\"2020-06-29T22:28:40+00:00\" \/>\n<meta property=\"article:modified_time\" content=\"2020-06-29T22:28:43+00:00\" \/>\n<meta property=\"og:image\" content=\"https:\/\/ondauno.com.ar\/wp-content\/uploads\/2020\/06\/Estala-diaz.jpg\" \/>\n\t<meta property=\"og:image:width\" content=\"880\" \/>\n\t<meta property=\"og:image:height\" content=\"493\" \/>\n\t<meta property=\"og:image:type\" content=\"image\/jpeg\" \/>\n<meta name=\"author\" content=\"fernando garcia\" \/>\n<meta name=\"twitter:card\" content=\"summary_large_image\" \/>\n<meta name=\"twitter:label1\" content=\"Escrito por\" \/>\n\t<meta name=\"twitter:data1\" content=\"fernando garcia\" \/>\n\t<meta name=\"twitter:label2\" content=\"Tiempo de lectura\" \/>\n\t<meta name=\"twitter:data2\" content=\"1 minuto\" \/>\n<script type=\"application\/ld+json\" class=\"yoast-schema-graph\">{\"@context\":\"https:\/\/schema.org\",\"@graph\":[{\"@type\":\"WebPage\",\"@id\":\"https:\/\/ondauno.com.ar\/index.php\/2020\/06\/29\/estela-diaz-queremos-accesibilidad-cierta-de-la-poblacion-travesti-y-trans-al-empleo-estatal\/\",\"url\":\"https:\/\/ondauno.com.ar\/index.php\/2020\/06\/29\/estela-diaz-queremos-accesibilidad-cierta-de-la-poblacion-travesti-y-trans-al-empleo-estatal\/\",\"name\":\"Estela D\u00edaz: \u201cQueremos accesibilidad cierta de la poblaci\u00f3n travesti y trans al empleo estatal\u201d - 103.9 fm\",\"isPartOf\":{\"@id\":\"https:\/\/ondauno.com.ar\/#website\"},\"datePublished\":\"2020-06-29T22:28:40+00:00\",\"dateModified\":\"2020-06-29T22:28:43+00:00\",\"author\":{\"@id\":\"https:\/\/ondauno.com.ar\/#\/schema\/person\/201d1b68e6c75e0fd396fe5f8af5d139\"},\"breadcrumb\":{\"@id\":\"https:\/\/ondauno.com.ar\/index.php\/2020\/06\/29\/estela-diaz-queremos-accesibilidad-cierta-de-la-poblacion-travesti-y-trans-al-empleo-estatal\/#breadcrumb\"},\"inLanguage\":\"es-AR\",\"potentialAction\":[{\"@type\":\"ReadAction\",\"target\":[\"https:\/\/ondauno.com.ar\/index.php\/2020\/06\/29\/estela-diaz-queremos-accesibilidad-cierta-de-la-poblacion-travesti-y-trans-al-empleo-estatal\/\"]}]},{\"@type\":\"BreadcrumbList\",\"@id\":\"https:\/\/ondauno.com.ar\/index.php\/2020\/06\/29\/estela-diaz-queremos-accesibilidad-cierta-de-la-poblacion-travesti-y-trans-al-empleo-estatal\/#breadcrumb\",\"itemListElement\":[{\"@type\":\"ListItem\",\"position\":1,\"name\":\"Inicio\",\"item\":\"https:\/\/ondauno.com.ar\/\"},{\"@type\":\"ListItem\",\"position\":2,\"name\":\"Estela D\u00edaz: \u201cQueremos accesibilidad cierta de la poblaci\u00f3n travesti y trans al empleo estatal\u201d\"}]},{\"@type\":\"WebSite\",\"@id\":\"https:\/\/ondauno.com.ar\/#website\",\"url\":\"https:\/\/ondauno.com.ar\/\",\"name\":\"103.9 fm\",\"description\":\"LA PRIMERA RADIO MULTIMEDIA DE TRES ARROYOS\",\"potentialAction\":[{\"@type\":\"SearchAction\",\"target\":{\"@type\":\"EntryPoint\",\"urlTemplate\":\"https:\/\/ondauno.com.ar\/?s={search_term_string}\"},\"query-input\":\"required name=search_term_string\"}],\"inLanguage\":\"es-AR\"},{\"@type\":\"Person\",\"@id\":\"https:\/\/ondauno.com.ar\/#\/schema\/person\/201d1b68e6c75e0fd396fe5f8af5d139\",\"name\":\"fernando garcia\",\"image\":{\"@type\":\"ImageObject\",\"inLanguage\":\"es-AR\",\"@id\":\"https:\/\/ondauno.com.ar\/#\/schema\/person\/image\/\",\"url\":\"https:\/\/secure.gravatar.com\/avatar\/5f7254642ad81272e79a2e69653cfdfc?s=96&d=mm&r=g\",\"contentUrl\":\"https:\/\/secure.gravatar.com\/avatar\/5f7254642ad81272e79a2e69653cfdfc?s=96&d=mm&r=g\",\"caption\":\"fernando garcia\"},\"url\":\"https:\/\/ondauno.com.ar\/index.php\/author\/ondaunoeditor\/\"}]}<\/script>\n<!-- \/ Yoast SEO plugin. -->","yoast_head_json":{"title":"Estela D\u00edaz: \u201cQueremos accesibilidad cierta de la poblaci\u00f3n travesti y trans al empleo estatal\u201d - 103.9 fm","robots":{"index":"index","follow":"follow","max-snippet":"max-snippet:-1","max-image-preview":"max-image-preview:large","max-video-preview":"max-video-preview:-1"},"canonical":"https:\/\/ondauno.com.ar\/index.php\/2020\/06\/29\/estela-diaz-queremos-accesibilidad-cierta-de-la-poblacion-travesti-y-trans-al-empleo-estatal\/","og_locale":"es_ES","og_type":"article","og_title":"Estela D\u00edaz: \u201cQueremos accesibilidad cierta de la poblaci\u00f3n travesti y trans al empleo estatal\u201d - 103.9 fm","og_description":"La ministra de las Mujeres, Pol\u00edticas de G\u00e9nero y Diversidad Sexual dijo que la creaci\u00f3n de un comit\u00e9 mixto con el ministerio de Trabajo busca garantizarlo. Estela D\u00edaz habl\u00f3 de la creaci\u00f3n del comit\u00e9 mixto en la Provincia con la cartera laboral para avanzar en la aplicaci\u00f3n plena de la Ley de Cupo Laboral Travesti [&hellip;]","og_url":"https:\/\/ondauno.com.ar\/index.php\/2020\/06\/29\/estela-diaz-queremos-accesibilidad-cierta-de-la-poblacion-travesti-y-trans-al-empleo-estatal\/","og_site_name":"103.9 fm","article_publisher":"https:\/\/www.facebook.com\/ondauno103.9","article_published_time":"2020-06-29T22:28:40+00:00","article_modified_time":"2020-06-29T22:28:43+00:00","og_image":[{"width":880,"height":493,"url":"https:\/\/ondauno.com.ar\/wp-content\/uploads\/2020\/06\/Estala-diaz.jpg","type":"image\/jpeg"}],"author":"fernando garcia","twitter_card":"summary_large_image","twitter_misc":{"Escrito por":"fernando garcia","Tiempo de lectura":"1 minuto"},"schema":{"@context":"https:\/\/schema.org","@graph":[{"@type":"WebPage","@id":"https:\/\/ondauno.com.ar\/index.php\/2020\/06\/29\/estela-diaz-queremos-accesibilidad-cierta-de-la-poblacion-travesti-y-trans-al-empleo-estatal\/","url":"https:\/\/ondauno.com.ar\/index.php\/2020\/06\/29\/estela-diaz-queremos-accesibilidad-cierta-de-la-poblacion-travesti-y-trans-al-empleo-estatal\/","name":"Estela D\u00edaz: \u201cQueremos accesibilidad cierta de la poblaci\u00f3n travesti y trans al empleo estatal\u201d - 103.9 fm","isPartOf":{"@id":"https:\/\/ondauno.com.ar\/#website"},"datePublished":"2020-06-29T22:28:40+00:00","dateModified":"2020-06-29T22:28:43+00:00","author":{"@id":"https:\/\/ondauno.com.ar\/#\/schema\/person\/201d1b68e6c75e0fd396fe5f8af5d139"},"breadcrumb":{"@id":"https:\/\/ondauno.com.ar\/index.php\/2020\/06\/29\/estela-diaz-queremos-accesibilidad-cierta-de-la-poblacion-travesti-y-trans-al-empleo-estatal\/#breadcrumb"},"inLanguage":"es-AR","potentialAction":[{"@type":"ReadAction","target":["https:\/\/ondauno.com.ar\/index.php\/2020\/06\/29\/estela-diaz-queremos-accesibilidad-cierta-de-la-poblacion-travesti-y-trans-al-empleo-estatal\/"]}]},{"@type":"BreadcrumbList","@id":"https:\/\/ondauno.com.ar\/index.php\/2020\/06\/29\/estela-diaz-queremos-accesibilidad-cierta-de-la-poblacion-travesti-y-trans-al-empleo-estatal\/#breadcrumb","itemListElement":[{"@type":"ListItem","position":1,"name":"Inicio","item":"https:\/\/ondauno.com.ar\/"},{"@type":"ListItem","position":2,"name":"Estela D\u00edaz: \u201cQueremos accesibilidad cierta de la poblaci\u00f3n travesti y trans al empleo estatal\u201d"}]},{"@type":"WebSite","@id":"https:\/\/ondauno.com.ar\/#website","url":"https:\/\/ondauno.com.ar\/","name":"103.9 fm","description":"LA PRIMERA RADIO MULTIMEDIA DE TRES ARROYOS","potentialAction":[{"@type":"SearchAction","target":{"@type":"EntryPoint","urlTemplate":"https:\/\/ondauno.com.ar\/?s={search_term_string}"},"query-input":"required name=search_term_string"}],"inLanguage":"es-AR"},{"@type":"Person","@id":"https:\/\/ondauno.com.ar\/#\/schema\/person\/201d1b68e6c75e0fd396fe5f8af5d139","name":"fernando garcia","image":{"@type":"ImageObject","inLanguage":"es-AR","@id":"https:\/\/ondauno.com.ar\/#\/schema\/person\/image\/","url":"https:\/\/secure.gravatar.com\/avatar\/5f7254642ad81272e79a2e69653cfdfc?s=96&d=mm&r=g","contentUrl":"https:\/\/secure.gravatar.com\/avatar\/5f7254642ad81272e79a2e69653cfdfc?s=96&d=mm&r=g","caption":"fernando garcia"},"url":"https:\/\/ondauno.com.ar\/index.php\/author\/ondaunoeditor\/"}]}},"jetpack_publicize_connections":[],"jetpack_featured_media_url":"","jetpack_sharing_enabled":true,"_links":{"self":[{"href":"https:\/\/ondauno.com.ar\/index.php\/wp-json\/wp\/v2\/posts\/11760","targetHints":{"allow":["GET"]}}],"collection":[{"href":"https:\/\/ondauno.com.ar\/index.php\/wp-json\/wp\/v2\/posts"}],"about":[{"href":"https:\/\/ondauno.com.ar\/index.php\/wp-json\/wp\/v2\/types\/post"}],"author":[{"embeddable":true,"href":"https:\/\/ondauno.com.ar\/index.php\/wp-json\/wp\/v2\/users\/2"}],"replies":[{"embeddable":true,"href":"https:\/\/ondauno.com.ar\/index.php\/wp-json\/wp\/v2\/comments?post=11760"}],"version-history":[{"count":0,"href":"https:\/\/ondauno.com.ar\/index.php\/wp-json\/wp\/v2\/posts\/11760\/revisions"}],"wp:attachment":[{"href":"https:\/\/ondauno.com.ar\/index.php\/wp-json\/wp\/v2\/media?parent=11760"}],"wp:term":[{"taxonomy":"category","embeddable":true,"href":"https:\/\/ondauno.com.ar\/index.php\/wp-json\/wp\/v2\/categories?post=11760"},{"taxonomy":"post_tag","embeddable":true,"href":"https:\/\/ondauno.com.ar\/index.php\/wp-json\/wp\/v2\/tags?post=11760"}],"curies":[{"name":"wp","href":"https:\/\/api.w.org\/{rel}","templated":true}]}}